{"id":191179,"date":"2025-04-02T11:45:32","date_gmt":"2025-04-02T09:45:32","guid":{"rendered":"https:\/\/www.gossip.it\/?p=191179"},"modified":"2025-04-03T11:08:28","modified_gmt":"2025-04-03T09:08:28","slug":"micaela-ramazzotti-parla-compagno-claudio-pallitto","status":"publish","type":"post","link":"https:\/\/www.gossip.it\/news\/micaela-ramazzotti-parla-compagno-claudio-pallitto\/","title":{"rendered":"''Hanno scritto che era l\u2019orco tatuato, solo muscoli e niente cervello'': Micaela Ramazzotti parla del compagno Claudio Pallitto"},"content":{"rendered":"\n<ul class=\"wp-block-list\">\n<li>L\u2019attrice 46enne difende il personal trainer 39enne: <em>\u201cE\u2019 il mio primo amore, lo voglio sposare\u201d<\/em><\/li>\n\n\n\n<li>Stanno insieme da poco pi\u00f9 di due anni, si sono conosciuti sul set del suo film,<em> Felicit\u00e0<\/em><\/li>\n<\/ul>\n\n\n\n<p><a href=\"http:\/\/www.gossip.it\/vip\/micaela-ramazzotti\">Micaela Ramazzotti<\/a> lo difende. <strong>Parla per la prima<a href=\"http:\/\/www.gossip.it\/vip\/claudio-pallitto\"> <\/a>volta con grande libert\u00e0 del compagno<a href=\"http:\/\/www.gossip.it\/vip\/claudio-pallitto\"> Claudio Pallitto<\/a><\/strong>. A <em>Vanity Fair<\/em> sottolinea la gogna mediatica a cui \u00e8 stato esposto il personal trainer 39enne: <em>\u201c<strong>Hanno scritto che era l\u2019orco tatuato, solo muscoli e niente cervello<\/strong>\u201d.<\/em><\/p>\n\n\n\n<figure class=\"wp-block-image size-large\"><img decoding=\"async\" width=\"981\" height=\"1024\" src=\"https:\/\/www.gossip.it\/wp-content\/uploads\/2025\/04\/micaela_1-981x1024.jpg\" alt=\"\" class=\"wp-image-191180\" srcset=\"https:\/\/www.gossip.it\/wp-content\/uploads\/2025\/04\/micaela_1-981x1024.jpg 981w, https:\/\/www.gossip.it\/wp-content\/uploads\/2025\/04\/micaela_1-287x300.jpg 287w, https:\/\/www.gossip.it\/wp-content\/uploads\/2025\/04\/micaela_1-768x802.jpg 768w, https:\/\/www.gossip.it\/wp-content\/uploads\/2025\/04\/micaela_1-750x783.jpg 750w, https:\/\/www.gossip.it\/wp-content\/uploads\/2025\/04\/micaela_1.jpg 1134w\" sizes=\"(max-width: 981px) 100vw, 981px\" \/><figcaption class=\"wp-element-caption\"><em>''Hanno scritto che era l\u2019orco tatuato, solo muscoli e niente cervello''<\/em>: Micaela Ramazzotti parla del compagno Claudio Pallitto<\/figcaption><\/figure>\n\n\n\n<p>Quando le si domanda che tipo di rapporti abbia con l\u2019ex marito <a href=\"http:\/\/www.gossip.it\/vip\/paolo-virzi\">Paolo Virz\u00ec<\/a>, la 46enne dice: <em>\u201cQuelli di una classica coppia separata con figli\u201d<\/em>. Insieme ne hanno due: Jacopo, 15 anni, e Anna, che ne compie in questi giorni 12. Sulla lite al ristorante finita su tutti i media, minimizza: <em>\u201cIo so quello che \u00e8 successo per davvero. <strong>Si \u00e8 trattato di una litigata un po\u2019 troppo accesa, l\u2019epilogo di una separazione dolorosa, impegnativa<\/strong>. L\u2019amplificazione \u00e8 stata esagerata. Mi dispiace per i miei figli\u201d.<\/em><\/p>\n\n\n\n<p>Ora l\u2019attrice ha Claudio nel suo quotidiano, stanno insieme da poco pi\u00f9 di due anni, si sono conosciuti sul set del suo film, <em>Felicit\u00e0<\/em>: <em>\u201c<strong>Era il 2022. Aveva mandato un self tape per una parte minuscola<\/strong><\/em>\u201d. Lui le ha spiegato di avere una palestra sull\u2019Appia: <em>\u201cMi sono detta: \u2018Dio mio, quanto mi servirebbe un personal trainer\u2019, mi ero trascurata in quel periodo tra le responsabilit\u00e0, i pensieri\u2026 In realt\u00e0, <strong>sono passati mesi prima che lo chiamassi per allenarmi<\/strong>\u201d.<\/em><\/p>\n\n\n\n<p>Micaela stava ancora con Virz\u00ec: <em>\u201c<strong>S\u00ec s\u00ec. E ho continuato ad allenarmi anche quando il nostro matrimonio \u00e8 finito<\/strong>. A un certo punto, ho capito che se non andavo in palestra mi mancava qualcosa: mi mancava Claudio. I<strong>l nostro rapporto \u00e8 stato un diesel, lento e discreto nel nascere.<\/strong> Prima abbiamo parlato tanto, ci siamo conosciuti a fondo. <strong>Lui mi ha chiesto di uscire. E\u2019 un gentiluomo pieno di attenzioni<\/strong>. Ha un\u2019anima pulita. E\u2019 generoso, fedele, e un grandissimo padre: <strong>ha due figlie<\/strong>, la maggiore di 12 anni, come Anna, e infatti vanno a scuola insieme, la minore di 10. E\u2019 diventato pap\u00e0 giovane, a 27\u201d<\/em>. Quando hanno cominciato a vedersi entrambi erano <em>\u2018soli\u2019.<\/em><\/p>\n\n\n\n<figure class=\"wp-block-image size-large\"><img decoding=\"async\" width=\"923\" height=\"1024\" src=\"https:\/\/www.gossip.it\/wp-content\/uploads\/2025\/04\/micaela_2-923x1024.jpg\" alt=\"\" class=\"wp-image-191181\" srcset=\"https:\/\/www.gossip.it\/wp-content\/uploads\/2025\/04\/micaela_2-923x1024.jpg 923w, https:\/\/www.gossip.it\/wp-content\/uploads\/2025\/04\/micaela_2-270x300.jpg 270w, https:\/\/www.gossip.it\/wp-content\/uploads\/2025\/04\/micaela_2-768x852.jpg 768w, https:\/\/www.gossip.it\/wp-content\/uploads\/2025\/04\/micaela_2-750x832.jpg 750w, https:\/\/www.gossip.it\/wp-content\/uploads\/2025\/04\/micaela_2.jpg 1134w\" sizes=\"(max-width: 923px) 100vw, 923px\" \/><figcaption class=\"wp-element-caption\">La 46enne e il 39enne insieme a tre dei loro figli: l'attrice da Paolo Virz\u00ec ha avuto Jacopo e Anna, 15 e 12 anni, lui \u00e8 padre di due bambine di 12 e 10 anni<\/figcaption><\/figure>\n\n\n\n<p>La Ramazzotti sbotta: <em>\u201c<strong>Claudio \u00e8 stato messo alla gogna. Hanno scritto di tutto, con violenza<\/strong>. Hanno tirato fuori cosette fatte in tv per divertimento, messe in scena giovanili. Hanno esagerato. <strong>Era l\u2019orco tatuato, solo muscoli e niente cervello. E intanto Claudio rimaneva al suo posto, in silenzio. Soffriva lui, soffrivo io e soffrivano i miei figli<\/strong>, che hanno cominciato a domandare: \u2018Mamma con chi sta?\u2019. <strong>Li abbiamo tranquillizzati<\/strong>: raccontandoci, facendoci conoscere insieme, mostrando loro che io e Claudio ci siamo trovati. E\u2019 stato un gran lavoro, e non \u00e8 finito. Noi ci impegniamo tanto\u201d.<\/em><\/p>\n\n\n\n<p>Adesso sono tutti una famiglia allargata, al punto che a fine aprile si trasferiranno in un\u2019abitazione pi\u00f9 grande. Micaela desidera sposare Claudio: <em>\u201c<strong>S\u00ec, per la gioia di molti!<\/strong> Ma tanto non mi \u00e8 mai interessato il giudizio degli altri, figuriamoci ora che ho 46 anni. Sarebbe una <strong>cerimonia intima<\/strong>, difficile da scoprire. <strong>E\u2019 l\u2019uomo con cui ho conosciuto l\u2019amore. E\u2019 il mio primo amore<\/strong>\u201d<\/em>. Non \u00e8 stato Paolo, lui: <em>\u201cMi ha dato due figli meravigliosi, anime intelligenti che sanno vedere oltre e perdonare i genitori\u201d.<\/em> Pallitto, invece, le d\u00e0 <em>\u201clealt\u00e0, protezione, fiducia. Non ci sono segreti, non ce n\u2019\u00e8 bisogno, il mio telefono \u00e8 qui aperto. E\u2019 un sentimento naturale, semplice, senza forzature di alcun tipo\u201d.<\/em><\/p>\n","protected":false},"excerpt":{"rendered":"<p>L\u2019attrice 46enne difende il personal trainer 39enne: \u201cE\u2019 il mio...<\/p>\n","protected":false},"author":24,"featured_media":191182,"comment_status":"open","ping_status":"closed","sticky":false,"template":"","format":"standard","meta":{"footnotes":""},"categories":[54],"tags":[76670,2793,76665,78519,76669,82712,68458,78308,63814],"vip":[1340],"class_list":["post-191179","post","type-post","status-publish","format-standard","has-post-thumbnail","hentry","category-news","tag-claudiopallitto","tag-gossip","tag-micaelaramazzotti","tag-micaelaramazzotticompagno","tag-micaelaramazzottiexmarito","tag-micaelaramazzottifigli","tag-paolovirzi","tag-paolovirziexmoglie","tag-vanityfair","vip-micaela_ramazzotti"],"yoast_head":"<title>&#039;&#039;Hanno scritto che era l\u2019orco tatuato, solo muscoli e niente cervello&#039;&#039;: Micaela Ramazzotti parla del compagno Claudio Pallitto - Gossip.it | News sul Gossip e VIP<\/title>\n<meta name=\"description\" content=\"&#039;&#039;Hanno scritto che era l\u2019orco tatuato, solo muscoli e niente cervello&#039;&#039;: Micaela Ramazzotti parla del compagno Claudio Pallitto\" \/>\n<meta name=\"robots\" content=\"index, follow, max-snippet:-1, max-image-preview:large, max-video-preview:-1\" \/>\n<link rel=\"canonical\" href=\"https:\/\/www.gossip.it\/news\/micaela-ramazzotti-parla-compagno-claudio-pallitto\/\" \/>\n<meta property=\"og:locale\" content=\"it_IT\" \/>\n<meta property=\"og:type\" content=\"article\" \/>\n<meta property=\"og:title\" content=\"&#039;&#039;Hanno scritto che era l\u2019orco tatuato, solo muscoli e niente cervello&#039;&#039;: Micaela Ramazzotti parla del compagno Claudio Pallitto - Gossip.it | News sul Gossip e VIP\" \/>\n<meta property=\"og:description\" content=\"&#039;&#039;Hanno scritto che era l\u2019orco tatuato, solo muscoli e niente cervello&#039;&#039;: Micaela Ramazzotti parla del compagno Claudio Pallitto\" \/>\n<meta property=\"og:url\" content=\"https:\/\/www.gossip.it\/news\/micaela-ramazzotti-parla-compagno-claudio-pallitto\/\" \/>\n<meta property=\"og:site_name\" content=\"Gossip.it | News sul Gossip e VIP\" \/>\n<meta property=\"article:publisher\" content=\"https:\/\/www.facebook.com\/GossipIT\" \/>\n<meta property=\"article:published_time\" content=\"2025-04-02T09:45:32+00:00\" \/>\n<meta property=\"article:modified_time\" content=\"2025-04-03T09:08:28+00:00\" \/>\n<meta property=\"og:image\" content=\"https:\/\/www.gossip.it\/wp-content\/uploads\/2025\/04\/lancio-MICAELA-1.jpg\" \/>\n\t<meta property=\"og:image:width\" content=\"1134\" \/>\n\t<meta property=\"og:image:height\" content=\"808\" \/>\n\t<meta property=\"og:image:type\" content=\"image\/jpeg\" \/>\n<meta name=\"author\" content=\"Carla Giuni\" \/>\n<meta name=\"twitter:card\" content=\"summary_large_image\" \/>\n<meta name=\"twitter:creator\" content=\"@gossinews_it\" \/>\n<meta name=\"twitter:site\" content=\"@gossinews_it\" \/>\n<meta name=\"twitter:label1\" content=\"Scritto da\" \/>\n\t<meta name=\"twitter:data1\" content=\"Carla Giuni\" \/>\n\t<meta name=\"twitter:label2\" content=\"Tempo di lettura stimato\" \/>\n\t<meta name=\"twitter:data2\" content=\"4 minuti\" \/>","yoast_head_json":{"title":"''Hanno scritto che era l\u2019orco tatuato, solo muscoli e niente cervello'': Micaela Ramazzotti parla del compagno Claudio Pallitto - Gossip.it | News sul Gossip e VIP","description":"''Hanno scritto che era l\u2019orco tatuato, solo muscoli e niente cervello'': Micaela Ramazzotti parla del compagno Claudio Pallitto","robots":{"index":"index","follow":"follow","max-snippet":"max-snippet:-1","max-image-preview":"max-image-preview:large","max-video-preview":"max-video-preview:-1"},"canonical":"https:\/\/www.gossip.it\/news\/micaela-ramazzotti-parla-compagno-claudio-pallitto\/","og_locale":"it_IT","og_type":"article","og_title":"''Hanno scritto che era l\u2019orco tatuato, solo muscoli e niente cervello'': Micaela Ramazzotti parla del compagno Claudio Pallitto - Gossip.it | News sul Gossip e VIP","og_description":"''Hanno scritto che era l\u2019orco tatuato, solo muscoli e niente cervello'': Micaela Ramazzotti parla del compagno Claudio Pallitto","og_url":"https:\/\/www.gossip.it\/news\/micaela-ramazzotti-parla-compagno-claudio-pallitto\/","og_site_name":"Gossip.it | News sul Gossip e VIP","article_publisher":"https:\/\/www.facebook.com\/GossipIT","article_published_time":"2025-04-02T09:45:32+00:00","article_modified_time":"2025-04-03T09:08:28+00:00","og_image":[{"width":1134,"height":808,"url":"https:\/\/www.gossip.it\/wp-content\/uploads\/2025\/04\/lancio-MICAELA-1.jpg","type":"image\/jpeg"}],"author":"Carla Giuni","twitter_card":"summary_large_image","twitter_creator":"@gossinews_it","twitter_site":"@gossinews_it","twitter_misc":{"Scritto da":"Carla Giuni","Tempo di lettura stimato":"4 minuti"},"schema":{"@context":"https:\/\/schema.org","@graph":[{"@type":"Article","@id":"https:\/\/www.gossip.it\/news\/micaela-ramazzotti-parla-compagno-claudio-pallitto\/#article","isPartOf":{"@id":"https:\/\/www.gossip.it\/news\/micaela-ramazzotti-parla-compagno-claudio-pallitto\/"},"author":{"name":"Carla Giuni","@id":"https:\/\/www.gossip.it\/#\/schema\/person\/df4a88c190f338e21427b6f342595faa"},"headline":"''Hanno scritto che era l\u2019orco tatuato, solo muscoli e niente cervello'': Micaela Ramazzotti parla del compagno Claudio Pallitto","datePublished":"2025-04-02T09:45:32+00:00","dateModified":"2025-04-03T09:08:28+00:00","mainEntityOfPage":{"@id":"https:\/\/www.gossip.it\/news\/micaela-ramazzotti-parla-compagno-claudio-pallitto\/"},"wordCount":625,"commentCount":0,"publisher":{"@id":"https:\/\/www.gossip.it\/#organization"},"image":{"@id":"https:\/\/www.gossip.it\/news\/micaela-ramazzotti-parla-compagno-claudio-pallitto\/#primaryimage"},"thumbnailUrl":"https:\/\/www.gossip.it\/wp-content\/uploads\/2025\/04\/lancio-MICAELA.jpg","keywords":["claudiopallitto","gossip","micaelaramazzotti","micaelaramazzotticompagno","micaelaramazzottiexmarito","micaelaramazzottifigli","paolovirzi","paolovirziexmoglie","vanityfair"],"articleSection":["News"],"inLanguage":"it-IT","potentialAction":[{"@type":"CommentAction","name":"Comment","target":["https:\/\/www.gossip.it\/news\/micaela-ramazzotti-parla-compagno-claudio-pallitto\/#respond"]}]},{"@type":"WebPage","@id":"https:\/\/www.gossip.it\/news\/micaela-ramazzotti-parla-compagno-claudio-pallitto\/","url":"https:\/\/www.gossip.it\/news\/micaela-ramazzotti-parla-compagno-claudio-pallitto\/","name":"''Hanno scritto che era l\u2019orco tatuato, solo muscoli e niente cervello'': Micaela Ramazzotti parla del compagno Claudio Pallitto - Gossip.it | News sul Gossip e VIP","isPartOf":{"@id":"https:\/\/www.gossip.it\/#website"},"primaryImageOfPage":{"@id":"https:\/\/www.gossip.it\/news\/micaela-ramazzotti-parla-compagno-claudio-pallitto\/#primaryimage"},"image":{"@id":"https:\/\/www.gossip.it\/news\/micaela-ramazzotti-parla-compagno-claudio-pallitto\/#primaryimage"},"thumbnailUrl":"https:\/\/www.gossip.it\/wp-content\/uploads\/2025\/04\/lancio-MICAELA.jpg","datePublished":"2025-04-02T09:45:32+00:00","dateModified":"2025-04-03T09:08:28+00:00","description":"''Hanno scritto che era l\u2019orco tatuato, solo muscoli e niente cervello'': Micaela Ramazzotti parla del compagno Claudio Pallitto","breadcrumb":{"@id":"https:\/\/www.gossip.it\/news\/micaela-ramazzotti-parla-compagno-claudio-pallitto\/#breadcrumb"},"inLanguage":"it-IT","potentialAction":[{"@type":"ReadAction","target":["https:\/\/www.gossip.it\/news\/micaela-ramazzotti-parla-compagno-claudio-pallitto\/"]}]},{"@type":"ImageObject","inLanguage":"it-IT","@id":"https:\/\/www.gossip.it\/news\/micaela-ramazzotti-parla-compagno-claudio-pallitto\/#primaryimage","url":"https:\/\/www.gossip.it\/wp-content\/uploads\/2025\/04\/lancio-MICAELA.jpg","contentUrl":"https:\/\/www.gossip.it\/wp-content\/uploads\/2025\/04\/lancio-MICAELA.jpg","width":1134,"height":808},{"@type":"BreadcrumbList","@id":"https:\/\/www.gossip.it\/news\/micaela-ramazzotti-parla-compagno-claudio-pallitto\/#breadcrumb","itemListElement":[{"@type":"ListItem","position":1,"name":"Home","item":"https:\/\/www.gossip.it\/"},{"@type":"ListItem","position":2,"name":"''Hanno scritto che era l\u2019orco tatuato, solo muscoli e niente cervello'': Micaela Ramazzotti parla del compagno Claudio Pallitto"}]},{"@type":"WebSite","@id":"https:\/\/www.gossip.it\/#website","url":"https:\/\/www.gossip.it\/","name":"Gossip and VIP News","description":"Quotidiano di cronaca rosa, costume e societ\u00e0","publisher":{"@id":"https:\/\/www.gossip.it\/#organization"},"alternateName":"Gossip and VIP News","potentialAction":[{"@type":"SearchAction","target":{"@type":"EntryPoint","urlTemplate":"https:\/\/www.gossip.it\/?s={search_term_string}"},"query-input":{"@type":"PropertyValueSpecification","valueRequired":true,"valueName":"search_term_string"}}],"inLanguage":"it-IT"},{"@type":"Organization","@id":"https:\/\/www.gossip.it\/#organization","name":"Gossip and VIP News","alternateName":"Gossip News","url":"https:\/\/www.gossip.it\/","logo":{"@type":"ImageObject","inLanguage":"it-IT","@id":"https:\/\/www.gossip.it\/#\/schema\/logo\/image\/","url":"https:\/\/www.gossip.it\/wp-content\/uploads\/2022\/04\/cropped-corna-alta-tiny.png","contentUrl":"https:\/\/www.gossip.it\/wp-content\/uploads\/2022\/04\/cropped-corna-alta-tiny.png","width":512,"height":512,"caption":"Gossip and VIP News"},"image":{"@id":"https:\/\/www.gossip.it\/#\/schema\/logo\/image\/"},"sameAs":["https:\/\/www.facebook.com\/GossipIT","https:\/\/x.com\/gossinews_it","https:\/\/instagram.com\/gossip_it"]},{"@type":"Person","@id":"https:\/\/www.gossip.it\/#\/schema\/person\/df4a88c190f338e21427b6f342595faa","name":"Carla Giuni","image":{"@type":"ImageObject","inLanguage":"it-IT","@id":"https:\/\/www.gossip.it\/#\/schema\/person\/image\/","url":"https:\/\/secure.gravatar.com\/avatar\/9caf92f895c8e9a7cca263cd6e3860da8edad54c0a92046a7e363cbd3fa35c36?s=96&d=mm&r=g","contentUrl":"https:\/\/secure.gravatar.com\/avatar\/9caf92f895c8e9a7cca263cd6e3860da8edad54c0a92046a7e363cbd3fa35c36?s=96&d=mm&r=g","caption":"Carla Giuni"}}]}},"amp_enabled":true,"_links":{"self":[{"href":"https:\/\/www.gossip.it\/api\/wp\/v2\/posts\/191179","targetHints":{"allow":["GET"]}}],"collection":[{"href":"https:\/\/www.gossip.it\/api\/wp\/v2\/posts"}],"about":[{"href":"https:\/\/www.gossip.it\/api\/wp\/v2\/types\/post"}],"author":[{"embeddable":true,"href":"https:\/\/www.gossip.it\/api\/wp\/v2\/users\/24"}],"replies":[{"embeddable":true,"href":"https:\/\/www.gossip.it\/api\/wp\/v2\/comments?post=191179"}],"version-history":[{"count":1,"href":"https:\/\/www.gossip.it\/api\/wp\/v2\/posts\/191179\/revisions"}],"predecessor-version":[{"id":191184,"href":"https:\/\/www.gossip.it\/api\/wp\/v2\/posts\/191179\/revisions\/191184"}],"wp:featuredmedia":[{"embeddable":true,"href":"https:\/\/www.gossip.it\/api\/wp\/v2\/media\/191182"}],"wp:attachment":[{"href":"https:\/\/www.gossip.it\/api\/wp\/v2\/media?parent=191179"}],"wp:term":[{"taxonomy":"category","embeddable":true,"href":"https:\/\/www.gossip.it\/api\/wp\/v2\/categories?post=191179"},{"taxonomy":"post_tag","embeddable":true,"href":"https:\/\/www.gossip.it\/api\/wp\/v2\/tags?post=191179"},{"taxonomy":"vip","embeddable":true,"href":"https:\/\/www.gossip.it\/api\/wp\/v2\/vip?post=191179"}],"curies":[{"name":"wp","href":"https:\/\/api.w.org\/{rel}","templated":true}]}}