{"id":192120,"date":"2025-04-18T11:54:37","date_gmt":"2025-04-18T09:54:37","guid":{"rendered":"https:\/\/www.gossip.it\/?p=192120"},"modified":"2025-04-22T12:33:23","modified_gmt":"2025-04-22T10:33:23","slug":"non-sono-sostituti-figli-francesca-fagnani","status":"publish","type":"post","link":"https:\/\/www.gossip.it\/news\/non-sono-sostituti-figli-francesca-fagnani\/","title":{"rendered":"''Non sono sostituti dei figli'': Francesca Fagnani parla dei suoi amati cani"},"content":{"rendered":"\n<ul class=\"wp-block-list\">\n<li>La conduttrice 48enne sta per tornare in tv con una nuova stagione di \u2018Belve\u2019<\/li>\n\n\n\n<li>A \u2018Sette\u2019 ha spiegato che rapporto ha con i suoi cani: non sostituiscono i \u2018figli\u2019<\/li>\n\n\n\n<li>Lo scorso Natale \u00e8 arrivato in casa il terzo Cavalier King<\/li>\n<\/ul>\n\n\n\n<p><strong><a href=\"https:\/\/www.gossip.it\/?s=francesca+fagnani\">Francesca Fagnani<\/a><\/strong> ha chiarito che i cani per lei non rappresentano un <strong>sostituto dei figli<\/strong>.<\/p>\n\n\n\n<p>La conduttrice, che ha 48 anni, non ha figli, ma ben<strong> tre<\/strong> \u201cpelosi\u201d a quattro zampe.<\/p>\n\n\n\n<p>Lo scorso Natale infatti insieme al compagno Enrico Mentana, uno dei giornalisti pi\u00f9 famosi d\u2019Italia, ha preso il terzo <strong>Cavalier King<\/strong>. Dopo Nina e Bice \u00e8 arrivato in casa Blu.<\/p>\n\n\n\n<p>Durante una nuova intervista a<em> \u2018Sette\u2019<\/em>, la Fagnani, che sta per tornare in tv con una nuova stagione di \u2018Belve\u2019, ha spiegato che l\u2019affetto che ha per questi animali \u00e8 enorme, ma nella sua vita non hanno il ruolo di \u201cfigli\u201d.<\/p>\n\n\n\n<figure class=\"wp-block-image size-large\"><img decoding=\"async\" width=\"899\" height=\"1024\" src=\"https:\/\/www.gossip.it\/wp-content\/uploads\/2025\/04\/fagnani_1-899x1024.jpg\" alt=\"\" class=\"wp-image-192121\" srcset=\"https:\/\/www.gossip.it\/wp-content\/uploads\/2025\/04\/fagnani_1-899x1024.jpg 899w, https:\/\/www.gossip.it\/wp-content\/uploads\/2025\/04\/fagnani_1-264x300.jpg 264w, https:\/\/www.gossip.it\/wp-content\/uploads\/2025\/04\/fagnani_1-768x874.jpg 768w, https:\/\/www.gossip.it\/wp-content\/uploads\/2025\/04\/fagnani_1-750x854.jpg 750w, https:\/\/www.gossip.it\/wp-content\/uploads\/2025\/04\/fagnani_1.jpg 1134w\" sizes=\"(max-width: 899px) 100vw, 899px\" \/><figcaption class=\"wp-element-caption\">Francesca Fagnani, 48 anni, con uno dei suoi amati Cavalier King e il compagno Enrico Mentana, 70<\/figcaption><\/figure>\n\n\n\n<p><em>\u201cI cani li ho avuti da sempre, fin da bambina, amo gli animali e la natura. <strong>Non sono sostituti dei figli<\/strong>, ma \u00e8 un tipo di affettivit\u00e0 piena. Non mi piace pensare a nessuno come sostituto di un altro n\u00e9 di un animale n\u00e9 uomo, per\u00f2 ripeto, \u00e8 un tipo di affettivit\u00e0 completa. E hanno un vantaggio, i cani non diventano adolescenti ingrati\u201d<\/em>, ha fatto sapere.<\/p>\n\n\n\n<p>Le \u00e8 stato quindi domandato chi sia in casa, tra i cinque componenti - lei, Enrico, e, appunto, i tre cani - la peggiore \u201cbelva\u201d (gioco di parole col nome del suo programma).<\/p>\n\n\n\n<p><em>\u201cLa metterei cos\u00ec: siccome per me dare a qualcuno della Belva \u00e8 un complimento, e i complimenti uno non se li fa da solo, le <strong>direi Enrico<\/strong>. Sto cercando di instillare nell\u2019ultimo arrivato Blu, che \u00e8 un maschio, un amore esagerato nei miei confronti e utilizzo tutti i mezzucci perch\u00e9 si innamori di me\u201d<\/em>, ha affermato.<\/p>\n\n\n\n<figure class=\"wp-block-image size-large\"><img decoding=\"async\" width=\"819\" height=\"1024\" src=\"https:\/\/www.gossip.it\/wp-content\/uploads\/2025\/04\/fagnani_2-819x1024.jpg\" alt=\"\" class=\"wp-image-192122\" srcset=\"https:\/\/www.gossip.it\/wp-content\/uploads\/2025\/04\/fagnani_2-819x1024.jpg 819w, https:\/\/www.gossip.it\/wp-content\/uploads\/2025\/04\/fagnani_2-240x300.jpg 240w, https:\/\/www.gossip.it\/wp-content\/uploads\/2025\/04\/fagnani_2-768x960.jpg 768w, https:\/\/www.gossip.it\/wp-content\/uploads\/2025\/04\/fagnani_2-750x938.jpg 750w, https:\/\/www.gossip.it\/wp-content\/uploads\/2025\/04\/fagnani_2.jpg 1134w\" sizes=\"(max-width: 819px) 100vw, 819px\" \/><\/figure>\n\n\n\n<p>Durante l\u2019intervista ha anche chiarito di non essere cresciuta nella zona di Roma pi\u00f9 \u201cfighetta\u201d.<\/p>\n\n\n\n<figure class=\"wp-block-image size-large\"><img decoding=\"async\" width=\"1024\" height=\"1024\" src=\"https:\/\/www.gossip.it\/wp-content\/uploads\/2025\/04\/fagnani_3-1024x1024.jpg\" alt=\"\" class=\"wp-image-192123\" srcset=\"https:\/\/www.gossip.it\/wp-content\/uploads\/2025\/04\/fagnani_3-1024x1024.jpg 1024w, https:\/\/www.gossip.it\/wp-content\/uploads\/2025\/04\/fagnani_3-300x300.jpg 300w, https:\/\/www.gossip.it\/wp-content\/uploads\/2025\/04\/fagnani_3-150x150.jpg 150w, https:\/\/www.gossip.it\/wp-content\/uploads\/2025\/04\/fagnani_3-768x768.jpg 768w, https:\/\/www.gossip.it\/wp-content\/uploads\/2025\/04\/fagnani_3-75x75.jpg 75w, https:\/\/www.gossip.it\/wp-content\/uploads\/2025\/04\/fagnani_3-750x750.jpg 750w, https:\/\/www.gossip.it\/wp-content\/uploads\/2025\/04\/fagnani_3.jpg 1134w\" sizes=\"(max-width: 1024px) 100vw, 1024px\" \/><\/figure>\n\n\n\n<p><em>\u201cIo <strong>non nasco nella parte nobile di Roma<\/strong> perch\u00e9 sono di Roma Sud, infatti quando vengono in trasmissione i romani, chiedo sempre Ma lei \u00e8 di Roma Nord o di Roma Sud?, per capire se hanno avuto un\u2019adolescenza nel circoletto pi\u00f9 fighetto dei pariolini oppure in quello pi\u00f9 wild di Roma Sud. Che \u00e8 una linea di confine che i romani non superano\u201d<\/em>, ha detto.<\/p>\n","protected":false},"excerpt":{"rendered":"<p>Alla vigilia del ritorno in tv con una nuova stagione di 'Belve'...<\/p>\n","protected":false},"author":27,"featured_media":192138,"comment_status":"open","ping_status":"closed","sticky":false,"template":"","format":"standard","meta":{"footnotes":""},"categories":[54],"tags":[],"vip":[65248],"class_list":["post-192120","post","type-post","status-publish","format-standard","has-post-thumbnail","hentry","category-news","vip-francesca-fagnani"],"yoast_head":"<title>&#039;&#039;Non sono sostituti dei figli&#039;&#039;: Francesca Fagnani parla dei suoi amati cani - Gossip.it | News sul Gossip e VIP<\/title>\n<meta name=\"description\" content=\"Alla vigilia del ritorno in tv con una nuova stagione di &#039;Belve&#039;...\" \/>\n<meta name=\"robots\" content=\"index, follow, max-snippet:-1, max-image-preview:large, max-video-preview:-1\" \/>\n<link rel=\"canonical\" href=\"https:\/\/www.gossip.it\/news\/non-sono-sostituti-figli-francesca-fagnani\/\" \/>\n<meta property=\"og:locale\" content=\"it_IT\" \/>\n<meta property=\"og:type\" content=\"article\" \/>\n<meta property=\"og:title\" content=\"&#039;&#039;Non sono sostituti dei figli&#039;&#039;: Francesca Fagnani parla dei suoi amati cani - Gossip.it | News sul Gossip e VIP\" \/>\n<meta property=\"og:description\" content=\"Alla vigilia del ritorno in tv con una nuova stagione di &#039;Belve&#039;...\" \/>\n<meta property=\"og:url\" content=\"https:\/\/www.gossip.it\/news\/non-sono-sostituti-figli-francesca-fagnani\/\" \/>\n<meta property=\"og:site_name\" content=\"Gossip.it | News sul Gossip e VIP\" \/>\n<meta property=\"article:publisher\" content=\"https:\/\/www.facebook.com\/GossipIT\" \/>\n<meta property=\"article:published_time\" content=\"2025-04-18T09:54:37+00:00\" \/>\n<meta property=\"article:modified_time\" content=\"2025-04-22T10:33:23+00:00\" \/>\n<meta property=\"og:image\" content=\"https:\/\/www.gossip.it\/wp-content\/uploads\/2025\/04\/lancio-FAGNANI.jpg\" \/>\n\t<meta property=\"og:image:width\" content=\"1134\" \/>\n\t<meta property=\"og:image:height\" content=\"813\" \/>\n\t<meta property=\"og:image:type\" content=\"image\/jpeg\" \/>\n<meta name=\"author\" content=\"E.R.\" \/>\n<meta name=\"twitter:card\" content=\"summary_large_image\" \/>\n<meta name=\"twitter:creator\" content=\"@gossinews_it\" \/>\n<meta name=\"twitter:site\" content=\"@gossinews_it\" \/>\n<meta name=\"twitter:label1\" content=\"Scritto da\" \/>\n\t<meta name=\"twitter:data1\" content=\"E.R.\" \/>\n\t<meta name=\"twitter:label2\" content=\"Tempo di lettura stimato\" \/>\n\t<meta name=\"twitter:data2\" content=\"3 minuti\" \/>","yoast_head_json":{"title":"''Non sono sostituti dei figli'': Francesca Fagnani parla dei suoi amati cani - Gossip.it | News sul Gossip e VIP","description":"Alla vigilia del ritorno in tv con una nuova stagione di 'Belve'...","robots":{"index":"index","follow":"follow","max-snippet":"max-snippet:-1","max-image-preview":"max-image-preview:large","max-video-preview":"max-video-preview:-1"},"canonical":"https:\/\/www.gossip.it\/news\/non-sono-sostituti-figli-francesca-fagnani\/","og_locale":"it_IT","og_type":"article","og_title":"''Non sono sostituti dei figli'': Francesca Fagnani parla dei suoi amati cani - Gossip.it | News sul Gossip e VIP","og_description":"Alla vigilia del ritorno in tv con una nuova stagione di 'Belve'...","og_url":"https:\/\/www.gossip.it\/news\/non-sono-sostituti-figli-francesca-fagnani\/","og_site_name":"Gossip.it | News sul Gossip e VIP","article_publisher":"https:\/\/www.facebook.com\/GossipIT","article_published_time":"2025-04-18T09:54:37+00:00","article_modified_time":"2025-04-22T10:33:23+00:00","og_image":[{"width":1134,"height":813,"url":"https:\/\/www.gossip.it\/wp-content\/uploads\/2025\/04\/lancio-FAGNANI.jpg","type":"image\/jpeg"}],"author":"E.R.","twitter_card":"summary_large_image","twitter_creator":"@gossinews_it","twitter_site":"@gossinews_it","twitter_misc":{"Scritto da":"E.R.","Tempo di lettura stimato":"3 minuti"},"schema":{"@context":"https:\/\/schema.org","@graph":[{"@type":"Article","@id":"https:\/\/www.gossip.it\/news\/non-sono-sostituti-figli-francesca-fagnani\/#article","isPartOf":{"@id":"https:\/\/www.gossip.it\/news\/non-sono-sostituti-figli-francesca-fagnani\/"},"author":{"name":"E.R.","@id":"https:\/\/www.gossip.it\/#\/schema\/person\/be6c6b85be284ab68aa7dae66d5df315"},"headline":"''Non sono sostituti dei figli'': Francesca Fagnani parla dei suoi amati cani","datePublished":"2025-04-18T09:54:37+00:00","dateModified":"2025-04-22T10:33:23+00:00","mainEntityOfPage":{"@id":"https:\/\/www.gossip.it\/news\/non-sono-sostituti-figli-francesca-fagnani\/"},"wordCount":398,"commentCount":0,"publisher":{"@id":"https:\/\/www.gossip.it\/#organization"},"image":{"@id":"https:\/\/www.gossip.it\/news\/non-sono-sostituti-figli-francesca-fagnani\/#primaryimage"},"thumbnailUrl":"https:\/\/www.gossip.it\/wp-content\/uploads\/2025\/04\/lancio-FAGNANI.jpg","articleSection":["News"],"inLanguage":"it-IT","potentialAction":[{"@type":"CommentAction","name":"Comment","target":["https:\/\/www.gossip.it\/news\/non-sono-sostituti-figli-francesca-fagnani\/#respond"]}]},{"@type":"WebPage","@id":"https:\/\/www.gossip.it\/news\/non-sono-sostituti-figli-francesca-fagnani\/","url":"https:\/\/www.gossip.it\/news\/non-sono-sostituti-figli-francesca-fagnani\/","name":"''Non sono sostituti dei figli'': Francesca Fagnani parla dei suoi amati cani - Gossip.it | News sul Gossip e VIP","isPartOf":{"@id":"https:\/\/www.gossip.it\/#website"},"primaryImageOfPage":{"@id":"https:\/\/www.gossip.it\/news\/non-sono-sostituti-figli-francesca-fagnani\/#primaryimage"},"image":{"@id":"https:\/\/www.gossip.it\/news\/non-sono-sostituti-figli-francesca-fagnani\/#primaryimage"},"thumbnailUrl":"https:\/\/www.gossip.it\/wp-content\/uploads\/2025\/04\/lancio-FAGNANI.jpg","datePublished":"2025-04-18T09:54:37+00:00","dateModified":"2025-04-22T10:33:23+00:00","description":"Alla vigilia del ritorno in tv con una nuova stagione di 'Belve'...","breadcrumb":{"@id":"https:\/\/www.gossip.it\/news\/non-sono-sostituti-figli-francesca-fagnani\/#breadcrumb"},"inLanguage":"it-IT","potentialAction":[{"@type":"ReadAction","target":["https:\/\/www.gossip.it\/news\/non-sono-sostituti-figli-francesca-fagnani\/"]}]},{"@type":"ImageObject","inLanguage":"it-IT","@id":"https:\/\/www.gossip.it\/news\/non-sono-sostituti-figli-francesca-fagnani\/#primaryimage","url":"https:\/\/www.gossip.it\/wp-content\/uploads\/2025\/04\/lancio-FAGNANI.jpg","contentUrl":"https:\/\/www.gossip.it\/wp-content\/uploads\/2025\/04\/lancio-FAGNANI.jpg","width":1134,"height":813},{"@type":"BreadcrumbList","@id":"https:\/\/www.gossip.it\/news\/non-sono-sostituti-figli-francesca-fagnani\/#breadcrumb","itemListElement":[{"@type":"ListItem","position":1,"name":"Home","item":"https:\/\/www.gossip.it\/"},{"@type":"ListItem","position":2,"name":"''Non sono sostituti dei figli'': Francesca Fagnani parla dei suoi amati cani"}]},{"@type":"WebSite","@id":"https:\/\/www.gossip.it\/#website","url":"https:\/\/www.gossip.it\/","name":"Gossip and VIP News","description":"Quotidiano di cronaca rosa, costume e societ\u00e0","publisher":{"@id":"https:\/\/www.gossip.it\/#organization"},"alternateName":"Gossip and VIP News","potentialAction":[{"@type":"SearchAction","target":{"@type":"EntryPoint","urlTemplate":"https:\/\/www.gossip.it\/?s={search_term_string}"},"query-input":{"@type":"PropertyValueSpecification","valueRequired":true,"valueName":"search_term_string"}}],"inLanguage":"it-IT"},{"@type":"Organization","@id":"https:\/\/www.gossip.it\/#organization","name":"Gossip and VIP News","alternateName":"Gossip News","url":"https:\/\/www.gossip.it\/","logo":{"@type":"ImageObject","inLanguage":"it-IT","@id":"https:\/\/www.gossip.it\/#\/schema\/logo\/image\/","url":"https:\/\/www.gossip.it\/wp-content\/uploads\/2022\/04\/cropped-corna-alta-tiny.png","contentUrl":"https:\/\/www.gossip.it\/wp-content\/uploads\/2022\/04\/cropped-corna-alta-tiny.png","width":512,"height":512,"caption":"Gossip and VIP News"},"image":{"@id":"https:\/\/www.gossip.it\/#\/schema\/logo\/image\/"},"sameAs":["https:\/\/www.facebook.com\/GossipIT","https:\/\/x.com\/gossinews_it","https:\/\/instagram.com\/gossip_it"]},{"@type":"Person","@id":"https:\/\/www.gossip.it\/#\/schema\/person\/be6c6b85be284ab68aa7dae66d5df315","name":"E.R.","image":{"@type":"ImageObject","inLanguage":"it-IT","@id":"https:\/\/www.gossip.it\/#\/schema\/person\/image\/","url":"https:\/\/secure.gravatar.com\/avatar\/4c2e3902b79af207ec510fdf3d1c6f0714d30c8687e15382a8eeef6d29d57a87?s=96&d=mm&r=g","contentUrl":"https:\/\/secure.gravatar.com\/avatar\/4c2e3902b79af207ec510fdf3d1c6f0714d30c8687e15382a8eeef6d29d57a87?s=96&d=mm&r=g","caption":"E.R."}}]}},"amp_enabled":true,"_links":{"self":[{"href":"https:\/\/www.gossip.it\/api\/wp\/v2\/posts\/192120","targetHints":{"allow":["GET"]}}],"collection":[{"href":"https:\/\/www.gossip.it\/api\/wp\/v2\/posts"}],"about":[{"href":"https:\/\/www.gossip.it\/api\/wp\/v2\/types\/post"}],"author":[{"embeddable":true,"href":"https:\/\/www.gossip.it\/api\/wp\/v2\/users\/27"}],"replies":[{"embeddable":true,"href":"https:\/\/www.gossip.it\/api\/wp\/v2\/comments?post=192120"}],"version-history":[{"count":1,"href":"https:\/\/www.gossip.it\/api\/wp\/v2\/posts\/192120\/revisions"}],"predecessor-version":[{"id":192125,"href":"https:\/\/www.gossip.it\/api\/wp\/v2\/posts\/192120\/revisions\/192125"}],"wp:featuredmedia":[{"embeddable":true,"href":"https:\/\/www.gossip.it\/api\/wp\/v2\/media\/192138"}],"wp:attachment":[{"href":"https:\/\/www.gossip.it\/api\/wp\/v2\/media?parent=192120"}],"wp:term":[{"taxonomy":"category","embeddable":true,"href":"https:\/\/www.gossip.it\/api\/wp\/v2\/categories?post=192120"},{"taxonomy":"post_tag","embeddable":true,"href":"https:\/\/www.gossip.it\/api\/wp\/v2\/tags?post=192120"},{"taxonomy":"vip","embeddable":true,"href":"https:\/\/www.gossip.it\/api\/wp\/v2\/vip?post=192120"}],"curies":[{"name":"wp","href":"https:\/\/api.w.org\/{rel}","templated":true}]}}