{"id":193168,"date":"2025-05-13T11:06:39","date_gmt":"2025-05-13T09:06:39","guid":{"rendered":"https:\/\/www.gossip.it\/?p=193168"},"modified":"2025-05-14T10:59:20","modified_gmt":"2025-05-14T08:59:20","slug":"chanel-totti-18-anni","status":"publish","type":"post","link":"https:\/\/www.gossip.it\/news\/chanel-totti-18-anni\/","title":{"rendered":"Chanel Totti compie 18 anni! La figlia di Francesco Totti e di Ilary Blasi festeggia con gli amici, il pap\u00e0 le porta la torta: guarda"},"content":{"rendered":"\n<ul class=\"wp-block-list\">\n<li>Mamma Ilary Blasi non c\u2019\u00e8 come pure Cristian Babalus, scomparso da tempo dai radar<\/li>\n\n\n\n<li>Abito nero, stivali argento e sopra una giacca oversize per la festeggiata<\/li>\n<\/ul>\n\n\n\n<p><em>\u201cTanti auguri vita mia\u201d<\/em>, scrive lui emozionato sui social. <strong>Chanel Totti compie 18 anni!<\/strong> La figlia di <a href=\"http:\/\/www.gossip.it\/vip\/francesco-totti\">Francesco<\/a> e di <a href=\"http:\/\/www.gossip.it\/vip\/ilary-blasi\">Ilary Blasi<\/a> festeggia con gli amici. <strong>Il pap\u00e0, autore del post in cui \u00e8 immortalato con la figlia ancora piccola, le porta la torta allo scoccare della mezzanotte<\/strong>. I due si abbracciano, mentre una folla di ragazzi canta: <em>\u201cTanti auguri a te\u201d<\/em>.<\/p>\n\n\n\n<figure class=\"wp-block-image size-large is-resized\"><img decoding=\"async\" width=\"576\" height=\"1024\" src=\"https:\/\/www.gossip.it\/wp-content\/uploads\/2025\/05\/chanel_1-576x1024.jpg\" alt=\"\" class=\"wp-image-193170\" style=\"width:768px;height:auto\" srcset=\"https:\/\/www.gossip.it\/wp-content\/uploads\/2025\/05\/chanel_1-576x1024.jpg 576w, https:\/\/www.gossip.it\/wp-content\/uploads\/2025\/05\/chanel_1-169x300.jpg 169w, https:\/\/www.gossip.it\/wp-content\/uploads\/2025\/05\/chanel_1-768x1365.jpg 768w, https:\/\/www.gossip.it\/wp-content\/uploads\/2025\/05\/chanel_1-864x1536.jpg 864w, https:\/\/www.gossip.it\/wp-content\/uploads\/2025\/05\/chanel_1-750x1333.jpg 750w, https:\/\/www.gossip.it\/wp-content\/uploads\/2025\/05\/chanel_1.jpg 1134w\" sizes=\"(max-width: 576px) 100vw, 576px\" \/><figcaption class=\"wp-element-caption\">Chanel Totti compie 18 anni! La figlia di Francesco Totti e di Ilary Blasi festeggia con gli amici, il pap\u00e0 le porta la torta<\/figcaption><\/figure>\n\n\n\n<p>La secondogenita della conduttrice 44enne e dell\u2019ex capitano della Roma 48enne diventa maggiorenne: finalmente il 13 maggio tanto aspettato \u00e8 arrivato. Per l\u2019occasione Chanel <strong>indossa un abito nero con corpetto <\/strong>che le lascia le spalle scoperte e gonna ampia fino a met\u00e0 polpaccio. <strong>Sotto mette stivali argento, sopra una giacca oversize in tono.<\/strong> I capelli li lascia sciolti, la lunga chioma le incornicia il volto.<\/p>\n\n\n\n<figure class=\"wp-block-video\"><video controls src=\"https:\/\/www.sveline.com\/video\/chanel_totti_torta_18_anni_gsp.mp4\"><\/video><\/figure>\n\n\n\n<figure class=\"wp-block-image size-large\"><img decoding=\"async\" width=\"806\" height=\"1024\" src=\"https:\/\/www.gossip.it\/wp-content\/uploads\/2025\/05\/chanel_2-806x1024.jpg\" alt=\"\" class=\"wp-image-193171\" srcset=\"https:\/\/www.gossip.it\/wp-content\/uploads\/2025\/05\/chanel_2-806x1024.jpg 806w, https:\/\/www.gossip.it\/wp-content\/uploads\/2025\/05\/chanel_2-236x300.jpg 236w, https:\/\/www.gossip.it\/wp-content\/uploads\/2025\/05\/chanel_2-768x975.jpg 768w, https:\/\/www.gossip.it\/wp-content\/uploads\/2025\/05\/chanel_2-750x952.jpg 750w, https:\/\/www.gossip.it\/wp-content\/uploads\/2025\/05\/chanel_2.jpg 1134w\" sizes=\"(max-width: 806px) 100vw, 806px\" \/><figcaption class=\"wp-element-caption\">E' il 48enne a mettere sul tavolo il grande dolce con le candeline allo scoccare della mezzanotte<\/figcaption><\/figure>\n\n\n\n<p>E\u2019 un party per pochi, una cena intima con i parenti e gli amici pi\u00f9 cari. Totti, appena arriva la mezzanotte, sorprende la ragazza: \u00e8 lui a portarle il grande dolce con sopra le candeline a forma di numero. Lei si commuove e lo abbraccia con slancio: lo tiene stretto a s\u00e9. C'\u00e8 pure un altra torta, tutta rossa a due piani.<\/p>\n\n\n\n<figure class=\"wp-block-image size-large is-resized\"><img decoding=\"async\" width=\"741\" height=\"1024\" src=\"https:\/\/www.gossip.it\/wp-content\/uploads\/2025\/05\/chanel_3-741x1024.jpg\" alt=\"\" class=\"wp-image-193172\" style=\"width:768px;height:auto\" srcset=\"https:\/\/www.gossip.it\/wp-content\/uploads\/2025\/05\/chanel_3-741x1024.jpg 741w, https:\/\/www.gossip.it\/wp-content\/uploads\/2025\/05\/chanel_3-217x300.jpg 217w, https:\/\/www.gossip.it\/wp-content\/uploads\/2025\/05\/chanel_3-768x1062.jpg 768w, https:\/\/www.gossip.it\/wp-content\/uploads\/2025\/05\/chanel_3-1111x1536.jpg 1111w, https:\/\/www.gossip.it\/wp-content\/uploads\/2025\/05\/chanel_3-750x1037.jpg 750w, https:\/\/www.gossip.it\/wp-content\/uploads\/2025\/05\/chanel_3.jpg 1134w\" sizes=\"(max-width: 741px) 100vw, 741px\" \/><figcaption class=\"wp-element-caption\">I due si abbracciano emozionati e commossi<\/figcaption><\/figure>\n\n\n\n<p><strong>Mamma Ilary Blasi non c\u2019\u00e8<\/strong>. Come era accaduto per <a href=\"http:\/\/www.gossip.it\/vip\/cristian-totti\">Cristian<\/a>, il primogenito, i due ex celebreranno Chanel separatamente. Nelle sue IG Stories le dedica, immancabilmente, un pensiero: <em>\u201c<strong>Tanti auguri amore mio. Oggi compi 18 anni ed \u00e8 incredibile come il tempo sia volato. Ti amo tanto<\/strong>\u201d.<\/em><\/p>\n\n\n\n<figure class=\"wp-block-image size-large is-resized\"><img decoding=\"async\" width=\"622\" height=\"1024\" src=\"https:\/\/www.gossip.it\/wp-content\/uploads\/2025\/05\/chanel_4-622x1024.jpg\" alt=\"\" class=\"wp-image-193173\" style=\"width:768px;height:auto\" srcset=\"https:\/\/www.gossip.it\/wp-content\/uploads\/2025\/05\/chanel_4-622x1024.jpg 622w, https:\/\/www.gossip.it\/wp-content\/uploads\/2025\/05\/chanel_4-182x300.jpg 182w, https:\/\/www.gossip.it\/wp-content\/uploads\/2025\/05\/chanel_4-768x1265.jpg 768w, https:\/\/www.gossip.it\/wp-content\/uploads\/2025\/05\/chanel_4-932x1536.jpg 932w, https:\/\/www.gossip.it\/wp-content\/uploads\/2025\/05\/chanel_4-750x1235.jpg 750w, https:\/\/www.gossip.it\/wp-content\/uploads\/2025\/05\/chanel_4.jpg 1134w\" sizes=\"(max-width: 622px) 100vw, 622px\" \/><figcaption class=\"wp-element-caption\">Chanel celebra la maggiore et\u00e0: mamma Ilary Blasi non \u00e8 l\u00ec con lei<\/figcaption><\/figure>\n\n\n\n<p>Non c\u2019\u2019\u00e8 alcuna traccia neanche di <a href=\"http:\/\/www.gossip.it\/vip\/cristian-babalus\">Cristian Babalus<\/a>, a cui Chanel \u00e8 stata legata per pi\u00f9 di un anno. Il ragazzo \u00e8 scomparso dai radar da un bel po\u2019. Lei dovrebbe essere nuovamente single, almeno cos\u00ec pare.<\/p>\n","protected":false},"excerpt":{"rendered":"<p>Mamma Ilary Blasi non c\u2019\u00e8 come pure Cristian Babalus...<\/p>\n","protected":false},"author":24,"featured_media":193244,"comment_status":"open","ping_status":"closed","sticky":false,"template":"","format":"standard","meta":{"footnotes":""},"categories":[54],"tags":[65162,83195,83197,83196,63564,75991,63563,69280],"vip":[65165],"class_list":["post-193168","post","type-post","status-publish","format-standard","has-post-thumbnail","hentry","category-news","tag-chaneltotti","tag-chaneltotti18anni","tag-chaneltottifesta","tag-chaneltottifesta18anni","tag-francescototti","tag-francescotottifiglia","tag-ilaryblasi","tag-ilaryblasifiglia","vip-chanel-totti"],"yoast_head":"<title>Chanel Totti compie 18 anni! La figlia di Francesco Totti e di Ilary Blasi festeggia con gli amici, il pap\u00e0 le porta la torta: guarda - Gossip.it | News sul Gossip e VIP<\/title>\n<meta name=\"description\" content=\"Chanel Totti compie 18 anni! La figlia di Francesco Totti e di Ilary Blasi festeggia con gli amici, il pap\u00e0 le porta la torta: guarda\" \/>\n<meta name=\"robots\" content=\"index, follow, max-snippet:-1, max-image-preview:large, max-video-preview:-1\" \/>\n<link rel=\"canonical\" href=\"https:\/\/www.gossip.it\/news\/chanel-totti-18-anni\/\" \/>\n<meta property=\"og:locale\" content=\"it_IT\" \/>\n<meta property=\"og:type\" content=\"article\" \/>\n<meta property=\"og:title\" content=\"Chanel Totti compie 18 anni! La figlia di Francesco Totti e di Ilary Blasi festeggia con gli amici, il pap\u00e0 le porta la torta: guarda - Gossip.it | News sul Gossip e VIP\" \/>\n<meta property=\"og:description\" content=\"Chanel Totti compie 18 anni! La figlia di Francesco Totti e di Ilary Blasi festeggia con gli amici, il pap\u00e0 le porta la torta: guarda\" \/>\n<meta property=\"og:url\" content=\"https:\/\/www.gossip.it\/news\/chanel-totti-18-anni\/\" \/>\n<meta property=\"og:site_name\" content=\"Gossip.it | News sul Gossip e VIP\" \/>\n<meta property=\"article:publisher\" content=\"https:\/\/www.facebook.com\/GossipIT\" \/>\n<meta property=\"article:published_time\" content=\"2025-05-13T09:06:39+00:00\" \/>\n<meta property=\"article:modified_time\" content=\"2025-05-14T08:59:20+00:00\" \/>\n<meta property=\"og:image\" content=\"https:\/\/www.gossip.it\/wp-content\/uploads\/2025\/05\/PP-CHANEL.jpg\" \/>\n\t<meta property=\"og:image:width\" content=\"1134\" \/>\n\t<meta property=\"og:image:height\" content=\"564\" \/>\n\t<meta property=\"og:image:type\" content=\"image\/jpeg\" \/>\n<meta name=\"author\" content=\"Carla Giuni\" \/>\n<meta name=\"twitter:card\" content=\"summary_large_image\" \/>\n<meta name=\"twitter:creator\" content=\"@gossinews_it\" \/>\n<meta name=\"twitter:site\" content=\"@gossinews_it\" \/>\n<meta name=\"twitter:label1\" content=\"Scritto da\" \/>\n\t<meta name=\"twitter:data1\" content=\"Carla Giuni\" \/>\n\t<meta name=\"twitter:label2\" content=\"Tempo di lettura stimato\" \/>\n\t<meta name=\"twitter:data2\" content=\"3 minuti\" \/>","yoast_head_json":{"title":"Chanel Totti compie 18 anni! La figlia di Francesco Totti e di Ilary Blasi festeggia con gli amici, il pap\u00e0 le porta la torta: guarda - Gossip.it | News sul Gossip e VIP","description":"Chanel Totti compie 18 anni! La figlia di Francesco Totti e di Ilary Blasi festeggia con gli amici, il pap\u00e0 le porta la torta: guarda","robots":{"index":"index","follow":"follow","max-snippet":"max-snippet:-1","max-image-preview":"max-image-preview:large","max-video-preview":"max-video-preview:-1"},"canonical":"https:\/\/www.gossip.it\/news\/chanel-totti-18-anni\/","og_locale":"it_IT","og_type":"article","og_title":"Chanel Totti compie 18 anni! La figlia di Francesco Totti e di Ilary Blasi festeggia con gli amici, il pap\u00e0 le porta la torta: guarda - Gossip.it | News sul Gossip e VIP","og_description":"Chanel Totti compie 18 anni! La figlia di Francesco Totti e di Ilary Blasi festeggia con gli amici, il pap\u00e0 le porta la torta: guarda","og_url":"https:\/\/www.gossip.it\/news\/chanel-totti-18-anni\/","og_site_name":"Gossip.it | News sul Gossip e VIP","article_publisher":"https:\/\/www.facebook.com\/GossipIT","article_published_time":"2025-05-13T09:06:39+00:00","article_modified_time":"2025-05-14T08:59:20+00:00","og_image":[{"width":1134,"height":564,"url":"https:\/\/www.gossip.it\/wp-content\/uploads\/2025\/05\/PP-CHANEL.jpg","type":"image\/jpeg"}],"author":"Carla Giuni","twitter_card":"summary_large_image","twitter_creator":"@gossinews_it","twitter_site":"@gossinews_it","twitter_misc":{"Scritto da":"Carla Giuni","Tempo di lettura stimato":"3 minuti"},"schema":{"@context":"https:\/\/schema.org","@graph":[{"@type":"Article","@id":"https:\/\/www.gossip.it\/news\/chanel-totti-18-anni\/#article","isPartOf":{"@id":"https:\/\/www.gossip.it\/news\/chanel-totti-18-anni\/"},"author":{"name":"Carla Giuni","@id":"https:\/\/www.gossip.it\/#\/schema\/person\/df4a88c190f338e21427b6f342595faa"},"headline":"Chanel Totti compie 18 anni! La figlia di Francesco Totti e di Ilary Blasi festeggia con gli amici, il pap\u00e0 le porta la torta: guarda","datePublished":"2025-05-13T09:06:39+00:00","dateModified":"2025-05-14T08:59:20+00:00","mainEntityOfPage":{"@id":"https:\/\/www.gossip.it\/news\/chanel-totti-18-anni\/"},"wordCount":374,"commentCount":0,"publisher":{"@id":"https:\/\/www.gossip.it\/#organization"},"image":{"@id":"https:\/\/www.gossip.it\/news\/chanel-totti-18-anni\/#primaryimage"},"thumbnailUrl":"https:\/\/www.gossip.it\/wp-content\/uploads\/2025\/05\/lancio-CHANEL.jpg","keywords":["chaneltotti","chaneltotti18anni","chaneltottifesta","chaneltottifesta18anni","francescototti","francescotottifiglia","ilaryblasi","ilaryblasifiglia"],"articleSection":["News"],"inLanguage":"it-IT","potentialAction":[{"@type":"CommentAction","name":"Comment","target":["https:\/\/www.gossip.it\/news\/chanel-totti-18-anni\/#respond"]}]},{"@type":"WebPage","@id":"https:\/\/www.gossip.it\/news\/chanel-totti-18-anni\/","url":"https:\/\/www.gossip.it\/news\/chanel-totti-18-anni\/","name":"Chanel Totti compie 18 anni! La figlia di Francesco Totti e di Ilary Blasi festeggia con gli amici, il pap\u00e0 le porta la torta: guarda - Gossip.it | News sul Gossip e VIP","isPartOf":{"@id":"https:\/\/www.gossip.it\/#website"},"primaryImageOfPage":{"@id":"https:\/\/www.gossip.it\/news\/chanel-totti-18-anni\/#primaryimage"},"image":{"@id":"https:\/\/www.gossip.it\/news\/chanel-totti-18-anni\/#primaryimage"},"thumbnailUrl":"https:\/\/www.gossip.it\/wp-content\/uploads\/2025\/05\/lancio-CHANEL.jpg","datePublished":"2025-05-13T09:06:39+00:00","dateModified":"2025-05-14T08:59:20+00:00","description":"Chanel Totti compie 18 anni! La figlia di Francesco Totti e di Ilary Blasi festeggia con gli amici, il pap\u00e0 le porta la torta: guarda","breadcrumb":{"@id":"https:\/\/www.gossip.it\/news\/chanel-totti-18-anni\/#breadcrumb"},"inLanguage":"it-IT","potentialAction":[{"@type":"ReadAction","target":["https:\/\/www.gossip.it\/news\/chanel-totti-18-anni\/"]}]},{"@type":"ImageObject","inLanguage":"it-IT","@id":"https:\/\/www.gossip.it\/news\/chanel-totti-18-anni\/#primaryimage","url":"https:\/\/www.gossip.it\/wp-content\/uploads\/2025\/05\/lancio-CHANEL.jpg","contentUrl":"https:\/\/www.gossip.it\/wp-content\/uploads\/2025\/05\/lancio-CHANEL.jpg","width":1134,"height":808},{"@type":"BreadcrumbList","@id":"https:\/\/www.gossip.it\/news\/chanel-totti-18-anni\/#breadcrumb","itemListElement":[{"@type":"ListItem","position":1,"name":"Home","item":"https:\/\/www.gossip.it\/"},{"@type":"ListItem","position":2,"name":"Chanel Totti compie 18 anni! La figlia di Francesco Totti e di Ilary Blasi festeggia con gli amici, il pap\u00e0 le porta la torta: guarda"}]},{"@type":"WebSite","@id":"https:\/\/www.gossip.it\/#website","url":"https:\/\/www.gossip.it\/","name":"Gossip and VIP News","description":"Quotidiano di cronaca rosa, costume e societ\u00e0","publisher":{"@id":"https:\/\/www.gossip.it\/#organization"},"alternateName":"Gossip and VIP News","potentialAction":[{"@type":"SearchAction","target":{"@type":"EntryPoint","urlTemplate":"https:\/\/www.gossip.it\/?s={search_term_string}"},"query-input":{"@type":"PropertyValueSpecification","valueRequired":true,"valueName":"search_term_string"}}],"inLanguage":"it-IT"},{"@type":"Organization","@id":"https:\/\/www.gossip.it\/#organization","name":"Gossip and VIP News","alternateName":"Gossip News","url":"https:\/\/www.gossip.it\/","logo":{"@type":"ImageObject","inLanguage":"it-IT","@id":"https:\/\/www.gossip.it\/#\/schema\/logo\/image\/","url":"https:\/\/www.gossip.it\/wp-content\/uploads\/2022\/04\/cropped-corna-alta-tiny.png","contentUrl":"https:\/\/www.gossip.it\/wp-content\/uploads\/2022\/04\/cropped-corna-alta-tiny.png","width":512,"height":512,"caption":"Gossip and VIP News"},"image":{"@id":"https:\/\/www.gossip.it\/#\/schema\/logo\/image\/"},"sameAs":["https:\/\/www.facebook.com\/GossipIT","https:\/\/x.com\/gossinews_it","https:\/\/instagram.com\/gossip_it"]},{"@type":"Person","@id":"https:\/\/www.gossip.it\/#\/schema\/person\/df4a88c190f338e21427b6f342595faa","name":"Carla Giuni","image":{"@type":"ImageObject","inLanguage":"it-IT","@id":"https:\/\/www.gossip.it\/#\/schema\/person\/image\/","url":"https:\/\/secure.gravatar.com\/avatar\/9caf92f895c8e9a7cca263cd6e3860da8edad54c0a92046a7e363cbd3fa35c36?s=96&d=mm&r=g","contentUrl":"https:\/\/secure.gravatar.com\/avatar\/9caf92f895c8e9a7cca263cd6e3860da8edad54c0a92046a7e363cbd3fa35c36?s=96&d=mm&r=g","caption":"Carla Giuni"}}]}},"amp_enabled":true,"_links":{"self":[{"href":"https:\/\/www.gossip.it\/api\/wp\/v2\/posts\/193168","targetHints":{"allow":["GET"]}}],"collection":[{"href":"https:\/\/www.gossip.it\/api\/wp\/v2\/posts"}],"about":[{"href":"https:\/\/www.gossip.it\/api\/wp\/v2\/types\/post"}],"author":[{"embeddable":true,"href":"https:\/\/www.gossip.it\/api\/wp\/v2\/users\/24"}],"replies":[{"embeddable":true,"href":"https:\/\/www.gossip.it\/api\/wp\/v2\/comments?post=193168"}],"version-history":[{"count":1,"href":"https:\/\/www.gossip.it\/api\/wp\/v2\/posts\/193168\/revisions"}],"predecessor-version":[{"id":193193,"href":"https:\/\/www.gossip.it\/api\/wp\/v2\/posts\/193168\/revisions\/193193"}],"wp:featuredmedia":[{"embeddable":true,"href":"https:\/\/www.gossip.it\/api\/wp\/v2\/media\/193244"}],"wp:attachment":[{"href":"https:\/\/www.gossip.it\/api\/wp\/v2\/media?parent=193168"}],"wp:term":[{"taxonomy":"category","embeddable":true,"href":"https:\/\/www.gossip.it\/api\/wp\/v2\/categories?post=193168"},{"taxonomy":"post_tag","embeddable":true,"href":"https:\/\/www.gossip.it\/api\/wp\/v2\/tags?post=193168"},{"taxonomy":"vip","embeddable":true,"href":"https:\/\/www.gossip.it\/api\/wp\/v2\/vip?post=193168"}],"curies":[{"name":"wp","href":"https:\/\/api.w.org\/{rel}","templated":true}]}}