{"id":19332,"date":"2005-02-22T00:00:00","date_gmt":"2005-02-21T23:00:00","guid":{"rendered":"https:\/\/www.gossip.it\/senza-categoria\/milano-moda-zarine-e-regine-su-passerelle-innevate\/"},"modified":"2005-02-22T00:00:00","modified_gmt":"2005-02-21T23:00:00","slug":"milano-moda-zarine-e-regine-su-passerelle-innevate","status":"publish","type":"post","link":"https:\/\/www.gossip.it\/news\/milano-moda-zarine-e-regine-su-passerelle-innevate\/","title":{"rendered":"Milano Moda: zarine e regine su passerelle innevate"},"content":{"rendered":"<p>La terza giornata di <a href='https:\/\/www.gossip.it\/moda\/milanodonna_06_1'><b><u>Milano Moda Donna<\/u><\/b><\/a> prende letteralmente il volo: in passerella, la linea 'Prima Classe' di <a href='https:\/\/www.gossip.it\/news\/monografia.php?keyword=alviero%20martini'><b><u>Alviero Martini<\/u><\/b><\/a>. Non solo divise per l'equipaggio, lo <a href='https:\/\/www.gossip.it\/news\/cerca.php3?keyword=stilista'><b><u>stilista<\/u><\/b><\/a> disegner\u00e0 anche gli interni del volo <a href='https:\/\/www.gossip.it\/news\/cerca.php3?keyword=milano'><b><u>Milano<\/u><\/b><\/a>-<b>Manhattan<\/b> in funzione da settembre: un nuovo collegamento Eurofly pronto a unire le due citt\u00e0 pi\u00f9 creative del mondo, dedicato alla clientela pi\u00f9 esigente che allo <b>stile<\/b> non sa rinunciare in nessuna occasione. <\/p>\n<p>Al via anche le collezioni 'giovani' dei pi\u00f9 famosi nomi: <b>Blugirl<\/b> di <a href='https:\/\/www.gossip.it\/news\/monografia.php?keyword=blumarine'><b><u>Blumarine<\/u><\/b><\/a> e <b>Just Cavalli<\/b> di <a href='https:\/\/www.gossip.it\/news\/monografia.php?keyword=roberto%20cavalli'><b><u>Roberto Cavalli<\/u><\/b><\/a>. In comune, una <a href='https:\/\/www.gossip.it\/news\/monografia.php?keyword=passerella'><b><u>passerella<\/u><\/b><\/a> innevata, quasi a volersi adeguare alla reale condizione meteorologica <a href='https:\/\/www.gossip.it\/news\/cerca.php3?keyword=milano'><b><u>milanese<\/u><\/b><\/a>. Vive in una fiaba la 'Sirenetta di Copenaghen': tutto \u00e8 scintillante, ricami e pailette si sprecano. Perfino i classici 'moon boot' diventano dei meno noiosi 'Blu-boot' impreziositi da luminosi swarovski. Come <a href='https:\/\/www.gossip.it\/news\/monografia.php?keyword=anna%20molinari'><b><u>Anna Molinari<\/u><\/b><\/a> con la sua 'Blugirl', anche <a href='https:\/\/www.gossip.it\/news\/monografia.php?keyword=roberto%20cavalli'><b><u>Roberto<\/u><\/b><\/a> e <a href='https:\/\/www.gossip.it\/news\/monografia.php?keyword=eva%20cavalli'><b><u>Eva Cavalli<\/u><\/b><\/a> propongono una 'linea giovane' all'avanguardia, molto pi\u00f9 vicina al prototipo di 'prima linea' piuttosto che alla spensieratezza di una <b>collezione<\/b> destinata ad una fetta di mercato pi\u00f9 ampia. <br \/>\nE' la <b>Russia<\/b> ad ispirare la donna portata in scena da <b>Just Cavalli<\/b>, il mondo dell'Est rivisitato in completa stravaganza. I riferimenti vengono usati con ironia, ed ecco quindi tappezzerie che diventano fantasie per <b>gonne<\/b> a tulipano, cristalli a goccia che si trasformano in decori per maglie, jeans e giacche. Onnipresente la <b>matrioska<\/b>, icona per eccellenza della tradizione russa. Applauditissima questa giovane 'zarina contemporanea' da un ricco <a href='https:\/\/www.gossip.it\/moda\/milanodonna_06_1'><b><u>parterre Vip<\/u><\/b><\/a>: da <a href='https:\/\/www.gossip.it\/news\/monografia.php?keyword=syria'><b><u>Syria<\/u><\/b><\/a> a <a href='https:\/\/www.gossip.it\/news\/monografia.php?keyword=filippa%20lagerback'><b><u>Filippa Lagerback<\/u><\/b><\/a> e <a href='https:\/\/www.gossip.it\/news\/monografia.php?keyword=mikael%20kenta'><b><u>Mikael Kenta<\/u><\/b><\/a>, da <a href='https:\/\/www.gossip.it\/news\/cerca2.php3?keyword=alvin&tiporicerca=0&submit.x=29&submit.y=14'><b><u>Alvin<\/u><\/b><\/a> e <a href='https:\/\/www.gossip.it\/news\/monografia.php?keyword=claudia%20peroni'><b><u>Claudia Peroni<\/u><\/b><\/a> a <a href='https:\/\/www.gossip.it\/news\/monografia.php?keyword=camila%20raznovich'><b><u>Camila Raznovich<\/u><\/b><\/a> e <a href='https:\/\/www.gossip.it\/news\/monografia.php?keyword=daniele%20stefani'><b><u>Daniele Stefani<\/u><\/b><\/a>.<\/p>\n<p>Conferma la tendenza di questo avvicinamento alle linee madri, un altro grande marchio: <b>Emporio Armani<\/b>. Ispirazione della proposta <a href='https:\/\/www.gossip.it\/moda\/milanodonna_06_1'><b><u>autunno - inverno 2005\/06<\/u><\/b><\/a> le grandi dive del <a href='https:\/\/www.gossip.it\/cinema'><b><u>cinema<\/u><\/b><\/a>. Addio ai cappotti in onore di stole e mantelline per la star tutto pepe di <a href='https:\/\/www.gossip.it\/news\/monografia.php?keyword=giorgio%20armani'><b><u>Giorgio Armani<\/u><\/b><\/a>: le calze lasciano spazio alla gamba nuda, i tacchi sono altissimi e le giacche avvitate. E' dunque la fine delle 'seconde linee'? <\/p>\n<p> \u00a9 GossipNews - Foto: C.Zuech<\/p>\n","protected":false},"excerpt":{"rendered":"<p>La terza giornata di Milano Moda Donna prende letteralmente il volo: in passerella, la linea 'Prima Classe' di Alviero Martini. Non solo divise per l'equipaggio, lo stilista disegner\u00e0 anche gli interni del volo Milano-Manhattan in funzione da settembre: un nuovo collegamento Eurofly pronto a unire le due citt\u00e0 pi\u00f9 creative del mondo, dedicato alla clientela [&hellip;]<\/p>\n","protected":false},"author":1,"featured_media":75381,"comment_status":"closed","ping_status":"closed","sticky":false,"template":"","format":"standard","meta":{"footnotes":""},"categories":[54],"tags":[2231,7738,22130,19439,6316,22129,2725,5611,15053,7752,22131,18643,1979,15233,3099,3087,6176,2258,2835,3306,2360,10145],"vip":[291,435,506,564,697,747],"class_list":["post-19332","post","type-post","status-publish","format-standard","has-post-thumbnail","hentry","category-news","tag-alvin","tag-anna-molinari","tag-blugirl","tag-blumarine","tag-emporio-armani","tag-eurofly","tag-eventi","tag-giorgio-armani","tag-gossipmoda","tag-just-cavalli","tag-matrioska","tag-mikael-kenta","tag-milano","tag-milano-moda-donna","tag-moda","tag-passerella","tag-roberto-cavalli","tag-russia","tag-sfilata","tag-sfilate","tag-stilista","tag-syria","vip-alviero_martini","vip-camila_raznovich","vip-claudia_peroni","vip-daniele_stefani","vip-eva_cavalli","vip-filippa_lagerback"],"yoast_head":"<title>Milano Moda: zarine e regine su passerelle innevate - Gossip.it | News sul Gossip e VIP<\/title>\n<meta name=\"description\" content=\"La terza giornata di Milano Moda Donna prende letteralmente il volo: in passerella, la linea &#039;Prima Classe&#039; di Alviero Martini. Non solo divise per\" \/>\n<meta name=\"robots\" content=\"index, follow, max-snippet:-1, max-image-preview:large, max-video-preview:-1\" \/>\n<link rel=\"canonical\" href=\"https:\/\/www.gossip.it\/news\/milano-moda-zarine-e-regine-su-passerelle-innevate\/\" \/>\n<meta property=\"og:locale\" content=\"it_IT\" \/>\n<meta property=\"og:type\" content=\"article\" \/>\n<meta property=\"og:title\" content=\"Milano Moda: zarine e regine su passerelle innevate - Gossip.it | News sul Gossip e VIP\" \/>\n<meta property=\"og:description\" content=\"La terza giornata di Milano Moda Donna prende letteralmente il volo: in passerella, la linea &#039;Prima Classe&#039; di Alviero Martini. Non solo divise per\" \/>\n<meta property=\"og:url\" content=\"https:\/\/www.gossip.it\/news\/milano-moda-zarine-e-regine-su-passerelle-innevate\/\" \/>\n<meta property=\"og:site_name\" content=\"Gossip.it | News sul Gossip e VIP\" \/>\n<meta property=\"article:publisher\" content=\"https:\/\/www.facebook.com\/GossipIT\" \/>\n<meta property=\"article:published_time\" content=\"2005-02-21T23:00:00+00:00\" \/>\n<meta property=\"og:image\" content=\"https:\/\/www.gossip.it\/images5\/00043_cavalli.jpg\" \/>\n<meta name=\"author\" content=\"La Redazione\" \/>\n<meta name=\"twitter:card\" content=\"summary_large_image\" \/>\n<meta name=\"twitter:image\" content=\"https:\/\/www.gossip.it\/images5\/00043_cavalli.jpg\" \/>\n<meta name=\"twitter:creator\" content=\"@gossinews_it\" \/>\n<meta name=\"twitter:site\" content=\"@gossinews_it\" \/>\n<meta name=\"twitter:label1\" content=\"Scritto da\" \/>\n\t<meta name=\"twitter:data1\" content=\"Cristina Zuech\" \/>\n\t<meta name=\"twitter:label2\" content=\"Tempo di lettura stimato\" \/>\n\t<meta name=\"twitter:data2\" content=\"2 minuti\" \/>","yoast_head_json":{"title":"Milano Moda: zarine e regine su passerelle innevate - Gossip.it | News sul Gossip e VIP","description":"La terza giornata di Milano Moda Donna prende letteralmente il volo: in passerella, la linea 'Prima Classe' di Alviero Martini. Non solo divise per","robots":{"index":"index","follow":"follow","max-snippet":"max-snippet:-1","max-image-preview":"max-image-preview:large","max-video-preview":"max-video-preview:-1"},"canonical":"https:\/\/www.gossip.it\/news\/milano-moda-zarine-e-regine-su-passerelle-innevate\/","og_locale":"it_IT","og_type":"article","og_title":"Milano Moda: zarine e regine su passerelle innevate - Gossip.it | News sul Gossip e VIP","og_description":"La terza giornata di Milano Moda Donna prende letteralmente il volo: in passerella, la linea 'Prima Classe' di Alviero Martini. Non solo divise per","og_url":"https:\/\/www.gossip.it\/news\/milano-moda-zarine-e-regine-su-passerelle-innevate\/","og_site_name":"Gossip.it | News sul Gossip e VIP","article_publisher":"https:\/\/www.facebook.com\/GossipIT","article_published_time":"2005-02-21T23:00:00+00:00","og_image":[{"url":"https:\/\/www.gossip.it\/images5\/00043_cavalli.jpg"}],"author":"La Redazione","twitter_card":"summary_large_image","twitter_image":"https:\/\/www.gossip.it\/images5\/00043_cavalli.jpg","twitter_creator":"@gossinews_it","twitter_site":"@gossinews_it","twitter_misc":{"Scritto da":"Cristina Zuech","Tempo di lettura stimato":"2 minuti"},"schema":{"@context":"https:\/\/schema.org","@graph":[{"@type":"Article","@id":"https:\/\/www.gossip.it\/news\/milano-moda-zarine-e-regine-su-passerelle-innevate\/#article","isPartOf":{"@id":"https:\/\/www.gossip.it\/news\/milano-moda-zarine-e-regine-su-passerelle-innevate\/"},"author":{"name":"La Redazione","@id":"https:\/\/www.gossip.it\/#\/schema\/person\/488896f75158bff1cc83c6c39d141110"},"headline":"Milano Moda: zarine e regine su passerelle innevate","datePublished":"2005-02-21T23:00:00+00:00","dateModified":"2005-02-21T23:00:00+00:00","mainEntityOfPage":{"@id":"https:\/\/www.gossip.it\/news\/milano-moda-zarine-e-regine-su-passerelle-innevate\/"},"wordCount":338,"publisher":{"@id":"https:\/\/www.gossip.it\/#organization"},"image":{"@id":"https:\/\/www.gossip.it\/news\/milano-moda-zarine-e-regine-su-passerelle-innevate\/#primaryimage"},"thumbnailUrl":"https:\/\/www.gossip.it\/images5\/00043_cavalli.jpg","keywords":["alvin","anna molinari","blugirl","blumarine","emporio armani","eurofly","eventi","giorgio armani","gossipmoda","just cavalli","matrioska","Mikael Kenta","milano","milano moda donna","moda","passerella","roberto cavalli","russia","sfilata","sfilate","stilista","syria"],"articleSection":["News"],"inLanguage":"it-IT"},{"@type":"WebPage","@id":"https:\/\/www.gossip.it\/news\/milano-moda-zarine-e-regine-su-passerelle-innevate\/","url":"https:\/\/www.gossip.it\/news\/milano-moda-zarine-e-regine-su-passerelle-innevate\/","name":"Milano Moda: zarine e regine su passerelle innevate - Gossip.it | News sul Gossip e VIP","isPartOf":{"@id":"https:\/\/www.gossip.it\/#website"},"primaryImageOfPage":{"@id":"https:\/\/www.gossip.it\/news\/milano-moda-zarine-e-regine-su-passerelle-innevate\/#primaryimage"},"image":{"@id":"https:\/\/www.gossip.it\/news\/milano-moda-zarine-e-regine-su-passerelle-innevate\/#primaryimage"},"thumbnailUrl":"https:\/\/www.gossip.it\/images5\/00043_cavalli.jpg","datePublished":"2005-02-21T23:00:00+00:00","dateModified":"2005-02-21T23:00:00+00:00","description":"La terza giornata di Milano Moda Donna prende letteralmente il volo: in passerella, la linea 'Prima Classe' di Alviero Martini. Non solo divise per","breadcrumb":{"@id":"https:\/\/www.gossip.it\/news\/milano-moda-zarine-e-regine-su-passerelle-innevate\/#breadcrumb"},"inLanguage":"it-IT","potentialAction":[{"@type":"ReadAction","target":["https:\/\/www.gossip.it\/news\/milano-moda-zarine-e-regine-su-passerelle-innevate\/"]}]},{"@type":"ImageObject","inLanguage":"it-IT","@id":"https:\/\/www.gossip.it\/news\/milano-moda-zarine-e-regine-su-passerelle-innevate\/#primaryimage","url":"https:\/\/www.gossip.it\/images5\/00043_cavalli.jpg","contentUrl":"https:\/\/www.gossip.it\/images5\/00043_cavalli.jpg"},{"@type":"BreadcrumbList","@id":"https:\/\/www.gossip.it\/news\/milano-moda-zarine-e-regine-su-passerelle-innevate\/#breadcrumb","itemListElement":[{"@type":"ListItem","position":1,"name":"Home","item":"https:\/\/www.gossip.it\/"},{"@type":"ListItem","position":2,"name":"Milano Moda: zarine e regine su passerelle innevate"}]},{"@type":"WebSite","@id":"https:\/\/www.gossip.it\/#website","url":"https:\/\/www.gossip.it\/","name":"Gossip and VIP News","description":"Quotidiano di cronaca rosa, costume e societ\u00e0","publisher":{"@id":"https:\/\/www.gossip.it\/#organization"},"alternateName":"Gossip and VIP News","potentialAction":[{"@type":"SearchAction","target":{"@type":"EntryPoint","urlTemplate":"https:\/\/www.gossip.it\/?s={search_term_string}"},"query-input":{"@type":"PropertyValueSpecification","valueRequired":true,"valueName":"search_term_string"}}],"inLanguage":"it-IT"},{"@type":"Organization","@id":"https:\/\/www.gossip.it\/#organization","name":"Gossip and VIP News","alternateName":"Gossip News","url":"https:\/\/www.gossip.it\/","logo":{"@type":"ImageObject","inLanguage":"it-IT","@id":"https:\/\/www.gossip.it\/#\/schema\/logo\/image\/","url":"https:\/\/www.gossip.it\/wp-content\/uploads\/2022\/04\/cropped-corna-alta-tiny.png","contentUrl":"https:\/\/www.gossip.it\/wp-content\/uploads\/2022\/04\/cropped-corna-alta-tiny.png","width":512,"height":512,"caption":"Gossip and VIP News"},"image":{"@id":"https:\/\/www.gossip.it\/#\/schema\/logo\/image\/"},"sameAs":["https:\/\/www.facebook.com\/GossipIT","https:\/\/x.com\/gossinews_it","https:\/\/instagram.com\/gossip_it"]},{"@type":"Person","@id":"https:\/\/www.gossip.it\/#\/schema\/person\/488896f75158bff1cc83c6c39d141110","name":"La Redazione","image":{"@type":"ImageObject","inLanguage":"it-IT","@id":"https:\/\/www.gossip.it\/#\/schema\/person\/image\/","url":"https:\/\/secure.gravatar.com\/avatar\/5a5f5c6fa3e6700e4249abdad0263a1e94e927d9e0499b1cb09c1cd29c044d80?s=96&d=mm&r=g","contentUrl":"https:\/\/secure.gravatar.com\/avatar\/5a5f5c6fa3e6700e4249abdad0263a1e94e927d9e0499b1cb09c1cd29c044d80?s=96&d=mm&r=g","caption":"La Redazione"},"sameAs":["https:\/\/www.gossip.it"]}]}},"amp_enabled":true,"_links":{"self":[{"href":"https:\/\/www.gossip.it\/api\/wp\/v2\/posts\/19332","targetHints":{"allow":["GET"]}}],"collection":[{"href":"https:\/\/www.gossip.it\/api\/wp\/v2\/posts"}],"about":[{"href":"https:\/\/www.gossip.it\/api\/wp\/v2\/types\/post"}],"author":[{"embeddable":true,"href":"https:\/\/www.gossip.it\/api\/wp\/v2\/users\/1"}],"replies":[{"embeddable":true,"href":"https:\/\/www.gossip.it\/api\/wp\/v2\/comments?post=19332"}],"version-history":[{"count":0,"href":"https:\/\/www.gossip.it\/api\/wp\/v2\/posts\/19332\/revisions"}],"wp:featuredmedia":[{"embeddable":true,"href":"https:\/\/www.gossip.it\/api\/wp\/v2\/media\/75381"}],"wp:attachment":[{"href":"https:\/\/www.gossip.it\/api\/wp\/v2\/media?parent=19332"}],"wp:term":[{"taxonomy":"category","embeddable":true,"href":"https:\/\/www.gossip.it\/api\/wp\/v2\/categories?post=19332"},{"taxonomy":"post_tag","embeddable":true,"href":"https:\/\/www.gossip.it\/api\/wp\/v2\/tags?post=19332"},{"taxonomy":"vip","embeddable":true,"href":"https:\/\/www.gossip.it\/api\/wp\/v2\/vip?post=19332"}],"curies":[{"name":"wp","href":"https:\/\/api.w.org\/{rel}","templated":true}]}}