{"id":193422,"date":"2025-05-16T11:52:55","date_gmt":"2025-05-16T09:52:55","guid":{"rendered":"https:\/\/www.gossip.it\/?p=193422"},"modified":"2025-05-16T14:59:54","modified_gmt":"2025-05-16T12:59:54","slug":"iago-garcia-amanda-lecciso-conferma-storia","status":"publish","type":"post","link":"https:\/\/www.gossip.it\/news\/iago-garcia-amanda-lecciso-conferma-storia\/","title":{"rendered":"''A chi \u00e8 che non piace Iago Garcia?'': Amanda Lecciso conferma la storia con l'ex coinquilino del GF anche dalla Balivo"},"content":{"rendered":"\n<ul class=\"wp-block-list\">\n<li>La 36enne, sorella delle gemelle 52enni Loredana e Raffaella, lo confessa a <em>La Volta Buona<\/em><\/li>\n\n\n\n<li>Ora l\u2019attore 45enne \u00e8 tornato in Spagna, ma i due si frequentano con assiduit\u00e0<\/li>\n<\/ul>\n\n\n\n<p><a href=\"http:\/\/www.gossip.it\/vip\/amanda-lecciso\">Amanda Lecciso<\/a>, sorella delle gemelle <a href=\"http:\/\/www.gossip.it\/vip\/loredana-lecciso\">Loredana<\/a> e Raffaella, 52 anni, a <em>La Volta Buona<\/em> si racconta e parla anche dell\u2019uomo che le fa battere il cuore. A <a href=\"http:\/\/www.gossip.it\/vip\/caterina-balivo\">Caterina Balivo<\/a> <strong>conferma la storia con l\u2019ex inquilino del <em>GF<\/em><\/strong>, conosciuto proprio nella Casa. <em>\u201c<strong>A chi non piace <a href=\"http:\/\/www.gossip.it\/vip\/iago-garcia\">Iago Garcia<\/a>?<\/strong>\u201d<\/em>, sottolinea.<\/p>\n\n\n\n<figure class=\"wp-block-image size-large\"><img decoding=\"async\" width=\"1024\" height=\"571\" src=\"https:\/\/www.gossip.it\/wp-content\/uploads\/2025\/05\/lecciso_1-1024x571.jpg\" alt=\"\" class=\"wp-image-193426\" srcset=\"https:\/\/www.gossip.it\/wp-content\/uploads\/2025\/05\/lecciso_1-1024x571.jpg 1024w, https:\/\/www.gossip.it\/wp-content\/uploads\/2025\/05\/lecciso_1-300x167.jpg 300w, https:\/\/www.gossip.it\/wp-content\/uploads\/2025\/05\/lecciso_1-768x428.jpg 768w, https:\/\/www.gossip.it\/wp-content\/uploads\/2025\/05\/lecciso_1-750x418.jpg 750w, https:\/\/www.gossip.it\/wp-content\/uploads\/2025\/05\/lecciso_1.jpg 1134w\" sizes=\"(max-width: 1024px) 100vw, 1024px\" \/><figcaption class=\"wp-element-caption\"><em>''A chi \u00e8 che non piace Iago Garcia?''<\/em>: Amanda Lecciso conferma la storia con l'ex coinquilino del GF anche dalla Balivo<\/figcaption><\/figure>\n\n\n\n<p>Madre di due figli (dall\u2019avvocato\u00a0Antonio Greco\u00a0ha avuto Giorgio, che oggi a 16 anni; dal legame produttore\u00a0Ivo Micioni<strong>,<\/strong>\u00a0\u00e8 nato Gaetano, 10 anni), la salentina, quando la conduttrice le domanda dell\u2019attore spagnolo 45enne, che recentemente \u00e8 stato in Puglia da lei, imbarazzata ammette: <em>\u201c<strong>Tra noi \u00e8 nata una bella amicizia in un contesto insolito, ci stiamo conoscendo, vedremo<\/strong>...\u201d<\/em>.<\/p>\n\n\n\n<p>Caterina li paragona a <a href=\"http:\/\/www.gossip.it\/vip\/cecilia-rodriguez\">Cecilia Rodriguez<\/a> e <a href=\"http:\/\/www.gossip.it\/vip\/ignazio-moser\">Ignazio Moser<\/a>, che al reality si sono innamorati. <em>\u201cStai andando troppo avanti\u201d<\/em>, le sottolinea Amanda. E aggiunge: <em>\u201cStai andando avanti, avanti, avanti. <strong>Ora \u00e8 'scappato' in Spagna, per\u00f2, se n'\u00e8 andato. Vuoi fare un appello per farlo tornare?<\/strong>\u201d.<\/em><\/p>\n\n\n\n<figure class=\"wp-block-image size-large\"><img decoding=\"async\" width=\"1024\" height=\"574\" src=\"https:\/\/www.gossip.it\/wp-content\/uploads\/2025\/05\/lecciso_2-1024x574.jpg\" alt=\"\" class=\"wp-image-193427\" srcset=\"https:\/\/www.gossip.it\/wp-content\/uploads\/2025\/05\/lecciso_2-1024x574.jpg 1024w, https:\/\/www.gossip.it\/wp-content\/uploads\/2025\/05\/lecciso_2-300x168.jpg 300w, https:\/\/www.gossip.it\/wp-content\/uploads\/2025\/05\/lecciso_2-768x431.jpg 768w, https:\/\/www.gossip.it\/wp-content\/uploads\/2025\/05\/lecciso_2-750x421.jpg 750w, https:\/\/www.gossip.it\/wp-content\/uploads\/2025\/05\/lecciso_2-730x410.jpg 730w, https:\/\/www.gossip.it\/wp-content\/uploads\/2025\/05\/lecciso_2.jpg 1134w\" sizes=\"(max-width: 1024px) 100vw, 1024px\" \/><figcaption class=\"wp-element-caption\">La 36enne, sorella delle gemelle 52enni Loredana e Raffaella, lo confessa a <em>La Volta Buona<\/em><\/figcaption><\/figure>\n\n\n\n<p>La Balivo le domanda se Iago le piaccia sul serio:<em> \u201c<strong>A chi \u00e8 che non piace Iago?<\/strong> E\u2019 una bella persona, al di l\u00e0 dell'estetica quello che mi ha colpito sono state altre cose, chi lo conosce sa bene il carattere che ha\"<\/em>. La presentatrice quindi conclude: <em>\"Torner\u00e0 in Italia e torner\u00e0 speriamo da te, se lo vuoi\u201d.<\/em><\/p>\n","protected":false},"excerpt":{"rendered":"<p>La 36enne, sorella delle gemelle 52enni Loredana e...<\/p>\n","protected":false},"author":24,"featured_media":193428,"comment_status":"open","ping_status":"closed","sticky":false,"template":"","format":"standard","meta":{"footnotes":""},"categories":[54],"tags":[79646,63490,2106,2793,19682,82379,71680,79647,3123,2097],"vip":[79648,83074],"class_list":["post-193422","post","type-post","status-publish","format-standard","has-post-thumbnail","hentry","category-news","tag-amandalecciso","tag-caterinabalivo","tag-gf","tag-gossip","tag-grandefratello","tag-iagogarcia","tag-lavoltabuona","tag-loredanaleccisosorella","tag-rai1","tag-tv","vip-amanda-lecciso","vip-iago-garcia"],"yoast_head":"<title>&#039;&#039;A chi \u00e8 che non piace Iago Garcia?&#039;&#039;: Amanda Lecciso conferma la storia con l&#039;ex coinquilino del GF anche dalla Balivo - Gossip.it | News sul Gossip e VIP<\/title>\n<meta name=\"description\" content=\"&#039;&#039;A chi \u00e8 che non piace Iago Garcia&#039;&#039;: Amanda Lecciso conferma la storia con l&#039;ex coinquilino del GF anche dalla Balivo\" \/>\n<meta name=\"robots\" content=\"index, follow, max-snippet:-1, max-image-preview:large, max-video-preview:-1\" \/>\n<link rel=\"canonical\" href=\"https:\/\/www.gossip.it\/news\/iago-garcia-amanda-lecciso-conferma-storia\/\" \/>\n<meta property=\"og:locale\" content=\"it_IT\" \/>\n<meta property=\"og:type\" content=\"article\" \/>\n<meta property=\"og:title\" content=\"&#039;&#039;A chi \u00e8 che non piace Iago Garcia?&#039;&#039;: Amanda Lecciso conferma la storia con l&#039;ex coinquilino del GF anche dalla Balivo - Gossip.it | News sul Gossip e VIP\" \/>\n<meta property=\"og:description\" content=\"&#039;&#039;A chi \u00e8 che non piace Iago Garcia&#039;&#039;: Amanda Lecciso conferma la storia con l&#039;ex coinquilino del GF anche dalla Balivo\" \/>\n<meta property=\"og:url\" content=\"https:\/\/www.gossip.it\/news\/iago-garcia-amanda-lecciso-conferma-storia\/\" \/>\n<meta property=\"og:site_name\" content=\"Gossip.it | News sul Gossip e VIP\" \/>\n<meta property=\"article:publisher\" content=\"https:\/\/www.facebook.com\/GossipIT\" \/>\n<meta property=\"article:published_time\" content=\"2025-05-16T09:52:55+00:00\" \/>\n<meta property=\"article:modified_time\" content=\"2025-05-16T12:59:54+00:00\" \/>\n<meta property=\"og:image\" content=\"https:\/\/www.gossip.it\/wp-content\/uploads\/2025\/05\/lancio-LECCISO-FB.jpg\" \/>\n\t<meta property=\"og:image:width\" content=\"1134\" \/>\n\t<meta property=\"og:image:height\" content=\"663\" \/>\n\t<meta property=\"og:image:type\" content=\"image\/jpeg\" \/>\n<meta name=\"author\" content=\"Carla Giuni\" \/>\n<meta name=\"twitter:card\" content=\"summary_large_image\" \/>\n<meta name=\"twitter:creator\" content=\"@gossinews_it\" \/>\n<meta name=\"twitter:site\" content=\"@gossinews_it\" \/>\n<meta name=\"twitter:label1\" content=\"Scritto da\" \/>\n\t<meta name=\"twitter:data1\" content=\"Carla Giuni\" \/>\n\t<meta name=\"twitter:label2\" content=\"Tempo di lettura stimato\" \/>\n\t<meta name=\"twitter:data2\" content=\"3 minuti\" \/>","yoast_head_json":{"title":"''A chi \u00e8 che non piace Iago Garcia?'': Amanda Lecciso conferma la storia con l'ex coinquilino del GF anche dalla Balivo - Gossip.it | News sul Gossip e VIP","description":"''A chi \u00e8 che non piace Iago Garcia'': Amanda Lecciso conferma la storia con l'ex coinquilino del GF anche dalla Balivo","robots":{"index":"index","follow":"follow","max-snippet":"max-snippet:-1","max-image-preview":"max-image-preview:large","max-video-preview":"max-video-preview:-1"},"canonical":"https:\/\/www.gossip.it\/news\/iago-garcia-amanda-lecciso-conferma-storia\/","og_locale":"it_IT","og_type":"article","og_title":"''A chi \u00e8 che non piace Iago Garcia?'': Amanda Lecciso conferma la storia con l'ex coinquilino del GF anche dalla Balivo - Gossip.it | News sul Gossip e VIP","og_description":"''A chi \u00e8 che non piace Iago Garcia'': Amanda Lecciso conferma la storia con l'ex coinquilino del GF anche dalla Balivo","og_url":"https:\/\/www.gossip.it\/news\/iago-garcia-amanda-lecciso-conferma-storia\/","og_site_name":"Gossip.it | News sul Gossip e VIP","article_publisher":"https:\/\/www.facebook.com\/GossipIT","article_published_time":"2025-05-16T09:52:55+00:00","article_modified_time":"2025-05-16T12:59:54+00:00","og_image":[{"width":1134,"height":663,"url":"https:\/\/www.gossip.it\/wp-content\/uploads\/2025\/05\/lancio-LECCISO-FB.jpg","type":"image\/jpeg"}],"author":"Carla Giuni","twitter_card":"summary_large_image","twitter_creator":"@gossinews_it","twitter_site":"@gossinews_it","twitter_misc":{"Scritto da":"Carla Giuni","Tempo di lettura stimato":"3 minuti"},"schema":{"@context":"https:\/\/schema.org","@graph":[{"@type":"Article","@id":"https:\/\/www.gossip.it\/news\/iago-garcia-amanda-lecciso-conferma-storia\/#article","isPartOf":{"@id":"https:\/\/www.gossip.it\/news\/iago-garcia-amanda-lecciso-conferma-storia\/"},"author":{"name":"Carla Giuni","@id":"https:\/\/www.gossip.it\/#\/schema\/person\/df4a88c190f338e21427b6f342595faa"},"headline":"''A chi \u00e8 che non piace Iago Garcia?'': Amanda Lecciso conferma la storia con l'ex coinquilino del GF anche dalla Balivo","datePublished":"2025-05-16T09:52:55+00:00","dateModified":"2025-05-16T12:59:54+00:00","mainEntityOfPage":{"@id":"https:\/\/www.gossip.it\/news\/iago-garcia-amanda-lecciso-conferma-storia\/"},"wordCount":294,"commentCount":0,"publisher":{"@id":"https:\/\/www.gossip.it\/#organization"},"image":{"@id":"https:\/\/www.gossip.it\/news\/iago-garcia-amanda-lecciso-conferma-storia\/#primaryimage"},"thumbnailUrl":"https:\/\/www.gossip.it\/wp-content\/uploads\/2025\/05\/lancio-LECCISO.jpg","keywords":["amandalecciso","caterinabalivo","gf","gossip","grandefratello","iagogarcia","lavoltabuona","loredanaleccisosorella","rai1","tv"],"articleSection":["News"],"inLanguage":"it-IT","potentialAction":[{"@type":"CommentAction","name":"Comment","target":["https:\/\/www.gossip.it\/news\/iago-garcia-amanda-lecciso-conferma-storia\/#respond"]}]},{"@type":"WebPage","@id":"https:\/\/www.gossip.it\/news\/iago-garcia-amanda-lecciso-conferma-storia\/","url":"https:\/\/www.gossip.it\/news\/iago-garcia-amanda-lecciso-conferma-storia\/","name":"''A chi \u00e8 che non piace Iago Garcia?'': Amanda Lecciso conferma la storia con l'ex coinquilino del GF anche dalla Balivo - Gossip.it | News sul Gossip e VIP","isPartOf":{"@id":"https:\/\/www.gossip.it\/#website"},"primaryImageOfPage":{"@id":"https:\/\/www.gossip.it\/news\/iago-garcia-amanda-lecciso-conferma-storia\/#primaryimage"},"image":{"@id":"https:\/\/www.gossip.it\/news\/iago-garcia-amanda-lecciso-conferma-storia\/#primaryimage"},"thumbnailUrl":"https:\/\/www.gossip.it\/wp-content\/uploads\/2025\/05\/lancio-LECCISO.jpg","datePublished":"2025-05-16T09:52:55+00:00","dateModified":"2025-05-16T12:59:54+00:00","description":"''A chi \u00e8 che non piace Iago Garcia'': Amanda Lecciso conferma la storia con l'ex coinquilino del GF anche dalla Balivo","breadcrumb":{"@id":"https:\/\/www.gossip.it\/news\/iago-garcia-amanda-lecciso-conferma-storia\/#breadcrumb"},"inLanguage":"it-IT","potentialAction":[{"@type":"ReadAction","target":["https:\/\/www.gossip.it\/news\/iago-garcia-amanda-lecciso-conferma-storia\/"]}]},{"@type":"ImageObject","inLanguage":"it-IT","@id":"https:\/\/www.gossip.it\/news\/iago-garcia-amanda-lecciso-conferma-storia\/#primaryimage","url":"https:\/\/www.gossip.it\/wp-content\/uploads\/2025\/05\/lancio-LECCISO.jpg","contentUrl":"https:\/\/www.gossip.it\/wp-content\/uploads\/2025\/05\/lancio-LECCISO.jpg","width":1134,"height":810},{"@type":"BreadcrumbList","@id":"https:\/\/www.gossip.it\/news\/iago-garcia-amanda-lecciso-conferma-storia\/#breadcrumb","itemListElement":[{"@type":"ListItem","position":1,"name":"Home","item":"https:\/\/www.gossip.it\/"},{"@type":"ListItem","position":2,"name":"''A chi \u00e8 che non piace Iago Garcia?'': Amanda Lecciso conferma la storia con l'ex coinquilino del GF anche dalla Balivo"}]},{"@type":"WebSite","@id":"https:\/\/www.gossip.it\/#website","url":"https:\/\/www.gossip.it\/","name":"Gossip and VIP News","description":"Quotidiano di cronaca rosa, costume e societ\u00e0","publisher":{"@id":"https:\/\/www.gossip.it\/#organization"},"alternateName":"Gossip and VIP News","potentialAction":[{"@type":"SearchAction","target":{"@type":"EntryPoint","urlTemplate":"https:\/\/www.gossip.it\/?s={search_term_string}"},"query-input":{"@type":"PropertyValueSpecification","valueRequired":true,"valueName":"search_term_string"}}],"inLanguage":"it-IT"},{"@type":"Organization","@id":"https:\/\/www.gossip.it\/#organization","name":"Gossip and VIP News","alternateName":"Gossip News","url":"https:\/\/www.gossip.it\/","logo":{"@type":"ImageObject","inLanguage":"it-IT","@id":"https:\/\/www.gossip.it\/#\/schema\/logo\/image\/","url":"https:\/\/www.gossip.it\/wp-content\/uploads\/2022\/04\/cropped-corna-alta-tiny.png","contentUrl":"https:\/\/www.gossip.it\/wp-content\/uploads\/2022\/04\/cropped-corna-alta-tiny.png","width":512,"height":512,"caption":"Gossip and VIP News"},"image":{"@id":"https:\/\/www.gossip.it\/#\/schema\/logo\/image\/"},"sameAs":["https:\/\/www.facebook.com\/GossipIT","https:\/\/x.com\/gossinews_it","https:\/\/instagram.com\/gossip_it"]},{"@type":"Person","@id":"https:\/\/www.gossip.it\/#\/schema\/person\/df4a88c190f338e21427b6f342595faa","name":"Carla Giuni","image":{"@type":"ImageObject","inLanguage":"it-IT","@id":"https:\/\/www.gossip.it\/#\/schema\/person\/image\/","url":"https:\/\/secure.gravatar.com\/avatar\/9caf92f895c8e9a7cca263cd6e3860da8edad54c0a92046a7e363cbd3fa35c36?s=96&d=mm&r=g","contentUrl":"https:\/\/secure.gravatar.com\/avatar\/9caf92f895c8e9a7cca263cd6e3860da8edad54c0a92046a7e363cbd3fa35c36?s=96&d=mm&r=g","caption":"Carla Giuni"}}]}},"amp_enabled":true,"_links":{"self":[{"href":"https:\/\/www.gossip.it\/api\/wp\/v2\/posts\/193422","targetHints":{"allow":["GET"]}}],"collection":[{"href":"https:\/\/www.gossip.it\/api\/wp\/v2\/posts"}],"about":[{"href":"https:\/\/www.gossip.it\/api\/wp\/v2\/types\/post"}],"author":[{"embeddable":true,"href":"https:\/\/www.gossip.it\/api\/wp\/v2\/users\/24"}],"replies":[{"embeddable":true,"href":"https:\/\/www.gossip.it\/api\/wp\/v2\/comments?post=193422"}],"version-history":[{"count":1,"href":"https:\/\/www.gossip.it\/api\/wp\/v2\/posts\/193422\/revisions"}],"predecessor-version":[{"id":193430,"href":"https:\/\/www.gossip.it\/api\/wp\/v2\/posts\/193422\/revisions\/193430"}],"wp:featuredmedia":[{"embeddable":true,"href":"https:\/\/www.gossip.it\/api\/wp\/v2\/media\/193428"}],"wp:attachment":[{"href":"https:\/\/www.gossip.it\/api\/wp\/v2\/media?parent=193422"}],"wp:term":[{"taxonomy":"category","embeddable":true,"href":"https:\/\/www.gossip.it\/api\/wp\/v2\/categories?post=193422"},{"taxonomy":"post_tag","embeddable":true,"href":"https:\/\/www.gossip.it\/api\/wp\/v2\/tags?post=193422"},{"taxonomy":"vip","embeddable":true,"href":"https:\/\/www.gossip.it\/api\/wp\/v2\/vip?post=193422"}],"curies":[{"name":"wp","href":"https:\/\/api.w.org\/{rel}","templated":true}]}}