{"id":193711,"date":"2025-05-21T13:10:25","date_gmt":"2025-05-21T11:10:25","guid":{"rendered":"https:\/\/www.gossip.it\/?p=193711"},"modified":"2025-05-22T11:21:42","modified_gmt":"2025-05-22T09:21:42","slug":"andreas-muller-nozze-veronica-peparini","status":"publish","type":"post","link":"https:\/\/www.gossip.it\/news\/andreas-muller-nozze-veronica-peparini\/","title":{"rendered":"''Non ci sposeremo in chiesa'': Andreas Muller parla delle nozze con Veronica Peparini, dall'invito alla De Filippi ai calcoli sulle fedi e le loro gemelle"},"content":{"rendered":"\n<ul class=\"wp-block-list\">\n<li>Maria sar\u00e0 la prima a ricevere la partecipazione: lui sogna di riprendersi <em>Amici<\/em><\/li>\n\n\n\n<li>Il 28enne desidererebbe tornare da professore nel talent show che ha vinto nel 2017<\/li>\n<\/ul>\n\n\n\n<p><a href=\"http:\/\/www.gossip.it\/vip\/andreas-muller\">Andreas Muller<\/a> \u00e8 impaziente di sposare la compagna <a href=\"http:\/\/www.gossip.it\/vip\/veronica-peparini\">Veronica Peparini<\/a>, da cui ha avuto Penelope e Ginevra, un anno. A <em>Nuovo Tv<\/em> <strong>parla delle nozze con la coreografa 54enne<\/strong>: svela quasi tutto,\u00a0 dall'invito alla <a href=\"http:\/\/www.gossip.it\/vip\/maria-de-filippi\">De Filippi<\/a> ai calcoli sulle fedi e le loro gemelle. <em>\u201c<strong>Non ci sposeremo in chiesa<\/strong>\u201d<\/em>, confida.<\/p>\n\n\n\n<figure class=\"wp-block-image size-large\"><img decoding=\"async\" width=\"968\" height=\"1024\" src=\"https:\/\/www.gossip.it\/wp-content\/uploads\/2025\/05\/muller_peparini_matrimonio-968x1024.jpg\" alt=\"\" class=\"wp-image-193712\" srcset=\"https:\/\/www.gossip.it\/wp-content\/uploads\/2025\/05\/muller_peparini_matrimonio-968x1024.jpg 968w, https:\/\/www.gossip.it\/wp-content\/uploads\/2025\/05\/muller_peparini_matrimonio-284x300.jpg 284w, https:\/\/www.gossip.it\/wp-content\/uploads\/2025\/05\/muller_peparini_matrimonio-768x812.jpg 768w, https:\/\/www.gossip.it\/wp-content\/uploads\/2025\/05\/muller_peparini_matrimonio-750x793.jpg 750w, https:\/\/www.gossip.it\/wp-content\/uploads\/2025\/05\/muller_peparini_matrimonio.jpg 1134w\" sizes=\"(max-width: 968px) 100vw, 968px\" \/><figcaption class=\"wp-element-caption\">''Non ci sposeremo in chiesa'': Andreas Muller parla delle nozze con Veronica Peparini, dall'invito alla De Filippi ai calcoli sulle fedi e le loro gemelle<\/figcaption><\/figure>\n\n\n\n<p>Le bambine hanno reso la vita con la donna che ama, anche madre di due figli avuti da Fabrizio Prolli (Olivia 13 anni compiuti il 29 marzo, Daniele, 17 lo scorso 11 dicembre), pi\u00f9 speciale: <em>\u201cE\u2019\u00a0cambiata in meglio. E\u2019 naturale che bisogna organizzarsi meglio: <strong>abbiamo due bambine e ci rendiamo conto che ora abbiamo priorit\u00e0 e responsabilit\u00e0 diverse<\/strong>. Comunque quando capita di non riuscire a fare tutto ci\u00f2 che vorrei a livello lavorativo, penso che sia per una splendida causa\u201d.\u00a0<\/em><\/p>\n\n\n\n<p>I fiori d\u2019arancio saranno celebrati a <strong>settembre<\/strong> prossimo. <em>\u201c<strong>Abbiamo deciso di non sposarci in chiesa, ma di fare la cerimonia nella location della festa<\/strong>. Posso anticipare che ci sar\u00e0 una vista mozzafiato su Roma\u201d<\/em>, rivela Andreas. Maria De Filippi sar\u00e0 nella lista degli invitati: <em>\u201cCerto, <strong>sar\u00e0 la prima che inviteremo!<\/strong> Per noi \u00e8 una persona importante, siamo stati fortunati a conoscerla e a lavorare con lei\u201d<\/em>. Lui e la Peparini desiderano siano le bimbe a portare le fedi: <em>\u201cAssolutamente s\u00ec! Ci piacerebbe talmente tanto che abbiamo deciso questa data proprio per questo motivo. <strong>In base ai nostri\u00a0conti per settembre le bimbe dovrebbero camminare<\/strong>\u201d.<\/em>\u00a0<\/p>\n\n\n\n<p>Muller parla pure di <em>Amici<\/em>, vinto nel 2017, dove ha danzato tra i professionisti e desidererebbe tornare: <em>\u201c<strong>Oggi tornerei a lavorare ad Amici<\/strong>. E\u2019 il programma che nel nostro Paese, a livello di danza, offre pi\u00f9 di qualsiasi altro format. Poi \u00e8 un contesto che conosco gi\u00e0 e sicuramente un giorno mi piacerebbe tornare\u00a0l\u00ec\"<\/em>. Vorrebbe per\u00f2 essere uno dei professori: <em>\u201c<strong>Mi piacerebbe molto<\/strong>. Ad Amici mi sono nutrito di danza, dopo mi sono dedicato agli spettacoli dal vivo, al teatro e ai concerti, per cui penso che oggi avrei le conoscenze e le competenze giuste per rivestire quel ruolo. Insomma, tornare ad Amici significherebbe chiudere un cerchio nel programma pi\u00f9 importante della televisione italiana\".<\/em><\/p>\n","protected":false},"excerpt":{"rendered":"<p>Maria sar\u00e0 la prima a ricevere la partecipazione...<\/p>\n","protected":false},"author":24,"featured_media":193713,"comment_status":"open","ping_status":"closed","sticky":false,"template":"","format":"standard","meta":{"footnotes":""},"categories":[54],"tags":[1909,64659,70610,83325,83326,2793,63949,40375,57117,63953],"vip":[64253,63955],"class_list":["post-193711","post","type-post","status-publish","format-standard","has-post-thumbnail","hentry","category-news","tag-amici","tag-andreasmuller","tag-andreasmullercompagna","tag-andreasmullermatrimonio","tag-andreasmullernozze","tag-gossip","tag-mariadefilippi","tag-muller","tag-nuovotv","tag-veronicapeparini","vip-andreas-muller","vip-veronica-peparini"],"yoast_head":"<title>&#039;&#039;Non ci sposeremo in chiesa&#039;&#039;: Andreas Muller parla delle nozze con Veronica Peparini, dall&#039;invito alla De Filippi ai calcoli sulle fedi e le loro gemelle - Gossip.it | News sul Gossip e VIP<\/title>\n<meta name=\"description\" content=\"&#039;&#039;Non ci sposeremo in chiesa&#039;&#039;: Andreas Muller parla delle nozze con Veronica Peparini, dall&#039;invito alla De Filippi a...\" \/>\n<meta name=\"robots\" content=\"index, follow, max-snippet:-1, max-image-preview:large, max-video-preview:-1\" \/>\n<link rel=\"canonical\" href=\"https:\/\/www.gossip.it\/news\/andreas-muller-nozze-veronica-peparini\/\" \/>\n<meta property=\"og:locale\" content=\"it_IT\" \/>\n<meta property=\"og:type\" content=\"article\" \/>\n<meta property=\"og:title\" content=\"&#039;&#039;Non ci sposeremo in chiesa&#039;&#039;: Andreas Muller parla delle nozze con Veronica Peparini, dall&#039;invito alla De Filippi ai calcoli sulle fedi e le loro gemelle - Gossip.it | News sul Gossip e VIP\" \/>\n<meta property=\"og:description\" content=\"&#039;&#039;Non ci sposeremo in chiesa&#039;&#039;: Andreas Muller parla delle nozze con Veronica Peparini, dall&#039;invito alla De Filippi a...\" \/>\n<meta property=\"og:url\" content=\"https:\/\/www.gossip.it\/news\/andreas-muller-nozze-veronica-peparini\/\" \/>\n<meta property=\"og:site_name\" content=\"Gossip.it | News sul Gossip e VIP\" \/>\n<meta property=\"article:publisher\" content=\"https:\/\/www.facebook.com\/GossipIT\" \/>\n<meta property=\"article:published_time\" content=\"2025-05-21T11:10:25+00:00\" \/>\n<meta property=\"article:modified_time\" content=\"2025-05-22T09:21:42+00:00\" \/>\n<meta property=\"og:image\" content=\"https:\/\/www.gossip.it\/wp-content\/uploads\/2025\/05\/lancio-MULLER-FB-1.jpg\" \/>\n\t<meta property=\"og:image:width\" content=\"1134\" \/>\n\t<meta property=\"og:image:height\" content=\"658\" \/>\n\t<meta property=\"og:image:type\" content=\"image\/jpeg\" \/>\n<meta name=\"author\" content=\"Carla Giuni\" \/>\n<meta name=\"twitter:card\" content=\"summary_large_image\" \/>\n<meta name=\"twitter:creator\" content=\"@gossinews_it\" \/>\n<meta name=\"twitter:site\" content=\"@gossinews_it\" \/>\n<meta name=\"twitter:label1\" content=\"Scritto da\" \/>\n\t<meta name=\"twitter:data1\" content=\"Carla Giuni\" \/>\n\t<meta name=\"twitter:label2\" content=\"Tempo di lettura stimato\" \/>\n\t<meta name=\"twitter:data2\" content=\"3 minuti\" \/>","yoast_head_json":{"title":"''Non ci sposeremo in chiesa'': Andreas Muller parla delle nozze con Veronica Peparini, dall'invito alla De Filippi ai calcoli sulle fedi e le loro gemelle - Gossip.it | News sul Gossip e VIP","description":"''Non ci sposeremo in chiesa'': Andreas Muller parla delle nozze con Veronica Peparini, dall'invito alla De Filippi a...","robots":{"index":"index","follow":"follow","max-snippet":"max-snippet:-1","max-image-preview":"max-image-preview:large","max-video-preview":"max-video-preview:-1"},"canonical":"https:\/\/www.gossip.it\/news\/andreas-muller-nozze-veronica-peparini\/","og_locale":"it_IT","og_type":"article","og_title":"''Non ci sposeremo in chiesa'': Andreas Muller parla delle nozze con Veronica Peparini, dall'invito alla De Filippi ai calcoli sulle fedi e le loro gemelle - Gossip.it | News sul Gossip e VIP","og_description":"''Non ci sposeremo in chiesa'': Andreas Muller parla delle nozze con Veronica Peparini, dall'invito alla De Filippi a...","og_url":"https:\/\/www.gossip.it\/news\/andreas-muller-nozze-veronica-peparini\/","og_site_name":"Gossip.it | News sul Gossip e VIP","article_publisher":"https:\/\/www.facebook.com\/GossipIT","article_published_time":"2025-05-21T11:10:25+00:00","article_modified_time":"2025-05-22T09:21:42+00:00","og_image":[{"width":1134,"height":658,"url":"https:\/\/www.gossip.it\/wp-content\/uploads\/2025\/05\/lancio-MULLER-FB-1.jpg","type":"image\/jpeg"}],"author":"Carla Giuni","twitter_card":"summary_large_image","twitter_creator":"@gossinews_it","twitter_site":"@gossinews_it","twitter_misc":{"Scritto da":"Carla Giuni","Tempo di lettura stimato":"3 minuti"},"schema":{"@context":"https:\/\/schema.org","@graph":[{"@type":"Article","@id":"https:\/\/www.gossip.it\/news\/andreas-muller-nozze-veronica-peparini\/#article","isPartOf":{"@id":"https:\/\/www.gossip.it\/news\/andreas-muller-nozze-veronica-peparini\/"},"author":{"name":"Carla Giuni","@id":"https:\/\/www.gossip.it\/#\/schema\/person\/df4a88c190f338e21427b6f342595faa"},"headline":"''Non ci sposeremo in chiesa'': Andreas Muller parla delle nozze con Veronica Peparini, dall'invito alla De Filippi ai calcoli sulle fedi e le loro gemelle","datePublished":"2025-05-21T11:10:25+00:00","dateModified":"2025-05-22T09:21:42+00:00","mainEntityOfPage":{"@id":"https:\/\/www.gossip.it\/news\/andreas-muller-nozze-veronica-peparini\/"},"wordCount":422,"commentCount":0,"publisher":{"@id":"https:\/\/www.gossip.it\/#organization"},"image":{"@id":"https:\/\/www.gossip.it\/news\/andreas-muller-nozze-veronica-peparini\/#primaryimage"},"thumbnailUrl":"https:\/\/www.gossip.it\/wp-content\/uploads\/2025\/05\/lancio-MULLER.jpg","keywords":["amici","andreasmuller","andreasmullercompagna","andreasmullermatrimonio","andreasmullernozze","gossip","mariadefilippi","muller","nuovotv","veronicapeparini"],"articleSection":["News"],"inLanguage":"it-IT","potentialAction":[{"@type":"CommentAction","name":"Comment","target":["https:\/\/www.gossip.it\/news\/andreas-muller-nozze-veronica-peparini\/#respond"]}]},{"@type":"WebPage","@id":"https:\/\/www.gossip.it\/news\/andreas-muller-nozze-veronica-peparini\/","url":"https:\/\/www.gossip.it\/news\/andreas-muller-nozze-veronica-peparini\/","name":"''Non ci sposeremo in chiesa'': Andreas Muller parla delle nozze con Veronica Peparini, dall'invito alla De Filippi ai calcoli sulle fedi e le loro gemelle - Gossip.it | News sul Gossip e VIP","isPartOf":{"@id":"https:\/\/www.gossip.it\/#website"},"primaryImageOfPage":{"@id":"https:\/\/www.gossip.it\/news\/andreas-muller-nozze-veronica-peparini\/#primaryimage"},"image":{"@id":"https:\/\/www.gossip.it\/news\/andreas-muller-nozze-veronica-peparini\/#primaryimage"},"thumbnailUrl":"https:\/\/www.gossip.it\/wp-content\/uploads\/2025\/05\/lancio-MULLER.jpg","datePublished":"2025-05-21T11:10:25+00:00","dateModified":"2025-05-22T09:21:42+00:00","description":"''Non ci sposeremo in chiesa'': Andreas Muller parla delle nozze con Veronica Peparini, dall'invito alla De Filippi a...","breadcrumb":{"@id":"https:\/\/www.gossip.it\/news\/andreas-muller-nozze-veronica-peparini\/#breadcrumb"},"inLanguage":"it-IT","potentialAction":[{"@type":"ReadAction","target":["https:\/\/www.gossip.it\/news\/andreas-muller-nozze-veronica-peparini\/"]}]},{"@type":"ImageObject","inLanguage":"it-IT","@id":"https:\/\/www.gossip.it\/news\/andreas-muller-nozze-veronica-peparini\/#primaryimage","url":"https:\/\/www.gossip.it\/wp-content\/uploads\/2025\/05\/lancio-MULLER.jpg","contentUrl":"https:\/\/www.gossip.it\/wp-content\/uploads\/2025\/05\/lancio-MULLER.jpg","width":1134,"height":809},{"@type":"BreadcrumbList","@id":"https:\/\/www.gossip.it\/news\/andreas-muller-nozze-veronica-peparini\/#breadcrumb","itemListElement":[{"@type":"ListItem","position":1,"name":"Home","item":"https:\/\/www.gossip.it\/"},{"@type":"ListItem","position":2,"name":"''Non ci sposeremo in chiesa'': Andreas Muller parla delle nozze con Veronica Peparini, dall'invito alla De Filippi ai calcoli sulle fedi e le loro gemelle"}]},{"@type":"WebSite","@id":"https:\/\/www.gossip.it\/#website","url":"https:\/\/www.gossip.it\/","name":"Gossip and VIP News","description":"Quotidiano di cronaca rosa, costume e societ\u00e0","publisher":{"@id":"https:\/\/www.gossip.it\/#organization"},"alternateName":"Gossip and VIP News","potentialAction":[{"@type":"SearchAction","target":{"@type":"EntryPoint","urlTemplate":"https:\/\/www.gossip.it\/?s={search_term_string}"},"query-input":{"@type":"PropertyValueSpecification","valueRequired":true,"valueName":"search_term_string"}}],"inLanguage":"it-IT"},{"@type":"Organization","@id":"https:\/\/www.gossip.it\/#organization","name":"Gossip and VIP News","alternateName":"Gossip News","url":"https:\/\/www.gossip.it\/","logo":{"@type":"ImageObject","inLanguage":"it-IT","@id":"https:\/\/www.gossip.it\/#\/schema\/logo\/image\/","url":"https:\/\/www.gossip.it\/wp-content\/uploads\/2022\/04\/cropped-corna-alta-tiny.png","contentUrl":"https:\/\/www.gossip.it\/wp-content\/uploads\/2022\/04\/cropped-corna-alta-tiny.png","width":512,"height":512,"caption":"Gossip and VIP News"},"image":{"@id":"https:\/\/www.gossip.it\/#\/schema\/logo\/image\/"},"sameAs":["https:\/\/www.facebook.com\/GossipIT","https:\/\/x.com\/gossinews_it","https:\/\/instagram.com\/gossip_it"]},{"@type":"Person","@id":"https:\/\/www.gossip.it\/#\/schema\/person\/df4a88c190f338e21427b6f342595faa","name":"Carla Giuni","image":{"@type":"ImageObject","inLanguage":"it-IT","@id":"https:\/\/www.gossip.it\/#\/schema\/person\/image\/","url":"https:\/\/secure.gravatar.com\/avatar\/9caf92f895c8e9a7cca263cd6e3860da8edad54c0a92046a7e363cbd3fa35c36?s=96&d=mm&r=g","contentUrl":"https:\/\/secure.gravatar.com\/avatar\/9caf92f895c8e9a7cca263cd6e3860da8edad54c0a92046a7e363cbd3fa35c36?s=96&d=mm&r=g","caption":"Carla Giuni"}}]}},"amp_enabled":true,"_links":{"self":[{"href":"https:\/\/www.gossip.it\/api\/wp\/v2\/posts\/193711","targetHints":{"allow":["GET"]}}],"collection":[{"href":"https:\/\/www.gossip.it\/api\/wp\/v2\/posts"}],"about":[{"href":"https:\/\/www.gossip.it\/api\/wp\/v2\/types\/post"}],"author":[{"embeddable":true,"href":"https:\/\/www.gossip.it\/api\/wp\/v2\/users\/24"}],"replies":[{"embeddable":true,"href":"https:\/\/www.gossip.it\/api\/wp\/v2\/comments?post=193711"}],"version-history":[{"count":1,"href":"https:\/\/www.gossip.it\/api\/wp\/v2\/posts\/193711\/revisions"}],"predecessor-version":[{"id":193715,"href":"https:\/\/www.gossip.it\/api\/wp\/v2\/posts\/193711\/revisions\/193715"}],"wp:featuredmedia":[{"embeddable":true,"href":"https:\/\/www.gossip.it\/api\/wp\/v2\/media\/193713"}],"wp:attachment":[{"href":"https:\/\/www.gossip.it\/api\/wp\/v2\/media?parent=193711"}],"wp:term":[{"taxonomy":"category","embeddable":true,"href":"https:\/\/www.gossip.it\/api\/wp\/v2\/categories?post=193711"},{"taxonomy":"post_tag","embeddable":true,"href":"https:\/\/www.gossip.it\/api\/wp\/v2\/tags?post=193711"},{"taxonomy":"vip","embeddable":true,"href":"https:\/\/www.gossip.it\/api\/wp\/v2\/vip?post=193711"}],"curies":[{"name":"wp","href":"https:\/\/api.w.org\/{rel}","templated":true}]}}