{"id":194785,"date":"2025-06-10T10:55:07","date_gmt":"2025-06-10T08:55:07","guid":{"rendered":"https:\/\/www.gossip.it\/?p=194785"},"modified":"2025-06-11T11:31:10","modified_gmt":"2025-06-11T09:31:10","slug":"ludovica-caramis-mamma-bis-incinta","status":"publish","type":"post","link":"https:\/\/www.gossip.it\/news\/ludovica-caramis-mamma-bis-incinta\/","title":{"rendered":"L'ex Professoressa de 'L'Eredit\u00e0' Ludovica Caramis mamma bis, \u00e8 incinta del marito calciatore Mattia Destro, ex Roma: le foto col pancione"},"content":{"rendered":"\n<ul class=\"wp-block-list\">\n<li>La 33enne a sorpresa condivide gli scatti mentre \u00e8 in vacanza con marito 34enne e primogenito<\/li>\n\n\n\n<li>E\u2019 diventata madre per la prima volta l\u20198 settembre 2020, sei anni dopo le nozze \u00e8 nato Leone<\/li>\n<\/ul>\n\n\n\n<p>Nessuno sapeva, ora l\u2019annuncio \u00e8 ufficiale. <strong>L'ex Professoressa de<em> L'Eredit\u00e0 <\/em><a href=\"http:\/\/www.gossip.it\/vip\/ludovica-caramis\">Ludovica Caramis<\/a> sar\u00e0 mamma bis: \u00e8 incinta del marito calciatore <a href=\"http:\/\/www.gossip.it\/vip\/mattia-destro\">Mattia Destro<\/a><\/strong>, ex Roma, che nell\u2019ultima parte della stagione 2024\/2025 ha giocato in serie B, nella Reggiana. La 33enne pubblica sul suo profilo Instagram le <strong>foto col pancione<\/strong>.<\/p>\n\n\n\n<figure class=\"wp-block-image size-large\"><img decoding=\"async\" width=\"768\" height=\"1024\" src=\"https:\/\/www.gossip.it\/wp-content\/uploads\/2025\/06\/caramis_3-768x1024.jpg\" alt=\"\" class=\"wp-image-194786\" srcset=\"https:\/\/www.gossip.it\/wp-content\/uploads\/2025\/06\/caramis_3-768x1024.jpg 768w, https:\/\/www.gossip.it\/wp-content\/uploads\/2025\/06\/caramis_3-225x300.jpg 225w, https:\/\/www.gossip.it\/wp-content\/uploads\/2025\/06\/caramis_3-750x1000.jpg 750w, https:\/\/www.gossip.it\/wp-content\/uploads\/2025\/06\/caramis_3.jpg 1134w\" sizes=\"(max-width: 768px) 100vw, 768px\" \/><figcaption class=\"wp-element-caption\">L'ex Professoressa de <em>'L'Eredit\u00e0'<\/em> Ludovica Caramis mamma bis, \u00e8 incinta del marito calciatore Mattia Destro, ex Roma: le foto col pancione<\/figcaption><\/figure>\n\n\n\n<p>Si sta godendo una rilassante vacanza. L\u2019ex showgirl si fa vedere dai follower con indosso un costume intero giallo e cappello coordinato in tono. Con lei ci sono l\u2019adorato Mattia, 34 anni, bomber pure ex Roma, che ha sposato l\u20191 settembre 2014, e il loro primogenito,<strong> Leone, venuto al mondo l\u20198 settembre 2020<\/strong>, sei anni dopo le nozze. Il suo ventre gi\u00e0 prominente attira subito l\u2019attenzione. Non svela di quanti mesi \u00e8 e neanche il sesso del beb\u00e8 che arriver\u00e0.<\/p>\n\n\n\n<figure class=\"wp-block-image size-large\"><img decoding=\"async\" width=\"788\" height=\"1024\" src=\"https:\/\/www.gossip.it\/wp-content\/uploads\/2025\/06\/caramis_2-788x1024.jpg\" alt=\"\" class=\"wp-image-194787\" srcset=\"https:\/\/www.gossip.it\/wp-content\/uploads\/2025\/06\/caramis_2-788x1024.jpg 788w, https:\/\/www.gossip.it\/wp-content\/uploads\/2025\/06\/caramis_2-231x300.jpg 231w, https:\/\/www.gossip.it\/wp-content\/uploads\/2025\/06\/caramis_2-768x998.jpg 768w, https:\/\/www.gossip.it\/wp-content\/uploads\/2025\/06\/caramis_2-750x975.jpg 750w, https:\/\/www.gossip.it\/wp-content\/uploads\/2025\/06\/caramis_2.jpg 1134w\" sizes=\"(max-width: 788px) 100vw, 788px\" \/><figcaption class=\"wp-element-caption\">La 33enne a sorpresa condivide gli scatti mentre \u00e8 in vacanza con marito 34enne e primogenito<\/figcaption><\/figure>\n\n\n\n<figure class=\"wp-block-image size-large\"><img decoding=\"async\" width=\"1024\" height=\"1024\" src=\"https:\/\/www.gossip.it\/wp-content\/uploads\/2025\/06\/caramis_1-1024x1024.jpg\" alt=\"\" class=\"wp-image-194788\" srcset=\"https:\/\/www.gossip.it\/wp-content\/uploads\/2025\/06\/caramis_1-1024x1024.jpg 1024w, https:\/\/www.gossip.it\/wp-content\/uploads\/2025\/06\/caramis_1-300x300.jpg 300w, https:\/\/www.gossip.it\/wp-content\/uploads\/2025\/06\/caramis_1-150x150.jpg 150w, https:\/\/www.gossip.it\/wp-content\/uploads\/2025\/06\/caramis_1-768x768.jpg 768w, https:\/\/www.gossip.it\/wp-content\/uploads\/2025\/06\/caramis_1-75x75.jpg 75w, https:\/\/www.gossip.it\/wp-content\/uploads\/2025\/06\/caramis_1-750x750.jpg 750w, https:\/\/www.gossip.it\/wp-content\/uploads\/2025\/06\/caramis_1.jpg 1134w\" sizes=\"(max-width: 1024px) 100vw, 1024px\" \/><figcaption class=\"wp-element-caption\">E\u2019 diventata madre per la prima volta l\u20198 settembre 2020, sei anni dopo le nozze \u00e8 nato Leone<\/figcaption><\/figure>\n\n\n\n<p>In un altro scatto a te al tramonto la Caramis e Destro, in piedi, si scambiamo un bacio a fior di labbra. <strong>In mezzo a loro c\u2019\u00e8 il figlioletto che bacia a sua volta il pancione della madre<\/strong>. I commenti di auguri per l\u2019arrivo della seconda cicogna si sprecano. Sono tantissime le vip che si congratulano per la gestazione della ragazza che, nonostante il passato in tv, anche accanto a <a href=\"http:\/\/www.gossip.it\/vip\/carlo-conti\">Carlo Conti<\/a> ne<em> La Corrida<\/em>, ha scelto, con la fede all\u2019anulare di pensare solo alla sua famiglia.<\/p>\n","protected":false},"excerpt":{"rendered":"<p>La 33enne a sorpresa condivide gli scatti mentre \u00e8 in...<\/p>\n","protected":false},"author":24,"featured_media":194825,"comment_status":"open","ping_status":"closed","sticky":false,"template":"","format":"standard","meta":{"footnotes":""},"categories":[54],"tags":[2793,83566,83573,83568,83567,83569,83570],"vip":[83572],"class_list":["post-194785","post","type-post","status-publish","format-standard","has-post-thumbnail","hentry","category-news","tag-gossip","tag-ludovicacaramis","tag-ludovicacaramisfiglio","tag-ludovicacaramisgravidanza","tag-ludovicacaramisincinta","tag-ludovicacaramispancione","tag-mattiadestro","vip-ludovica-caramis"],"yoast_head":"<title>L&#039;ex Professoressa de &#039;L&#039;Eredit\u00e0&#039; Ludovica Caramis mamma bis, \u00e8 incinta del marito calciatore Mattia Destro, ex Roma: le foto col pancione - Gossip.it | News sul Gossip e VIP<\/title>\n<meta name=\"description\" content=\"L&#039;ex Professoressa de &#039;L&#039;Eredit\u00e0&#039; Ludovica Caramis mamma bis, \u00e8 incinta del marito calciatore Mattia Destro, ex Roma: le foto col pancione\" \/>\n<meta name=\"robots\" content=\"index, follow, max-snippet:-1, max-image-preview:large, max-video-preview:-1\" \/>\n<link rel=\"canonical\" href=\"https:\/\/www.gossip.it\/news\/ludovica-caramis-mamma-bis-incinta\/\" \/>\n<meta property=\"og:locale\" content=\"it_IT\" \/>\n<meta property=\"og:type\" content=\"article\" \/>\n<meta property=\"og:title\" content=\"L&#039;ex Professoressa de &#039;L&#039;Eredit\u00e0&#039; Ludovica Caramis mamma bis, \u00e8 incinta del marito calciatore Mattia Destro, ex Roma: le foto col pancione - Gossip.it | News sul Gossip e VIP\" \/>\n<meta property=\"og:description\" content=\"L&#039;ex Professoressa de &#039;L&#039;Eredit\u00e0&#039; Ludovica Caramis mamma bis, \u00e8 incinta del marito calciatore Mattia Destro, ex Roma: le foto col pancione\" \/>\n<meta property=\"og:url\" content=\"https:\/\/www.gossip.it\/news\/ludovica-caramis-mamma-bis-incinta\/\" \/>\n<meta property=\"og:site_name\" content=\"Gossip.it | News sul Gossip e VIP\" \/>\n<meta property=\"article:publisher\" content=\"https:\/\/www.facebook.com\/GossipIT\" \/>\n<meta property=\"article:published_time\" content=\"2025-06-10T08:55:07+00:00\" \/>\n<meta property=\"article:modified_time\" content=\"2025-06-11T09:31:10+00:00\" \/>\n<meta property=\"og:image\" content=\"https:\/\/www.gossip.it\/wp-content\/uploads\/2025\/06\/PP-CARAMIS.jpg\" \/>\n\t<meta property=\"og:image:width\" content=\"1134\" \/>\n\t<meta property=\"og:image:height\" content=\"564\" \/>\n\t<meta property=\"og:image:type\" content=\"image\/jpeg\" \/>\n<meta name=\"author\" content=\"Carla Giuni\" \/>\n<meta name=\"twitter:card\" content=\"summary_large_image\" \/>\n<meta name=\"twitter:creator\" content=\"@gossinews_it\" \/>\n<meta name=\"twitter:site\" content=\"@gossinews_it\" \/>\n<meta name=\"twitter:label1\" content=\"Scritto da\" \/>\n\t<meta name=\"twitter:data1\" content=\"Carla Giuni\" \/>\n\t<meta name=\"twitter:label2\" content=\"Tempo di lettura stimato\" \/>\n\t<meta name=\"twitter:data2\" content=\"3 minuti\" \/>","yoast_head_json":{"title":"L'ex Professoressa de 'L'Eredit\u00e0' Ludovica Caramis mamma bis, \u00e8 incinta del marito calciatore Mattia Destro, ex Roma: le foto col pancione - Gossip.it | News sul Gossip e VIP","description":"L'ex Professoressa de 'L'Eredit\u00e0' Ludovica Caramis mamma bis, \u00e8 incinta del marito calciatore Mattia Destro, ex Roma: le foto col pancione","robots":{"index":"index","follow":"follow","max-snippet":"max-snippet:-1","max-image-preview":"max-image-preview:large","max-video-preview":"max-video-preview:-1"},"canonical":"https:\/\/www.gossip.it\/news\/ludovica-caramis-mamma-bis-incinta\/","og_locale":"it_IT","og_type":"article","og_title":"L'ex Professoressa de 'L'Eredit\u00e0' Ludovica Caramis mamma bis, \u00e8 incinta del marito calciatore Mattia Destro, ex Roma: le foto col pancione - Gossip.it | News sul Gossip e VIP","og_description":"L'ex Professoressa de 'L'Eredit\u00e0' Ludovica Caramis mamma bis, \u00e8 incinta del marito calciatore Mattia Destro, ex Roma: le foto col pancione","og_url":"https:\/\/www.gossip.it\/news\/ludovica-caramis-mamma-bis-incinta\/","og_site_name":"Gossip.it | News sul Gossip e VIP","article_publisher":"https:\/\/www.facebook.com\/GossipIT","article_published_time":"2025-06-10T08:55:07+00:00","article_modified_time":"2025-06-11T09:31:10+00:00","og_image":[{"width":1134,"height":564,"url":"https:\/\/www.gossip.it\/wp-content\/uploads\/2025\/06\/PP-CARAMIS.jpg","type":"image\/jpeg"}],"author":"Carla Giuni","twitter_card":"summary_large_image","twitter_creator":"@gossinews_it","twitter_site":"@gossinews_it","twitter_misc":{"Scritto da":"Carla Giuni","Tempo di lettura stimato":"3 minuti"},"schema":{"@context":"https:\/\/schema.org","@graph":[{"@type":"Article","@id":"https:\/\/www.gossip.it\/news\/ludovica-caramis-mamma-bis-incinta\/#article","isPartOf":{"@id":"https:\/\/www.gossip.it\/news\/ludovica-caramis-mamma-bis-incinta\/"},"author":{"name":"Carla Giuni","@id":"https:\/\/www.gossip.it\/#\/schema\/person\/df4a88c190f338e21427b6f342595faa"},"headline":"L'ex Professoressa de 'L'Eredit\u00e0' Ludovica Caramis mamma bis, \u00e8 incinta del marito calciatore Mattia Destro, ex Roma: le foto col pancione","datePublished":"2025-06-10T08:55:07+00:00","dateModified":"2025-06-11T09:31:10+00:00","mainEntityOfPage":{"@id":"https:\/\/www.gossip.it\/news\/ludovica-caramis-mamma-bis-incinta\/"},"wordCount":323,"commentCount":0,"publisher":{"@id":"https:\/\/www.gossip.it\/#organization"},"image":{"@id":"https:\/\/www.gossip.it\/news\/ludovica-caramis-mamma-bis-incinta\/#primaryimage"},"thumbnailUrl":"https:\/\/www.gossip.it\/wp-content\/uploads\/2025\/06\/lancio-CARAMIS.jpg","keywords":["gossip","ludovicacaramis","ludovicacaramisfiglio","ludovicacaramisgravidanza","ludovicacaramisincinta","ludovicacaramispancione","mattiadestro"],"articleSection":["News"],"inLanguage":"it-IT","potentialAction":[{"@type":"CommentAction","name":"Comment","target":["https:\/\/www.gossip.it\/news\/ludovica-caramis-mamma-bis-incinta\/#respond"]}]},{"@type":"WebPage","@id":"https:\/\/www.gossip.it\/news\/ludovica-caramis-mamma-bis-incinta\/","url":"https:\/\/www.gossip.it\/news\/ludovica-caramis-mamma-bis-incinta\/","name":"L'ex Professoressa de 'L'Eredit\u00e0' Ludovica Caramis mamma bis, \u00e8 incinta del marito calciatore Mattia Destro, ex Roma: le foto col pancione - Gossip.it | News sul Gossip e VIP","isPartOf":{"@id":"https:\/\/www.gossip.it\/#website"},"primaryImageOfPage":{"@id":"https:\/\/www.gossip.it\/news\/ludovica-caramis-mamma-bis-incinta\/#primaryimage"},"image":{"@id":"https:\/\/www.gossip.it\/news\/ludovica-caramis-mamma-bis-incinta\/#primaryimage"},"thumbnailUrl":"https:\/\/www.gossip.it\/wp-content\/uploads\/2025\/06\/lancio-CARAMIS.jpg","datePublished":"2025-06-10T08:55:07+00:00","dateModified":"2025-06-11T09:31:10+00:00","description":"L'ex Professoressa de 'L'Eredit\u00e0' Ludovica Caramis mamma bis, \u00e8 incinta del marito calciatore Mattia Destro, ex Roma: le foto col pancione","breadcrumb":{"@id":"https:\/\/www.gossip.it\/news\/ludovica-caramis-mamma-bis-incinta\/#breadcrumb"},"inLanguage":"it-IT","potentialAction":[{"@type":"ReadAction","target":["https:\/\/www.gossip.it\/news\/ludovica-caramis-mamma-bis-incinta\/"]}]},{"@type":"ImageObject","inLanguage":"it-IT","@id":"https:\/\/www.gossip.it\/news\/ludovica-caramis-mamma-bis-incinta\/#primaryimage","url":"https:\/\/www.gossip.it\/wp-content\/uploads\/2025\/06\/lancio-CARAMIS.jpg","contentUrl":"https:\/\/www.gossip.it\/wp-content\/uploads\/2025\/06\/lancio-CARAMIS.jpg","width":1134,"height":809},{"@type":"BreadcrumbList","@id":"https:\/\/www.gossip.it\/news\/ludovica-caramis-mamma-bis-incinta\/#breadcrumb","itemListElement":[{"@type":"ListItem","position":1,"name":"Home","item":"https:\/\/www.gossip.it\/"},{"@type":"ListItem","position":2,"name":"L'ex Professoressa de 'L'Eredit\u00e0' Ludovica Caramis mamma bis, \u00e8 incinta del marito calciatore Mattia Destro, ex Roma: le foto col pancione"}]},{"@type":"WebSite","@id":"https:\/\/www.gossip.it\/#website","url":"https:\/\/www.gossip.it\/","name":"Gossip and VIP News","description":"Quotidiano di cronaca rosa, costume e societ\u00e0","publisher":{"@id":"https:\/\/www.gossip.it\/#organization"},"alternateName":"Gossip and VIP News","potentialAction":[{"@type":"SearchAction","target":{"@type":"EntryPoint","urlTemplate":"https:\/\/www.gossip.it\/?s={search_term_string}"},"query-input":{"@type":"PropertyValueSpecification","valueRequired":true,"valueName":"search_term_string"}}],"inLanguage":"it-IT"},{"@type":"Organization","@id":"https:\/\/www.gossip.it\/#organization","name":"Gossip and VIP News","alternateName":"Gossip News","url":"https:\/\/www.gossip.it\/","logo":{"@type":"ImageObject","inLanguage":"it-IT","@id":"https:\/\/www.gossip.it\/#\/schema\/logo\/image\/","url":"https:\/\/www.gossip.it\/wp-content\/uploads\/2022\/04\/cropped-corna-alta-tiny.png","contentUrl":"https:\/\/www.gossip.it\/wp-content\/uploads\/2022\/04\/cropped-corna-alta-tiny.png","width":512,"height":512,"caption":"Gossip and VIP News"},"image":{"@id":"https:\/\/www.gossip.it\/#\/schema\/logo\/image\/"},"sameAs":["https:\/\/www.facebook.com\/GossipIT","https:\/\/x.com\/gossinews_it","https:\/\/instagram.com\/gossip_it"]},{"@type":"Person","@id":"https:\/\/www.gossip.it\/#\/schema\/person\/df4a88c190f338e21427b6f342595faa","name":"Carla Giuni","image":{"@type":"ImageObject","inLanguage":"it-IT","@id":"https:\/\/www.gossip.it\/#\/schema\/person\/image\/","url":"https:\/\/secure.gravatar.com\/avatar\/9caf92f895c8e9a7cca263cd6e3860da8edad54c0a92046a7e363cbd3fa35c36?s=96&d=mm&r=g","contentUrl":"https:\/\/secure.gravatar.com\/avatar\/9caf92f895c8e9a7cca263cd6e3860da8edad54c0a92046a7e363cbd3fa35c36?s=96&d=mm&r=g","caption":"Carla Giuni"}}]}},"amp_enabled":true,"_links":{"self":[{"href":"https:\/\/www.gossip.it\/api\/wp\/v2\/posts\/194785","targetHints":{"allow":["GET"]}}],"collection":[{"href":"https:\/\/www.gossip.it\/api\/wp\/v2\/posts"}],"about":[{"href":"https:\/\/www.gossip.it\/api\/wp\/v2\/types\/post"}],"author":[{"embeddable":true,"href":"https:\/\/www.gossip.it\/api\/wp\/v2\/users\/24"}],"replies":[{"embeddable":true,"href":"https:\/\/www.gossip.it\/api\/wp\/v2\/comments?post=194785"}],"version-history":[{"count":1,"href":"https:\/\/www.gossip.it\/api\/wp\/v2\/posts\/194785\/revisions"}],"predecessor-version":[{"id":194790,"href":"https:\/\/www.gossip.it\/api\/wp\/v2\/posts\/194785\/revisions\/194790"}],"wp:featuredmedia":[{"embeddable":true,"href":"https:\/\/www.gossip.it\/api\/wp\/v2\/media\/194825"}],"wp:attachment":[{"href":"https:\/\/www.gossip.it\/api\/wp\/v2\/media?parent=194785"}],"wp:term":[{"taxonomy":"category","embeddable":true,"href":"https:\/\/www.gossip.it\/api\/wp\/v2\/categories?post=194785"},{"taxonomy":"post_tag","embeddable":true,"href":"https:\/\/www.gossip.it\/api\/wp\/v2\/tags?post=194785"},{"taxonomy":"vip","embeddable":true,"href":"https:\/\/www.gossip.it\/api\/wp\/v2\/vip?post=194785"}],"curies":[{"name":"wp","href":"https:\/\/api.w.org\/{rel}","templated":true}]}}