{"id":196954,"date":"2025-07-21T14:15:52","date_gmt":"2025-07-21T12:15:52","guid":{"rendered":"https:\/\/www.gossip.it\/?p=196954"},"modified":"2025-07-22T11:38:56","modified_gmt":"2025-07-22T09:38:56","slug":"sonia-bruganelli-vacanza-fidanzato-angelo-madonia","status":"publish","type":"post","link":"https:\/\/www.gossip.it\/news\/sonia-bruganelli-vacanza-fidanzato-angelo-madonia\/","title":{"rendered":"Sonia Bruganelli pubblica una rara foto in vacanza con il fidanzato Angelo Madonia: i due finalmente riuniti insieme al mare"},"content":{"rendered":"\n<ul class=\"wp-block-list\">\n<li>Lei sta trascorrendo giorni spensierati a mare nell\u2019isola del cuore, Formentera<\/li>\n\n\n\n<li>L\u2019ex moglie di Bonolis 51enne \u00e8 legata al ballerino che compir\u00e0 41 anni il 27 luglio da circa un anno<\/li>\n<\/ul>\n\n\n\n<p>Formentera diventa ancora pi\u00f9 dolce se si ha l\u2019uomo che ti fa battere il cuore accanto. <strong><a href=\"http:\/\/www.gossip.it\/vip\/sonia-bruganelli\">Sonia Bruganelli<\/a> pubblica una rara foto in vacanza con il fidanzato <a href=\"http:\/\/www.gossip.it\/vip\/angelo-madonia\">Angelo Madonia<\/a><\/strong>: i due sono finalmente riuniti insieme al mare. Il danzatore ha raggiunto la produttrice alle Baleari per trascorrere qualche giorni di relax insieme a lei.<\/p>\n\n\n\n<figure class=\"wp-block-image size-large is-resized\"><img decoding=\"async\" width=\"679\" height=\"1024\" src=\"https:\/\/www.gossip.it\/wp-content\/uploads\/2025\/07\/bruganelli_madonia_vacanza_formentera-679x1024.jpg\" alt=\"\" class=\"wp-image-196956\" style=\"width:768px;height:auto\" srcset=\"https:\/\/www.gossip.it\/wp-content\/uploads\/2025\/07\/bruganelli_madonia_vacanza_formentera-679x1024.jpg 679w, https:\/\/www.gossip.it\/wp-content\/uploads\/2025\/07\/bruganelli_madonia_vacanza_formentera-199x300.jpg 199w, https:\/\/www.gossip.it\/wp-content\/uploads\/2025\/07\/bruganelli_madonia_vacanza_formentera-768x1157.jpg 768w, https:\/\/www.gossip.it\/wp-content\/uploads\/2025\/07\/bruganelli_madonia_vacanza_formentera-1019x1536.jpg 1019w, https:\/\/www.gossip.it\/wp-content\/uploads\/2025\/07\/bruganelli_madonia_vacanza_formentera-750x1130.jpg 750w, https:\/\/www.gossip.it\/wp-content\/uploads\/2025\/07\/bruganelli_madonia_vacanza_formentera.jpg 1134w\" sizes=\"(max-width: 679px) 100vw, 679px\" \/><figcaption class=\"wp-element-caption\">Sonia Bruganelli pubblica una rara foto in vacanza con il fidanzato Angelo Madonia: i due finalmente riuniti insieme al mare<\/figcaption><\/figure>\n\n\n\n<p>L\u2019ex moglie di <a href=\"http:\/\/www.gossip.it\/vip\/paolo-bonolis\">Paolo Bonolis<\/a> 51enne \u00e8 legata al ballerino che compir\u00e0 41 anni il 27 luglio da circa un anno. Sonia si lascia ammirare dai follower in uno scatto che la immortala vicino al siciliano. <strong>Lui in costume \u00e8 impegnato a scattarsi un selfie insieme a lei. I due sono in spiaggia<\/strong>.<\/p>\n\n\n\n<p>Sonia \u00e8 felice, la sua \u00e8 un\u2019estate spensierata, con i figli e anche con Angelo, che ormai fa parte integrante della sua vita. In tv, ospite di Maria Latella su Rai3, sul suo nuovo compagno di vita ha detto: <em>\u201cHo una storia\u00a0con una persona pi\u00f9 piccola di me. Sono stata per molti anni con un uomo di 13 anni pi\u00f9 grande di me, che \u00e8 un\u00a0Peter Pan\u00a0e ha una testa pi\u00f9 giovane della mia. <strong>Adesso sto con uno di 41 che in realt\u00e0\u00a0di testa \u00e8 molto pi\u00f9 grande di me<\/strong>. Dipende dalle esperienze di vita, da molte situazioni\u201d.<\/em><\/p>\n","protected":false},"excerpt":{"rendered":"<p>Lei sta trascorrendo giorni spensierati a mare nell\u2019isola...<\/p>\n","protected":false},"author":24,"featured_media":196957,"comment_status":"open","ping_status":"closed","sticky":false,"template":"","format":"standard","meta":{"footnotes":""},"categories":[54],"tags":[77313,7981,2793,63720,79607,2487],"vip":[65657,1716],"class_list":["post-196954","post","type-post","status-publish","format-standard","has-post-thumbnail","hentry","category-news","tag-angelomadonia","tag-formentera","tag-gossip","tag-soniabruganelli","tag-soniabruganellifidanzato","tag-spagna","vip-angelo-madonia","vip-sonia_bruganelli"],"yoast_head":"<title>Sonia Bruganelli pubblica una rara foto in vacanza con il fidanzato Angelo Madonia: i due finalmente riuniti insieme al mare - Gossip.it | News sul Gossip e VIP<\/title>\n<meta name=\"description\" content=\"Sonia Bruganelli pubblica una rara foto in vacanza con il fidanzato Angelo Madonia: i due finalmente riuniti insieme al mare\" \/>\n<meta name=\"robots\" content=\"index, follow, max-snippet:-1, max-image-preview:large, max-video-preview:-1\" \/>\n<link rel=\"canonical\" href=\"https:\/\/www.gossip.it\/news\/sonia-bruganelli-vacanza-fidanzato-angelo-madonia\/\" \/>\n<meta property=\"og:locale\" content=\"it_IT\" \/>\n<meta property=\"og:type\" content=\"article\" \/>\n<meta property=\"og:title\" content=\"Sonia Bruganelli pubblica una rara foto in vacanza con il fidanzato Angelo Madonia: i due finalmente riuniti insieme al mare - Gossip.it | News sul Gossip e VIP\" \/>\n<meta property=\"og:description\" content=\"Sonia Bruganelli pubblica una rara foto in vacanza con il fidanzato Angelo Madonia: i due finalmente riuniti insieme al mare\" \/>\n<meta property=\"og:url\" content=\"https:\/\/www.gossip.it\/news\/sonia-bruganelli-vacanza-fidanzato-angelo-madonia\/\" \/>\n<meta property=\"og:site_name\" content=\"Gossip.it | News sul Gossip e VIP\" \/>\n<meta property=\"article:publisher\" content=\"https:\/\/www.facebook.com\/GossipIT\" \/>\n<meta property=\"article:published_time\" content=\"2025-07-21T12:15:52+00:00\" \/>\n<meta property=\"article:modified_time\" content=\"2025-07-22T09:38:56+00:00\" \/>\n<meta property=\"og:image\" content=\"https:\/\/www.gossip.it\/wp-content\/uploads\/2025\/07\/lancio-BRUGA-MADONIA-FB.jpg\" \/>\n\t<meta property=\"og:image:width\" content=\"1134\" \/>\n\t<meta property=\"og:image:height\" content=\"661\" \/>\n\t<meta property=\"og:image:type\" content=\"image\/jpeg\" \/>\n<meta name=\"author\" content=\"Carla Giuni\" \/>\n<meta name=\"twitter:card\" content=\"summary_large_image\" \/>\n<meta name=\"twitter:creator\" content=\"@gossinews_it\" \/>\n<meta name=\"twitter:site\" content=\"@gossinews_it\" \/>\n<meta name=\"twitter:label1\" content=\"Scritto da\" \/>\n\t<meta name=\"twitter:data1\" content=\"Carla Giuni\" \/>\n\t<meta name=\"twitter:label2\" content=\"Tempo di lettura stimato\" \/>\n\t<meta name=\"twitter:data2\" content=\"2 minuti\" \/>","yoast_head_json":{"title":"Sonia Bruganelli pubblica una rara foto in vacanza con il fidanzato Angelo Madonia: i due finalmente riuniti insieme al mare - Gossip.it | News sul Gossip e VIP","description":"Sonia Bruganelli pubblica una rara foto in vacanza con il fidanzato Angelo Madonia: i due finalmente riuniti insieme al mare","robots":{"index":"index","follow":"follow","max-snippet":"max-snippet:-1","max-image-preview":"max-image-preview:large","max-video-preview":"max-video-preview:-1"},"canonical":"https:\/\/www.gossip.it\/news\/sonia-bruganelli-vacanza-fidanzato-angelo-madonia\/","og_locale":"it_IT","og_type":"article","og_title":"Sonia Bruganelli pubblica una rara foto in vacanza con il fidanzato Angelo Madonia: i due finalmente riuniti insieme al mare - Gossip.it | News sul Gossip e VIP","og_description":"Sonia Bruganelli pubblica una rara foto in vacanza con il fidanzato Angelo Madonia: i due finalmente riuniti insieme al mare","og_url":"https:\/\/www.gossip.it\/news\/sonia-bruganelli-vacanza-fidanzato-angelo-madonia\/","og_site_name":"Gossip.it | News sul Gossip e VIP","article_publisher":"https:\/\/www.facebook.com\/GossipIT","article_published_time":"2025-07-21T12:15:52+00:00","article_modified_time":"2025-07-22T09:38:56+00:00","og_image":[{"width":1134,"height":661,"url":"https:\/\/www.gossip.it\/wp-content\/uploads\/2025\/07\/lancio-BRUGA-MADONIA-FB.jpg","type":"image\/jpeg"}],"author":"Carla Giuni","twitter_card":"summary_large_image","twitter_creator":"@gossinews_it","twitter_site":"@gossinews_it","twitter_misc":{"Scritto da":"Carla Giuni","Tempo di lettura stimato":"2 minuti"},"schema":{"@context":"https:\/\/schema.org","@graph":[{"@type":"Article","@id":"https:\/\/www.gossip.it\/news\/sonia-bruganelli-vacanza-fidanzato-angelo-madonia\/#article","isPartOf":{"@id":"https:\/\/www.gossip.it\/news\/sonia-bruganelli-vacanza-fidanzato-angelo-madonia\/"},"author":{"name":"Carla Giuni","@id":"https:\/\/www.gossip.it\/#\/schema\/person\/df4a88c190f338e21427b6f342595faa"},"headline":"Sonia Bruganelli pubblica una rara foto in vacanza con il fidanzato Angelo Madonia: i due finalmente riuniti insieme al mare","datePublished":"2025-07-21T12:15:52+00:00","dateModified":"2025-07-22T09:38:56+00:00","mainEntityOfPage":{"@id":"https:\/\/www.gossip.it\/news\/sonia-bruganelli-vacanza-fidanzato-angelo-madonia\/"},"wordCount":272,"commentCount":0,"publisher":{"@id":"https:\/\/www.gossip.it\/#organization"},"image":{"@id":"https:\/\/www.gossip.it\/news\/sonia-bruganelli-vacanza-fidanzato-angelo-madonia\/#primaryimage"},"thumbnailUrl":"https:\/\/www.gossip.it\/wp-content\/uploads\/2025\/07\/lancio-BRUGA-MADONIA.jpg","keywords":["angelomadonia","formentera","gossip","soniabruganelli","soniabruganellifidanzato","spagna"],"articleSection":["News"],"inLanguage":"it-IT","potentialAction":[{"@type":"CommentAction","name":"Comment","target":["https:\/\/www.gossip.it\/news\/sonia-bruganelli-vacanza-fidanzato-angelo-madonia\/#respond"]}]},{"@type":"WebPage","@id":"https:\/\/www.gossip.it\/news\/sonia-bruganelli-vacanza-fidanzato-angelo-madonia\/","url":"https:\/\/www.gossip.it\/news\/sonia-bruganelli-vacanza-fidanzato-angelo-madonia\/","name":"Sonia Bruganelli pubblica una rara foto in vacanza con il fidanzato Angelo Madonia: i due finalmente riuniti insieme al mare - Gossip.it | News sul Gossip e VIP","isPartOf":{"@id":"https:\/\/www.gossip.it\/#website"},"primaryImageOfPage":{"@id":"https:\/\/www.gossip.it\/news\/sonia-bruganelli-vacanza-fidanzato-angelo-madonia\/#primaryimage"},"image":{"@id":"https:\/\/www.gossip.it\/news\/sonia-bruganelli-vacanza-fidanzato-angelo-madonia\/#primaryimage"},"thumbnailUrl":"https:\/\/www.gossip.it\/wp-content\/uploads\/2025\/07\/lancio-BRUGA-MADONIA.jpg","datePublished":"2025-07-21T12:15:52+00:00","dateModified":"2025-07-22T09:38:56+00:00","description":"Sonia Bruganelli pubblica una rara foto in vacanza con il fidanzato Angelo Madonia: i due finalmente riuniti insieme al mare","breadcrumb":{"@id":"https:\/\/www.gossip.it\/news\/sonia-bruganelli-vacanza-fidanzato-angelo-madonia\/#breadcrumb"},"inLanguage":"it-IT","potentialAction":[{"@type":"ReadAction","target":["https:\/\/www.gossip.it\/news\/sonia-bruganelli-vacanza-fidanzato-angelo-madonia\/"]}]},{"@type":"ImageObject","inLanguage":"it-IT","@id":"https:\/\/www.gossip.it\/news\/sonia-bruganelli-vacanza-fidanzato-angelo-madonia\/#primaryimage","url":"https:\/\/www.gossip.it\/wp-content\/uploads\/2025\/07\/lancio-BRUGA-MADONIA.jpg","contentUrl":"https:\/\/www.gossip.it\/wp-content\/uploads\/2025\/07\/lancio-BRUGA-MADONIA.jpg","width":1134,"height":808},{"@type":"BreadcrumbList","@id":"https:\/\/www.gossip.it\/news\/sonia-bruganelli-vacanza-fidanzato-angelo-madonia\/#breadcrumb","itemListElement":[{"@type":"ListItem","position":1,"name":"Home","item":"https:\/\/www.gossip.it\/"},{"@type":"ListItem","position":2,"name":"Sonia Bruganelli pubblica una rara foto in vacanza con il fidanzato Angelo Madonia: i due finalmente riuniti insieme al mare"}]},{"@type":"WebSite","@id":"https:\/\/www.gossip.it\/#website","url":"https:\/\/www.gossip.it\/","name":"Gossip and VIP News","description":"Quotidiano di cronaca rosa, costume e societ\u00e0","publisher":{"@id":"https:\/\/www.gossip.it\/#organization"},"alternateName":"Gossip and VIP News","potentialAction":[{"@type":"SearchAction","target":{"@type":"EntryPoint","urlTemplate":"https:\/\/www.gossip.it\/?s={search_term_string}"},"query-input":{"@type":"PropertyValueSpecification","valueRequired":true,"valueName":"search_term_string"}}],"inLanguage":"it-IT"},{"@type":"Organization","@id":"https:\/\/www.gossip.it\/#organization","name":"Gossip and VIP News","alternateName":"Gossip News","url":"https:\/\/www.gossip.it\/","logo":{"@type":"ImageObject","inLanguage":"it-IT","@id":"https:\/\/www.gossip.it\/#\/schema\/logo\/image\/","url":"https:\/\/www.gossip.it\/wp-content\/uploads\/2022\/04\/cropped-corna-alta-tiny.png","contentUrl":"https:\/\/www.gossip.it\/wp-content\/uploads\/2022\/04\/cropped-corna-alta-tiny.png","width":512,"height":512,"caption":"Gossip and VIP News"},"image":{"@id":"https:\/\/www.gossip.it\/#\/schema\/logo\/image\/"},"sameAs":["https:\/\/www.facebook.com\/GossipIT","https:\/\/x.com\/gossinews_it","https:\/\/instagram.com\/gossip_it"]},{"@type":"Person","@id":"https:\/\/www.gossip.it\/#\/schema\/person\/df4a88c190f338e21427b6f342595faa","name":"Carla Giuni","image":{"@type":"ImageObject","inLanguage":"it-IT","@id":"https:\/\/www.gossip.it\/#\/schema\/person\/image\/","url":"https:\/\/secure.gravatar.com\/avatar\/9caf92f895c8e9a7cca263cd6e3860da8edad54c0a92046a7e363cbd3fa35c36?s=96&d=mm&r=g","contentUrl":"https:\/\/secure.gravatar.com\/avatar\/9caf92f895c8e9a7cca263cd6e3860da8edad54c0a92046a7e363cbd3fa35c36?s=96&d=mm&r=g","caption":"Carla Giuni"}}]}},"amp_enabled":true,"_links":{"self":[{"href":"https:\/\/www.gossip.it\/api\/wp\/v2\/posts\/196954","targetHints":{"allow":["GET"]}}],"collection":[{"href":"https:\/\/www.gossip.it\/api\/wp\/v2\/posts"}],"about":[{"href":"https:\/\/www.gossip.it\/api\/wp\/v2\/types\/post"}],"author":[{"embeddable":true,"href":"https:\/\/www.gossip.it\/api\/wp\/v2\/users\/24"}],"replies":[{"embeddable":true,"href":"https:\/\/www.gossip.it\/api\/wp\/v2\/comments?post=196954"}],"version-history":[{"count":1,"href":"https:\/\/www.gossip.it\/api\/wp\/v2\/posts\/196954\/revisions"}],"predecessor-version":[{"id":196959,"href":"https:\/\/www.gossip.it\/api\/wp\/v2\/posts\/196954\/revisions\/196959"}],"wp:featuredmedia":[{"embeddable":true,"href":"https:\/\/www.gossip.it\/api\/wp\/v2\/media\/196957"}],"wp:attachment":[{"href":"https:\/\/www.gossip.it\/api\/wp\/v2\/media?parent=196954"}],"wp:term":[{"taxonomy":"category","embeddable":true,"href":"https:\/\/www.gossip.it\/api\/wp\/v2\/categories?post=196954"},{"taxonomy":"post_tag","embeddable":true,"href":"https:\/\/www.gossip.it\/api\/wp\/v2\/tags?post=196954"},{"taxonomy":"vip","embeddable":true,"href":"https:\/\/www.gossip.it\/api\/wp\/v2\/vip?post=196954"}],"curies":[{"name":"wp","href":"https:\/\/api.w.org\/{rel}","templated":true}]}}