{"id":19902,"date":"2005-08-02T00:00:00","date_gmt":"2005-08-01T22:00:00","guid":{"rendered":"https:\/\/www.gossip.it\/senza-categoria\/nek-o-di-cataldo-e-sfida-estiva-tra-i-cantanti-del-cuore\/"},"modified":"2005-08-02T00:00:00","modified_gmt":"2005-08-01T22:00:00","slug":"nek-o-di-cataldo-e-sfida-estiva-tra-i-cantanti-del-cuore","status":"publish","type":"post","link":"https:\/\/www.gossip.it\/news\/nek-o-di-cataldo-e-sfida-estiva-tra-i-cantanti-del-cuore\/","title":{"rendered":"Nek o Di Cataldo? E' sfida estiva tra i cantanti... del cuore"},"content":{"rendered":"<p>Tempo di vacanze, mare e relax. Ma mentre la maggior parte degli italiani ha lasciato le citt\u00e0 alla volta delle localit\u00e0 di villeggiatura, c'\u00e8 ancora chi rimane per dare spettacolo. <\/p>\n<p>In occasione di \u201c<a href='https:\/\/www.gossip.it\/musica\/lodi'><b><u>Regalati una stella<\/u><\/b><\/a>\u201d, maxiconcerto gratuito organizzato da <a href='https:\/\/www.gossip.it\/news\/cerca2.php3?keyword=radio+italia&tiporicerca=0&submit.x=41&submit.y=11'><b><u>Radio Italia<\/u><\/b><\/a> e da <b>Pulcher Global Communication<\/b> all\u2019interno della manifestazione \u201cLodi al sole\u201d, si \u00e8 riunito sul palco di Piazza della Vittoria<br \/>\nun <a href='https:\/\/www.gossip.it\/musica\/lodi'><b><u>grande cast<\/u><\/b><\/a> di artisti italiani con un occhio di riguardo alla <a href='https:\/\/www.gossip.it\/news\/cerca.php3?keyword=solidarieta'><b><u>solidariet\u00e0<\/u><\/b><\/a>: i proventi delle offerte raccolte durante la serata sono destinati alla realizzazione del pronto soccorso pediatrico dell\u2019Ospedale di Lodi.<\/p>\n<p>Ecco quindi le esibizioni di <a href='https:\/\/www.gossip.it\/news\/monografia.php?keyword=nek'><b><u>Nek<\/u><\/b><\/a>, <a href='https:\/\/www.gossip.it\/news\/monografia.php?keyword=massimo di cataldo'><b><u>Massimo Di Cataldo<\/u><\/b><\/a>, <a href='https:\/\/www.gossip.it\/news\/monografia.php?keyword=andrea cardillo'><b><u>Andrea Cardillo<\/u><\/b><\/a>, <a href='https:\/\/www.gossip.it\/news\/monografia.php?keyword=dennis'><b><u>Dennis<\/u><\/b><\/a>, <a href='https:\/\/www.gossip.it\/news\/monografia.php?keyword=annalisa minetti'><b><u>Annalisa Minetti<\/u><\/b><\/a>, <a href='https:\/\/www.gossip.it\/news\/monografia.php?keyword=ferradini'><b><u>Marco Ferradini<\/u><\/b><\/a>, <a href='https:\/\/www.gossip.it\/news\/monografia.php?keyword=simona bencini'><b><u>Simona Bencini<\/u><\/b><\/a>, <a href='https:\/\/www.gossip.it\/news\/monografia.php?keyword=scialpi'><b><u>Scialpi<\/u><\/b><\/a>, <a href='https:\/\/www.gossip.it\/news\/monografia.php?keyword=paolo vallesi'><b><u>Paolo Vallesi<\/u><\/b><\/a>, <a href='https:\/\/www.gossip.it\/news\/monografia.php?keyword=stefano picchi'><b><u>Stefano Picchi<\/u><\/b><\/a>, <b>Daniela Pedali<\/b>, <b>Silvia Mezzanotte<\/b>, <a href='https:\/\/www.gossip.it\/news\/monografia.php?keyword=stefano zarfati'><b><u>Stefano Zarfati<\/u><\/b><\/a>, <b>Isa-Beau<\/b>, <b>Equ<\/b>, <a href='https:\/\/www.gossip.it\/news\/monografia.php?keyword=Daniele Stefani'><b><u>Daniele Stefani<\/u><\/b><\/a>, <b>Laura Bono<\/b>, <b>Simona Bencini<\/b>. Tutte le foto nell'esclusiva <a href='https:\/\/www.gossip.it\/musica\/lodi'><b><u>photogallery<\/u><\/b><\/a> di GossipNews. <\/p>\n<p><a href='https:\/\/www.gossip.it\/musica\/lodi\/'><b><u>LA GALLERY DELL'EVENTO<\/u><\/b><\/a><\/p>\n<p>\u00a9 2005 GossipNews - Foto: C.Mangiarotti<\/p>\n","protected":false},"excerpt":{"rendered":"<p>Tempo di vacanze, mare e relax. Ma mentre la maggior parte degli italiani ha lasciato le citt\u00e0 alla volta delle localit\u00e0 di villeggiatura, c'\u00e8 ancora chi rimane per dare spettacolo. In occasione di \u201cRegalati una stella\u201d, maxiconcerto gratuito organizzato da Radio Italia e da Pulcher Global Communication all\u2019interno della manifestazione \u201cLodi al sole\u201d, si \u00e8 [&hellip;]<\/p>\n","protected":false},"author":1,"featured_media":75950,"comment_status":"closed","ping_status":"closed","sticky":false,"template":"","format":"standard","meta":{"footnotes":""},"categories":[54],"tags":[20265,2466,1981,2898,5189,4380,23150,20762,23153,2725,14716,23152,13020,23154,19934,2408,14261,20028,18832,16888,23151,23149,3103,20761,20763],"vip":[341,564,1303],"class_list":["post-19902","post","type-post","status-publish","format-standard","has-post-thumbnail","hentry","category-news","tag-andrea-cardillo","tag-beneficenza","tag-cantante","tag-cantanti","tag-concerti","tag-concerto","tag-daniela-pedali","tag-dennis","tag-equ","tag-eventi","tag-gossip-musica","tag-isa-beau","tag-lodi","tag-lura-bono","tag-marco-ferradini","tag-musica","tag-nek","tag-paolo-vallesi","tag-radio-italia","tag-scialpi","tag-silvia-mezzanotte","tag-simona-bencini","tag-solidarieta","tag-stefano-picchi","tag-stefano-zarfati","vip-annalisa_minetti","vip-daniele_stefani","vip-massimo_di_cataldo"],"yoast_head":"<title>Nek o Di Cataldo? E&#039; sfida estiva tra i cantanti... del cuore - Gossip.it | News sul Gossip e VIP<\/title>\n<meta name=\"description\" content=\"Tempo di vacanze, mare e relax. Ma mentre la maggior parte degli italiani ha lasciato le citt\u00e0 alla volta delle localit\u00e0 di villeggiatura, c&#039;\u00e8 ancora chi\" \/>\n<meta name=\"robots\" content=\"index, follow, max-snippet:-1, max-image-preview:large, max-video-preview:-1\" \/>\n<link rel=\"canonical\" href=\"https:\/\/www.gossip.it\/news\/nek-o-di-cataldo-e-sfida-estiva-tra-i-cantanti-del-cuore\/\" \/>\n<meta property=\"og:locale\" content=\"it_IT\" \/>\n<meta property=\"og:type\" content=\"article\" \/>\n<meta property=\"og:title\" content=\"Nek o Di Cataldo? E&#039; sfida estiva tra i cantanti... del cuore - Gossip.it | News sul Gossip e VIP\" \/>\n<meta property=\"og:description\" content=\"Tempo di vacanze, mare e relax. Ma mentre la maggior parte degli italiani ha lasciato le citt\u00e0 alla volta delle localit\u00e0 di villeggiatura, c&#039;\u00e8 ancora chi\" \/>\n<meta property=\"og:url\" content=\"https:\/\/www.gossip.it\/news\/nek-o-di-cataldo-e-sfida-estiva-tra-i-cantanti-del-cuore\/\" \/>\n<meta property=\"og:site_name\" content=\"Gossip.it | News sul Gossip e VIP\" \/>\n<meta property=\"article:publisher\" content=\"https:\/\/www.facebook.com\/GossipIT\" \/>\n<meta property=\"article:published_time\" content=\"2005-08-01T22:00:00+00:00\" \/>\n<meta property=\"og:image\" content=\"https:\/\/www.gossip.it\/images5\/neck_lodi.jpg\" \/>\n<meta name=\"author\" content=\"La Redazione\" \/>\n<meta name=\"twitter:card\" content=\"summary_large_image\" \/>\n<meta name=\"twitter:image\" content=\"https:\/\/www.gossip.it\/images5\/neck_lodi.jpg\" \/>\n<meta name=\"twitter:creator\" content=\"@gossinews_it\" \/>\n<meta name=\"twitter:site\" content=\"@gossinews_it\" \/>\n<meta name=\"twitter:label1\" content=\"Scritto da\" \/>\n\t<meta name=\"twitter:data1\" content=\"Cristina Zuech\" \/>\n\t<meta name=\"twitter:label2\" content=\"Tempo di lettura stimato\" \/>\n\t<meta name=\"twitter:data2\" content=\"1 minuto\" \/>","yoast_head_json":{"title":"Nek o Di Cataldo? E' sfida estiva tra i cantanti... del cuore - Gossip.it | News sul Gossip e VIP","description":"Tempo di vacanze, mare e relax. Ma mentre la maggior parte degli italiani ha lasciato le citt\u00e0 alla volta delle localit\u00e0 di villeggiatura, c'\u00e8 ancora chi","robots":{"index":"index","follow":"follow","max-snippet":"max-snippet:-1","max-image-preview":"max-image-preview:large","max-video-preview":"max-video-preview:-1"},"canonical":"https:\/\/www.gossip.it\/news\/nek-o-di-cataldo-e-sfida-estiva-tra-i-cantanti-del-cuore\/","og_locale":"it_IT","og_type":"article","og_title":"Nek o Di Cataldo? E' sfida estiva tra i cantanti... del cuore - Gossip.it | News sul Gossip e VIP","og_description":"Tempo di vacanze, mare e relax. Ma mentre la maggior parte degli italiani ha lasciato le citt\u00e0 alla volta delle localit\u00e0 di villeggiatura, c'\u00e8 ancora chi","og_url":"https:\/\/www.gossip.it\/news\/nek-o-di-cataldo-e-sfida-estiva-tra-i-cantanti-del-cuore\/","og_site_name":"Gossip.it | News sul Gossip e VIP","article_publisher":"https:\/\/www.facebook.com\/GossipIT","article_published_time":"2005-08-01T22:00:00+00:00","og_image":[{"url":"https:\/\/www.gossip.it\/images5\/neck_lodi.jpg"}],"author":"La Redazione","twitter_card":"summary_large_image","twitter_image":"https:\/\/www.gossip.it\/images5\/neck_lodi.jpg","twitter_creator":"@gossinews_it","twitter_site":"@gossinews_it","twitter_misc":{"Scritto da":"Cristina Zuech","Tempo di lettura stimato":"1 minuto"},"schema":{"@context":"https:\/\/schema.org","@graph":[{"@type":"Article","@id":"https:\/\/www.gossip.it\/news\/nek-o-di-cataldo-e-sfida-estiva-tra-i-cantanti-del-cuore\/#article","isPartOf":{"@id":"https:\/\/www.gossip.it\/news\/nek-o-di-cataldo-e-sfida-estiva-tra-i-cantanti-del-cuore\/"},"author":{"name":"La Redazione","@id":"https:\/\/www.gossip.it\/#\/schema\/person\/488896f75158bff1cc83c6c39d141110"},"headline":"Nek o Di Cataldo? E' sfida estiva tra i cantanti... del cuore","datePublished":"2005-08-01T22:00:00+00:00","dateModified":"2005-08-01T22:00:00+00:00","mainEntityOfPage":{"@id":"https:\/\/www.gossip.it\/news\/nek-o-di-cataldo-e-sfida-estiva-tra-i-cantanti-del-cuore\/"},"wordCount":161,"publisher":{"@id":"https:\/\/www.gossip.it\/#organization"},"image":{"@id":"https:\/\/www.gossip.it\/news\/nek-o-di-cataldo-e-sfida-estiva-tra-i-cantanti-del-cuore\/#primaryimage"},"thumbnailUrl":"https:\/\/www.gossip.it\/images5\/neck_lodi.jpg","keywords":["andrea cardillo","beneficenza","cantante","cantanti","concerti","concerto","Daniela Pedali","Dennis","Equ","eventi","gossip musica","Isa-Beau","lodi","Lura Bono","marco ferradini","musica","nek","paolo vallesi","radio italia","scialpi","Silvia Mezzanotte","Simona Bencini","solidariet\u00e0","Stefano Picchi","Stefano Zarfati"],"articleSection":["News"],"inLanguage":"it-IT"},{"@type":"WebPage","@id":"https:\/\/www.gossip.it\/news\/nek-o-di-cataldo-e-sfida-estiva-tra-i-cantanti-del-cuore\/","url":"https:\/\/www.gossip.it\/news\/nek-o-di-cataldo-e-sfida-estiva-tra-i-cantanti-del-cuore\/","name":"Nek o Di Cataldo? E' sfida estiva tra i cantanti... del cuore - Gossip.it | News sul Gossip e VIP","isPartOf":{"@id":"https:\/\/www.gossip.it\/#website"},"primaryImageOfPage":{"@id":"https:\/\/www.gossip.it\/news\/nek-o-di-cataldo-e-sfida-estiva-tra-i-cantanti-del-cuore\/#primaryimage"},"image":{"@id":"https:\/\/www.gossip.it\/news\/nek-o-di-cataldo-e-sfida-estiva-tra-i-cantanti-del-cuore\/#primaryimage"},"thumbnailUrl":"https:\/\/www.gossip.it\/images5\/neck_lodi.jpg","datePublished":"2005-08-01T22:00:00+00:00","dateModified":"2005-08-01T22:00:00+00:00","description":"Tempo di vacanze, mare e relax. Ma mentre la maggior parte degli italiani ha lasciato le citt\u00e0 alla volta delle localit\u00e0 di villeggiatura, c'\u00e8 ancora chi","breadcrumb":{"@id":"https:\/\/www.gossip.it\/news\/nek-o-di-cataldo-e-sfida-estiva-tra-i-cantanti-del-cuore\/#breadcrumb"},"inLanguage":"it-IT","potentialAction":[{"@type":"ReadAction","target":["https:\/\/www.gossip.it\/news\/nek-o-di-cataldo-e-sfida-estiva-tra-i-cantanti-del-cuore\/"]}]},{"@type":"ImageObject","inLanguage":"it-IT","@id":"https:\/\/www.gossip.it\/news\/nek-o-di-cataldo-e-sfida-estiva-tra-i-cantanti-del-cuore\/#primaryimage","url":"https:\/\/www.gossip.it\/images5\/neck_lodi.jpg","contentUrl":"https:\/\/www.gossip.it\/images5\/neck_lodi.jpg"},{"@type":"BreadcrumbList","@id":"https:\/\/www.gossip.it\/news\/nek-o-di-cataldo-e-sfida-estiva-tra-i-cantanti-del-cuore\/#breadcrumb","itemListElement":[{"@type":"ListItem","position":1,"name":"Home","item":"https:\/\/www.gossip.it\/"},{"@type":"ListItem","position":2,"name":"Nek o Di Cataldo? E' sfida estiva tra i cantanti... del cuore"}]},{"@type":"WebSite","@id":"https:\/\/www.gossip.it\/#website","url":"https:\/\/www.gossip.it\/","name":"Gossip and VIP News","description":"Quotidiano di cronaca rosa, costume e societ\u00e0","publisher":{"@id":"https:\/\/www.gossip.it\/#organization"},"alternateName":"Gossip and VIP News","potentialAction":[{"@type":"SearchAction","target":{"@type":"EntryPoint","urlTemplate":"https:\/\/www.gossip.it\/?s={search_term_string}"},"query-input":{"@type":"PropertyValueSpecification","valueRequired":true,"valueName":"search_term_string"}}],"inLanguage":"it-IT"},{"@type":"Organization","@id":"https:\/\/www.gossip.it\/#organization","name":"Gossip and VIP News","alternateName":"Gossip News","url":"https:\/\/www.gossip.it\/","logo":{"@type":"ImageObject","inLanguage":"it-IT","@id":"https:\/\/www.gossip.it\/#\/schema\/logo\/image\/","url":"https:\/\/www.gossip.it\/wp-content\/uploads\/2022\/04\/cropped-corna-alta-tiny.png","contentUrl":"https:\/\/www.gossip.it\/wp-content\/uploads\/2022\/04\/cropped-corna-alta-tiny.png","width":512,"height":512,"caption":"Gossip and VIP News"},"image":{"@id":"https:\/\/www.gossip.it\/#\/schema\/logo\/image\/"},"sameAs":["https:\/\/www.facebook.com\/GossipIT","https:\/\/x.com\/gossinews_it","https:\/\/instagram.com\/gossip_it"]},{"@type":"Person","@id":"https:\/\/www.gossip.it\/#\/schema\/person\/488896f75158bff1cc83c6c39d141110","name":"La Redazione","image":{"@type":"ImageObject","inLanguage":"it-IT","@id":"https:\/\/www.gossip.it\/#\/schema\/person\/image\/","url":"https:\/\/secure.gravatar.com\/avatar\/5a5f5c6fa3e6700e4249abdad0263a1e94e927d9e0499b1cb09c1cd29c044d80?s=96&d=mm&r=g","contentUrl":"https:\/\/secure.gravatar.com\/avatar\/5a5f5c6fa3e6700e4249abdad0263a1e94e927d9e0499b1cb09c1cd29c044d80?s=96&d=mm&r=g","caption":"La Redazione"},"sameAs":["https:\/\/www.gossip.it"]}]}},"amp_enabled":true,"_links":{"self":[{"href":"https:\/\/www.gossip.it\/api\/wp\/v2\/posts\/19902","targetHints":{"allow":["GET"]}}],"collection":[{"href":"https:\/\/www.gossip.it\/api\/wp\/v2\/posts"}],"about":[{"href":"https:\/\/www.gossip.it\/api\/wp\/v2\/types\/post"}],"author":[{"embeddable":true,"href":"https:\/\/www.gossip.it\/api\/wp\/v2\/users\/1"}],"replies":[{"embeddable":true,"href":"https:\/\/www.gossip.it\/api\/wp\/v2\/comments?post=19902"}],"version-history":[{"count":0,"href":"https:\/\/www.gossip.it\/api\/wp\/v2\/posts\/19902\/revisions"}],"wp:featuredmedia":[{"embeddable":true,"href":"https:\/\/www.gossip.it\/api\/wp\/v2\/media\/75950"}],"wp:attachment":[{"href":"https:\/\/www.gossip.it\/api\/wp\/v2\/media?parent=19902"}],"wp:term":[{"taxonomy":"category","embeddable":true,"href":"https:\/\/www.gossip.it\/api\/wp\/v2\/categories?post=19902"},{"taxonomy":"post_tag","embeddable":true,"href":"https:\/\/www.gossip.it\/api\/wp\/v2\/tags?post=19902"},{"taxonomy":"vip","embeddable":true,"href":"https:\/\/www.gossip.it\/api\/wp\/v2\/vip?post=19902"}],"curies":[{"name":"wp","href":"https:\/\/api.w.org\/{rel}","templated":true}]}}