{"id":20018,"date":"2005-09-12T00:00:00","date_gmt":"2005-09-11T22:00:00","guid":{"rendered":"https:\/\/www.gossip.it\/senza-categoria\/antonella-il-richiamo-dell-isola\/"},"modified":"2005-09-12T00:00:00","modified_gmt":"2005-09-11T22:00:00","slug":"antonella-il-richiamo-dell-isola","status":"publish","type":"post","link":"https:\/\/www.gossip.it\/news\/antonella-il-richiamo-dell-isola\/","title":{"rendered":"Antonella, il richiamo dell' 'Isola'..."},"content":{"rendered":"<p>Mercoled\u00ec 21 settembre. Ore 21, Rai Due. Una momento \u2018storico\u2019 per tutti gli appassionati dei reality-show: riparte l\u2019 <b>\u201cIsola dei Famosi\u201d<\/b>.<\/p>\n<p>Sar\u00e0 ancora <a href='https:\/\/www.gossip.it\/news\/monografia.php?keyword=simona%20ventura'><b><u>Simona Ventura<\/u><\/b><\/a> la padrona di casa e ed ad accogliere i dodici naufraghi a <b>Santo Domingo<\/b> ci penser\u00e0 <a href='https:\/\/www.gossip.it\/news\/monografia.php?keyword=massimo%20caputi'><b><u>Massimo Caputi<\/u><\/b><\/a>.<br \/>\nLa prima novit\u00e0 del programma \u00e8 la presenza dell\u2019ex-concorrente <a href='https:\/\/www.gossip.it\/news\/monografia.php?keyword=antonella%20elia'><b><u>Antonella Elia<\/u><\/b><\/a>. La bella show-girl vestir\u00e0 i panni dell\u2019opinionista. Il suo compito sar\u00e0 quello di incoraggiare e commentare le mosse dei volti noti che abiteranno l\u2019isola. Questi ultimi non avranno vita facile e, proprio per questo, sono stati sottoposti ad un breve ma intenso corso di sopravvivenza: una sorta di training durato tre giorni e che si \u00e8 svolto a <b>Morfasso<\/b> sulle colline piacentine.<br \/>\nManca poco al fischio d\u2019inizio e chiss\u00e0 se l\u2019 <a href='https:\/\/www.gossip.it\/news\/cerca2.php3?keyword=ISOLA+DEI+FAMOSI&tiporicerca=0&submit.x=0&submit.y=0'><b><u>\u201cIsola 3\u201d<\/u><\/b><\/a> bisser\u00e0 i successi delle prime due edizioni.<\/p>\n<p> Di sicuro,  la coppia che desta maggiore curiosit\u00e0 sono <a href='https:\/\/www.gossip.it\/news\/monografia.php?keyword=ALBANO%20CARRISI'><b><u>Al Bano<\/u><\/b><\/a> e la figlia <b>Romina Jr<\/b>. Due naufraghi d\u2019eccezione!<\/p>\n<p><a href='https:\/\/www.gossip.it\/news\/monografia.php?keyword=antonella%20elia'><b><u>TUTTO SU ANTONELLA ELIA<\/u><\/b><\/a><\/p>\n<p><a href='https:\/\/www.gossip.it\/news\/monografia.php?keyword=simona%20ventura'><b><u>TUTTO SU SIMONA VENTURA<\/u><\/b><\/a><\/p>\n<p>\u00a9 2005 GossipNews-Uff. Stampa<\/p>\n","protected":false},"excerpt":{"rendered":"<p>Mercoled\u00ec 21 settembre. Ore 21, Rai Due. Una momento \u2018storico\u2019 per tutti gli appassionati dei reality-show: riparte l\u2019 \u201cIsola dei Famosi\u201d. Sar\u00e0 ancora Simona Ventura la padrona di casa e ed ad accogliere i dodici naufraghi a Santo Domingo ci penser\u00e0 Massimo Caputi. La prima novit\u00e0 del programma \u00e8 la presenza dell\u2019ex-concorrente Antonella Elia. La [&hellip;]<\/p>\n","protected":false},"author":1,"featured_media":76065,"comment_status":"closed","ping_status":"closed","sticky":false,"template":"","format":"standard","meta":{"footnotes":""},"categories":[54],"tags":[2254,3297,2095,15488,9532,7872,2097],"vip":[347,1698],"class_list":["post-20018","post","type-post","status-publish","format-standard","has-post-thumbnail","hentry","category-news","tag-al-bano","tag-gossip-tv","tag-isola-dei-famosi","tag-massimo-caputi","tag-romina-jr","tag-santo-domingo","tag-tv","vip-antonella_elia","vip-simona_ventura"],"yoast_head":"<title>Antonella, il richiamo dell&#039; &#039;Isola&#039;... - Gossip.it | News sul Gossip e VIP<\/title>\n<meta name=\"description\" content=\"Mercoled\u00ec 21 settembre. Ore 21, Rai Due. Una momento \u2018storico\u2019 per tutti gli appassionati dei reality-show: riparte l\u2019 \u201cIsola dei Famosi\u201d. Sar\u00e0 ancora\" \/>\n<meta name=\"robots\" content=\"index, follow, max-snippet:-1, max-image-preview:large, max-video-preview:-1\" \/>\n<link rel=\"canonical\" href=\"https:\/\/www.gossip.it\/news\/antonella-il-richiamo-dell-isola\/\" \/>\n<meta property=\"og:locale\" content=\"it_IT\" \/>\n<meta property=\"og:type\" content=\"article\" \/>\n<meta property=\"og:title\" content=\"Antonella, il richiamo dell&#039; &#039;Isola&#039;... - Gossip.it | News sul Gossip e VIP\" \/>\n<meta property=\"og:description\" content=\"Mercoled\u00ec 21 settembre. Ore 21, Rai Due. Una momento \u2018storico\u2019 per tutti gli appassionati dei reality-show: riparte l\u2019 \u201cIsola dei Famosi\u201d. Sar\u00e0 ancora\" \/>\n<meta property=\"og:url\" content=\"https:\/\/www.gossip.it\/news\/antonella-il-richiamo-dell-isola\/\" \/>\n<meta property=\"og:site_name\" content=\"Gossip.it | News sul Gossip e VIP\" \/>\n<meta property=\"article:publisher\" content=\"https:\/\/www.facebook.com\/GossipIT\" \/>\n<meta property=\"article:published_time\" content=\"2005-09-11T22:00:00+00:00\" \/>\n<meta property=\"og:image\" content=\"https:\/\/www.gossip.it\/images5\/Elia0868.jpg-2.jpg\" \/>\n<meta name=\"author\" content=\"La Redazione\" \/>\n<meta name=\"twitter:card\" content=\"summary_large_image\" \/>\n<meta name=\"twitter:image\" content=\"https:\/\/www.gossip.it\/images5\/Elia0868.jpg-2.jpg\" \/>\n<meta name=\"twitter:creator\" content=\"@gossinews_it\" \/>\n<meta name=\"twitter:site\" content=\"@gossinews_it\" \/>\n<meta name=\"twitter:label1\" content=\"Scritto da\" \/>\n\t<meta name=\"twitter:data1\" content=\"La Redazione\" \/>\n\t<meta name=\"twitter:label2\" content=\"Tempo di lettura stimato\" \/>\n\t<meta name=\"twitter:data2\" content=\"1 minuto\" \/>","yoast_head_json":{"title":"Antonella, il richiamo dell' 'Isola'... - Gossip.it | News sul Gossip e VIP","description":"Mercoled\u00ec 21 settembre. Ore 21, Rai Due. Una momento \u2018storico\u2019 per tutti gli appassionati dei reality-show: riparte l\u2019 \u201cIsola dei Famosi\u201d. Sar\u00e0 ancora","robots":{"index":"index","follow":"follow","max-snippet":"max-snippet:-1","max-image-preview":"max-image-preview:large","max-video-preview":"max-video-preview:-1"},"canonical":"https:\/\/www.gossip.it\/news\/antonella-il-richiamo-dell-isola\/","og_locale":"it_IT","og_type":"article","og_title":"Antonella, il richiamo dell' 'Isola'... - Gossip.it | News sul Gossip e VIP","og_description":"Mercoled\u00ec 21 settembre. Ore 21, Rai Due. Una momento \u2018storico\u2019 per tutti gli appassionati dei reality-show: riparte l\u2019 \u201cIsola dei Famosi\u201d. Sar\u00e0 ancora","og_url":"https:\/\/www.gossip.it\/news\/antonella-il-richiamo-dell-isola\/","og_site_name":"Gossip.it | News sul Gossip e VIP","article_publisher":"https:\/\/www.facebook.com\/GossipIT","article_published_time":"2005-09-11T22:00:00+00:00","og_image":[{"url":"https:\/\/www.gossip.it\/images5\/Elia0868.jpg-2.jpg"}],"author":"La Redazione","twitter_card":"summary_large_image","twitter_image":"https:\/\/www.gossip.it\/images5\/Elia0868.jpg-2.jpg","twitter_creator":"@gossinews_it","twitter_site":"@gossinews_it","twitter_misc":{"Scritto da":"La Redazione","Tempo di lettura stimato":"1 minuto"},"schema":{"@context":"https:\/\/schema.org","@graph":[{"@type":"Article","@id":"https:\/\/www.gossip.it\/news\/antonella-il-richiamo-dell-isola\/#article","isPartOf":{"@id":"https:\/\/www.gossip.it\/news\/antonella-il-richiamo-dell-isola\/"},"author":{"name":"La Redazione","@id":"https:\/\/www.gossip.it\/#\/schema\/person\/488896f75158bff1cc83c6c39d141110"},"headline":"Antonella, il richiamo dell' 'Isola'...","datePublished":"2005-09-11T22:00:00+00:00","dateModified":"2005-09-11T22:00:00+00:00","mainEntityOfPage":{"@id":"https:\/\/www.gossip.it\/news\/antonella-il-richiamo-dell-isola\/"},"wordCount":168,"publisher":{"@id":"https:\/\/www.gossip.it\/#organization"},"image":{"@id":"https:\/\/www.gossip.it\/news\/antonella-il-richiamo-dell-isola\/#primaryimage"},"thumbnailUrl":"https:\/\/www.gossip.it\/images5\/Elia0868.jpg-2.jpg","keywords":["al bano","gossip.tv","isola dei famosi","massimo caputi","Romina Jr","santo domingo","tv"],"articleSection":["News"],"inLanguage":"it-IT"},{"@type":"WebPage","@id":"https:\/\/www.gossip.it\/news\/antonella-il-richiamo-dell-isola\/","url":"https:\/\/www.gossip.it\/news\/antonella-il-richiamo-dell-isola\/","name":"Antonella, il richiamo dell' 'Isola'... - Gossip.it | News sul Gossip e VIP","isPartOf":{"@id":"https:\/\/www.gossip.it\/#website"},"primaryImageOfPage":{"@id":"https:\/\/www.gossip.it\/news\/antonella-il-richiamo-dell-isola\/#primaryimage"},"image":{"@id":"https:\/\/www.gossip.it\/news\/antonella-il-richiamo-dell-isola\/#primaryimage"},"thumbnailUrl":"https:\/\/www.gossip.it\/images5\/Elia0868.jpg-2.jpg","datePublished":"2005-09-11T22:00:00+00:00","dateModified":"2005-09-11T22:00:00+00:00","description":"Mercoled\u00ec 21 settembre. Ore 21, Rai Due. Una momento \u2018storico\u2019 per tutti gli appassionati dei reality-show: riparte l\u2019 \u201cIsola dei Famosi\u201d. Sar\u00e0 ancora","breadcrumb":{"@id":"https:\/\/www.gossip.it\/news\/antonella-il-richiamo-dell-isola\/#breadcrumb"},"inLanguage":"it-IT","potentialAction":[{"@type":"ReadAction","target":["https:\/\/www.gossip.it\/news\/antonella-il-richiamo-dell-isola\/"]}]},{"@type":"ImageObject","inLanguage":"it-IT","@id":"https:\/\/www.gossip.it\/news\/antonella-il-richiamo-dell-isola\/#primaryimage","url":"https:\/\/www.gossip.it\/images5\/Elia0868.jpg-2.jpg","contentUrl":"https:\/\/www.gossip.it\/images5\/Elia0868.jpg-2.jpg"},{"@type":"BreadcrumbList","@id":"https:\/\/www.gossip.it\/news\/antonella-il-richiamo-dell-isola\/#breadcrumb","itemListElement":[{"@type":"ListItem","position":1,"name":"Home","item":"https:\/\/www.gossip.it\/"},{"@type":"ListItem","position":2,"name":"Antonella, il richiamo dell' 'Isola'..."}]},{"@type":"WebSite","@id":"https:\/\/www.gossip.it\/#website","url":"https:\/\/www.gossip.it\/","name":"Gossip and VIP News","description":"Quotidiano di cronaca rosa, costume e societ\u00e0","publisher":{"@id":"https:\/\/www.gossip.it\/#organization"},"alternateName":"Gossip and VIP News","potentialAction":[{"@type":"SearchAction","target":{"@type":"EntryPoint","urlTemplate":"https:\/\/www.gossip.it\/?s={search_term_string}"},"query-input":{"@type":"PropertyValueSpecification","valueRequired":true,"valueName":"search_term_string"}}],"inLanguage":"it-IT"},{"@type":"Organization","@id":"https:\/\/www.gossip.it\/#organization","name":"Gossip and VIP News","alternateName":"Gossip News","url":"https:\/\/www.gossip.it\/","logo":{"@type":"ImageObject","inLanguage":"it-IT","@id":"https:\/\/www.gossip.it\/#\/schema\/logo\/image\/","url":"https:\/\/www.gossip.it\/wp-content\/uploads\/2022\/04\/cropped-corna-alta-tiny.png","contentUrl":"https:\/\/www.gossip.it\/wp-content\/uploads\/2022\/04\/cropped-corna-alta-tiny.png","width":512,"height":512,"caption":"Gossip and VIP News"},"image":{"@id":"https:\/\/www.gossip.it\/#\/schema\/logo\/image\/"},"sameAs":["https:\/\/www.facebook.com\/GossipIT","https:\/\/x.com\/gossinews_it","https:\/\/instagram.com\/gossip_it"]},{"@type":"Person","@id":"https:\/\/www.gossip.it\/#\/schema\/person\/488896f75158bff1cc83c6c39d141110","name":"La Redazione","image":{"@type":"ImageObject","inLanguage":"it-IT","@id":"https:\/\/www.gossip.it\/#\/schema\/person\/image\/","url":"https:\/\/secure.gravatar.com\/avatar\/5a5f5c6fa3e6700e4249abdad0263a1e94e927d9e0499b1cb09c1cd29c044d80?s=96&d=mm&r=g","contentUrl":"https:\/\/secure.gravatar.com\/avatar\/5a5f5c6fa3e6700e4249abdad0263a1e94e927d9e0499b1cb09c1cd29c044d80?s=96&d=mm&r=g","caption":"La Redazione"},"sameAs":["https:\/\/www.gossip.it"]}]}},"amp_enabled":true,"_links":{"self":[{"href":"https:\/\/www.gossip.it\/api\/wp\/v2\/posts\/20018","targetHints":{"allow":["GET"]}}],"collection":[{"href":"https:\/\/www.gossip.it\/api\/wp\/v2\/posts"}],"about":[{"href":"https:\/\/www.gossip.it\/api\/wp\/v2\/types\/post"}],"author":[{"embeddable":true,"href":"https:\/\/www.gossip.it\/api\/wp\/v2\/users\/1"}],"replies":[{"embeddable":true,"href":"https:\/\/www.gossip.it\/api\/wp\/v2\/comments?post=20018"}],"version-history":[{"count":0,"href":"https:\/\/www.gossip.it\/api\/wp\/v2\/posts\/20018\/revisions"}],"wp:featuredmedia":[{"embeddable":true,"href":"https:\/\/www.gossip.it\/api\/wp\/v2\/media\/76065"}],"wp:attachment":[{"href":"https:\/\/www.gossip.it\/api\/wp\/v2\/media?parent=20018"}],"wp:term":[{"taxonomy":"category","embeddable":true,"href":"https:\/\/www.gossip.it\/api\/wp\/v2\/categories?post=20018"},{"taxonomy":"post_tag","embeddable":true,"href":"https:\/\/www.gossip.it\/api\/wp\/v2\/tags?post=20018"},{"taxonomy":"vip","embeddable":true,"href":"https:\/\/www.gossip.it\/api\/wp\/v2\/vip?post=20018"}],"curies":[{"name":"wp","href":"https:\/\/api.w.org\/{rel}","templated":true}]}}