{"id":20395,"date":"2005-12-16T00:00:00","date_gmt":"2005-12-15T23:00:00","guid":{"rendered":"https:\/\/www.gossip.it\/senza-categoria\/righetti-henger-black-co-i-comunicattivi\/"},"modified":"2005-12-16T00:00:00","modified_gmt":"2005-12-15T23:00:00","slug":"righetti-henger-black-co-i-comunicattivi","status":"publish","type":"post","link":"https:\/\/www.gossip.it\/news\/righetti-henger-black-co-i-comunicattivi\/","title":{"rendered":"Righetti, Henger, Black &#038; Co: i ComuniCattivi"},"content":{"rendered":"<p>Una trasmissione radiofonica di grande successo su Radio 1 Rai, <b>\u201cIl ComuniCattivo\u201d<\/b>, ed ora un nuovo libro, un <b>cd<\/b> e, per finire, un <b>film<\/b> in uscita il prossimo 12 gennaio, <b>\u201cParentesi Tonde\u201d<\/b>, dove interpreta se stesso. <b>Igor Righetti<\/b>, massmediologo, giornalista, docente universitario, autore e conduttore radiotelevisivo, per festeggiare e presentare le sue innumerevoli iniziative, ha organizzato un party vip all\u2019Ohmyq club di Roma.<\/p>\n<p>All\u2019evento, intitolato provocatoriamente <b>\u201cPrimo congresso planetario sull\u2019anemia creativa, pi\u00f9 spazio alle idee\u201d<\/b>, hanno partecipato pi\u00f9 di mille ospiti. Tra i tanti volti noti presenti: Alberto Bevilacqua, Eva Henger, Mariella Nava, Patrizia, Giada e Dario De Blanck, Riccardo Schicchi, Vladimir Luxuria, Sonia Grey, i principi Giovannelli e Ruspoli, Maria Pia Dell\u2019Utri, Jos\u00e9 Rallo, Franco Grillini, Claudio Mantovani, Silvana Augero (Madame Picasso), Valeria Mei, \u201cI paguri\u201d Dino e Massimo.<\/p>\n<p>Igor, felicissimo, ha presentato il suo nuovo libro <b>\u201cCome ammazzare il tempo senza farlo soffrire. Il manuale del ComuniCattivo dedicato all\u2019Italia intera e a quella parzialmente scremata\u201d<\/b>, pubblicato da Baldini Castoldi Dalai, e anche il suo singolo <b>\u201cMa arianna (e il suo filo)\u201d<\/b>, realizzato da Media Records in uscita il 15 gennaio 2006, che \u00e8 il capostipite del nuovo filone musicale da lui stesso creato e chiamato \u201cMusicattiva\u201d.<br \/>\n<i>\u201cI linguaggi della comunicazione<\/i>  - ha spiegato Righetti - <i>sono tanti e tutti efficaci. Pi\u00f9 se ne usano, pi\u00f9 aumenta la nostra conoscenza e la possibilit\u00e0 di dialogare con gli altri. Tutto il progetto che ho scritto e ideato ruota intorno al nostro modo di comunicare con gli altri e al linguaggio che utilizziamo. Sono convinto che soprattutto attraverso la musica si possano lanciare messaggi ai giovani che per loro natura sono particolarmente sensibili a questo tipo di comunicazione. La musica per loro \u00e8 vita, amicizia, complicit\u00e0, sogni e speranze\u201d<\/i>.<\/p>\n<p>Foto: ufficio stampa<\/p>\n","protected":false},"excerpt":{"rendered":"<p>Una trasmissione radiofonica di grande successo su Radio 1 Rai, \u201cIl ComuniCattivo\u201d, ed ora un nuovo libro, un cd e, per finire, un film in uscita il prossimo 12 gennaio, \u201cParentesi Tonde\u201d, dove interpreta se stesso. Igor Righetti, massmediologo, giornalista, docente universitario, autore e conduttore radiotelevisivo, per festeggiare e presentare le sue innumerevoli iniziative, ha [&hellip;]<\/p>\n","protected":false},"author":1,"featured_media":76442,"comment_status":"closed","ping_status":"closed","sticky":false,"template":"","format":"standard","meta":{"footnotes":""},"categories":[54],"tags":[24026,2784,2410,24024,22204,2725,1976,24023,24027,5619,2769,14716,20527,24022,2957,24021,14956,2654,2408,24018,1965,21343,22203,12820,1879,24020,24025,18909,24019,214,2232],"vip":[699],"class_list":["post-20395","post","type-post","status-publish","format-standard","has-post-thumbnail","hentry","category-news","tag-alberto-bevilacqua","tag-cd","tag-cinema","tag-claudio-mantovani","tag-comunicattivo","tag-eventi","tag-film","tag-franco-grillini","tag-giada-e-dario-de-blanck","tag-giovannelli","tag-gossip-cinema","tag-gossip-musica","tag-igor-righetti","tag-jose-rallo","tag-libro","tag-maria-pia-dellutri","tag-mariella-nava","tag-mondanita","tag-musica","tag-parentesi-tonde","tag-party","tag-patrizia","tag-radio-1-rai","tag-riccardo-schicchi","tag-roma","tag-ruspoli","tag-silvana-augero","tag-sonia-grey","tag-valeria-mei","tag-vip","tag-vladimir-luxuria","vip-eva_henger"],"yoast_head":"<title>Righetti, Henger, Black &amp; Co: i ComuniCattivi - Gossip.it | News sul Gossip e VIP<\/title>\n<meta name=\"description\" content=\"Una trasmissione radiofonica di grande successo su Radio 1 Rai, \u201cIl ComuniCattivo\u201d, ed ora un nuovo libro, un cd e, per finire, un film in uscita il\" \/>\n<meta name=\"robots\" content=\"index, follow, max-snippet:-1, max-image-preview:large, max-video-preview:-1\" \/>\n<link rel=\"canonical\" href=\"https:\/\/www.gossip.it\/news\/righetti-henger-black-co-i-comunicattivi\/\" \/>\n<meta property=\"og:locale\" content=\"it_IT\" \/>\n<meta property=\"og:type\" content=\"article\" \/>\n<meta property=\"og:title\" content=\"Righetti, Henger, Black &amp; Co: i ComuniCattivi - Gossip.it | News sul Gossip e VIP\" \/>\n<meta property=\"og:description\" content=\"Una trasmissione radiofonica di grande successo su Radio 1 Rai, \u201cIl ComuniCattivo\u201d, ed ora un nuovo libro, un cd e, per finire, un film in uscita il\" \/>\n<meta property=\"og:url\" content=\"https:\/\/www.gossip.it\/news\/righetti-henger-black-co-i-comunicattivi\/\" \/>\n<meta property=\"og:site_name\" content=\"Gossip.it | News sul Gossip e VIP\" \/>\n<meta property=\"article:publisher\" content=\"https:\/\/www.facebook.com\/GossipIT\" \/>\n<meta property=\"article:published_time\" content=\"2005-12-15T23:00:00+00:00\" \/>\n<meta property=\"og:image\" content=\"https:\/\/www.gossip.it\/images5\/0151205_righetti.jpg\" \/>\n<meta name=\"author\" content=\"La Redazione\" \/>\n<meta name=\"twitter:card\" content=\"summary_large_image\" \/>\n<meta name=\"twitter:image\" content=\"https:\/\/www.gossip.it\/images5\/0151205_righetti.jpg\" \/>\n<meta name=\"twitter:creator\" content=\"@gossinews_it\" \/>\n<meta name=\"twitter:site\" content=\"@gossinews_it\" \/>\n<meta name=\"twitter:label1\" content=\"Scritto da\" \/>\n\t<meta name=\"twitter:data1\" content=\"Annamaria Capozzi\" \/>\n\t<meta name=\"twitter:label2\" content=\"Tempo di lettura stimato\" \/>\n\t<meta name=\"twitter:data2\" content=\"1 minuto\" \/>","yoast_head_json":{"title":"Righetti, Henger, Black & Co: i ComuniCattivi - Gossip.it | News sul Gossip e VIP","description":"Una trasmissione radiofonica di grande successo su Radio 1 Rai, \u201cIl ComuniCattivo\u201d, ed ora un nuovo libro, un cd e, per finire, un film in uscita il","robots":{"index":"index","follow":"follow","max-snippet":"max-snippet:-1","max-image-preview":"max-image-preview:large","max-video-preview":"max-video-preview:-1"},"canonical":"https:\/\/www.gossip.it\/news\/righetti-henger-black-co-i-comunicattivi\/","og_locale":"it_IT","og_type":"article","og_title":"Righetti, Henger, Black & Co: i ComuniCattivi - Gossip.it | News sul Gossip e VIP","og_description":"Una trasmissione radiofonica di grande successo su Radio 1 Rai, \u201cIl ComuniCattivo\u201d, ed ora un nuovo libro, un cd e, per finire, un film in uscita il","og_url":"https:\/\/www.gossip.it\/news\/righetti-henger-black-co-i-comunicattivi\/","og_site_name":"Gossip.it | News sul Gossip e VIP","article_publisher":"https:\/\/www.facebook.com\/GossipIT","article_published_time":"2005-12-15T23:00:00+00:00","og_image":[{"url":"https:\/\/www.gossip.it\/images5\/0151205_righetti.jpg"}],"author":"La Redazione","twitter_card":"summary_large_image","twitter_image":"https:\/\/www.gossip.it\/images5\/0151205_righetti.jpg","twitter_creator":"@gossinews_it","twitter_site":"@gossinews_it","twitter_misc":{"Scritto da":"Annamaria Capozzi","Tempo di lettura stimato":"1 minuto"},"schema":{"@context":"https:\/\/schema.org","@graph":[{"@type":"Article","@id":"https:\/\/www.gossip.it\/news\/righetti-henger-black-co-i-comunicattivi\/#article","isPartOf":{"@id":"https:\/\/www.gossip.it\/news\/righetti-henger-black-co-i-comunicattivi\/"},"author":{"name":"La Redazione","@id":"https:\/\/www.gossip.it\/#\/schema\/person\/488896f75158bff1cc83c6c39d141110"},"headline":"Righetti, Henger, Black &#038; Co: i ComuniCattivi","datePublished":"2005-12-15T23:00:00+00:00","dateModified":"2005-12-15T23:00:00+00:00","mainEntityOfPage":{"@id":"https:\/\/www.gossip.it\/news\/righetti-henger-black-co-i-comunicattivi\/"},"wordCount":296,"publisher":{"@id":"https:\/\/www.gossip.it\/#organization"},"image":{"@id":"https:\/\/www.gossip.it\/news\/righetti-henger-black-co-i-comunicattivi\/#primaryimage"},"thumbnailUrl":"https:\/\/www.gossip.it\/images5\/0151205_righetti.jpg","keywords":["Alberto Bevilacqua","cd","cinema","Claudio Mantovani","comunicattivo","eventi","film","Franco Grillini","Giada e Dario De Blanck","giovannelli","gossip cinema","gossip musica","igor righetti","Jos\u00e9 Rallo","libro","Maria Pia Dell\u2019Utri","Mariella Nava","mondanita","musica","parentesi tonde","party","patrizia","radio 1 rai","riccardo schicchi","roma","Ruspoli","Silvana Augero","sonia grey","Valeria Mei","Vip","vladimir luxuria"],"articleSection":["News"],"inLanguage":"it-IT"},{"@type":"WebPage","@id":"https:\/\/www.gossip.it\/news\/righetti-henger-black-co-i-comunicattivi\/","url":"https:\/\/www.gossip.it\/news\/righetti-henger-black-co-i-comunicattivi\/","name":"Righetti, Henger, Black & Co: i ComuniCattivi - Gossip.it | News sul Gossip e VIP","isPartOf":{"@id":"https:\/\/www.gossip.it\/#website"},"primaryImageOfPage":{"@id":"https:\/\/www.gossip.it\/news\/righetti-henger-black-co-i-comunicattivi\/#primaryimage"},"image":{"@id":"https:\/\/www.gossip.it\/news\/righetti-henger-black-co-i-comunicattivi\/#primaryimage"},"thumbnailUrl":"https:\/\/www.gossip.it\/images5\/0151205_righetti.jpg","datePublished":"2005-12-15T23:00:00+00:00","dateModified":"2005-12-15T23:00:00+00:00","description":"Una trasmissione radiofonica di grande successo su Radio 1 Rai, \u201cIl ComuniCattivo\u201d, ed ora un nuovo libro, un cd e, per finire, un film in uscita il","breadcrumb":{"@id":"https:\/\/www.gossip.it\/news\/righetti-henger-black-co-i-comunicattivi\/#breadcrumb"},"inLanguage":"it-IT","potentialAction":[{"@type":"ReadAction","target":["https:\/\/www.gossip.it\/news\/righetti-henger-black-co-i-comunicattivi\/"]}]},{"@type":"ImageObject","inLanguage":"it-IT","@id":"https:\/\/www.gossip.it\/news\/righetti-henger-black-co-i-comunicattivi\/#primaryimage","url":"https:\/\/www.gossip.it\/images5\/0151205_righetti.jpg","contentUrl":"https:\/\/www.gossip.it\/images5\/0151205_righetti.jpg"},{"@type":"BreadcrumbList","@id":"https:\/\/www.gossip.it\/news\/righetti-henger-black-co-i-comunicattivi\/#breadcrumb","itemListElement":[{"@type":"ListItem","position":1,"name":"Home","item":"https:\/\/www.gossip.it\/"},{"@type":"ListItem","position":2,"name":"Righetti, Henger, Black &#038; Co: i ComuniCattivi"}]},{"@type":"WebSite","@id":"https:\/\/www.gossip.it\/#website","url":"https:\/\/www.gossip.it\/","name":"Gossip and VIP News","description":"Quotidiano di cronaca rosa, costume e societ\u00e0","publisher":{"@id":"https:\/\/www.gossip.it\/#organization"},"alternateName":"Gossip and VIP News","potentialAction":[{"@type":"SearchAction","target":{"@type":"EntryPoint","urlTemplate":"https:\/\/www.gossip.it\/?s={search_term_string}"},"query-input":{"@type":"PropertyValueSpecification","valueRequired":true,"valueName":"search_term_string"}}],"inLanguage":"it-IT"},{"@type":"Organization","@id":"https:\/\/www.gossip.it\/#organization","name":"Gossip and VIP News","alternateName":"Gossip News","url":"https:\/\/www.gossip.it\/","logo":{"@type":"ImageObject","inLanguage":"it-IT","@id":"https:\/\/www.gossip.it\/#\/schema\/logo\/image\/","url":"https:\/\/www.gossip.it\/wp-content\/uploads\/2022\/04\/cropped-corna-alta-tiny.png","contentUrl":"https:\/\/www.gossip.it\/wp-content\/uploads\/2022\/04\/cropped-corna-alta-tiny.png","width":512,"height":512,"caption":"Gossip and VIP News"},"image":{"@id":"https:\/\/www.gossip.it\/#\/schema\/logo\/image\/"},"sameAs":["https:\/\/www.facebook.com\/GossipIT","https:\/\/x.com\/gossinews_it","https:\/\/instagram.com\/gossip_it"]},{"@type":"Person","@id":"https:\/\/www.gossip.it\/#\/schema\/person\/488896f75158bff1cc83c6c39d141110","name":"La Redazione","image":{"@type":"ImageObject","inLanguage":"it-IT","@id":"https:\/\/www.gossip.it\/#\/schema\/person\/image\/","url":"https:\/\/secure.gravatar.com\/avatar\/5a5f5c6fa3e6700e4249abdad0263a1e94e927d9e0499b1cb09c1cd29c044d80?s=96&d=mm&r=g","contentUrl":"https:\/\/secure.gravatar.com\/avatar\/5a5f5c6fa3e6700e4249abdad0263a1e94e927d9e0499b1cb09c1cd29c044d80?s=96&d=mm&r=g","caption":"La Redazione"},"sameAs":["https:\/\/www.gossip.it"]}]}},"amp_enabled":true,"_links":{"self":[{"href":"https:\/\/www.gossip.it\/api\/wp\/v2\/posts\/20395","targetHints":{"allow":["GET"]}}],"collection":[{"href":"https:\/\/www.gossip.it\/api\/wp\/v2\/posts"}],"about":[{"href":"https:\/\/www.gossip.it\/api\/wp\/v2\/types\/post"}],"author":[{"embeddable":true,"href":"https:\/\/www.gossip.it\/api\/wp\/v2\/users\/1"}],"replies":[{"embeddable":true,"href":"https:\/\/www.gossip.it\/api\/wp\/v2\/comments?post=20395"}],"version-history":[{"count":0,"href":"https:\/\/www.gossip.it\/api\/wp\/v2\/posts\/20395\/revisions"}],"wp:featuredmedia":[{"embeddable":true,"href":"https:\/\/www.gossip.it\/api\/wp\/v2\/media\/76442"}],"wp:attachment":[{"href":"https:\/\/www.gossip.it\/api\/wp\/v2\/media?parent=20395"}],"wp:term":[{"taxonomy":"category","embeddable":true,"href":"https:\/\/www.gossip.it\/api\/wp\/v2\/categories?post=20395"},{"taxonomy":"post_tag","embeddable":true,"href":"https:\/\/www.gossip.it\/api\/wp\/v2\/tags?post=20395"},{"taxonomy":"vip","embeddable":true,"href":"https:\/\/www.gossip.it\/api\/wp\/v2\/vip?post=20395"}],"curies":[{"name":"wp","href":"https:\/\/api.w.org\/{rel}","templated":true}]}}