{"id":20453,"date":"2006-01-05T00:00:00","date_gmt":"2006-01-04T23:00:00","guid":{"rendered":"https:\/\/www.gossip.it\/senza-categoria\/michel-altieri-e-the-boy-of-copacabana\/"},"modified":"2006-01-05T00:00:00","modified_gmt":"2006-01-04T23:00:00","slug":"michel-altieri-e-the-boy-of-copacabana","status":"publish","type":"post","link":"https:\/\/www.gossip.it\/news\/michel-altieri-e-the-boy-of-copacabana\/","title":{"rendered":"Michel Altieri \u00e8 \u2018The boy of Copacabana\u2019"},"content":{"rendered":"<p>Italo francese nato a Bari il 16 giugno 1978, <a href='https:\/\/www.gossip.it\/news\/monografia.php?keyword=michel%20altieri'><b><u>Michel Altieri<\/u><\/b><\/a> sorprende per la sua bellezza, ma, soprattutto, per la sua versatilit\u00e0 nel mondo dello spettacolo.<\/p>\n<p>Sul suo curriculum si legge come qualifica: attore e <a href='https:\/\/www.gossip.it\/musica'><b><u>cantante<\/u><\/b><\/a>. Ma Michel \u00e8 molto di pi\u00f9. Un vero professionista del palcoscenico. Studi di tutto rispetto alle spalle, nonostante la giovane et\u00e0, e tanti spettacoli di successo e qualit\u00e0.<br \/>\nDrammatico, ma anche comico, come nella sit com <b>\u201cCamera Caf\u00e8\u201d<\/b> di <a href='https:\/\/www.gossip.it\/tv'><b><u>Italia 1<\/u><\/b><\/a>, Altieri ora \u00e8 impegnato sul set del <a href='https:\/\/www.gossip.it\/cinema'><b><u>film<\/u><\/b><\/a> <a href='https:\/\/www.gossip.it\/film\/boy_of_copacabana\/'><b><u>\u201cThe boy of Copacabana\u201d<\/u><\/b><\/a> diretto da <b>Angelo Rizzo<\/b>, che racconta la vera storia di Fabio Di Celmo, giovane imprenditore italiano morto a Cuba nel 1997 a soli 32 anni, ucciso da una bomba esplosa sotto un divano nel bar dell\u2019hotel Copacabana. Al suo fianco l\u2019affascinante <b>Marta Nieto<\/b>. Come mostra lo speciale fotografico, Michel, intenso e drammatico, sorprender\u00e0 ancora una volta le tante fans con lo sguardo magnetico che lo contraddistingue e lo rende davvero indimenticabile.<\/p>\n<p><a href='https:\/\/www.gossip.it\/film\/boy_of_copacabana'><b><u>MICHEL ALTIERI SUL SET DI THE BOY OF COPACABANA<\/u><\/b><\/a><\/p>\n<p><a href='https:\/\/www.gossip.it\/news\/monografia.php?keyword=michel%20altieri'><b><u>TUTTO SU MICHEL ALTIERI<\/u><\/b><\/a><\/p>\n<p>Foto: Ufficio stampa<\/p>\n","protected":false},"excerpt":{"rendered":"<p>Italo francese nato a Bari il 16 giugno 1978, Michel Altieri sorprende per la sua bellezza, ma, soprattutto, per la sua versatilit\u00e0 nel mondo dello spettacolo. Sul suo curriculum si legge come qualifica: attore e cantante. Ma Michel \u00e8 molto di pi\u00f9. Un vero professionista del palcoscenico. Studi di tutto rispetto alle spalle, nonostante la [&hellip;]<\/p>\n","protected":false},"author":1,"featured_media":76500,"comment_status":"closed","ping_status":"closed","sticky":false,"template":"","format":"standard","meta":{"footnotes":""},"categories":[54],"tags":[24112,2137,21469,1981,2410,1976,2769,18271,3297,2131,24113,24111,2438,23918,2097],"vip":[],"class_list":["post-20453","post","type-post","status-publish","format-standard","has-post-thumbnail","hentry","category-news","tag-angelo-rizzo","tag-attore","tag-camera-cafe","tag-cantante","tag-cinema","tag-film","tag-gossip-cinema","tag-gossip-teatro","tag-gossip-tv","tag-italia-1","tag-marta-nieto","tag-michael-altieri","tag-teatro","tag-the-boy-of-copacabana","tag-tv"],"yoast_head":"<title>Michel Altieri \u00e8 \u2018The boy of Copacabana\u2019 - Gossip.it | News sul Gossip e VIP<\/title>\n<meta name=\"description\" content=\"Italo francese nato a Bari il 16 giugno 1978, Michel Altieri sorprende per la sua bellezza, ma, soprattutto, per la sua versatilit\u00e0 nel mondo dello\" \/>\n<meta name=\"robots\" content=\"index, follow, max-snippet:-1, max-image-preview:large, max-video-preview:-1\" \/>\n<link rel=\"canonical\" href=\"https:\/\/www.gossip.it\/news\/michel-altieri-e-the-boy-of-copacabana\/\" \/>\n<meta property=\"og:locale\" content=\"it_IT\" \/>\n<meta property=\"og:type\" content=\"article\" \/>\n<meta property=\"og:title\" content=\"Michel Altieri \u00e8 \u2018The boy of Copacabana\u2019 - Gossip.it | News sul Gossip e VIP\" \/>\n<meta property=\"og:description\" content=\"Italo francese nato a Bari il 16 giugno 1978, Michel Altieri sorprende per la sua bellezza, ma, soprattutto, per la sua versatilit\u00e0 nel mondo dello\" \/>\n<meta property=\"og:url\" content=\"https:\/\/www.gossip.it\/news\/michel-altieri-e-the-boy-of-copacabana\/\" \/>\n<meta property=\"og:site_name\" content=\"Gossip.it | News sul Gossip e VIP\" \/>\n<meta property=\"article:publisher\" content=\"https:\/\/www.facebook.com\/GossipIT\" \/>\n<meta property=\"article:published_time\" content=\"2006-01-04T23:00:00+00:00\" \/>\n<meta property=\"og:image\" content=\"https:\/\/www.gossip.it\/images5\/050106_ALTIERI.JPG\" \/>\n<meta name=\"author\" content=\"La Redazione\" \/>\n<meta name=\"twitter:card\" content=\"summary_large_image\" \/>\n<meta name=\"twitter:image\" content=\"https:\/\/www.gossip.it\/images5\/050106_ALTIERI.JPG\" \/>\n<meta name=\"twitter:creator\" content=\"@gossinews_it\" \/>\n<meta name=\"twitter:site\" content=\"@gossinews_it\" \/>\n<meta name=\"twitter:label1\" content=\"Scritto da\" \/>\n\t<meta name=\"twitter:data1\" content=\"Annamaria Capozzi\" \/>\n\t<meta name=\"twitter:label2\" content=\"Tempo di lettura stimato\" \/>\n\t<meta name=\"twitter:data2\" content=\"1 minuto\" \/>","yoast_head_json":{"title":"Michel Altieri \u00e8 \u2018The boy of Copacabana\u2019 - Gossip.it | News sul Gossip e VIP","description":"Italo francese nato a Bari il 16 giugno 1978, Michel Altieri sorprende per la sua bellezza, ma, soprattutto, per la sua versatilit\u00e0 nel mondo dello","robots":{"index":"index","follow":"follow","max-snippet":"max-snippet:-1","max-image-preview":"max-image-preview:large","max-video-preview":"max-video-preview:-1"},"canonical":"https:\/\/www.gossip.it\/news\/michel-altieri-e-the-boy-of-copacabana\/","og_locale":"it_IT","og_type":"article","og_title":"Michel Altieri \u00e8 \u2018The boy of Copacabana\u2019 - Gossip.it | News sul Gossip e VIP","og_description":"Italo francese nato a Bari il 16 giugno 1978, Michel Altieri sorprende per la sua bellezza, ma, soprattutto, per la sua versatilit\u00e0 nel mondo dello","og_url":"https:\/\/www.gossip.it\/news\/michel-altieri-e-the-boy-of-copacabana\/","og_site_name":"Gossip.it | News sul Gossip e VIP","article_publisher":"https:\/\/www.facebook.com\/GossipIT","article_published_time":"2006-01-04T23:00:00+00:00","og_image":[{"url":"https:\/\/www.gossip.it\/images5\/050106_ALTIERI.JPG"}],"author":"La Redazione","twitter_card":"summary_large_image","twitter_image":"https:\/\/www.gossip.it\/images5\/050106_ALTIERI.JPG","twitter_creator":"@gossinews_it","twitter_site":"@gossinews_it","twitter_misc":{"Scritto da":"Annamaria Capozzi","Tempo di lettura stimato":"1 minuto"},"schema":{"@context":"https:\/\/schema.org","@graph":[{"@type":"Article","@id":"https:\/\/www.gossip.it\/news\/michel-altieri-e-the-boy-of-copacabana\/#article","isPartOf":{"@id":"https:\/\/www.gossip.it\/news\/michel-altieri-e-the-boy-of-copacabana\/"},"author":{"name":"La Redazione","@id":"https:\/\/www.gossip.it\/#\/schema\/person\/488896f75158bff1cc83c6c39d141110"},"headline":"Michel Altieri \u00e8 \u2018The boy of Copacabana\u2019","datePublished":"2006-01-04T23:00:00+00:00","dateModified":"2006-01-04T23:00:00+00:00","mainEntityOfPage":{"@id":"https:\/\/www.gossip.it\/news\/michel-altieri-e-the-boy-of-copacabana\/"},"wordCount":177,"publisher":{"@id":"https:\/\/www.gossip.it\/#organization"},"image":{"@id":"https:\/\/www.gossip.it\/news\/michel-altieri-e-the-boy-of-copacabana\/#primaryimage"},"thumbnailUrl":"https:\/\/www.gossip.it\/images5\/050106_ALTIERI.JPG","keywords":["angelo rizzo","attore","camera caf\u00e8","cantante","cinema","film","gossip cinema","gossip teatro","gossip.tv","italia 1","marta nieto","michael altieri","teatro","the boy of copacabana","tv"],"articleSection":["News"],"inLanguage":"it-IT"},{"@type":"WebPage","@id":"https:\/\/www.gossip.it\/news\/michel-altieri-e-the-boy-of-copacabana\/","url":"https:\/\/www.gossip.it\/news\/michel-altieri-e-the-boy-of-copacabana\/","name":"Michel Altieri \u00e8 \u2018The boy of Copacabana\u2019 - Gossip.it | News sul Gossip e VIP","isPartOf":{"@id":"https:\/\/www.gossip.it\/#website"},"primaryImageOfPage":{"@id":"https:\/\/www.gossip.it\/news\/michel-altieri-e-the-boy-of-copacabana\/#primaryimage"},"image":{"@id":"https:\/\/www.gossip.it\/news\/michel-altieri-e-the-boy-of-copacabana\/#primaryimage"},"thumbnailUrl":"https:\/\/www.gossip.it\/images5\/050106_ALTIERI.JPG","datePublished":"2006-01-04T23:00:00+00:00","dateModified":"2006-01-04T23:00:00+00:00","description":"Italo francese nato a Bari il 16 giugno 1978, Michel Altieri sorprende per la sua bellezza, ma, soprattutto, per la sua versatilit\u00e0 nel mondo dello","breadcrumb":{"@id":"https:\/\/www.gossip.it\/news\/michel-altieri-e-the-boy-of-copacabana\/#breadcrumb"},"inLanguage":"it-IT","potentialAction":[{"@type":"ReadAction","target":["https:\/\/www.gossip.it\/news\/michel-altieri-e-the-boy-of-copacabana\/"]}]},{"@type":"ImageObject","inLanguage":"it-IT","@id":"https:\/\/www.gossip.it\/news\/michel-altieri-e-the-boy-of-copacabana\/#primaryimage","url":"https:\/\/www.gossip.it\/images5\/050106_ALTIERI.JPG","contentUrl":"https:\/\/www.gossip.it\/images5\/050106_ALTIERI.JPG"},{"@type":"BreadcrumbList","@id":"https:\/\/www.gossip.it\/news\/michel-altieri-e-the-boy-of-copacabana\/#breadcrumb","itemListElement":[{"@type":"ListItem","position":1,"name":"Home","item":"https:\/\/www.gossip.it\/"},{"@type":"ListItem","position":2,"name":"Michel Altieri \u00e8 \u2018The boy of Copacabana\u2019"}]},{"@type":"WebSite","@id":"https:\/\/www.gossip.it\/#website","url":"https:\/\/www.gossip.it\/","name":"Gossip and VIP News","description":"Quotidiano di cronaca rosa, costume e societ\u00e0","publisher":{"@id":"https:\/\/www.gossip.it\/#organization"},"alternateName":"Gossip and VIP News","potentialAction":[{"@type":"SearchAction","target":{"@type":"EntryPoint","urlTemplate":"https:\/\/www.gossip.it\/?s={search_term_string}"},"query-input":{"@type":"PropertyValueSpecification","valueRequired":true,"valueName":"search_term_string"}}],"inLanguage":"it-IT"},{"@type":"Organization","@id":"https:\/\/www.gossip.it\/#organization","name":"Gossip and VIP News","alternateName":"Gossip News","url":"https:\/\/www.gossip.it\/","logo":{"@type":"ImageObject","inLanguage":"it-IT","@id":"https:\/\/www.gossip.it\/#\/schema\/logo\/image\/","url":"https:\/\/www.gossip.it\/wp-content\/uploads\/2022\/04\/cropped-corna-alta-tiny.png","contentUrl":"https:\/\/www.gossip.it\/wp-content\/uploads\/2022\/04\/cropped-corna-alta-tiny.png","width":512,"height":512,"caption":"Gossip and VIP News"},"image":{"@id":"https:\/\/www.gossip.it\/#\/schema\/logo\/image\/"},"sameAs":["https:\/\/www.facebook.com\/GossipIT","https:\/\/x.com\/gossinews_it","https:\/\/instagram.com\/gossip_it"]},{"@type":"Person","@id":"https:\/\/www.gossip.it\/#\/schema\/person\/488896f75158bff1cc83c6c39d141110","name":"La Redazione","image":{"@type":"ImageObject","inLanguage":"it-IT","@id":"https:\/\/www.gossip.it\/#\/schema\/person\/image\/","url":"https:\/\/secure.gravatar.com\/avatar\/5a5f5c6fa3e6700e4249abdad0263a1e94e927d9e0499b1cb09c1cd29c044d80?s=96&d=mm&r=g","contentUrl":"https:\/\/secure.gravatar.com\/avatar\/5a5f5c6fa3e6700e4249abdad0263a1e94e927d9e0499b1cb09c1cd29c044d80?s=96&d=mm&r=g","caption":"La Redazione"},"sameAs":["https:\/\/www.gossip.it"]}]}},"amp_enabled":true,"_links":{"self":[{"href":"https:\/\/www.gossip.it\/api\/wp\/v2\/posts\/20453","targetHints":{"allow":["GET"]}}],"collection":[{"href":"https:\/\/www.gossip.it\/api\/wp\/v2\/posts"}],"about":[{"href":"https:\/\/www.gossip.it\/api\/wp\/v2\/types\/post"}],"author":[{"embeddable":true,"href":"https:\/\/www.gossip.it\/api\/wp\/v2\/users\/1"}],"replies":[{"embeddable":true,"href":"https:\/\/www.gossip.it\/api\/wp\/v2\/comments?post=20453"}],"version-history":[{"count":0,"href":"https:\/\/www.gossip.it\/api\/wp\/v2\/posts\/20453\/revisions"}],"wp:featuredmedia":[{"embeddable":true,"href":"https:\/\/www.gossip.it\/api\/wp\/v2\/media\/76500"}],"wp:attachment":[{"href":"https:\/\/www.gossip.it\/api\/wp\/v2\/media?parent=20453"}],"wp:term":[{"taxonomy":"category","embeddable":true,"href":"https:\/\/www.gossip.it\/api\/wp\/v2\/categories?post=20453"},{"taxonomy":"post_tag","embeddable":true,"href":"https:\/\/www.gossip.it\/api\/wp\/v2\/tags?post=20453"},{"taxonomy":"vip","embeddable":true,"href":"https:\/\/www.gossip.it\/api\/wp\/v2\/vip?post=20453"}],"curies":[{"name":"wp","href":"https:\/\/api.w.org\/{rel}","templated":true}]}}