{"id":20707,"date":"2006-03-16T00:00:00","date_gmt":"2006-03-15T23:00:00","guid":{"rendered":"https:\/\/www.gossip.it\/senza-categoria\/la-fattoria-non-e-pamela-eliminata-l-anti-ambra\/"},"modified":"2006-03-16T00:00:00","modified_gmt":"2006-03-15T23:00:00","slug":"la-fattoria-non-e-pamela-eliminata-l-anti-ambra","status":"publish","type":"post","link":"https:\/\/www.gossip.it\/news\/la-fattoria-non-e-pamela-eliminata-l-anti-ambra\/","title":{"rendered":"'La Fattoria': Non \u00e8 Pamela... eliminata l'anti-Ambra"},"content":{"rendered":"<p>Non \u00e8 <b>Pamela<\/b>: l\u2019ex ragazzina della famosa scuderia di <b>Gianni Boncompagni<\/b>, che ieri sera le ha anche mandato un video messaggio di auguri, \u00e8 stata battuta a suon di televoto dai due <b>Cugini<\/b> (gemelli) di <b>Campagna<\/b>.<\/p>\n<p>E l\u2019eliminazione dell\u2019<i>anti-Ambra<\/i> ha fatto scatenare la rabbia di <b>Ivano<\/b> contro <b>Leopoldo Mastelloni<\/b>, accusato di essere stato falso nel pronunciarsi dispiaciuto per l\u2019accaduto. Ma il simpatico <a href='https:\/\/www.gossip.it\/news\/monografia.php?keyword=cugini%20di%20campagna'><b><u>Cugino<\/u><\/b><\/a> aveva dato cenno di cedimento ancor prima, quando gli hanno fatto vedere i due compagni tornati a <b>Roma<\/b> con il figlio imparruccato che gli faceva il verso. Si \u00e8 percepito quasi che il <a href='https:\/\/www.gossip.it\/musica\/'><b><u>cantante<\/u><\/b><\/a> non abbia apprezzato questa divisione del gruppo o che, forse, avrebbe preferito vedere i due giovani colleghi districarsi, al posto suo e del fratello, con le faccende marocchine. Una cosa \u00e8 certa, vittoria non fu mai pi\u00f9 amara per un uomo che si \u00e8 sentito di aver mandato a casa proprio <b>Pamela<\/b>, colei che riponeva in questa esperienza il sogno di uscir fuori da un decennio di quasi anonimato. Ma, ora, ci saranno le luci degli studi di <b>Cinecitt\u00e0<\/b> ad attenderla, nella speranza che non sia solo un fuoco di paglia.<\/p>\n<p> Tornando alla puntata di ieri sera, <a href='https:\/\/www.gossip.it\/news\/monografia.php?keyword=alessia%20fabiani'><b><u>Alessia Fabiani<\/u><\/b><\/a> si \u00e8 conquistata il titolo di Pasci\u00e0 ed ha deciso di portare con s\u00e9 come concubino il bel <a href='https:\/\/www.gossip.it\/news\/monografia.php?keyword=francesco%20arca'><b><u>Francesco Arca<\/u><\/b><\/a>. <a href='https:\/\/www.gossip.it\/news\/monografia.php?keyword=jennipher%20rodriguez'><b><u>Jennipher Rodriguez<\/u><\/b><\/a>, dal canto suo, ha detto di essere tranquilla, anche se ora il suo amato dormir\u00e0 nel lettone con un\u2019altra. E, a dire la verit\u00e0, visti i trascorsi dell\u2019ex-letterina in fatto di flirt e gossip, la bella <a href='https:\/\/www.gossip.it\/moda\/'><b><u>modella<\/u><\/b><\/a> farebbe bene a tenere gli occhi aperti.<\/p>\n<p>In nomination i due \u201csaggi\u201d del gruppo, coloro che sono stati attaccati durante la settimana dai \u201cgiovani\u201d: <b>Leopoldo Mastelloni<\/b> e <a href='https:\/\/www.gossip.it\/news\/monografia.php?keyword=katia%20ricciarelli'><b><u>Katia Ricciarelli<\/u><\/b><\/a>. Per quest\u2019ultima si prospettano sette giorni molto intensi visto che trascorrer\u00e0 tutte le notti nella stalla insieme a <a href='https:\/\/www.gossip.it\/news\/monografia.php?keyword=clemente%20pernarella'><b><u>Clemente Pernarella<\/u><\/b><\/a>. A loro \u00e8 stato affidato il ruolo di guardiani.<\/p>\n<p><a href='https:\/\/www.gossip.it\/news\/monografia.php?keyword=aldo%20montano'><b><u>Aldo Montano<\/u><\/b><\/a>? Ah, s\u00ec c\u2019\u00e8 anche l'affascinante campione di scherma... beh, la sua filosofia sembra essere quella di chi dice: <i>\u201cSe il mondo cade, io mi sposto\u201d<\/i>. Peccato che, mentre lui se ne sta serafico in <b>Marocco<\/b>, la fidanzata <a href='https:\/\/www.gossip.it\/fotovip\/manuela_arcuri.shtml'><b><u>Manuela Arcuri<\/u><\/b><\/a> venga fotografata con un altro.<\/p>\n<p><a href='http:\/\/www.reality-show.tv'><b><u>TUTTO SUI REALITY SHOW<\/u><\/b><\/a><\/p>\n<p><a href='https:\/\/www.gossip.it\/news\/cerca2.php3?keyword=LA+FATTORIA&tiporicerca=0&x=0&y=0'><b><u>TUTTO SU 'LA FATTORIA'<\/u><\/b><\/a><\/p>\n<p>\u00a9 2006 GossipNews-Foto: E.Rossi<\/p>\n","protected":false},"excerpt":{"rendered":"<p>Non \u00e8 Pamela: l\u2019ex ragazzina della famosa scuderia di Gianni Boncompagni, che ieri sera le ha anche mandato un video messaggio di auguri, \u00e8 stata battuta a suon di televoto dai due Cugini (gemelli) di Campagna. E l\u2019eliminazione dell\u2019anti-Ambra ha fatto scatenare la rabbia di Ivano contro Leopoldo Mastelloni, accusato di essere stato falso nel [&hellip;]<\/p>\n","protected":false},"author":1,"featured_media":76754,"comment_status":"closed","ping_status":"closed","sticky":false,"template":"","format":"standard","meta":{"footnotes":""},"categories":[54],"tags":[2246,10954,3297,3083,13577,2128,2097],"vip":[242,1050,1097,1186],"class_list":["post-20707","post","type-post","status-publish","format-standard","has-post-thumbnail","hentry","category-news","tag-cugini-di-campagna","tag-gianni-boncompagni","tag-gossip-tv","tag-la-fattoria","tag-pamela-petrarolo","tag-reality-show","tag-tv","vip-aldo_montano","vip-katia_ricciarelli","vip-leopoldo_mastelloni","vip-manuela_arcuri"],"yoast_head":"<title>&#039;La Fattoria&#039;: Non \u00e8 Pamela... eliminata l&#039;anti-Ambra - Gossip.it | News sul Gossip e VIP<\/title>\n<meta name=\"description\" content=\"Non \u00e8 Pamela: l\u2019ex ragazzina della famosa scuderia di Gianni Boncompagni, che ieri sera le ha anche mandato un video messaggio di auguri, \u00e8 stata battuta\" \/>\n<meta name=\"robots\" content=\"index, follow, max-snippet:-1, max-image-preview:large, max-video-preview:-1\" \/>\n<link rel=\"canonical\" href=\"https:\/\/www.gossip.it\/news\/la-fattoria-non-e-pamela-eliminata-l-anti-ambra\/\" \/>\n<meta property=\"og:locale\" content=\"it_IT\" \/>\n<meta property=\"og:type\" content=\"article\" \/>\n<meta property=\"og:title\" content=\"&#039;La Fattoria&#039;: Non \u00e8 Pamela... eliminata l&#039;anti-Ambra - Gossip.it | News sul Gossip e VIP\" \/>\n<meta property=\"og:description\" content=\"Non \u00e8 Pamela: l\u2019ex ragazzina della famosa scuderia di Gianni Boncompagni, che ieri sera le ha anche mandato un video messaggio di auguri, \u00e8 stata battuta\" \/>\n<meta property=\"og:url\" content=\"https:\/\/www.gossip.it\/news\/la-fattoria-non-e-pamela-eliminata-l-anti-ambra\/\" \/>\n<meta property=\"og:site_name\" content=\"Gossip.it | News sul Gossip e VIP\" \/>\n<meta property=\"article:publisher\" content=\"https:\/\/www.facebook.com\/GossipIT\" \/>\n<meta property=\"article:published_time\" content=\"2006-03-15T23:00:00+00:00\" \/>\n<meta property=\"og:image\" content=\"https:\/\/www.gossip.it\/images5\/000160306_barbara.jpg\" \/>\n<meta name=\"author\" content=\"La Redazione\" \/>\n<meta name=\"twitter:card\" content=\"summary_large_image\" \/>\n<meta name=\"twitter:image\" content=\"https:\/\/www.gossip.it\/images5\/000160306_barbara.jpg\" \/>\n<meta name=\"twitter:creator\" content=\"@gossinews_it\" \/>\n<meta name=\"twitter:site\" content=\"@gossinews_it\" \/>\n<meta name=\"twitter:label1\" content=\"Scritto da\" \/>\n\t<meta name=\"twitter:data1\" content=\"La Redazione\" \/>\n\t<meta name=\"twitter:label2\" content=\"Tempo di lettura stimato\" \/>\n\t<meta name=\"twitter:data2\" content=\"2 minuti\" \/>","yoast_head_json":{"title":"'La Fattoria': Non \u00e8 Pamela... eliminata l'anti-Ambra - Gossip.it | News sul Gossip e VIP","description":"Non \u00e8 Pamela: l\u2019ex ragazzina della famosa scuderia di Gianni Boncompagni, che ieri sera le ha anche mandato un video messaggio di auguri, \u00e8 stata battuta","robots":{"index":"index","follow":"follow","max-snippet":"max-snippet:-1","max-image-preview":"max-image-preview:large","max-video-preview":"max-video-preview:-1"},"canonical":"https:\/\/www.gossip.it\/news\/la-fattoria-non-e-pamela-eliminata-l-anti-ambra\/","og_locale":"it_IT","og_type":"article","og_title":"'La Fattoria': Non \u00e8 Pamela... eliminata l'anti-Ambra - Gossip.it | News sul Gossip e VIP","og_description":"Non \u00e8 Pamela: l\u2019ex ragazzina della famosa scuderia di Gianni Boncompagni, che ieri sera le ha anche mandato un video messaggio di auguri, \u00e8 stata battuta","og_url":"https:\/\/www.gossip.it\/news\/la-fattoria-non-e-pamela-eliminata-l-anti-ambra\/","og_site_name":"Gossip.it | News sul Gossip e VIP","article_publisher":"https:\/\/www.facebook.com\/GossipIT","article_published_time":"2006-03-15T23:00:00+00:00","og_image":[{"url":"https:\/\/www.gossip.it\/images5\/000160306_barbara.jpg"}],"author":"La Redazione","twitter_card":"summary_large_image","twitter_image":"https:\/\/www.gossip.it\/images5\/000160306_barbara.jpg","twitter_creator":"@gossinews_it","twitter_site":"@gossinews_it","twitter_misc":{"Scritto da":"La Redazione","Tempo di lettura stimato":"2 minuti"},"schema":{"@context":"https:\/\/schema.org","@graph":[{"@type":"Article","@id":"https:\/\/www.gossip.it\/news\/la-fattoria-non-e-pamela-eliminata-l-anti-ambra\/#article","isPartOf":{"@id":"https:\/\/www.gossip.it\/news\/la-fattoria-non-e-pamela-eliminata-l-anti-ambra\/"},"author":{"name":"La Redazione","@id":"https:\/\/www.gossip.it\/#\/schema\/person\/488896f75158bff1cc83c6c39d141110"},"headline":"'La Fattoria': Non \u00e8 Pamela... eliminata l'anti-Ambra","datePublished":"2006-03-15T23:00:00+00:00","dateModified":"2006-03-15T23:00:00+00:00","mainEntityOfPage":{"@id":"https:\/\/www.gossip.it\/news\/la-fattoria-non-e-pamela-eliminata-l-anti-ambra\/"},"wordCount":378,"publisher":{"@id":"https:\/\/www.gossip.it\/#organization"},"image":{"@id":"https:\/\/www.gossip.it\/news\/la-fattoria-non-e-pamela-eliminata-l-anti-ambra\/#primaryimage"},"thumbnailUrl":"https:\/\/www.gossip.it\/images5\/000160306_barbara.jpg","keywords":["cugini di campagna","gianni boncompagni","gossip.tv","la fattoria","pamela petrarolo","reality show","tv"],"articleSection":["News"],"inLanguage":"it-IT"},{"@type":"WebPage","@id":"https:\/\/www.gossip.it\/news\/la-fattoria-non-e-pamela-eliminata-l-anti-ambra\/","url":"https:\/\/www.gossip.it\/news\/la-fattoria-non-e-pamela-eliminata-l-anti-ambra\/","name":"'La Fattoria': Non \u00e8 Pamela... eliminata l'anti-Ambra - Gossip.it | News sul Gossip e VIP","isPartOf":{"@id":"https:\/\/www.gossip.it\/#website"},"primaryImageOfPage":{"@id":"https:\/\/www.gossip.it\/news\/la-fattoria-non-e-pamela-eliminata-l-anti-ambra\/#primaryimage"},"image":{"@id":"https:\/\/www.gossip.it\/news\/la-fattoria-non-e-pamela-eliminata-l-anti-ambra\/#primaryimage"},"thumbnailUrl":"https:\/\/www.gossip.it\/images5\/000160306_barbara.jpg","datePublished":"2006-03-15T23:00:00+00:00","dateModified":"2006-03-15T23:00:00+00:00","description":"Non \u00e8 Pamela: l\u2019ex ragazzina della famosa scuderia di Gianni Boncompagni, che ieri sera le ha anche mandato un video messaggio di auguri, \u00e8 stata battuta","breadcrumb":{"@id":"https:\/\/www.gossip.it\/news\/la-fattoria-non-e-pamela-eliminata-l-anti-ambra\/#breadcrumb"},"inLanguage":"it-IT","potentialAction":[{"@type":"ReadAction","target":["https:\/\/www.gossip.it\/news\/la-fattoria-non-e-pamela-eliminata-l-anti-ambra\/"]}]},{"@type":"ImageObject","inLanguage":"it-IT","@id":"https:\/\/www.gossip.it\/news\/la-fattoria-non-e-pamela-eliminata-l-anti-ambra\/#primaryimage","url":"https:\/\/www.gossip.it\/images5\/000160306_barbara.jpg","contentUrl":"https:\/\/www.gossip.it\/images5\/000160306_barbara.jpg"},{"@type":"BreadcrumbList","@id":"https:\/\/www.gossip.it\/news\/la-fattoria-non-e-pamela-eliminata-l-anti-ambra\/#breadcrumb","itemListElement":[{"@type":"ListItem","position":1,"name":"Home","item":"https:\/\/www.gossip.it\/"},{"@type":"ListItem","position":2,"name":"'La Fattoria': Non \u00e8 Pamela... eliminata l'anti-Ambra"}]},{"@type":"WebSite","@id":"https:\/\/www.gossip.it\/#website","url":"https:\/\/www.gossip.it\/","name":"Gossip and VIP News","description":"Quotidiano di cronaca rosa, costume e societ\u00e0","publisher":{"@id":"https:\/\/www.gossip.it\/#organization"},"alternateName":"Gossip and VIP News","potentialAction":[{"@type":"SearchAction","target":{"@type":"EntryPoint","urlTemplate":"https:\/\/www.gossip.it\/?s={search_term_string}"},"query-input":{"@type":"PropertyValueSpecification","valueRequired":true,"valueName":"search_term_string"}}],"inLanguage":"it-IT"},{"@type":"Organization","@id":"https:\/\/www.gossip.it\/#organization","name":"Gossip and VIP News","alternateName":"Gossip News","url":"https:\/\/www.gossip.it\/","logo":{"@type":"ImageObject","inLanguage":"it-IT","@id":"https:\/\/www.gossip.it\/#\/schema\/logo\/image\/","url":"https:\/\/www.gossip.it\/wp-content\/uploads\/2022\/04\/cropped-corna-alta-tiny.png","contentUrl":"https:\/\/www.gossip.it\/wp-content\/uploads\/2022\/04\/cropped-corna-alta-tiny.png","width":512,"height":512,"caption":"Gossip and VIP News"},"image":{"@id":"https:\/\/www.gossip.it\/#\/schema\/logo\/image\/"},"sameAs":["https:\/\/www.facebook.com\/GossipIT","https:\/\/x.com\/gossinews_it","https:\/\/instagram.com\/gossip_it"]},{"@type":"Person","@id":"https:\/\/www.gossip.it\/#\/schema\/person\/488896f75158bff1cc83c6c39d141110","name":"La Redazione","image":{"@type":"ImageObject","inLanguage":"it-IT","@id":"https:\/\/www.gossip.it\/#\/schema\/person\/image\/","url":"https:\/\/secure.gravatar.com\/avatar\/5a5f5c6fa3e6700e4249abdad0263a1e94e927d9e0499b1cb09c1cd29c044d80?s=96&d=mm&r=g","contentUrl":"https:\/\/secure.gravatar.com\/avatar\/5a5f5c6fa3e6700e4249abdad0263a1e94e927d9e0499b1cb09c1cd29c044d80?s=96&d=mm&r=g","caption":"La Redazione"},"sameAs":["https:\/\/www.gossip.it"]}]}},"amp_enabled":true,"_links":{"self":[{"href":"https:\/\/www.gossip.it\/api\/wp\/v2\/posts\/20707","targetHints":{"allow":["GET"]}}],"collection":[{"href":"https:\/\/www.gossip.it\/api\/wp\/v2\/posts"}],"about":[{"href":"https:\/\/www.gossip.it\/api\/wp\/v2\/types\/post"}],"author":[{"embeddable":true,"href":"https:\/\/www.gossip.it\/api\/wp\/v2\/users\/1"}],"replies":[{"embeddable":true,"href":"https:\/\/www.gossip.it\/api\/wp\/v2\/comments?post=20707"}],"version-history":[{"count":0,"href":"https:\/\/www.gossip.it\/api\/wp\/v2\/posts\/20707\/revisions"}],"wp:featuredmedia":[{"embeddable":true,"href":"https:\/\/www.gossip.it\/api\/wp\/v2\/media\/76754"}],"wp:attachment":[{"href":"https:\/\/www.gossip.it\/api\/wp\/v2\/media?parent=20707"}],"wp:term":[{"taxonomy":"category","embeddable":true,"href":"https:\/\/www.gossip.it\/api\/wp\/v2\/categories?post=20707"},{"taxonomy":"post_tag","embeddable":true,"href":"https:\/\/www.gossip.it\/api\/wp\/v2\/tags?post=20707"},{"taxonomy":"vip","embeddable":true,"href":"https:\/\/www.gossip.it\/api\/wp\/v2\/vip?post=20707"}],"curies":[{"name":"wp","href":"https:\/\/api.w.org\/{rel}","templated":true}]}}