{"id":20855,"date":"2006-04-28T00:00:00","date_gmt":"2006-04-27T22:00:00","guid":{"rendered":"https:\/\/www.gossip.it\/senza-categoria\/sabrina-la-provinciale-sinnervosisce\/"},"modified":"2006-04-28T00:00:00","modified_gmt":"2006-04-27T22:00:00","slug":"sabrina-la-provinciale-sinnervosisce","status":"publish","type":"post","link":"https:\/\/www.gossip.it\/news\/sabrina-la-provinciale-sinnervosisce\/","title":{"rendered":"Sabrina, \u2018La Provinciale\u2019, s\u2019innervosisce"},"content":{"rendered":"<p><i>\"Siamo rimasti molto sorpresi della messa in onda di questo <a href='https:\/\/www.gossip.it\/cinema'><b><u>film<\/u><\/b><\/a>. Si era spesso parlato di mandare<br \/>\nin onda <b>'La Provinciale'<\/b> in autunno 2006. Sapere dell'anticipazione 15 giorni prima della messa in onda ci ha preso tutti alla sprovvista. Abbiamo dovuto fare il doppiaggio al volo. Mi sembra che in questo momento in Rai ci sia un clima da Camel Trophy\u201d<\/i>.<br \/> <a href='https:\/\/www.gossip.it\/news\/monografia.php?keyword=SABRINA%20FERILLI'><b><u>Sabrina Ferilli<\/u><\/b><\/a>, ieri in Rai per presentare il film <a href='https:\/\/www.gossip.it\/tv'><b><u>tv<\/u><\/b><\/a> in onda il 30 aprile e 1 maggio su Rai Uno in prima serata, \u00e8 apparsa contrariata dalla decisione presa dai dirigenti di viale Mazzini.<\/p>\n<p>Interpreta Gemma, una bella ragazza di provincia che sogna la grande citt\u00e0, diretta sapientemente da <b>Pasquale Pozzessere<\/b>. <i>\u201cE\u2019 progetto ambizioso e costoso<\/i> - spiega ancora <a href='https:\/\/www.gossip.it\/cgi-bin\/gallery\/gallery.cgi?view=tumb&name=sabrina_ferilli'><b><u>Sabrina<\/u><\/b><\/a> - <i>I film in due puntate hanno bisogno di un'attenzione diversa. Noi ci giochiamo tutto in 24 ore, occorre quindi una maggiore tutela. Speravo andasse in onda nella prossima stagione. Dire che la Rai \u00e8 di tutti non vuol dire che non sia di nessuno. Per l'impegno che l'azienda deve avere e per la responsabilit\u00e0 che ricopre, mi auguro che viva sempre tutto con grande attenzione, come noi attori facciamo\"<\/i>.<br \/>\nA prendere le difese della Rai, <b>Agostino Sacc\u00e0<\/b>, direttore di <b>Rai Fiction<\/b>: <i>\u201cLa Rai fa con grande responsabilit\u00e0 il suo lavoro e segue con attenzione i prodotti della sua fabbrica. Pu\u00f2 succedere che il palinsesto della fiction sia sconvolto, per cui pu\u00f2 esserci la sensazione di una perdita di presa. Ma noi non abbiamo mai mollato la presa su questo prodotto\"<\/i>. Interviene anche <b>Tini Andreatta<\/b>, responsabile programmazione fiction Rai. <i>\u201cAbbiamo fatto una grande promozione a questo prodotto<\/i> \u2013 dice - <i>E' un prodotto d'eccellenza. RaiUno ha dovuto sospendere la trasmissione delle fiction per i faccia a faccia politici e per Pasqua. Alcuni prodotti si sono riversati tra aprile e maggio, l'ultima parte del periodo di garanzia. Ma comunque abbiamo cercato di dare a <b>'La Provinciale'<\/b> la visibilit\u00e0 migliore\"<\/i>.<\/p>\n<p>Sabrina Ferilli, sorniona, li osserva. Sar\u00e0 l\u2019audience a parlare. Ma con un\u2019attrice brava come lei gli ascolti vanno sempre <i>\u2018sul velluto\u2019<\/i>. Per fortuna in amore la sua storia con <a href='https:\/\/www.gossip.it\/news\/monografia.php?keyword=flavio%20cattaneo'><b><u>Flavio Cattaneo<\/u><\/b><\/a> va a vele spiegate. Sar\u00e0 un'estata caldissima e senza nervosismi professionali.<\/p>\n<p><a href='https:\/\/www.gossip.it\/news\/monografia.php?keyword=SABRINA%20FERILLI'><b><u>TUTTO SU SABRINA FERILLI<\/u><\/b><\/a><\/p>\n<p><a href='https:\/\/www.gossip.it\/cgi-bin\/gallery\/gallery.cgi?view=tumb&name=sabrina_ferilli'><b><u>LE FOTO PIU' BELLE DI SABRINA FERILLI<\/u><\/b><\/a><\/p>\n<p>\u00a9 2006 GossipNews - Foto: M. Bruni<\/p>\n","protected":false},"excerpt":{"rendered":"<p>\"Siamo rimasti molto sorpresi della messa in onda di questo film. Si era spesso parlato di mandare in onda 'La Provinciale' in autunno 2006. Sapere dell'anticipazione 15 giorni prima della messa in onda ci ha preso tutti alla sprovvista. Abbiamo dovuto fare il doppiaggio al volo. Mi sembra che in questo momento in Rai ci [&hellip;]<\/p>\n","protected":false},"author":1,"featured_media":76902,"comment_status":"closed","ping_status":"closed","sticky":false,"template":"","format":"standard","meta":{"footnotes":""},"categories":[54],"tags":[23561,2387,2446,1976,6893,2140,3297,24802,24803,2562,7632,2097],"vip":[763,1638],"class_list":["post-20855","post","type-post","status-publish","format-standard","has-post-thumbnail","hentry","category-news","tag-agostino-sacca","tag-amore","tag-conferenza-stampa","tag-film","tag-film-tv","tag-flirt","tag-gossip-tv","tag-la-provinciale","tag-pasquale-pozzessere","tag-rai","tag-rai-uno","tag-tv","vip-flavio_cattaneo","vip-sabrina_ferilli"],"yoast_head":"<title>Sabrina, \u2018La Provinciale\u2019, s\u2019innervosisce - Gossip.it | News sul Gossip e VIP<\/title>\n<meta name=\"description\" content=\"&quot;Siamo rimasti molto sorpresi della messa in onda di questo film. Si era spesso parlato di mandare in onda &#039;La Provinciale&#039; in autunno 2006. Sapere\" \/>\n<meta name=\"robots\" content=\"index, follow, max-snippet:-1, max-image-preview:large, max-video-preview:-1\" \/>\n<link rel=\"canonical\" href=\"https:\/\/www.gossip.it\/news\/sabrina-la-provinciale-sinnervosisce\/\" \/>\n<meta property=\"og:locale\" content=\"it_IT\" \/>\n<meta property=\"og:type\" content=\"article\" \/>\n<meta property=\"og:title\" content=\"Sabrina, \u2018La Provinciale\u2019, s\u2019innervosisce - Gossip.it | News sul Gossip e VIP\" \/>\n<meta property=\"og:description\" content=\"&quot;Siamo rimasti molto sorpresi della messa in onda di questo film. Si era spesso parlato di mandare in onda &#039;La Provinciale&#039; in autunno 2006. Sapere\" \/>\n<meta property=\"og:url\" content=\"https:\/\/www.gossip.it\/news\/sabrina-la-provinciale-sinnervosisce\/\" \/>\n<meta property=\"og:site_name\" content=\"Gossip.it | News sul Gossip e VIP\" \/>\n<meta property=\"article:publisher\" content=\"https:\/\/www.facebook.com\/GossipIT\" \/>\n<meta property=\"article:published_time\" content=\"2006-04-27T22:00:00+00:00\" \/>\n<meta property=\"og:image\" content=\"https:\/\/www.gossip.it\/images5\/0141205_ferilli.jpg\" \/>\n<meta name=\"author\" content=\"La Redazione\" \/>\n<meta name=\"twitter:card\" content=\"summary_large_image\" \/>\n<meta name=\"twitter:image\" content=\"https:\/\/www.gossip.it\/images5\/0141205_ferilli.jpg\" \/>\n<meta name=\"twitter:creator\" content=\"@gossinews_it\" \/>\n<meta name=\"twitter:site\" content=\"@gossinews_it\" \/>\n<meta name=\"twitter:label1\" content=\"Scritto da\" \/>\n\t<meta name=\"twitter:data1\" content=\"Annamaria Capozzi\" \/>\n\t<meta name=\"twitter:label2\" content=\"Tempo di lettura stimato\" \/>\n\t<meta name=\"twitter:data2\" content=\"2 minuti\" \/>","yoast_head_json":{"title":"Sabrina, \u2018La Provinciale\u2019, s\u2019innervosisce - Gossip.it | News sul Gossip e VIP","description":"\"Siamo rimasti molto sorpresi della messa in onda di questo film. Si era spesso parlato di mandare in onda 'La Provinciale' in autunno 2006. Sapere","robots":{"index":"index","follow":"follow","max-snippet":"max-snippet:-1","max-image-preview":"max-image-preview:large","max-video-preview":"max-video-preview:-1"},"canonical":"https:\/\/www.gossip.it\/news\/sabrina-la-provinciale-sinnervosisce\/","og_locale":"it_IT","og_type":"article","og_title":"Sabrina, \u2018La Provinciale\u2019, s\u2019innervosisce - Gossip.it | News sul Gossip e VIP","og_description":"\"Siamo rimasti molto sorpresi della messa in onda di questo film. Si era spesso parlato di mandare in onda 'La Provinciale' in autunno 2006. Sapere","og_url":"https:\/\/www.gossip.it\/news\/sabrina-la-provinciale-sinnervosisce\/","og_site_name":"Gossip.it | News sul Gossip e VIP","article_publisher":"https:\/\/www.facebook.com\/GossipIT","article_published_time":"2006-04-27T22:00:00+00:00","og_image":[{"url":"https:\/\/www.gossip.it\/images5\/0141205_ferilli.jpg"}],"author":"La Redazione","twitter_card":"summary_large_image","twitter_image":"https:\/\/www.gossip.it\/images5\/0141205_ferilli.jpg","twitter_creator":"@gossinews_it","twitter_site":"@gossinews_it","twitter_misc":{"Scritto da":"Annamaria Capozzi","Tempo di lettura stimato":"2 minuti"},"schema":{"@context":"https:\/\/schema.org","@graph":[{"@type":"Article","@id":"https:\/\/www.gossip.it\/news\/sabrina-la-provinciale-sinnervosisce\/#article","isPartOf":{"@id":"https:\/\/www.gossip.it\/news\/sabrina-la-provinciale-sinnervosisce\/"},"author":{"name":"La Redazione","@id":"https:\/\/www.gossip.it\/#\/schema\/person\/488896f75158bff1cc83c6c39d141110"},"headline":"Sabrina, \u2018La Provinciale\u2019, s\u2019innervosisce","datePublished":"2006-04-27T22:00:00+00:00","dateModified":"2006-04-27T22:00:00+00:00","mainEntityOfPage":{"@id":"https:\/\/www.gossip.it\/news\/sabrina-la-provinciale-sinnervosisce\/"},"wordCount":384,"publisher":{"@id":"https:\/\/www.gossip.it\/#organization"},"image":{"@id":"https:\/\/www.gossip.it\/news\/sabrina-la-provinciale-sinnervosisce\/#primaryimage"},"thumbnailUrl":"https:\/\/www.gossip.it\/images5\/0141205_ferilli.jpg","keywords":["agostino sacc\u00e0","amore","conferenza stampa","film","film tv","flirt","gossip.tv","la provinciale","pasquale pozzessere","rai","rai uno","tv"],"articleSection":["News"],"inLanguage":"it-IT"},{"@type":"WebPage","@id":"https:\/\/www.gossip.it\/news\/sabrina-la-provinciale-sinnervosisce\/","url":"https:\/\/www.gossip.it\/news\/sabrina-la-provinciale-sinnervosisce\/","name":"Sabrina, \u2018La Provinciale\u2019, s\u2019innervosisce - Gossip.it | News sul Gossip e VIP","isPartOf":{"@id":"https:\/\/www.gossip.it\/#website"},"primaryImageOfPage":{"@id":"https:\/\/www.gossip.it\/news\/sabrina-la-provinciale-sinnervosisce\/#primaryimage"},"image":{"@id":"https:\/\/www.gossip.it\/news\/sabrina-la-provinciale-sinnervosisce\/#primaryimage"},"thumbnailUrl":"https:\/\/www.gossip.it\/images5\/0141205_ferilli.jpg","datePublished":"2006-04-27T22:00:00+00:00","dateModified":"2006-04-27T22:00:00+00:00","description":"\"Siamo rimasti molto sorpresi della messa in onda di questo film. Si era spesso parlato di mandare in onda 'La Provinciale' in autunno 2006. Sapere","breadcrumb":{"@id":"https:\/\/www.gossip.it\/news\/sabrina-la-provinciale-sinnervosisce\/#breadcrumb"},"inLanguage":"it-IT","potentialAction":[{"@type":"ReadAction","target":["https:\/\/www.gossip.it\/news\/sabrina-la-provinciale-sinnervosisce\/"]}]},{"@type":"ImageObject","inLanguage":"it-IT","@id":"https:\/\/www.gossip.it\/news\/sabrina-la-provinciale-sinnervosisce\/#primaryimage","url":"https:\/\/www.gossip.it\/images5\/0141205_ferilli.jpg","contentUrl":"https:\/\/www.gossip.it\/images5\/0141205_ferilli.jpg"},{"@type":"BreadcrumbList","@id":"https:\/\/www.gossip.it\/news\/sabrina-la-provinciale-sinnervosisce\/#breadcrumb","itemListElement":[{"@type":"ListItem","position":1,"name":"Home","item":"https:\/\/www.gossip.it\/"},{"@type":"ListItem","position":2,"name":"Sabrina, \u2018La Provinciale\u2019, s\u2019innervosisce"}]},{"@type":"WebSite","@id":"https:\/\/www.gossip.it\/#website","url":"https:\/\/www.gossip.it\/","name":"Gossip and VIP News","description":"Quotidiano di cronaca rosa, costume e societ\u00e0","publisher":{"@id":"https:\/\/www.gossip.it\/#organization"},"alternateName":"Gossip and VIP News","potentialAction":[{"@type":"SearchAction","target":{"@type":"EntryPoint","urlTemplate":"https:\/\/www.gossip.it\/?s={search_term_string}"},"query-input":{"@type":"PropertyValueSpecification","valueRequired":true,"valueName":"search_term_string"}}],"inLanguage":"it-IT"},{"@type":"Organization","@id":"https:\/\/www.gossip.it\/#organization","name":"Gossip and VIP News","alternateName":"Gossip News","url":"https:\/\/www.gossip.it\/","logo":{"@type":"ImageObject","inLanguage":"it-IT","@id":"https:\/\/www.gossip.it\/#\/schema\/logo\/image\/","url":"https:\/\/www.gossip.it\/wp-content\/uploads\/2022\/04\/cropped-corna-alta-tiny.png","contentUrl":"https:\/\/www.gossip.it\/wp-content\/uploads\/2022\/04\/cropped-corna-alta-tiny.png","width":512,"height":512,"caption":"Gossip and VIP News"},"image":{"@id":"https:\/\/www.gossip.it\/#\/schema\/logo\/image\/"},"sameAs":["https:\/\/www.facebook.com\/GossipIT","https:\/\/x.com\/gossinews_it","https:\/\/instagram.com\/gossip_it"]},{"@type":"Person","@id":"https:\/\/www.gossip.it\/#\/schema\/person\/488896f75158bff1cc83c6c39d141110","name":"La Redazione","image":{"@type":"ImageObject","inLanguage":"it-IT","@id":"https:\/\/www.gossip.it\/#\/schema\/person\/image\/","url":"https:\/\/secure.gravatar.com\/avatar\/5a5f5c6fa3e6700e4249abdad0263a1e94e927d9e0499b1cb09c1cd29c044d80?s=96&d=mm&r=g","contentUrl":"https:\/\/secure.gravatar.com\/avatar\/5a5f5c6fa3e6700e4249abdad0263a1e94e927d9e0499b1cb09c1cd29c044d80?s=96&d=mm&r=g","caption":"La Redazione"},"sameAs":["https:\/\/www.gossip.it"]}]}},"amp_enabled":true,"_links":{"self":[{"href":"https:\/\/www.gossip.it\/api\/wp\/v2\/posts\/20855","targetHints":{"allow":["GET"]}}],"collection":[{"href":"https:\/\/www.gossip.it\/api\/wp\/v2\/posts"}],"about":[{"href":"https:\/\/www.gossip.it\/api\/wp\/v2\/types\/post"}],"author":[{"embeddable":true,"href":"https:\/\/www.gossip.it\/api\/wp\/v2\/users\/1"}],"replies":[{"embeddable":true,"href":"https:\/\/www.gossip.it\/api\/wp\/v2\/comments?post=20855"}],"version-history":[{"count":0,"href":"https:\/\/www.gossip.it\/api\/wp\/v2\/posts\/20855\/revisions"}],"wp:featuredmedia":[{"embeddable":true,"href":"https:\/\/www.gossip.it\/api\/wp\/v2\/media\/76902"}],"wp:attachment":[{"href":"https:\/\/www.gossip.it\/api\/wp\/v2\/media?parent=20855"}],"wp:term":[{"taxonomy":"category","embeddable":true,"href":"https:\/\/www.gossip.it\/api\/wp\/v2\/categories?post=20855"},{"taxonomy":"post_tag","embeddable":true,"href":"https:\/\/www.gossip.it\/api\/wp\/v2\/tags?post=20855"},{"taxonomy":"vip","embeddable":true,"href":"https:\/\/www.gossip.it\/api\/wp\/v2\/vip?post=20855"}],"curies":[{"name":"wp","href":"https:\/\/api.w.org\/{rel}","templated":true}]}}