{"id":210602,"date":"2026-02-22T19:22:22","date_gmt":"2026-02-22T18:22:22","guid":{"rendered":"https:\/\/www.gossip.it\/?p=210602"},"modified":"2026-02-28T17:35:36","modified_gmt":"2026-02-28T16:35:36","slug":"andrea-muller-cambiato-rapporto-veronica-peparini-gemelle","status":"publish","type":"post","link":"https:\/\/www.gossip.it\/news\/andrea-muller-cambiato-rapporto-veronica-peparini-gemelle\/","title":{"rendered":"Andreas Muller spiega com\u2019\u00e8 cambiato il rapporto con la moglie Veronica Peparini dopo la nascita delle loro gemelle"},"content":{"rendered":"\n<ul class=\"wp-block-list\">\n<li>Il ballerino e imprenditore, 29 anni, \u00e8 padre di Penelope e Ginevra, 2 anni a marzo 2026<\/li>\n\n\n\n<li>Le gemelle sono frutto dell\u2019amore con la coreografa Veronica Peparini, 55 anni<\/li>\n\n\n\n<li>Ospite di \u201cVerissimo\u201d, Andreas ha spiegato com\u2019\u00e8 cambiato il loro rapporto con la genitorialit\u00e0<\/li>\n<\/ul>\n\n\n\n<p><strong><a href=\"https:\/\/www.gossip.it\/?s=andreas+muller\">Andreas Muller<\/a><\/strong> ha spiegato com\u2019\u00e8 <strong>cambiato<\/strong> il <strong>rapporto<\/strong> con la moglie <strong><a href=\"https:\/\/www.gossip.it\/?s=veronica+peparini\">Veronica Peparini<\/a><\/strong> dopo la <strong>nascita<\/strong> delle loro <strong>bambine<\/strong>.<\/p>\n\n\n\n<p>Il ballerino e imprenditore 29enne \u00e8 stato ospite di <em>\u201cVerissimo\u201d<\/em> domenica 22 febbraio. Qui ha raccontato quanto \u00e8 importante per lui il ruolo di padre di <strong>Penelope<\/strong> e <strong>Ginevra<\/strong>, le <strong>gemelle<\/strong> nate nel <strong>marzo <\/strong>del <strong>2024<\/strong> dall\u2019amore per la coreografa 55enne. Gira tutto attorno alle bimbe.<\/p>\n\n\n\n<figure class=\"wp-block-image size-large\"><img decoding=\"async\" width=\"1024\" height=\"572\" src=\"https:\/\/www.gossip.it\/wp-content\/uploads\/2026\/02\/Screenshot-2026-02-22-at-18.59.28-1024x572.jpg\" alt=\"\" class=\"wp-image-210603\" srcset=\"https:\/\/www.gossip.it\/wp-content\/uploads\/2026\/02\/Screenshot-2026-02-22-at-18.59.28-1024x572.jpg 1024w, https:\/\/www.gossip.it\/wp-content\/uploads\/2026\/02\/Screenshot-2026-02-22-at-18.59.28-300x168.jpg 300w, https:\/\/www.gossip.it\/wp-content\/uploads\/2026\/02\/Screenshot-2026-02-22-at-18.59.28-768x429.jpg 768w, https:\/\/www.gossip.it\/wp-content\/uploads\/2026\/02\/Screenshot-2026-02-22-at-18.59.28-1536x859.jpg 1536w, https:\/\/www.gossip.it\/wp-content\/uploads\/2026\/02\/Screenshot-2026-02-22-at-18.59.28-2048x1145.jpg 2048w, https:\/\/www.gossip.it\/wp-content\/uploads\/2026\/02\/Screenshot-2026-02-22-at-18.59.28-750x419.jpg 750w, https:\/\/www.gossip.it\/wp-content\/uploads\/2026\/02\/Screenshot-2026-02-22-at-18.59.28-1140x637.jpg 1140w\" sizes=\"(max-width: 1024px) 100vw, 1024px\" \/><figcaption class=\"wp-element-caption\">Andreas Muller, 29 anni, a Verissimo racconta com'\u00e8 cambiato il rapporto con la moglie Veronica Peparini dopo la nascita delle loro gemelle<\/figcaption><\/figure>\n\n\n\n<p>Le piccole stanno per compiere gi\u00e0 <strong>due anni<\/strong>, per lui \u00e8 un trauma: <em>\u201cQuesto \u00e8 un<strong> trauma<\/strong>, per me \u00e8 un trauma perch\u00e9 io vorrei viverle di pi\u00f9, vorrei viverle tanto di pi\u00f9, per\u00f2 quando ci sto, ci sto al 100%, cio\u00e8 spengo il telefono, spengo tutto, mi dedico completamente a loro perch\u00e9 mi rendo conto che il tempo oggi lo misuro con loro e vola, vola tanto\u201d<\/em>.<\/p>\n\n\n\n<p>Gli \u00e8 stato domandato come sia oggi il rapporto con Veronica. Ha risposto: <em>\u201cCon Veronica ci siamo proprio uniti pi\u00f9 che mai, <strong>sicuramente non siamo pi\u00f9 amanti, complici come due innamorati<\/strong>\u201d<\/em>.<\/p>\n\n\n\n<figure class=\"wp-block-image size-full\"><img decoding=\"async\" width=\"1010\" height=\"852\" src=\"https:\/\/www.gossip.it\/wp-content\/uploads\/2026\/02\/Screenshot-2026-02-22-at-19.11.35.jpg\" alt=\"\" class=\"wp-image-210604\" srcset=\"https:\/\/www.gossip.it\/wp-content\/uploads\/2026\/02\/Screenshot-2026-02-22-at-19.11.35.jpg 1010w, https:\/\/www.gossip.it\/wp-content\/uploads\/2026\/02\/Screenshot-2026-02-22-at-19.11.35-300x253.jpg 300w, https:\/\/www.gossip.it\/wp-content\/uploads\/2026\/02\/Screenshot-2026-02-22-at-19.11.35-768x648.jpg 768w, https:\/\/www.gossip.it\/wp-content\/uploads\/2026\/02\/Screenshot-2026-02-22-at-19.11.35-750x633.jpg 750w\" sizes=\"(max-width: 1010px) 100vw, 1010px\" \/><figcaption class=\"wp-element-caption\">Veronica, 55 anni, e Andreas insieme a Penelope e Ginevra, 2 anni a marzo 2026<\/figcaption><\/figure>\n\n\n\n<p><em>\u201cSiamo <strong>genitori<\/strong>, per\u00f2 questa cosa mi piace molto perch\u00e9 <strong>ci rende ancora pi\u00f9 solida come famiglia<\/strong>, quindi tempi nostri ne abbiamo molto pochi\u201d<\/em>, ha sottolineato.<\/p>\n\n\n\n<p><em>\u201cLei giustamente col lavoro suo... [\u2026] Con i miei impegni, i due figli <\/em>(Veronica ha gi\u00e0 due figli nati da una precedente relazione, ndr)<em>, le gemelle, i cani\u201d<\/em>, ha proseguito.<\/p>\n\n\n\n<p><em>\u201cQuindi diciamo che la <strong>squadra di calcio <\/strong>\u00e8 larga. Per\u00f2 noi troviamo il<strong> tempo<\/strong> per far tutto. E\u2019 normale, <strong>fare i genitori<\/strong> adesso \u00e8 la cosa che <strong>ci piace di pi\u00f9<\/strong>\u201d<\/em>, ha concluso.<\/p>\n","protected":false},"excerpt":{"rendered":"<p>Il ballerino e imprenditore 29enne da quasi due anni \u00e8...<\/p>\n","protected":false},"author":27,"featured_media":210605,"comment_status":"open","ping_status":"closed","sticky":false,"template":"","format":"standard","meta":{"footnotes":""},"categories":[54],"tags":[],"vip":[64253,63955],"class_list":["post-210602","post","type-post","status-publish","format-standard","has-post-thumbnail","hentry","category-news","vip-andreas-muller","vip-veronica-peparini"],"yoast_head":"<title>Andreas Muller spiega com\u2019\u00e8 cambiato il rapporto con la moglie Veronica Peparini dopo la nascita delle loro gemelle - Gossip.it | News sul Gossip e VIP<\/title>\n<meta name=\"description\" content=\"Andreas Muller ha spiegato com\u2019\u00e8 cambiato il rapporto con la moglie Veronica Peparini dopo la nascita delle loro bambine\" \/>\n<meta name=\"robots\" content=\"index, follow, max-snippet:-1, max-image-preview:large, max-video-preview:-1\" \/>\n<link rel=\"canonical\" href=\"https:\/\/www.gossip.it\/news\/andrea-muller-cambiato-rapporto-veronica-peparini-gemelle\/\" \/>\n<meta property=\"og:locale\" content=\"it_IT\" \/>\n<meta property=\"og:type\" content=\"article\" \/>\n<meta property=\"og:title\" content=\"Andreas Muller spiega com\u2019\u00e8 cambiato il rapporto con la moglie Veronica Peparini dopo la nascita delle loro gemelle - Gossip.it | News sul Gossip e VIP\" \/>\n<meta property=\"og:description\" content=\"Andreas Muller ha spiegato com\u2019\u00e8 cambiato il rapporto con la moglie Veronica Peparini dopo la nascita delle loro bambine\" \/>\n<meta property=\"og:url\" content=\"https:\/\/www.gossip.it\/news\/andrea-muller-cambiato-rapporto-veronica-peparini-gemelle\/\" \/>\n<meta property=\"og:site_name\" content=\"Gossip.it | News sul Gossip e VIP\" \/>\n<meta property=\"article:publisher\" content=\"https:\/\/www.facebook.com\/GossipIT\" \/>\n<meta property=\"article:published_time\" content=\"2026-02-22T18:22:22+00:00\" \/>\n<meta property=\"article:modified_time\" content=\"2026-02-28T16:35:36+00:00\" \/>\n<meta property=\"og:image\" content=\"https:\/\/www.gossip.it\/wp-content\/uploads\/2026\/02\/lancio_muller_verissimo.jpg\" \/>\n\t<meta property=\"og:image:width\" content=\"2000\" \/>\n\t<meta property=\"og:image:height\" content=\"1300\" \/>\n\t<meta property=\"og:image:type\" content=\"image\/jpeg\" \/>\n<meta name=\"author\" content=\"E.R.\" \/>\n<meta name=\"twitter:card\" content=\"summary_large_image\" \/>\n<meta name=\"twitter:creator\" content=\"@gossinews_it\" \/>\n<meta name=\"twitter:site\" content=\"@gossinews_it\" \/>\n<meta name=\"twitter:label1\" content=\"Scritto da\" \/>\n\t<meta name=\"twitter:data1\" content=\"E.R.\" \/>\n\t<meta name=\"twitter:label2\" content=\"Tempo di lettura stimato\" \/>\n\t<meta name=\"twitter:data2\" content=\"3 minuti\" \/>","yoast_head_json":{"title":"Andreas Muller spiega com\u2019\u00e8 cambiato il rapporto con la moglie Veronica Peparini dopo la nascita delle loro gemelle - Gossip.it | News sul Gossip e VIP","description":"Andreas Muller ha spiegato com\u2019\u00e8 cambiato il rapporto con la moglie Veronica Peparini dopo la nascita delle loro bambine","robots":{"index":"index","follow":"follow","max-snippet":"max-snippet:-1","max-image-preview":"max-image-preview:large","max-video-preview":"max-video-preview:-1"},"canonical":"https:\/\/www.gossip.it\/news\/andrea-muller-cambiato-rapporto-veronica-peparini-gemelle\/","og_locale":"it_IT","og_type":"article","og_title":"Andreas Muller spiega com\u2019\u00e8 cambiato il rapporto con la moglie Veronica Peparini dopo la nascita delle loro gemelle - Gossip.it | News sul Gossip e VIP","og_description":"Andreas Muller ha spiegato com\u2019\u00e8 cambiato il rapporto con la moglie Veronica Peparini dopo la nascita delle loro bambine","og_url":"https:\/\/www.gossip.it\/news\/andrea-muller-cambiato-rapporto-veronica-peparini-gemelle\/","og_site_name":"Gossip.it | News sul Gossip e VIP","article_publisher":"https:\/\/www.facebook.com\/GossipIT","article_published_time":"2026-02-22T18:22:22+00:00","article_modified_time":"2026-02-28T16:35:36+00:00","og_image":[{"width":2000,"height":1300,"url":"https:\/\/www.gossip.it\/wp-content\/uploads\/2026\/02\/lancio_muller_verissimo.jpg","type":"image\/jpeg"}],"author":"E.R.","twitter_card":"summary_large_image","twitter_creator":"@gossinews_it","twitter_site":"@gossinews_it","twitter_misc":{"Scritto da":"E.R.","Tempo di lettura stimato":"3 minuti"},"schema":{"@context":"https:\/\/schema.org","@graph":[{"@type":"Article","@id":"https:\/\/www.gossip.it\/news\/andrea-muller-cambiato-rapporto-veronica-peparini-gemelle\/#article","isPartOf":{"@id":"https:\/\/www.gossip.it\/news\/andrea-muller-cambiato-rapporto-veronica-peparini-gemelle\/"},"author":{"name":"E.R.","@id":"https:\/\/www.gossip.it\/#\/schema\/person\/be6c6b85be284ab68aa7dae66d5df315"},"headline":"Andreas Muller spiega com\u2019\u00e8 cambiato il rapporto con la moglie Veronica Peparini dopo la nascita delle loro gemelle","datePublished":"2026-02-22T18:22:22+00:00","dateModified":"2026-02-28T16:35:36+00:00","mainEntityOfPage":{"@id":"https:\/\/www.gossip.it\/news\/andrea-muller-cambiato-rapporto-veronica-peparini-gemelle\/"},"wordCount":331,"commentCount":0,"publisher":{"@id":"https:\/\/www.gossip.it\/#organization"},"image":{"@id":"https:\/\/www.gossip.it\/news\/andrea-muller-cambiato-rapporto-veronica-peparini-gemelle\/#primaryimage"},"thumbnailUrl":"https:\/\/www.gossip.it\/wp-content\/uploads\/2026\/02\/lancio_muller_verissimo.jpg","articleSection":["News"],"inLanguage":"it-IT","potentialAction":[{"@type":"CommentAction","name":"Comment","target":["https:\/\/www.gossip.it\/news\/andrea-muller-cambiato-rapporto-veronica-peparini-gemelle\/#respond"]}]},{"@type":"WebPage","@id":"https:\/\/www.gossip.it\/news\/andrea-muller-cambiato-rapporto-veronica-peparini-gemelle\/","url":"https:\/\/www.gossip.it\/news\/andrea-muller-cambiato-rapporto-veronica-peparini-gemelle\/","name":"Andreas Muller spiega com\u2019\u00e8 cambiato il rapporto con la moglie Veronica Peparini dopo la nascita delle loro gemelle - Gossip.it | News sul Gossip e VIP","isPartOf":{"@id":"https:\/\/www.gossip.it\/#website"},"primaryImageOfPage":{"@id":"https:\/\/www.gossip.it\/news\/andrea-muller-cambiato-rapporto-veronica-peparini-gemelle\/#primaryimage"},"image":{"@id":"https:\/\/www.gossip.it\/news\/andrea-muller-cambiato-rapporto-veronica-peparini-gemelle\/#primaryimage"},"thumbnailUrl":"https:\/\/www.gossip.it\/wp-content\/uploads\/2026\/02\/lancio_muller_verissimo.jpg","datePublished":"2026-02-22T18:22:22+00:00","dateModified":"2026-02-28T16:35:36+00:00","description":"Andreas Muller ha spiegato com\u2019\u00e8 cambiato il rapporto con la moglie Veronica Peparini dopo la nascita delle loro bambine","breadcrumb":{"@id":"https:\/\/www.gossip.it\/news\/andrea-muller-cambiato-rapporto-veronica-peparini-gemelle\/#breadcrumb"},"inLanguage":"it-IT","potentialAction":[{"@type":"ReadAction","target":["https:\/\/www.gossip.it\/news\/andrea-muller-cambiato-rapporto-veronica-peparini-gemelle\/"]}]},{"@type":"ImageObject","inLanguage":"it-IT","@id":"https:\/\/www.gossip.it\/news\/andrea-muller-cambiato-rapporto-veronica-peparini-gemelle\/#primaryimage","url":"https:\/\/www.gossip.it\/wp-content\/uploads\/2026\/02\/lancio_muller_verissimo.jpg","contentUrl":"https:\/\/www.gossip.it\/wp-content\/uploads\/2026\/02\/lancio_muller_verissimo.jpg","width":2000,"height":1300},{"@type":"BreadcrumbList","@id":"https:\/\/www.gossip.it\/news\/andrea-muller-cambiato-rapporto-veronica-peparini-gemelle\/#breadcrumb","itemListElement":[{"@type":"ListItem","position":1,"name":"Home","item":"https:\/\/www.gossip.it\/"},{"@type":"ListItem","position":2,"name":"Andreas Muller spiega com\u2019\u00e8 cambiato il rapporto con la moglie Veronica Peparini dopo la nascita delle loro gemelle"}]},{"@type":"WebSite","@id":"https:\/\/www.gossip.it\/#website","url":"https:\/\/www.gossip.it\/","name":"Gossip and VIP News","description":"Quotidiano di cronaca rosa, costume e societ\u00e0","publisher":{"@id":"https:\/\/www.gossip.it\/#organization"},"alternateName":"Gossip and VIP News","potentialAction":[{"@type":"SearchAction","target":{"@type":"EntryPoint","urlTemplate":"https:\/\/www.gossip.it\/?s={search_term_string}"},"query-input":{"@type":"PropertyValueSpecification","valueRequired":true,"valueName":"search_term_string"}}],"inLanguage":"it-IT"},{"@type":"Organization","@id":"https:\/\/www.gossip.it\/#organization","name":"Gossip and VIP News","alternateName":"Gossip News","url":"https:\/\/www.gossip.it\/","logo":{"@type":"ImageObject","inLanguage":"it-IT","@id":"https:\/\/www.gossip.it\/#\/schema\/logo\/image\/","url":"https:\/\/www.gossip.it\/wp-content\/uploads\/2022\/04\/cropped-corna-alta-tiny.png","contentUrl":"https:\/\/www.gossip.it\/wp-content\/uploads\/2022\/04\/cropped-corna-alta-tiny.png","width":512,"height":512,"caption":"Gossip and VIP News"},"image":{"@id":"https:\/\/www.gossip.it\/#\/schema\/logo\/image\/"},"sameAs":["https:\/\/www.facebook.com\/GossipIT","https:\/\/x.com\/gossinews_it","https:\/\/instagram.com\/gossip_it"]},{"@type":"Person","@id":"https:\/\/www.gossip.it\/#\/schema\/person\/be6c6b85be284ab68aa7dae66d5df315","name":"E.R.","image":{"@type":"ImageObject","inLanguage":"it-IT","@id":"https:\/\/www.gossip.it\/#\/schema\/person\/image\/","url":"https:\/\/secure.gravatar.com\/avatar\/4c2e3902b79af207ec510fdf3d1c6f0714d30c8687e15382a8eeef6d29d57a87?s=96&d=mm&r=g","contentUrl":"https:\/\/secure.gravatar.com\/avatar\/4c2e3902b79af207ec510fdf3d1c6f0714d30c8687e15382a8eeef6d29d57a87?s=96&d=mm&r=g","caption":"E.R."}}]}},"amp_enabled":true,"_links":{"self":[{"href":"https:\/\/www.gossip.it\/api\/wp\/v2\/posts\/210602","targetHints":{"allow":["GET"]}}],"collection":[{"href":"https:\/\/www.gossip.it\/api\/wp\/v2\/posts"}],"about":[{"href":"https:\/\/www.gossip.it\/api\/wp\/v2\/types\/post"}],"author":[{"embeddable":true,"href":"https:\/\/www.gossip.it\/api\/wp\/v2\/users\/27"}],"replies":[{"embeddable":true,"href":"https:\/\/www.gossip.it\/api\/wp\/v2\/comments?post=210602"}],"version-history":[{"count":1,"href":"https:\/\/www.gossip.it\/api\/wp\/v2\/posts\/210602\/revisions"}],"predecessor-version":[{"id":210606,"href":"https:\/\/www.gossip.it\/api\/wp\/v2\/posts\/210602\/revisions\/210606"}],"wp:featuredmedia":[{"embeddable":true,"href":"https:\/\/www.gossip.it\/api\/wp\/v2\/media\/210605"}],"wp:attachment":[{"href":"https:\/\/www.gossip.it\/api\/wp\/v2\/media?parent=210602"}],"wp:term":[{"taxonomy":"category","embeddable":true,"href":"https:\/\/www.gossip.it\/api\/wp\/v2\/categories?post=210602"},{"taxonomy":"post_tag","embeddable":true,"href":"https:\/\/www.gossip.it\/api\/wp\/v2\/tags?post=210602"},{"taxonomy":"vip","embeddable":true,"href":"https:\/\/www.gossip.it\/api\/wp\/v2\/vip?post=210602"}],"curies":[{"name":"wp","href":"https:\/\/api.w.org\/{rel}","templated":true}]}}