{"id":21085,"date":"2006-06-30T00:00:00","date_gmt":"2006-06-29T22:00:00","guid":{"rendered":"https:\/\/www.gossip.it\/senza-categoria\/per-vic-un-acconciatura-mondiale\/"},"modified":"2006-06-30T00:00:00","modified_gmt":"2006-06-29T22:00:00","slug":"per-vic-un-acconciatura-mondiale","status":"publish","type":"post","link":"https:\/\/www.gossip.it\/news\/per-vic-un-acconciatura-mondiale\/","title":{"rendered":"Per Vic un'acconciatura mondiale"},"content":{"rendered":"<p>Il <a href='https:\/\/www.gossip.it\/sport'><b><u>Mondiale<\/u><\/b><\/a>, si sa, pu\u00f2 durare anche un mese. Questo \u00e8 proprio ci\u00f2 che si augurano tutti i calciatori protagonisti, mogli escluse naturalmente! Ma come si fa a stare lontani da casa e senza il parrucchiere di fiducia per addirittura trenta giorni? E\u2019 dura, tanto che qualcuno si \u00e8 arrangiato come ha potuto...<\/p>\n<p>Nel ritiro dell\u2019<b>Italia<\/b> \u00e8 <b>Oddo<\/b> ad essersi inventato <i>\u201cnovello Figaro\u201d<\/i>. Il giocatore si diletta per passione con pettini e forbici e, a giudicare dai tagli a <a href='https:\/\/www.gossip.it\/news\/monografia.php?keyword=gilardino'><b><u>Gilardino<\/u><\/b><\/a> e compagni, anche con ottimi risultati. <a href='https:\/\/www.gossip.it\/news\/monografia.php?keyword=totti'><b><u>Totti<\/u><\/b><\/a> ha preferito far arrivare da Roma il suo parrucchiere personale. Prima di iniziare i <a href='https:\/\/www.gossip.it\/news\/cerca2.php3?keyword=mondiali+2006&tiporicerca=0&x=8&y=22'><b><u>Mondiali di Germania 2006<\/u><\/b><\/a>, infatti, il capitano giallorosso ha scelto uno <i>\u201czac\u201d<\/i> militare, come lui stesso lo ha definito.<\/p>\n<p>L\u2019Oscar dell\u2019acconciatura, per\u00f2, spetta come sempre a <a href='https:\/\/www.gossip.it\/news\/cerca2.php3?keyword=VICTORIA+BECKHAM&tiporicerca=0&x=15&y=10'><b><u>Victoria Beckham<\/u><\/b><\/a>, che, tra una pausa e l\u2019altra delle <i>\u201cbisboccie\u201d<\/i> delle wags, fidanzate e mogli dei giocatori inglesi, ha preferito farsi un viaggetto per tornare a casa: d\u2019altronde, il match dell'<b>Inghilterra<\/b> contro il <b>Portogallo<\/b> meritava un\u2019aggiustatina alla messa in piega. Sei ore dal parrucchiere di fiducia, per un conto di pi\u00f9 o meno 2.000 euro, una correzione all\u2019extension, ed ecco donna Beckham pronta per la diretta in mondovisione.<br \/>\nPer giudicare l\u2019opera d\u2019arte non resta che aspettare domani\u2026<\/p>\n<p>Foto: dalla rete<\/p>\n","protected":false},"excerpt":{"rendered":"<p>Il Mondiale, si sa, pu\u00f2 durare anche un mese. Questo \u00e8 proprio ci\u00f2 che si augurano tutti i calciatori protagonisti, mogli escluse naturalmente! Ma come si fa a stare lontani da casa e senza il parrucchiere di fiducia per addirittura trenta giorni? E\u2019 dura, tanto che qualcuno si \u00e8 arrangiato come ha potuto... Nel ritiro [&hellip;]<\/p>\n","protected":false},"author":1,"featured_media":77132,"comment_status":"closed","ping_status":"closed","sticky":false,"template":"","format":"standard","meta":{"footnotes":""},"categories":[54],"tags":[2838,23142,25257,3620,5587,2704,8529,24837,23141,19571,11762,11235,2682,2189,11233],"vip":[1825],"class_list":["post-21085","post","type-post","status-publish","format-standard","has-post-thumbnail","hentry","category-news","tag-calciatori","tag-germania-2006","tag-gialardino","tag-gossip-sport","tag-inghilterra","tag-italia","tag-mondiale","tag-mondiale-2006","tag-mondiali-2006","tag-oddo","tag-portogallo","tag-posh","tag-sport","tag-totti","tag-vic-beckham","vip-victoria_beckham"],"yoast_head":"<title>Per Vic un&#039;acconciatura mondiale - Gossip.it | News sul Gossip e VIP<\/title>\n<meta name=\"description\" content=\"Il Mondiale, si sa, pu\u00f2 durare anche un mese. Questo \u00e8 proprio ci\u00f2 che si augurano tutti i calciatori protagonisti, mogli escluse naturalmente! Ma come si\" \/>\n<meta name=\"robots\" content=\"index, follow, max-snippet:-1, max-image-preview:large, max-video-preview:-1\" \/>\n<link rel=\"canonical\" href=\"https:\/\/www.gossip.it\/news\/per-vic-un-acconciatura-mondiale\/\" \/>\n<meta property=\"og:locale\" content=\"it_IT\" \/>\n<meta property=\"og:type\" content=\"article\" \/>\n<meta property=\"og:title\" content=\"Per Vic un&#039;acconciatura mondiale - Gossip.it | News sul Gossip e VIP\" \/>\n<meta property=\"og:description\" content=\"Il Mondiale, si sa, pu\u00f2 durare anche un mese. Questo \u00e8 proprio ci\u00f2 che si augurano tutti i calciatori protagonisti, mogli escluse naturalmente! Ma come si\" \/>\n<meta property=\"og:url\" content=\"https:\/\/www.gossip.it\/news\/per-vic-un-acconciatura-mondiale\/\" \/>\n<meta property=\"og:site_name\" content=\"Gossip.it | News sul Gossip e VIP\" \/>\n<meta property=\"article:publisher\" content=\"https:\/\/www.facebook.com\/GossipIT\" \/>\n<meta property=\"article:published_time\" content=\"2006-06-29T22:00:00+00:00\" \/>\n<meta property=\"og:image\" content=\"https:\/\/www.gossip.it\/images5\/0220606victoria-beckham.jpg\" \/>\n<meta name=\"author\" content=\"La Redazione\" \/>\n<meta name=\"twitter:card\" content=\"summary_large_image\" \/>\n<meta name=\"twitter:image\" content=\"https:\/\/www.gossip.it\/images5\/0220606victoria-beckham.jpg\" \/>\n<meta name=\"twitter:creator\" content=\"@gossinews_it\" \/>\n<meta name=\"twitter:site\" content=\"@gossinews_it\" \/>\n<meta name=\"twitter:label1\" content=\"Scritto da\" \/>\n\t<meta name=\"twitter:data1\" content=\"Ivan Costa\" \/>\n\t<meta name=\"twitter:label2\" content=\"Tempo di lettura stimato\" \/>\n\t<meta name=\"twitter:data2\" content=\"1 minuto\" \/>","yoast_head_json":{"title":"Per Vic un'acconciatura mondiale - Gossip.it | News sul Gossip e VIP","description":"Il Mondiale, si sa, pu\u00f2 durare anche un mese. Questo \u00e8 proprio ci\u00f2 che si augurano tutti i calciatori protagonisti, mogli escluse naturalmente! Ma come si","robots":{"index":"index","follow":"follow","max-snippet":"max-snippet:-1","max-image-preview":"max-image-preview:large","max-video-preview":"max-video-preview:-1"},"canonical":"https:\/\/www.gossip.it\/news\/per-vic-un-acconciatura-mondiale\/","og_locale":"it_IT","og_type":"article","og_title":"Per Vic un'acconciatura mondiale - Gossip.it | News sul Gossip e VIP","og_description":"Il Mondiale, si sa, pu\u00f2 durare anche un mese. Questo \u00e8 proprio ci\u00f2 che si augurano tutti i calciatori protagonisti, mogli escluse naturalmente! Ma come si","og_url":"https:\/\/www.gossip.it\/news\/per-vic-un-acconciatura-mondiale\/","og_site_name":"Gossip.it | News sul Gossip e VIP","article_publisher":"https:\/\/www.facebook.com\/GossipIT","article_published_time":"2006-06-29T22:00:00+00:00","og_image":[{"url":"https:\/\/www.gossip.it\/images5\/0220606victoria-beckham.jpg"}],"author":"La Redazione","twitter_card":"summary_large_image","twitter_image":"https:\/\/www.gossip.it\/images5\/0220606victoria-beckham.jpg","twitter_creator":"@gossinews_it","twitter_site":"@gossinews_it","twitter_misc":{"Scritto da":"Ivan Costa","Tempo di lettura stimato":"1 minuto"},"schema":{"@context":"https:\/\/schema.org","@graph":[{"@type":"Article","@id":"https:\/\/www.gossip.it\/news\/per-vic-un-acconciatura-mondiale\/#article","isPartOf":{"@id":"https:\/\/www.gossip.it\/news\/per-vic-un-acconciatura-mondiale\/"},"author":{"name":"La Redazione","@id":"https:\/\/www.gossip.it\/#\/schema\/person\/488896f75158bff1cc83c6c39d141110"},"headline":"Per Vic un'acconciatura mondiale","datePublished":"2006-06-29T22:00:00+00:00","dateModified":"2006-06-29T22:00:00+00:00","mainEntityOfPage":{"@id":"https:\/\/www.gossip.it\/news\/per-vic-un-acconciatura-mondiale\/"},"wordCount":217,"publisher":{"@id":"https:\/\/www.gossip.it\/#organization"},"image":{"@id":"https:\/\/www.gossip.it\/news\/per-vic-un-acconciatura-mondiale\/#primaryimage"},"thumbnailUrl":"https:\/\/www.gossip.it\/images5\/0220606victoria-beckham.jpg","keywords":["calciatori","germania 2006","gialardino","gossip sport","inghilterra","italia","mondiale","mondiale 2006","mondiali 2006","oddo","portogallo","posh","sport","totti","vic beckham"],"articleSection":["News"],"inLanguage":"it-IT"},{"@type":"WebPage","@id":"https:\/\/www.gossip.it\/news\/per-vic-un-acconciatura-mondiale\/","url":"https:\/\/www.gossip.it\/news\/per-vic-un-acconciatura-mondiale\/","name":"Per Vic un'acconciatura mondiale - Gossip.it | News sul Gossip e VIP","isPartOf":{"@id":"https:\/\/www.gossip.it\/#website"},"primaryImageOfPage":{"@id":"https:\/\/www.gossip.it\/news\/per-vic-un-acconciatura-mondiale\/#primaryimage"},"image":{"@id":"https:\/\/www.gossip.it\/news\/per-vic-un-acconciatura-mondiale\/#primaryimage"},"thumbnailUrl":"https:\/\/www.gossip.it\/images5\/0220606victoria-beckham.jpg","datePublished":"2006-06-29T22:00:00+00:00","dateModified":"2006-06-29T22:00:00+00:00","description":"Il Mondiale, si sa, pu\u00f2 durare anche un mese. Questo \u00e8 proprio ci\u00f2 che si augurano tutti i calciatori protagonisti, mogli escluse naturalmente! Ma come si","breadcrumb":{"@id":"https:\/\/www.gossip.it\/news\/per-vic-un-acconciatura-mondiale\/#breadcrumb"},"inLanguage":"it-IT","potentialAction":[{"@type":"ReadAction","target":["https:\/\/www.gossip.it\/news\/per-vic-un-acconciatura-mondiale\/"]}]},{"@type":"ImageObject","inLanguage":"it-IT","@id":"https:\/\/www.gossip.it\/news\/per-vic-un-acconciatura-mondiale\/#primaryimage","url":"https:\/\/www.gossip.it\/images5\/0220606victoria-beckham.jpg","contentUrl":"https:\/\/www.gossip.it\/images5\/0220606victoria-beckham.jpg"},{"@type":"BreadcrumbList","@id":"https:\/\/www.gossip.it\/news\/per-vic-un-acconciatura-mondiale\/#breadcrumb","itemListElement":[{"@type":"ListItem","position":1,"name":"Home","item":"https:\/\/www.gossip.it\/"},{"@type":"ListItem","position":2,"name":"Per Vic un'acconciatura mondiale"}]},{"@type":"WebSite","@id":"https:\/\/www.gossip.it\/#website","url":"https:\/\/www.gossip.it\/","name":"Gossip and VIP News","description":"Quotidiano di cronaca rosa, costume e societ\u00e0","publisher":{"@id":"https:\/\/www.gossip.it\/#organization"},"alternateName":"Gossip and VIP News","potentialAction":[{"@type":"SearchAction","target":{"@type":"EntryPoint","urlTemplate":"https:\/\/www.gossip.it\/?s={search_term_string}"},"query-input":{"@type":"PropertyValueSpecification","valueRequired":true,"valueName":"search_term_string"}}],"inLanguage":"it-IT"},{"@type":"Organization","@id":"https:\/\/www.gossip.it\/#organization","name":"Gossip and VIP News","alternateName":"Gossip News","url":"https:\/\/www.gossip.it\/","logo":{"@type":"ImageObject","inLanguage":"it-IT","@id":"https:\/\/www.gossip.it\/#\/schema\/logo\/image\/","url":"https:\/\/www.gossip.it\/wp-content\/uploads\/2022\/04\/cropped-corna-alta-tiny.png","contentUrl":"https:\/\/www.gossip.it\/wp-content\/uploads\/2022\/04\/cropped-corna-alta-tiny.png","width":512,"height":512,"caption":"Gossip and VIP News"},"image":{"@id":"https:\/\/www.gossip.it\/#\/schema\/logo\/image\/"},"sameAs":["https:\/\/www.facebook.com\/GossipIT","https:\/\/x.com\/gossinews_it","https:\/\/instagram.com\/gossip_it"]},{"@type":"Person","@id":"https:\/\/www.gossip.it\/#\/schema\/person\/488896f75158bff1cc83c6c39d141110","name":"La Redazione","image":{"@type":"ImageObject","inLanguage":"it-IT","@id":"https:\/\/www.gossip.it\/#\/schema\/person\/image\/","url":"https:\/\/secure.gravatar.com\/avatar\/5a5f5c6fa3e6700e4249abdad0263a1e94e927d9e0499b1cb09c1cd29c044d80?s=96&d=mm&r=g","contentUrl":"https:\/\/secure.gravatar.com\/avatar\/5a5f5c6fa3e6700e4249abdad0263a1e94e927d9e0499b1cb09c1cd29c044d80?s=96&d=mm&r=g","caption":"La Redazione"},"sameAs":["https:\/\/www.gossip.it"]}]}},"amp_enabled":true,"_links":{"self":[{"href":"https:\/\/www.gossip.it\/api\/wp\/v2\/posts\/21085","targetHints":{"allow":["GET"]}}],"collection":[{"href":"https:\/\/www.gossip.it\/api\/wp\/v2\/posts"}],"about":[{"href":"https:\/\/www.gossip.it\/api\/wp\/v2\/types\/post"}],"author":[{"embeddable":true,"href":"https:\/\/www.gossip.it\/api\/wp\/v2\/users\/1"}],"replies":[{"embeddable":true,"href":"https:\/\/www.gossip.it\/api\/wp\/v2\/comments?post=21085"}],"version-history":[{"count":0,"href":"https:\/\/www.gossip.it\/api\/wp\/v2\/posts\/21085\/revisions"}],"wp:featuredmedia":[{"embeddable":true,"href":"https:\/\/www.gossip.it\/api\/wp\/v2\/media\/77132"}],"wp:attachment":[{"href":"https:\/\/www.gossip.it\/api\/wp\/v2\/media?parent=21085"}],"wp:term":[{"taxonomy":"category","embeddable":true,"href":"https:\/\/www.gossip.it\/api\/wp\/v2\/categories?post=21085"},{"taxonomy":"post_tag","embeddable":true,"href":"https:\/\/www.gossip.it\/api\/wp\/v2\/tags?post=21085"},{"taxonomy":"vip","embeddable":true,"href":"https:\/\/www.gossip.it\/api\/wp\/v2\/vip?post=21085"}],"curies":[{"name":"wp","href":"https:\/\/api.w.org\/{rel}","templated":true}]}}