{"id":211363,"date":"2026-03-04T14:10:37","date_gmt":"2026-03-04T13:10:37","guid":{"rendered":"https:\/\/www.gossip.it\/?p=211363"},"modified":"2026-03-04T15:24:42","modified_gmt":"2026-03-04T14:24:42","slug":"giulia-salemi-teatro-milano-sorella-adottiva-nausika","status":"publish","type":"post","link":"https:\/\/www.gossip.it\/news\/giulia-salemi-teatro-milano-sorella-adottiva-nausika\/","title":{"rendered":"Giulia Salemi va alla prima a teatro a Milano e ritrova per puro caso la sorella adottiva Nausika: guarda"},"content":{"rendered":"\n<ul class=\"wp-block-list\">\n<li>La conduttrice e influencer 32enne ne aveva parlato tra le lacrime al <em>Grande Fratello Vip<\/em><\/li>\n\n\n\n<li>Al reality aveva rivelato la storia che l\u2019univa a lei, arrivata nella sua casa quando aveva 5 anni<\/li>\n<\/ul>\n\n\n\n<p>Ne aveva parlato al<em> Grande Fratello Vip<\/em> nel 2021, sottolineando tra le lacrime che non la vedeva da 15 anni. Poi aveva ascoltato le parole di lei, rilasciate a un settimanale. <strong><a href=\"http:\/\/www.gossip.it\/vip\/giulia-salemi\">Giulia Salemi<\/a> va alla prima a teatro a Milano<\/strong>, all\u2019Arciboldi per <em>Notre Dame de Paris<\/em>, e <strong>ritrova per puro caso la sorella adottiva Nausika<\/strong>. Le due si fanno vedere insieme nelle Storie dell\u2019influencer e conduttrice 32enne.<\/p>\n\n\n\n<figure class=\"wp-block-image size-large is-resized\"><img decoding=\"async\" width=\"741\" height=\"1024\" src=\"https:\/\/www.gossip.it\/wp-content\/uploads\/2026\/03\/salemi_sorella_ritrovata_1-741x1024.jpg\" alt=\"\" class=\"wp-image-211364\" style=\"width:768px;height:auto\" srcset=\"https:\/\/www.gossip.it\/wp-content\/uploads\/2026\/03\/salemi_sorella_ritrovata_1-741x1024.jpg 741w, https:\/\/www.gossip.it\/wp-content\/uploads\/2026\/03\/salemi_sorella_ritrovata_1-217x300.jpg 217w, https:\/\/www.gossip.it\/wp-content\/uploads\/2026\/03\/salemi_sorella_ritrovata_1-768x1062.jpg 768w, https:\/\/www.gossip.it\/wp-content\/uploads\/2026\/03\/salemi_sorella_ritrovata_1-1111x1536.jpg 1111w, https:\/\/www.gossip.it\/wp-content\/uploads\/2026\/03\/salemi_sorella_ritrovata_1-750x1037.jpg 750w, https:\/\/www.gossip.it\/wp-content\/uploads\/2026\/03\/salemi_sorella_ritrovata_1.jpg 1134w\" sizes=\"(max-width: 741px) 100vw, 741px\" \/><figcaption class=\"wp-element-caption\">Giulia Salemi va alla prima a teatro a Milano e ritrova per puro caso la sorella adottiva Nausika<\/figcaption><\/figure>\n\n\n\n<p>La ragazza era arrivata nella casa di Giulia, quando l\u2019italo-persiana aveva 5 anni e ci era rimasta per due anni. <em>\u201cVorrei esserci realmente per lei. Ma purtroppo adesso \u00e8 troppo tardi. Anche se non \u00e8 mai stata la mia sorella biologica, per me \u00e8 stata una sorella vera\u201d<\/em>, aveva detto Giulia. A sorpresa le erano state fatte ascoltare le parole di Nausika, rilasciate a un settimanale. Si era emozionata e aveva svelato:<em> \u201cE\u2019 una situazione delicata e complessa. Quando sua madre se l\u2019\u00e8 ripresa, ha promesso a mia madre che ce l\u2019avrebbe fatta vedere. Poi hanno discusso e ho avuto paura di cercarla fisicamente. <strong>L\u2019ho cercata su Facebook, ma lei mi ha bloccata e ha cambiato nome<\/strong>\u201d<\/em>. La sua speranza era averla nella vita.<\/p>\n\n\n\n<figure class=\"wp-block-image size-large is-resized\"><img decoding=\"async\" width=\"689\" height=\"1024\" src=\"https:\/\/www.gossip.it\/wp-content\/uploads\/2026\/03\/salemi_sorella_ritrovata_2-689x1024.jpg\" alt=\"\" class=\"wp-image-211365\" style=\"width:768px;height:auto\" srcset=\"https:\/\/www.gossip.it\/wp-content\/uploads\/2026\/03\/salemi_sorella_ritrovata_2-689x1024.jpg 689w, https:\/\/www.gossip.it\/wp-content\/uploads\/2026\/03\/salemi_sorella_ritrovata_2-202x300.jpg 202w, https:\/\/www.gossip.it\/wp-content\/uploads\/2026\/03\/salemi_sorella_ritrovata_2-768x1141.jpg 768w, https:\/\/www.gossip.it\/wp-content\/uploads\/2026\/03\/salemi_sorella_ritrovata_2-1034x1536.jpg 1034w, https:\/\/www.gossip.it\/wp-content\/uploads\/2026\/03\/salemi_sorella_ritrovata_2-750x1114.jpg 750w, https:\/\/www.gossip.it\/wp-content\/uploads\/2026\/03\/salemi_sorella_ritrovata_2.jpg 1134w\" sizes=\"(max-width: 689px) 100vw, 689px\" \/><figcaption class=\"wp-element-caption\">Le due insieme all'Arciboldi <\/figcaption><\/figure>\n\n\n\n<figure class=\"wp-block-image size-large is-resized\"><img decoding=\"async\" width=\"660\" height=\"1024\" src=\"https:\/\/www.gossip.it\/wp-content\/uploads\/2026\/03\/salemi_sorella_ritrovata_3-660x1024.jpg\" alt=\"\" class=\"wp-image-211366\" style=\"width:768px;height:auto\" srcset=\"https:\/\/www.gossip.it\/wp-content\/uploads\/2026\/03\/salemi_sorella_ritrovata_3-660x1024.jpg 660w, https:\/\/www.gossip.it\/wp-content\/uploads\/2026\/03\/salemi_sorella_ritrovata_3-193x300.jpg 193w, https:\/\/www.gossip.it\/wp-content\/uploads\/2026\/03\/salemi_sorella_ritrovata_3-768x1191.jpg 768w, https:\/\/www.gossip.it\/wp-content\/uploads\/2026\/03\/salemi_sorella_ritrovata_3-990x1536.jpg 990w, https:\/\/www.gossip.it\/wp-content\/uploads\/2026\/03\/salemi_sorella_ritrovata_3-750x1163.jpg 750w, https:\/\/www.gossip.it\/wp-content\/uploads\/2026\/03\/salemi_sorella_ritrovata_3.jpg 1134w\" sizes=\"(max-width: 660px) 100vw, 660px\" \/><figcaption class=\"wp-element-caption\">La conduttrice e influencer 32enne ne aveva parlato tra le lacrime al <em>Grande Fratello Vip<\/em>. Al reality aveva rivelato la storia che l\u2019univa a lei, arrivata nella sua casa quando aveva 5 anni<\/figcaption><\/figure>\n\n\n\n<p>La Salemi lascia tutti a bocca aperta. Nelle Storie pubblica una foto che la ritrae bambina con la sorella: <em>\u201cVi ricordate quando 6 anni fa nella Casa avevo parlato della mia sorellina Nausika?\u201d<\/em>. Poi si fa vedere vicino a lei: <em>\u201cSono felicissima. Appena uscita dalla Casa l\u2019avevo cercata e ci eravamo riviste. Poi ci siamo perse ed <strong>eccoci qua per caso. Sar\u00e0 per sempre la mia sorellina dopo 25 anni<\/strong>\u201d<\/em>. <em>\u201cC\u2019\u00e8 da dire che non sono cos\u00ec \u2018nana\u2019, lei ha i tacchi\u201d<\/em>, replica Nausika ironica.<\/p>\n\n\n\n<figure class=\"wp-block-image size-large is-resized\"><img decoding=\"async\" width=\"637\" height=\"1024\" src=\"https:\/\/www.gossip.it\/wp-content\/uploads\/2026\/03\/salemi_sorella_ritrovata_4-637x1024.jpg\" alt=\"\" class=\"wp-image-211367\" style=\"width:768px;height:auto\" srcset=\"https:\/\/www.gossip.it\/wp-content\/uploads\/2026\/03\/salemi_sorella_ritrovata_4-637x1024.jpg 637w, https:\/\/www.gossip.it\/wp-content\/uploads\/2026\/03\/salemi_sorella_ritrovata_4-187x300.jpg 187w, https:\/\/www.gossip.it\/wp-content\/uploads\/2026\/03\/salemi_sorella_ritrovata_4-768x1234.jpg 768w, https:\/\/www.gossip.it\/wp-content\/uploads\/2026\/03\/salemi_sorella_ritrovata_4-956x1536.jpg 956w, https:\/\/www.gossip.it\/wp-content\/uploads\/2026\/03\/salemi_sorella_ritrovata_4-750x1205.jpg 750w, https:\/\/www.gossip.it\/wp-content\/uploads\/2026\/03\/salemi_sorella_ritrovata_4.jpg 1134w\" sizes=\"(max-width: 637px) 100vw, 637px\" \/><figcaption class=\"wp-element-caption\">Nonostante le loro strade ora siano diverse, Giulia la porta nel cuore<\/figcaption><\/figure>\n\n\n\n<p>Giulia poi condivide un\u2019altra foto con Nausika e spiega: <em>\u201cSono cresciuta con la paura di non essere stata sufficientemente una brava sorella e quando invece lei mi ha raccontato tutti i suoi ricordi belli, <strong>sono riuscita finalmente a fare un passo avanti e a non avere pi\u00f9 sensi di colpa<\/strong>\u201d<\/em>. Nonostante le loro strade si siano separate, lei la porta nel cuore.<\/p>\n","protected":false},"excerpt":{"rendered":"<p>La conduttrice e influencer 32enne ne aveva...<\/p>\n","protected":false},"author":24,"featured_media":211368,"comment_status":"open","ping_status":"closed","sticky":false,"template":"","format":"standard","meta":{"footnotes":""},"categories":[54],"tags":[24078,10713,64020,88463,88464,2793,63536,1979,88465,88462,2097],"vip":[63415],"class_list":["post-211363","post","type-post","status-publish","format-standard","has-post-thumbnail","hentry","category-news","tag-arciboldi","tag-gfvip","tag-giuliasalemi","tag-giuliasalemisorella","tag-giuliasalemisorellaadottiva","tag-gossip","tag-grandefratellovip","tag-milano","tag-nausikamaffi","tag-teatrodegliarciboldi","tag-tv","vip-giulia-salemi"],"yoast_head":"<title>Giulia Salemi va alla prima a teatro a Milano e ritrova per puro caso la sorella adottiva Nausika: guarda - Gossip.it | News sul Gossip e VIP<\/title>\n<meta name=\"description\" content=\"Giulia Salemi va alla prima a teatro a Milano e ritrova per puro caso la sorella adottiva Nausika di cui aveva parlato al GF Vip: guarda\" \/>\n<meta name=\"robots\" content=\"index, follow, max-snippet:-1, max-image-preview:large, max-video-preview:-1\" \/>\n<link rel=\"canonical\" href=\"https:\/\/www.gossip.it\/news\/giulia-salemi-teatro-milano-sorella-adottiva-nausika\/\" \/>\n<meta property=\"og:locale\" content=\"it_IT\" \/>\n<meta property=\"og:type\" content=\"article\" \/>\n<meta property=\"og:title\" content=\"Giulia Salemi va alla prima a teatro a Milano e ritrova per puro caso la sorella adottiva Nausika: guarda - Gossip.it | News sul Gossip e VIP\" \/>\n<meta property=\"og:description\" content=\"Giulia Salemi va alla prima a teatro a Milano e ritrova per puro caso la sorella adottiva Nausika di cui aveva parlato al GF Vip: guarda\" \/>\n<meta property=\"og:url\" content=\"https:\/\/www.gossip.it\/news\/giulia-salemi-teatro-milano-sorella-adottiva-nausika\/\" \/>\n<meta property=\"og:site_name\" content=\"Gossip.it | News sul Gossip e VIP\" \/>\n<meta property=\"article:publisher\" content=\"https:\/\/www.facebook.com\/GossipIT\" \/>\n<meta property=\"article:published_time\" content=\"2026-03-04T13:10:37+00:00\" \/>\n<meta property=\"article:modified_time\" content=\"2026-03-04T14:24:42+00:00\" \/>\n<meta property=\"og:image\" content=\"https:\/\/www.gossip.it\/wp-content\/uploads\/2026\/03\/lancio-SALEMI-FB-2.jpg\" \/>\n\t<meta property=\"og:image:width\" content=\"1200\" \/>\n\t<meta property=\"og:image:height\" content=\"700\" \/>\n\t<meta property=\"og:image:type\" content=\"image\/jpeg\" \/>\n<meta name=\"author\" content=\"Carla Giuni\" \/>\n<meta name=\"twitter:card\" content=\"summary_large_image\" \/>\n<meta name=\"twitter:creator\" content=\"@gossinews_it\" \/>\n<meta name=\"twitter:site\" content=\"@gossinews_it\" \/>\n<meta name=\"twitter:label1\" content=\"Scritto da\" \/>\n\t<meta name=\"twitter:data1\" content=\"Carla Giuni\" \/>\n\t<meta name=\"twitter:label2\" content=\"Tempo di lettura stimato\" \/>\n\t<meta name=\"twitter:data2\" content=\"4 minuti\" \/>","yoast_head_json":{"title":"Giulia Salemi va alla prima a teatro a Milano e ritrova per puro caso la sorella adottiva Nausika: guarda - Gossip.it | News sul Gossip e VIP","description":"Giulia Salemi va alla prima a teatro a Milano e ritrova per puro caso la sorella adottiva Nausika di cui aveva parlato al GF Vip: guarda","robots":{"index":"index","follow":"follow","max-snippet":"max-snippet:-1","max-image-preview":"max-image-preview:large","max-video-preview":"max-video-preview:-1"},"canonical":"https:\/\/www.gossip.it\/news\/giulia-salemi-teatro-milano-sorella-adottiva-nausika\/","og_locale":"it_IT","og_type":"article","og_title":"Giulia Salemi va alla prima a teatro a Milano e ritrova per puro caso la sorella adottiva Nausika: guarda - Gossip.it | News sul Gossip e VIP","og_description":"Giulia Salemi va alla prima a teatro a Milano e ritrova per puro caso la sorella adottiva Nausika di cui aveva parlato al GF Vip: guarda","og_url":"https:\/\/www.gossip.it\/news\/giulia-salemi-teatro-milano-sorella-adottiva-nausika\/","og_site_name":"Gossip.it | News sul Gossip e VIP","article_publisher":"https:\/\/www.facebook.com\/GossipIT","article_published_time":"2026-03-04T13:10:37+00:00","article_modified_time":"2026-03-04T14:24:42+00:00","og_image":[{"width":1200,"height":700,"url":"https:\/\/www.gossip.it\/wp-content\/uploads\/2026\/03\/lancio-SALEMI-FB-2.jpg","type":"image\/jpeg"}],"author":"Carla Giuni","twitter_card":"summary_large_image","twitter_creator":"@gossinews_it","twitter_site":"@gossinews_it","twitter_misc":{"Scritto da":"Carla Giuni","Tempo di lettura stimato":"4 minuti"},"schema":{"@context":"https:\/\/schema.org","@graph":[{"@type":"Article","@id":"https:\/\/www.gossip.it\/news\/giulia-salemi-teatro-milano-sorella-adottiva-nausika\/#article","isPartOf":{"@id":"https:\/\/www.gossip.it\/news\/giulia-salemi-teatro-milano-sorella-adottiva-nausika\/"},"author":{"name":"Carla Giuni","@id":"https:\/\/www.gossip.it\/#\/schema\/person\/df4a88c190f338e21427b6f342595faa"},"headline":"Giulia Salemi va alla prima a teatro a Milano e ritrova per puro caso la sorella adottiva Nausika: guarda","datePublished":"2026-03-04T13:10:37+00:00","dateModified":"2026-03-04T14:24:42+00:00","mainEntityOfPage":{"@id":"https:\/\/www.gossip.it\/news\/giulia-salemi-teatro-milano-sorella-adottiva-nausika\/"},"wordCount":457,"commentCount":0,"publisher":{"@id":"https:\/\/www.gossip.it\/#organization"},"image":{"@id":"https:\/\/www.gossip.it\/news\/giulia-salemi-teatro-milano-sorella-adottiva-nausika\/#primaryimage"},"thumbnailUrl":"https:\/\/www.gossip.it\/wp-content\/uploads\/2026\/03\/lancio-SALEMI-2.jpg","keywords":["arciboldi","gfvip","giuliasalemi","giuliasalemisorella","giuliasalemisorellaadottiva","gossip","grandefratellovip","milano","nausikamaffi","teatrodegliarciboldi","tv"],"articleSection":["News"],"inLanguage":"it-IT","potentialAction":[{"@type":"CommentAction","name":"Comment","target":["https:\/\/www.gossip.it\/news\/giulia-salemi-teatro-milano-sorella-adottiva-nausika\/#respond"]}]},{"@type":"WebPage","@id":"https:\/\/www.gossip.it\/news\/giulia-salemi-teatro-milano-sorella-adottiva-nausika\/","url":"https:\/\/www.gossip.it\/news\/giulia-salemi-teatro-milano-sorella-adottiva-nausika\/","name":"Giulia Salemi va alla prima a teatro a Milano e ritrova per puro caso la sorella adottiva Nausika: guarda - Gossip.it | News sul Gossip e VIP","isPartOf":{"@id":"https:\/\/www.gossip.it\/#website"},"primaryImageOfPage":{"@id":"https:\/\/www.gossip.it\/news\/giulia-salemi-teatro-milano-sorella-adottiva-nausika\/#primaryimage"},"image":{"@id":"https:\/\/www.gossip.it\/news\/giulia-salemi-teatro-milano-sorella-adottiva-nausika\/#primaryimage"},"thumbnailUrl":"https:\/\/www.gossip.it\/wp-content\/uploads\/2026\/03\/lancio-SALEMI-2.jpg","datePublished":"2026-03-04T13:10:37+00:00","dateModified":"2026-03-04T14:24:42+00:00","description":"Giulia Salemi va alla prima a teatro a Milano e ritrova per puro caso la sorella adottiva Nausika di cui aveva parlato al GF Vip: guarda","breadcrumb":{"@id":"https:\/\/www.gossip.it\/news\/giulia-salemi-teatro-milano-sorella-adottiva-nausika\/#breadcrumb"},"inLanguage":"it-IT","potentialAction":[{"@type":"ReadAction","target":["https:\/\/www.gossip.it\/news\/giulia-salemi-teatro-milano-sorella-adottiva-nausika\/"]}]},{"@type":"ImageObject","inLanguage":"it-IT","@id":"https:\/\/www.gossip.it\/news\/giulia-salemi-teatro-milano-sorella-adottiva-nausika\/#primaryimage","url":"https:\/\/www.gossip.it\/wp-content\/uploads\/2026\/03\/lancio-SALEMI-2.jpg","contentUrl":"https:\/\/www.gossip.it\/wp-content\/uploads\/2026\/03\/lancio-SALEMI-2.jpg","width":1200,"height":855},{"@type":"BreadcrumbList","@id":"https:\/\/www.gossip.it\/news\/giulia-salemi-teatro-milano-sorella-adottiva-nausika\/#breadcrumb","itemListElement":[{"@type":"ListItem","position":1,"name":"Home","item":"https:\/\/www.gossip.it\/"},{"@type":"ListItem","position":2,"name":"Giulia Salemi va alla prima a teatro a Milano e ritrova per puro caso la sorella adottiva Nausika: guarda"}]},{"@type":"WebSite","@id":"https:\/\/www.gossip.it\/#website","url":"https:\/\/www.gossip.it\/","name":"Gossip and VIP News","description":"Quotidiano di cronaca rosa, costume e societ\u00e0","publisher":{"@id":"https:\/\/www.gossip.it\/#organization"},"alternateName":"Gossip and VIP News","potentialAction":[{"@type":"SearchAction","target":{"@type":"EntryPoint","urlTemplate":"https:\/\/www.gossip.it\/?s={search_term_string}"},"query-input":{"@type":"PropertyValueSpecification","valueRequired":true,"valueName":"search_term_string"}}],"inLanguage":"it-IT"},{"@type":"Organization","@id":"https:\/\/www.gossip.it\/#organization","name":"Gossip and VIP News","alternateName":"Gossip News","url":"https:\/\/www.gossip.it\/","logo":{"@type":"ImageObject","inLanguage":"it-IT","@id":"https:\/\/www.gossip.it\/#\/schema\/logo\/image\/","url":"https:\/\/www.gossip.it\/wp-content\/uploads\/2022\/04\/cropped-corna-alta-tiny.png","contentUrl":"https:\/\/www.gossip.it\/wp-content\/uploads\/2022\/04\/cropped-corna-alta-tiny.png","width":512,"height":512,"caption":"Gossip and VIP News"},"image":{"@id":"https:\/\/www.gossip.it\/#\/schema\/logo\/image\/"},"sameAs":["https:\/\/www.facebook.com\/GossipIT","https:\/\/x.com\/gossinews_it","https:\/\/instagram.com\/gossip_it"]},{"@type":"Person","@id":"https:\/\/www.gossip.it\/#\/schema\/person\/df4a88c190f338e21427b6f342595faa","name":"Carla Giuni","image":{"@type":"ImageObject","inLanguage":"it-IT","@id":"https:\/\/www.gossip.it\/#\/schema\/person\/image\/","url":"https:\/\/secure.gravatar.com\/avatar\/9caf92f895c8e9a7cca263cd6e3860da8edad54c0a92046a7e363cbd3fa35c36?s=96&d=mm&r=g","contentUrl":"https:\/\/secure.gravatar.com\/avatar\/9caf92f895c8e9a7cca263cd6e3860da8edad54c0a92046a7e363cbd3fa35c36?s=96&d=mm&r=g","caption":"Carla Giuni"}}]}},"amp_enabled":true,"_links":{"self":[{"href":"https:\/\/www.gossip.it\/api\/wp\/v2\/posts\/211363","targetHints":{"allow":["GET"]}}],"collection":[{"href":"https:\/\/www.gossip.it\/api\/wp\/v2\/posts"}],"about":[{"href":"https:\/\/www.gossip.it\/api\/wp\/v2\/types\/post"}],"author":[{"embeddable":true,"href":"https:\/\/www.gossip.it\/api\/wp\/v2\/users\/24"}],"replies":[{"embeddable":true,"href":"https:\/\/www.gossip.it\/api\/wp\/v2\/comments?post=211363"}],"version-history":[{"count":1,"href":"https:\/\/www.gossip.it\/api\/wp\/v2\/posts\/211363\/revisions"}],"predecessor-version":[{"id":211370,"href":"https:\/\/www.gossip.it\/api\/wp\/v2\/posts\/211363\/revisions\/211370"}],"wp:featuredmedia":[{"embeddable":true,"href":"https:\/\/www.gossip.it\/api\/wp\/v2\/media\/211368"}],"wp:attachment":[{"href":"https:\/\/www.gossip.it\/api\/wp\/v2\/media?parent=211363"}],"wp:term":[{"taxonomy":"category","embeddable":true,"href":"https:\/\/www.gossip.it\/api\/wp\/v2\/categories?post=211363"},{"taxonomy":"post_tag","embeddable":true,"href":"https:\/\/www.gossip.it\/api\/wp\/v2\/tags?post=211363"},{"taxonomy":"vip","embeddable":true,"href":"https:\/\/www.gossip.it\/api\/wp\/v2\/vip?post=211363"}],"curies":[{"name":"wp","href":"https:\/\/api.w.org\/{rel}","templated":true}]}}