{"id":211562,"date":"2026-03-06T19:25:59","date_gmt":"2026-03-06T18:25:59","guid":{"rendered":"https:\/\/www.gossip.it\/?p=211562"},"modified":"2026-03-09T09:32:53","modified_gmt":"2026-03-09T08:32:53","slug":"alluce-valgo-aurora-ramazzotti","status":"publish","type":"post","link":"https:\/\/www.gossip.it\/news\/alluce-valgo-aurora-ramazzotti\/","title":{"rendered":"''Ho l'alluce valgo che sta arrivando'': Aurora Ramazzotti parla dei difetti ereditati dai genitori e mostra il piede alla telecamera, guarda"},"content":{"rendered":"\n<ul class=\"wp-block-list\">\n<li>La 29enne \u00e8 figlia di Michelle Hunziker e Aurora Ramazzotti<\/li>\n\n\n\n<li>E\u2019 stata ospite di Giulia Vecchio nel format \u201cHot Ones Italia\u201d<\/li>\n\n\n\n<li>Qui le \u00e8 stato chiesto, tra le altre cose, dei difetti ereditati dai suoi genitori<\/li>\n\n\n\n<li>Lei ha parlato dell\u2019alluce valgo e mostrato il piede alla telecamera dopo aver tolto la scarpa<\/li>\n<\/ul>\n\n\n\n<p><strong><a href=\"https:\/\/www.gossip.it\/?s=aurora+ramazzotti\">Aurora Ramazzotti<\/a><\/strong> ha detto di pensare di aver ereditato l\u2019<strong>alluce valgo<\/strong> da sua <strong>mamma Michelle Hunziker<\/strong> e ha anche mostrato il<strong> piede<\/strong> con la \u201ccurva\u201d alla <strong>telecamera<\/strong>.<\/p>\n\n\n\n<p>La 29enne, che \u00e8 figlia della conduttrice di origini svizzere e della star della musica italiana Eros Ramazzotti, \u00e8 stata ospite di Giulia Vecchio nel format<em><strong> \u201cHot Ones Italia\u201d<\/strong><\/em>.<\/p>\n\n\n\n<p>Qui le \u00e8 stato chiesto un \"<strong>difetto<\/strong>\" che ha ripreso dalla madre e uno che ha ripreso dal padre.<\/p>\n\n\n\n<p><em>\u201cAllora, difetto di mia mamma, se vogliamo chiamarlo un difetto perch\u00e9 poi c'\u00e8 a chi piace... <strong>ho l'alluce valgo che sta arrivando<\/strong>. Se vuoi te lo<strong> faccio anche vedere<\/strong>\u201d<\/em>, ha risposto.<\/p>\n\n\n\n<figure class=\"wp-block-image size-large\"><img decoding=\"async\" width=\"1024\" height=\"565\" src=\"https:\/\/www.gossip.it\/wp-content\/uploads\/2026\/03\/Screenshot-2026-03-06-at-18.42.25-1024x565.jpg\" alt=\"\" class=\"wp-image-211563\" srcset=\"https:\/\/www.gossip.it\/wp-content\/uploads\/2026\/03\/Screenshot-2026-03-06-at-18.42.25-1024x565.jpg 1024w, https:\/\/www.gossip.it\/wp-content\/uploads\/2026\/03\/Screenshot-2026-03-06-at-18.42.25-300x165.jpg 300w, https:\/\/www.gossip.it\/wp-content\/uploads\/2026\/03\/Screenshot-2026-03-06-at-18.42.25-768x423.jpg 768w, https:\/\/www.gossip.it\/wp-content\/uploads\/2026\/03\/Screenshot-2026-03-06-at-18.42.25-1536x847.jpg 1536w, https:\/\/www.gossip.it\/wp-content\/uploads\/2026\/03\/Screenshot-2026-03-06-at-18.42.25-2048x1129.jpg 2048w, https:\/\/www.gossip.it\/wp-content\/uploads\/2026\/03\/Screenshot-2026-03-06-at-18.42.25-750x414.jpg 750w, https:\/\/www.gossip.it\/wp-content\/uploads\/2026\/03\/Screenshot-2026-03-06-at-18.42.25-1140x629.jpg 1140w\" sizes=\"(max-width: 1024px) 100vw, 1024px\" \/><figcaption class=\"wp-element-caption\">Aurora Ramazzotti, 29 anni, si toglie lo stivale a \"Hot Ones Italia\" e mostra l'\"alluce valgo\" in arrivo che pensa di aver ereditato da mamma Michelle Hunziker<\/figcaption><\/figure>\n\n\n\n<p>Aurora si toglie quindi uno stivale e mostra la pianta del piede alle telecamere: <em>\u201cVedi che qua non \u00e8 che scende proprio dritto il piede, cio\u00e8<strong> fa un po' questa curva<\/strong>. Allora io guardo il piede di mia madre e vedo il mio futuro\u201d<\/em>.<\/p>\n\n\n\n<figure class=\"wp-block-image size-large\"><img decoding=\"async\" width=\"1024\" height=\"565\" src=\"https:\/\/www.gossip.it\/wp-content\/uploads\/2026\/03\/Screenshot-2026-03-06-at-18.43.47-1024x565.jpg\" alt=\"\" class=\"wp-image-211564\" srcset=\"https:\/\/www.gossip.it\/wp-content\/uploads\/2026\/03\/Screenshot-2026-03-06-at-18.43.47-1024x565.jpg 1024w, https:\/\/www.gossip.it\/wp-content\/uploads\/2026\/03\/Screenshot-2026-03-06-at-18.43.47-300x165.jpg 300w, https:\/\/www.gossip.it\/wp-content\/uploads\/2026\/03\/Screenshot-2026-03-06-at-18.43.47-768x423.jpg 768w, https:\/\/www.gossip.it\/wp-content\/uploads\/2026\/03\/Screenshot-2026-03-06-at-18.43.47-1536x847.jpg 1536w, https:\/\/www.gossip.it\/wp-content\/uploads\/2026\/03\/Screenshot-2026-03-06-at-18.43.47-2048x1129.jpg 2048w, https:\/\/www.gossip.it\/wp-content\/uploads\/2026\/03\/Screenshot-2026-03-06-at-18.43.47-750x414.jpg 750w, https:\/\/www.gossip.it\/wp-content\/uploads\/2026\/03\/Screenshot-2026-03-06-at-18.43.47-1140x629.jpg 1140w\" sizes=\"(max-width: 1024px) 100vw, 1024px\" \/><figcaption class=\"wp-element-caption\">Aurora mostra il piede alla telecamera: pensa che per lei sia in arrivo \"l'alluce valgo\"<\/figcaption><\/figure>\n\n\n\n<p>In realt\u00e0 i piedi di Aurora, almeno a giudicare dai giudizi che vengono espressi online, piacciono. Ha continuato: <em>\u201cSo che esiste un sito che \u00e8 tipo Wikipedia dei piedi, dove tu puoi scrivere il nome di qualsiasi celebrity o qualsiasi persona e ti esce [\u2026] e ci sono anche i miei piedi. E<strong> ho anche un rating alto<\/strong>: ho 4.8 su 5\u201d<\/em>.<\/p>\n\n\n\n<figure class=\"wp-block-image size-large\"><img decoding=\"async\" width=\"1024\" height=\"565\" src=\"https:\/\/www.gossip.it\/wp-content\/uploads\/2026\/03\/Screenshot-2026-03-06-at-18.42.57-1024x565.jpg\" alt=\"\" class=\"wp-image-211565\" srcset=\"https:\/\/www.gossip.it\/wp-content\/uploads\/2026\/03\/Screenshot-2026-03-06-at-18.42.57-1024x565.jpg 1024w, https:\/\/www.gossip.it\/wp-content\/uploads\/2026\/03\/Screenshot-2026-03-06-at-18.42.57-300x165.jpg 300w, https:\/\/www.gossip.it\/wp-content\/uploads\/2026\/03\/Screenshot-2026-03-06-at-18.42.57-768x423.jpg 768w, https:\/\/www.gossip.it\/wp-content\/uploads\/2026\/03\/Screenshot-2026-03-06-at-18.42.57-1536x847.jpg 1536w, https:\/\/www.gossip.it\/wp-content\/uploads\/2026\/03\/Screenshot-2026-03-06-at-18.42.57-2048x1129.jpg 2048w, https:\/\/www.gossip.it\/wp-content\/uploads\/2026\/03\/Screenshot-2026-03-06-at-18.42.57-750x414.jpg 750w, https:\/\/www.gossip.it\/wp-content\/uploads\/2026\/03\/Screenshot-2026-03-06-at-18.42.57-1140x629.jpg 1140w\" sizes=\"(max-width: 1024px) 100vw, 1024px\" \/><figcaption class=\"wp-element-caption\">Aurora fa vedere la curva che fa il suo piede<\/figcaption><\/figure>\n\n\n\n<p>Un \u201cdifetto\u201d caratteriale ripreso sempre da Michelle? <em>\u201cSono distratta o mi dimentico di segnarmi un appuntamento... adesso quando mia mamma vedr\u00e0 questa cosa si offender\u00e0\u2026 mamma noi siamo cos\u00ec! Io ti amo per questo, non ti offendere, <strong>noi siamo un po' svampite<\/strong>, ma va bene no? Cio\u00e8, abbiamo altre qualit\u00e0\u201d<\/em>.<\/p>\n\n\n\n<p><em>\u201cNoi viviamo un po' cos\u00ec,<strong> un po' su una nuvola<\/strong>, per\u00f2 incredibilmente riusciamo a fare tutto alla fine, quindi vedi, poi io sto cercando di organizzarmi e migliorare\u201d<\/em>, ha continuato.<\/p>\n\n\n\n<figure class=\"wp-block-image size-large\"><img decoding=\"async\" width=\"1024\" height=\"565\" src=\"https:\/\/www.gossip.it\/wp-content\/uploads\/2026\/03\/Screenshot-2026-03-06-at-18.42.18-1024x565.jpg\" alt=\"\" class=\"wp-image-211567\" srcset=\"https:\/\/www.gossip.it\/wp-content\/uploads\/2026\/03\/Screenshot-2026-03-06-at-18.42.18-1024x565.jpg 1024w, https:\/\/www.gossip.it\/wp-content\/uploads\/2026\/03\/Screenshot-2026-03-06-at-18.42.18-300x165.jpg 300w, https:\/\/www.gossip.it\/wp-content\/uploads\/2026\/03\/Screenshot-2026-03-06-at-18.42.18-768x423.jpg 768w, https:\/\/www.gossip.it\/wp-content\/uploads\/2026\/03\/Screenshot-2026-03-06-at-18.42.18-1536x847.jpg 1536w, https:\/\/www.gossip.it\/wp-content\/uploads\/2026\/03\/Screenshot-2026-03-06-at-18.42.18-2048x1129.jpg 2048w, https:\/\/www.gossip.it\/wp-content\/uploads\/2026\/03\/Screenshot-2026-03-06-at-18.42.18-750x414.jpg 750w, https:\/\/www.gossip.it\/wp-content\/uploads\/2026\/03\/Screenshot-2026-03-06-at-18.42.18-1140x629.jpg 1140w\" sizes=\"(max-width: 1024px) 100vw, 1024px\" \/><figcaption class=\"wp-element-caption\">Aurora il prossimo 4 luglio sposer\u00e0 il compagno e padre di suo figlio Goffredo Cerza<\/figcaption><\/figure>\n\n\n\n<p>Poi Aurora \u2013 che il prossimo 4 luglio dovrebbe sposare il compagno <strong>Goffredo Cerza<\/strong>, padre di suo figlio di quasi 3 anni Cesare \u2013 ha parlato anche di un \u201cdifetto\u201d ripreso dal famoso <strong>pap\u00e0<\/strong>.<\/p>\n\n\n\n<p><em>\u201cMio pap\u00e0 \u00e8 proprio il classico artista, no? Anche nella vita proprio, cio\u00e8 lui \u00e8 diventato chi \u00e8 a 18 anni, quindi sono 50 anni ormai che \u00e8 quello, non lo cambi pi\u00f9. Perci\u00f2 ha proprio tutte le classiche caratteristiche dell'artista che \u00e8 veramente appassionato di musica, ma che \u00e8 molto magari per le sue, <strong>un po' orso ogni tanto<\/strong>, si chiude. Io ho la stessa cosa, cio\u00e8 ci sono dei momenti dove io prima sono scoppiettante a mille e poi ogni tanto ho bisogno del mio spazio personale e quindi inaspettatamente mi chiudo\u201d<\/em>.<\/p>\n","protected":false},"excerpt":{"rendered":"<p>La 29enne \u00e8 stata ospite del format \"Hot Ones Italia\" e...<\/p>\n","protected":false},"author":27,"featured_media":211583,"comment_status":"closed","ping_status":"closed","sticky":false,"template":"","format":"standard","meta":{"footnotes":""},"categories":[54],"tags":[88507],"vip":[63423],"class_list":["post-211562","post","type-post","status-publish","format-standard","has-post-thumbnail","hentry","category-news","tag-alluce-valgo-aurora-ramazzotti","vip-aurora-ramazzotti"],"yoast_head":"<title>&#039;&#039;Ho l&#039;alluce valgo che sta arrivando&#039;&#039;: Aurora Ramazzotti parla dei difetti ereditati dai genitori e mostra il piede alla telecamera, guarda - Gossip.it | News sul Gossip e VIP<\/title>\n<meta name=\"description\" content=\"Aurora Ramazzotti ha detto di pensare di aver ereditato l\u2019alluce valgo da sua mamma Michelle Hunziker e ha anche mostrato\" \/>\n<meta name=\"robots\" content=\"index, follow, max-snippet:-1, max-image-preview:large, max-video-preview:-1\" \/>\n<link rel=\"canonical\" href=\"https:\/\/www.gossip.it\/news\/alluce-valgo-aurora-ramazzotti\/\" \/>\n<meta property=\"og:locale\" content=\"it_IT\" \/>\n<meta property=\"og:type\" content=\"article\" \/>\n<meta property=\"og:title\" content=\"&#039;&#039;Ho l&#039;alluce valgo che sta arrivando&#039;&#039;: Aurora Ramazzotti parla dei difetti ereditati dai genitori e mostra il piede alla telecamera, guarda - Gossip.it | News sul Gossip e VIP\" \/>\n<meta property=\"og:description\" content=\"Aurora Ramazzotti ha detto di pensare di aver ereditato l\u2019alluce valgo da sua mamma Michelle Hunziker e ha anche mostrato\" \/>\n<meta property=\"og:url\" content=\"https:\/\/www.gossip.it\/news\/alluce-valgo-aurora-ramazzotti\/\" \/>\n<meta property=\"og:site_name\" content=\"Gossip.it | News sul Gossip e VIP\" \/>\n<meta property=\"article:publisher\" content=\"https:\/\/www.facebook.com\/GossipIT\" \/>\n<meta property=\"article:published_time\" content=\"2026-03-06T18:25:59+00:00\" \/>\n<meta property=\"article:modified_time\" content=\"2026-03-09T08:32:53+00:00\" \/>\n<meta property=\"og:image\" content=\"https:\/\/www.gossip.it\/wp-content\/uploads\/2026\/03\/lancio_alluce_valgo.jpg\" \/>\n\t<meta property=\"og:image:width\" content=\"2000\" \/>\n\t<meta property=\"og:image:height\" content=\"1300\" \/>\n\t<meta property=\"og:image:type\" content=\"image\/jpeg\" \/>\n<meta name=\"author\" content=\"E.R.\" \/>\n<meta name=\"twitter:card\" content=\"summary_large_image\" \/>\n<meta name=\"twitter:creator\" content=\"@gossinews_it\" \/>\n<meta name=\"twitter:site\" content=\"@gossinews_it\" \/>\n<meta name=\"twitter:label1\" content=\"Scritto da\" \/>\n\t<meta name=\"twitter:data1\" content=\"E.R.\" \/>\n\t<meta name=\"twitter:label2\" content=\"Tempo di lettura stimato\" \/>\n\t<meta name=\"twitter:data2\" content=\"4 minuti\" \/>","yoast_head_json":{"title":"''Ho l'alluce valgo che sta arrivando'': Aurora Ramazzotti parla dei difetti ereditati dai genitori e mostra il piede alla telecamera, guarda - Gossip.it | News sul Gossip e VIP","description":"Aurora Ramazzotti ha detto di pensare di aver ereditato l\u2019alluce valgo da sua mamma Michelle Hunziker e ha anche mostrato","robots":{"index":"index","follow":"follow","max-snippet":"max-snippet:-1","max-image-preview":"max-image-preview:large","max-video-preview":"max-video-preview:-1"},"canonical":"https:\/\/www.gossip.it\/news\/alluce-valgo-aurora-ramazzotti\/","og_locale":"it_IT","og_type":"article","og_title":"''Ho l'alluce valgo che sta arrivando'': Aurora Ramazzotti parla dei difetti ereditati dai genitori e mostra il piede alla telecamera, guarda - Gossip.it | News sul Gossip e VIP","og_description":"Aurora Ramazzotti ha detto di pensare di aver ereditato l\u2019alluce valgo da sua mamma Michelle Hunziker e ha anche mostrato","og_url":"https:\/\/www.gossip.it\/news\/alluce-valgo-aurora-ramazzotti\/","og_site_name":"Gossip.it | News sul Gossip e VIP","article_publisher":"https:\/\/www.facebook.com\/GossipIT","article_published_time":"2026-03-06T18:25:59+00:00","article_modified_time":"2026-03-09T08:32:53+00:00","og_image":[{"width":2000,"height":1300,"url":"https:\/\/www.gossip.it\/wp-content\/uploads\/2026\/03\/lancio_alluce_valgo.jpg","type":"image\/jpeg"}],"author":"E.R.","twitter_card":"summary_large_image","twitter_creator":"@gossinews_it","twitter_site":"@gossinews_it","twitter_misc":{"Scritto da":"E.R.","Tempo di lettura stimato":"4 minuti"},"schema":{"@context":"https:\/\/schema.org","@graph":[{"@type":"Article","@id":"https:\/\/www.gossip.it\/news\/alluce-valgo-aurora-ramazzotti\/#article","isPartOf":{"@id":"https:\/\/www.gossip.it\/news\/alluce-valgo-aurora-ramazzotti\/"},"author":{"name":"E.R.","@id":"https:\/\/www.gossip.it\/#\/schema\/person\/be6c6b85be284ab68aa7dae66d5df315"},"headline":"''Ho l'alluce valgo che sta arrivando'': Aurora Ramazzotti parla dei difetti ereditati dai genitori e mostra il piede alla telecamera, guarda","datePublished":"2026-03-06T18:25:59+00:00","dateModified":"2026-03-09T08:32:53+00:00","mainEntityOfPage":{"@id":"https:\/\/www.gossip.it\/news\/alluce-valgo-aurora-ramazzotti\/"},"wordCount":543,"publisher":{"@id":"https:\/\/www.gossip.it\/#organization"},"image":{"@id":"https:\/\/www.gossip.it\/news\/alluce-valgo-aurora-ramazzotti\/#primaryimage"},"thumbnailUrl":"https:\/\/www.gossip.it\/wp-content\/uploads\/2026\/03\/lancio_alluce_valgo.jpg","keywords":["alluce valgo aurora ramazzotti"],"articleSection":["News"],"inLanguage":"it-IT"},{"@type":"WebPage","@id":"https:\/\/www.gossip.it\/news\/alluce-valgo-aurora-ramazzotti\/","url":"https:\/\/www.gossip.it\/news\/alluce-valgo-aurora-ramazzotti\/","name":"''Ho l'alluce valgo che sta arrivando'': Aurora Ramazzotti parla dei difetti ereditati dai genitori e mostra il piede alla telecamera, guarda - Gossip.it | News sul Gossip e VIP","isPartOf":{"@id":"https:\/\/www.gossip.it\/#website"},"primaryImageOfPage":{"@id":"https:\/\/www.gossip.it\/news\/alluce-valgo-aurora-ramazzotti\/#primaryimage"},"image":{"@id":"https:\/\/www.gossip.it\/news\/alluce-valgo-aurora-ramazzotti\/#primaryimage"},"thumbnailUrl":"https:\/\/www.gossip.it\/wp-content\/uploads\/2026\/03\/lancio_alluce_valgo.jpg","datePublished":"2026-03-06T18:25:59+00:00","dateModified":"2026-03-09T08:32:53+00:00","description":"Aurora Ramazzotti ha detto di pensare di aver ereditato l\u2019alluce valgo da sua mamma Michelle Hunziker e ha anche mostrato","breadcrumb":{"@id":"https:\/\/www.gossip.it\/news\/alluce-valgo-aurora-ramazzotti\/#breadcrumb"},"inLanguage":"it-IT","potentialAction":[{"@type":"ReadAction","target":["https:\/\/www.gossip.it\/news\/alluce-valgo-aurora-ramazzotti\/"]}]},{"@type":"ImageObject","inLanguage":"it-IT","@id":"https:\/\/www.gossip.it\/news\/alluce-valgo-aurora-ramazzotti\/#primaryimage","url":"https:\/\/www.gossip.it\/wp-content\/uploads\/2026\/03\/lancio_alluce_valgo.jpg","contentUrl":"https:\/\/www.gossip.it\/wp-content\/uploads\/2026\/03\/lancio_alluce_valgo.jpg","width":2000,"height":1300},{"@type":"BreadcrumbList","@id":"https:\/\/www.gossip.it\/news\/alluce-valgo-aurora-ramazzotti\/#breadcrumb","itemListElement":[{"@type":"ListItem","position":1,"name":"Home","item":"https:\/\/www.gossip.it\/"},{"@type":"ListItem","position":2,"name":"''Ho l'alluce valgo che sta arrivando'': Aurora Ramazzotti parla dei difetti ereditati dai genitori e mostra il piede alla telecamera, guarda"}]},{"@type":"WebSite","@id":"https:\/\/www.gossip.it\/#website","url":"https:\/\/www.gossip.it\/","name":"Gossip and VIP News","description":"Quotidiano di cronaca rosa, costume e societ\u00e0","publisher":{"@id":"https:\/\/www.gossip.it\/#organization"},"alternateName":"Gossip and VIP News","potentialAction":[{"@type":"SearchAction","target":{"@type":"EntryPoint","urlTemplate":"https:\/\/www.gossip.it\/?s={search_term_string}"},"query-input":{"@type":"PropertyValueSpecification","valueRequired":true,"valueName":"search_term_string"}}],"inLanguage":"it-IT"},{"@type":"Organization","@id":"https:\/\/www.gossip.it\/#organization","name":"Gossip and VIP News","alternateName":"Gossip News","url":"https:\/\/www.gossip.it\/","logo":{"@type":"ImageObject","inLanguage":"it-IT","@id":"https:\/\/www.gossip.it\/#\/schema\/logo\/image\/","url":"https:\/\/www.gossip.it\/wp-content\/uploads\/2022\/04\/cropped-corna-alta-tiny.png","contentUrl":"https:\/\/www.gossip.it\/wp-content\/uploads\/2022\/04\/cropped-corna-alta-tiny.png","width":512,"height":512,"caption":"Gossip and VIP News"},"image":{"@id":"https:\/\/www.gossip.it\/#\/schema\/logo\/image\/"},"sameAs":["https:\/\/www.facebook.com\/GossipIT","https:\/\/x.com\/gossinews_it","https:\/\/instagram.com\/gossip_it"]},{"@type":"Person","@id":"https:\/\/www.gossip.it\/#\/schema\/person\/be6c6b85be284ab68aa7dae66d5df315","name":"E.R.","image":{"@type":"ImageObject","inLanguage":"it-IT","@id":"https:\/\/www.gossip.it\/#\/schema\/person\/image\/","url":"https:\/\/secure.gravatar.com\/avatar\/4c2e3902b79af207ec510fdf3d1c6f0714d30c8687e15382a8eeef6d29d57a87?s=96&d=mm&r=g","contentUrl":"https:\/\/secure.gravatar.com\/avatar\/4c2e3902b79af207ec510fdf3d1c6f0714d30c8687e15382a8eeef6d29d57a87?s=96&d=mm&r=g","caption":"E.R."}}]}},"amp_enabled":true,"_links":{"self":[{"href":"https:\/\/www.gossip.it\/api\/wp\/v2\/posts\/211562","targetHints":{"allow":["GET"]}}],"collection":[{"href":"https:\/\/www.gossip.it\/api\/wp\/v2\/posts"}],"about":[{"href":"https:\/\/www.gossip.it\/api\/wp\/v2\/types\/post"}],"author":[{"embeddable":true,"href":"https:\/\/www.gossip.it\/api\/wp\/v2\/users\/27"}],"replies":[{"embeddable":true,"href":"https:\/\/www.gossip.it\/api\/wp\/v2\/comments?post=211562"}],"version-history":[{"count":1,"href":"https:\/\/www.gossip.it\/api\/wp\/v2\/posts\/211562\/revisions"}],"predecessor-version":[{"id":211569,"href":"https:\/\/www.gossip.it\/api\/wp\/v2\/posts\/211562\/revisions\/211569"}],"wp:featuredmedia":[{"embeddable":true,"href":"https:\/\/www.gossip.it\/api\/wp\/v2\/media\/211583"}],"wp:attachment":[{"href":"https:\/\/www.gossip.it\/api\/wp\/v2\/media?parent=211562"}],"wp:term":[{"taxonomy":"category","embeddable":true,"href":"https:\/\/www.gossip.it\/api\/wp\/v2\/categories?post=211562"},{"taxonomy":"post_tag","embeddable":true,"href":"https:\/\/www.gossip.it\/api\/wp\/v2\/tags?post=211562"},{"taxonomy":"vip","embeddable":true,"href":"https:\/\/www.gossip.it\/api\/wp\/v2\/vip?post=211562"}],"curies":[{"name":"wp","href":"https:\/\/api.w.org\/{rel}","templated":true}]}}