{"id":211973,"date":"2026-03-13T09:22:11","date_gmt":"2026-03-13T08:22:11","guid":{"rendered":"https:\/\/www.gossip.it\/?p=211973"},"modified":"2026-03-16T12:22:44","modified_gmt":"2026-03-16T11:22:44","slug":"vittoria-puccini-figlia-elena-sfilata-valentino-roma","status":"publish","type":"post","link":"https:\/\/www.gossip.it\/news\/vittoria-puccini-figlia-elena-sfilata-valentino-roma\/","title":{"rendered":"Vittoria Puccini e la figlia 19enne Elena insieme e bellissime alla sfilata evento di Valentino a Roma: foto"},"content":{"rendered":"\n<ul class=\"wp-block-list\">\n<li>L\u2019attrice, 46 anni, e la sua unica figlia, oggi 19enne, sono state tra gli ospiti della serata<\/li>\n\n\n\n<li>A Roma c\u2019\u00e8 stato un grande evento per la presentazione della collezione Autunno\/Inverno 2026-27<\/li>\n\n\n\n<li>Le due, bellissime e molto eleganti, sono state tra le pi\u00f9 fotografate nonostante la presenza di moltissimi volti noti italiani e internazionali<\/li>\n<\/ul>\n\n\n\n<p><strong><a href=\"https:\/\/www.gossip.it\/?s=vittoria+puccini\">Vittoria Puccini<\/a><\/strong> e la<strong> figlia Elena<\/strong>, che oggi ha 19 anni, sono state tra gli <strong>ospiti<\/strong> di un evento imperdibile che si \u00e8 svolto ieri, gioved\u00ec 12 marzo, a<strong> Roma<\/strong>.<\/p>\n\n\n\n<p>L\u2019attrice, 46 anni, ha infatti partecipato alla sfilata di<strong> Valentino<\/strong> per la presentazione della collezione Autunno\/Inverno 2026-27 a Palazzo Barberini. Una serata davvero emozionante, che arriva a meno di due mesi dalla scomparsa del grande stilista italiano.<\/p>\n\n\n\n<p>Vittoria e la ragazza avuta nel 2006 insieme all\u2019ex compagno <strong>Alessandro Preziosi<\/strong> sono state tra le pi\u00f9 fotografate, nonostante la massiccia presenza di celebrit\u00e0 italiane (da Alessandro Borghi a Chiara Ferragni, da Emma Marrone a Bianca Balti) e internazionali (una su tutte, Gwyneth Paltrow).<\/p>\n\n\n\n<figure class=\"wp-block-image size-large is-resized\"><img decoding=\"async\" width=\"700\" height=\"1024\" src=\"https:\/\/www.gossip.it\/wp-content\/uploads\/2026\/03\/puccinifigliainterna-700x1024.jpg\" alt=\"\" class=\"wp-image-211974\" style=\"width:768px;height:auto\" srcset=\"https:\/\/www.gossip.it\/wp-content\/uploads\/2026\/03\/puccinifigliainterna-700x1024.jpg 700w, https:\/\/www.gossip.it\/wp-content\/uploads\/2026\/03\/puccinifigliainterna-205x300.jpg 205w, https:\/\/www.gossip.it\/wp-content\/uploads\/2026\/03\/puccinifigliainterna-768x1123.jpg 768w, https:\/\/www.gossip.it\/wp-content\/uploads\/2026\/03\/puccinifigliainterna-1051x1536.jpg 1051w, https:\/\/www.gossip.it\/wp-content\/uploads\/2026\/03\/puccinifigliainterna-1401x2048.jpg 1401w, https:\/\/www.gossip.it\/wp-content\/uploads\/2026\/03\/puccinifigliainterna-750x1096.jpg 750w, https:\/\/www.gossip.it\/wp-content\/uploads\/2026\/03\/puccinifigliainterna-1140x1666.jpg 1140w, https:\/\/www.gossip.it\/wp-content\/uploads\/2026\/03\/puccinifigliainterna-scaled.jpg 1751w\" sizes=\"(max-width: 700px) 100vw, 700px\" \/><figcaption class=\"wp-element-caption\">Vittoria Puccini, 46 anni, e la figlia Elena, 19, arrivano insieme all'evento Valentino a Roma gioved\u00ec 12 marzo 2026<\/figcaption><\/figure>\n\n\n\n<p>Elena per l\u2019occasione ha sfoggiato un top arancione a pieghe con un fiocco nero e jeans chiari flared. Il <strong>look <\/strong>era completato da una borsa beige. Vittoria invece ha optato per un <strong>elegante abito blu<\/strong> scuro con dettagli jacquard e calze di pizzo nero, abbinato a scarpe fucsia e una borsa nera.<\/p>\n\n\n\n<p>Tra le due \u2013 che nella <strong>foto<\/strong> che vi mostriamo in questo articolo sono affettuosamente mano nella mano \u2013 c\u2019\u00e8 un <strong>bellissimo legame<\/strong>. E proprio quando Puccini aveva la stessa et\u00e0 che ha oggi la sua unica figlia, and\u00f2 via di casa. Lasci\u00f2 Firenze per inseguire il sogno della recitazione a Roma.<\/p>\n\n\n\n<p>Tempo fa aveva parlato con il settimanale<em> \u201cF\u201d <\/em>del tema dei figli che ad un certo punto iniziano a diventare indipendenti e<strong> lasciano la casa dei genitori<\/strong>.<\/p>\n\n\n\n<p><em>\u201cQuando hai condiviso la vita con una persona che poi prende la sua strada, anche la semplice <strong>assenza fisica<\/strong> \u00e8 un cambiamento non facile da vivere\u201d<\/em>, aveva detto al magazine. <em>\u201cMa l\u2019esercizio che mi sono sempre sforzata di fare \u00e8 trovare il difficilissimo <strong>equilibrio<\/strong> tra l\u2019essere presente come genitore, per dare amore ma anche aiuto nei momenti delicati, e il rispettare l\u2019identit\u00e0 di un figlio che comunque \u00e8 altro da te e ha diritto di <strong>autodeterminarsi<\/strong>\u201d<\/em>.<\/p>\n\n\n\n<p>L\u2019attrice aveva parlato anche del <em>\u201cresistere alla tentazione di buttargli addosso le tue ambizioni, le tue aspettative, di vederlo come specchio di te\u201d<\/em>. <em>\u201cAnni fa, mi chiedevano che cosa desiderassi per Elena, rispondevo: che sia migliore di me. Oggi so che non era la risposta giusta, perch\u00e9 crea un\u2019aspettativa, una<strong> pressione<\/strong>: perch\u00e9 dovrebbe sentirsi tenuta a essere migliore di me?\u201d<\/em>, aveva proseguito.<\/p>\n\n\n\n<p><em>\u201cOggi risponderei: che possa scegliere chi vuole essere\u201d<\/em>, aveva spiegato. Infine aveva anche detto che in Elena non vede la sua timidezza, ma invece <em>\u201c<strong>la maturit\u00e0, la sensibilit\u00e0, la curiosit\u00e0, l\u2019apertura alla vita e al mondo<\/strong>\u201d<\/em>.<\/p>\n","protected":false},"excerpt":{"rendered":"<p>L'attrice e la ragazza avuta nel 2006 con Alessandro Preziosi...<\/p>\n","protected":false},"author":27,"featured_media":212068,"comment_status":"closed","ping_status":"closed","sticky":false,"template":"","format":"standard","meta":{"footnotes":""},"categories":[54],"tags":[88619],"vip":[88621,1843],"class_list":["post-211973","post","type-post","status-publish","format-standard","has-post-thumbnail","hentry","category-news","tag-figlia-vittoria-puccini","vip-elena-preziosi","vip-vittoria_puccini"],"yoast_head":"<title>Vittoria Puccini e la figlia 19enne Elena insieme e bellissime alla sfilata evento di Valentino a Roma: foto - Gossip.it | News sul Gossip e VIP<\/title>\n<meta name=\"description\" content=\"Vittoria Puccini e la figlia Elena, che oggi ha 19 anni, sono state tra gli ospiti di un evento imperdibile che si \u00e8 svolto ieri...\" \/>\n<meta name=\"robots\" content=\"index, follow, max-snippet:-1, max-image-preview:large, max-video-preview:-1\" \/>\n<link rel=\"canonical\" href=\"https:\/\/www.gossip.it\/news\/vittoria-puccini-figlia-elena-sfilata-valentino-roma\/\" \/>\n<meta property=\"og:locale\" content=\"it_IT\" \/>\n<meta property=\"og:type\" content=\"article\" \/>\n<meta property=\"og:title\" content=\"Vittoria Puccini e la figlia 19enne Elena insieme e bellissime alla sfilata evento di Valentino a Roma: foto - Gossip.it | News sul Gossip e VIP\" \/>\n<meta property=\"og:description\" content=\"Vittoria Puccini e la figlia Elena, che oggi ha 19 anni, sono state tra gli ospiti di un evento imperdibile che si \u00e8 svolto ieri...\" \/>\n<meta property=\"og:url\" content=\"https:\/\/www.gossip.it\/news\/vittoria-puccini-figlia-elena-sfilata-valentino-roma\/\" \/>\n<meta property=\"og:site_name\" content=\"Gossip.it | News sul Gossip e VIP\" \/>\n<meta property=\"article:publisher\" content=\"https:\/\/www.facebook.com\/GossipIT\" \/>\n<meta property=\"article:published_time\" content=\"2026-03-13T08:22:11+00:00\" \/>\n<meta property=\"article:modified_time\" content=\"2026-03-16T11:22:44+00:00\" \/>\n<meta property=\"og:image\" content=\"https:\/\/www.gossip.it\/wp-content\/uploads\/2026\/03\/lancio_puccini_figlia_elena.jpg\" \/>\n\t<meta property=\"og:image:width\" content=\"2000\" \/>\n\t<meta property=\"og:image:height\" content=\"1300\" \/>\n\t<meta property=\"og:image:type\" content=\"image\/jpeg\" \/>\n<meta name=\"author\" content=\"E.R.\" \/>\n<meta name=\"twitter:card\" content=\"summary_large_image\" \/>\n<meta name=\"twitter:creator\" content=\"@gossinews_it\" \/>\n<meta name=\"twitter:site\" content=\"@gossinews_it\" \/>\n<meta name=\"twitter:label1\" content=\"Scritto da\" \/>\n\t<meta name=\"twitter:data1\" content=\"E.R.\" \/>\n\t<meta name=\"twitter:label2\" content=\"Tempo di lettura stimato\" \/>\n\t<meta name=\"twitter:data2\" content=\"3 minuti\" \/>","yoast_head_json":{"title":"Vittoria Puccini e la figlia 19enne Elena insieme e bellissime alla sfilata evento di Valentino a Roma: foto - Gossip.it | News sul Gossip e VIP","description":"Vittoria Puccini e la figlia Elena, che oggi ha 19 anni, sono state tra gli ospiti di un evento imperdibile che si \u00e8 svolto ieri...","robots":{"index":"index","follow":"follow","max-snippet":"max-snippet:-1","max-image-preview":"max-image-preview:large","max-video-preview":"max-video-preview:-1"},"canonical":"https:\/\/www.gossip.it\/news\/vittoria-puccini-figlia-elena-sfilata-valentino-roma\/","og_locale":"it_IT","og_type":"article","og_title":"Vittoria Puccini e la figlia 19enne Elena insieme e bellissime alla sfilata evento di Valentino a Roma: foto - Gossip.it | News sul Gossip e VIP","og_description":"Vittoria Puccini e la figlia Elena, che oggi ha 19 anni, sono state tra gli ospiti di un evento imperdibile che si \u00e8 svolto ieri...","og_url":"https:\/\/www.gossip.it\/news\/vittoria-puccini-figlia-elena-sfilata-valentino-roma\/","og_site_name":"Gossip.it | News sul Gossip e VIP","article_publisher":"https:\/\/www.facebook.com\/GossipIT","article_published_time":"2026-03-13T08:22:11+00:00","article_modified_time":"2026-03-16T11:22:44+00:00","og_image":[{"width":2000,"height":1300,"url":"https:\/\/www.gossip.it\/wp-content\/uploads\/2026\/03\/lancio_puccini_figlia_elena.jpg","type":"image\/jpeg"}],"author":"E.R.","twitter_card":"summary_large_image","twitter_creator":"@gossinews_it","twitter_site":"@gossinews_it","twitter_misc":{"Scritto da":"E.R.","Tempo di lettura stimato":"3 minuti"},"schema":{"@context":"https:\/\/schema.org","@graph":[{"@type":"Article","@id":"https:\/\/www.gossip.it\/news\/vittoria-puccini-figlia-elena-sfilata-valentino-roma\/#article","isPartOf":{"@id":"https:\/\/www.gossip.it\/news\/vittoria-puccini-figlia-elena-sfilata-valentino-roma\/"},"author":{"name":"E.R.","@id":"https:\/\/www.gossip.it\/#\/schema\/person\/be6c6b85be284ab68aa7dae66d5df315"},"headline":"Vittoria Puccini e la figlia 19enne Elena insieme e bellissime alla sfilata evento di Valentino a Roma: foto","datePublished":"2026-03-13T08:22:11+00:00","dateModified":"2026-03-16T11:22:44+00:00","mainEntityOfPage":{"@id":"https:\/\/www.gossip.it\/news\/vittoria-puccini-figlia-elena-sfilata-valentino-roma\/"},"wordCount":504,"publisher":{"@id":"https:\/\/www.gossip.it\/#organization"},"image":{"@id":"https:\/\/www.gossip.it\/news\/vittoria-puccini-figlia-elena-sfilata-valentino-roma\/#primaryimage"},"thumbnailUrl":"https:\/\/www.gossip.it\/wp-content\/uploads\/2026\/03\/lancio_puccini_figlia_elena.jpg","keywords":["figlia vittoria puccini"],"articleSection":["News"],"inLanguage":"it-IT"},{"@type":"WebPage","@id":"https:\/\/www.gossip.it\/news\/vittoria-puccini-figlia-elena-sfilata-valentino-roma\/","url":"https:\/\/www.gossip.it\/news\/vittoria-puccini-figlia-elena-sfilata-valentino-roma\/","name":"Vittoria Puccini e la figlia 19enne Elena insieme e bellissime alla sfilata evento di Valentino a Roma: foto - Gossip.it | News sul Gossip e VIP","isPartOf":{"@id":"https:\/\/www.gossip.it\/#website"},"primaryImageOfPage":{"@id":"https:\/\/www.gossip.it\/news\/vittoria-puccini-figlia-elena-sfilata-valentino-roma\/#primaryimage"},"image":{"@id":"https:\/\/www.gossip.it\/news\/vittoria-puccini-figlia-elena-sfilata-valentino-roma\/#primaryimage"},"thumbnailUrl":"https:\/\/www.gossip.it\/wp-content\/uploads\/2026\/03\/lancio_puccini_figlia_elena.jpg","datePublished":"2026-03-13T08:22:11+00:00","dateModified":"2026-03-16T11:22:44+00:00","description":"Vittoria Puccini e la figlia Elena, che oggi ha 19 anni, sono state tra gli ospiti di un evento imperdibile che si \u00e8 svolto ieri...","breadcrumb":{"@id":"https:\/\/www.gossip.it\/news\/vittoria-puccini-figlia-elena-sfilata-valentino-roma\/#breadcrumb"},"inLanguage":"it-IT","potentialAction":[{"@type":"ReadAction","target":["https:\/\/www.gossip.it\/news\/vittoria-puccini-figlia-elena-sfilata-valentino-roma\/"]}]},{"@type":"ImageObject","inLanguage":"it-IT","@id":"https:\/\/www.gossip.it\/news\/vittoria-puccini-figlia-elena-sfilata-valentino-roma\/#primaryimage","url":"https:\/\/www.gossip.it\/wp-content\/uploads\/2026\/03\/lancio_puccini_figlia_elena.jpg","contentUrl":"https:\/\/www.gossip.it\/wp-content\/uploads\/2026\/03\/lancio_puccini_figlia_elena.jpg","width":2000,"height":1300},{"@type":"BreadcrumbList","@id":"https:\/\/www.gossip.it\/news\/vittoria-puccini-figlia-elena-sfilata-valentino-roma\/#breadcrumb","itemListElement":[{"@type":"ListItem","position":1,"name":"Home","item":"https:\/\/www.gossip.it\/"},{"@type":"ListItem","position":2,"name":"Vittoria Puccini e la figlia 19enne Elena insieme e bellissime alla sfilata evento di Valentino a Roma: foto"}]},{"@type":"WebSite","@id":"https:\/\/www.gossip.it\/#website","url":"https:\/\/www.gossip.it\/","name":"Gossip and VIP News","description":"Quotidiano di cronaca rosa, costume e societ\u00e0","publisher":{"@id":"https:\/\/www.gossip.it\/#organization"},"alternateName":"Gossip and VIP News","potentialAction":[{"@type":"SearchAction","target":{"@type":"EntryPoint","urlTemplate":"https:\/\/www.gossip.it\/?s={search_term_string}"},"query-input":{"@type":"PropertyValueSpecification","valueRequired":true,"valueName":"search_term_string"}}],"inLanguage":"it-IT"},{"@type":"Organization","@id":"https:\/\/www.gossip.it\/#organization","name":"Gossip and VIP News","alternateName":"Gossip News","url":"https:\/\/www.gossip.it\/","logo":{"@type":"ImageObject","inLanguage":"it-IT","@id":"https:\/\/www.gossip.it\/#\/schema\/logo\/image\/","url":"https:\/\/www.gossip.it\/wp-content\/uploads\/2022\/04\/cropped-corna-alta-tiny.png","contentUrl":"https:\/\/www.gossip.it\/wp-content\/uploads\/2022\/04\/cropped-corna-alta-tiny.png","width":512,"height":512,"caption":"Gossip and VIP News"},"image":{"@id":"https:\/\/www.gossip.it\/#\/schema\/logo\/image\/"},"sameAs":["https:\/\/www.facebook.com\/GossipIT","https:\/\/x.com\/gossinews_it","https:\/\/instagram.com\/gossip_it"]},{"@type":"Person","@id":"https:\/\/www.gossip.it\/#\/schema\/person\/be6c6b85be284ab68aa7dae66d5df315","name":"E.R.","image":{"@type":"ImageObject","inLanguage":"it-IT","@id":"https:\/\/www.gossip.it\/#\/schema\/person\/image\/","url":"https:\/\/secure.gravatar.com\/avatar\/4c2e3902b79af207ec510fdf3d1c6f0714d30c8687e15382a8eeef6d29d57a87?s=96&d=mm&r=g","contentUrl":"https:\/\/secure.gravatar.com\/avatar\/4c2e3902b79af207ec510fdf3d1c6f0714d30c8687e15382a8eeef6d29d57a87?s=96&d=mm&r=g","caption":"E.R."}}]}},"amp_enabled":true,"_links":{"self":[{"href":"https:\/\/www.gossip.it\/api\/wp\/v2\/posts\/211973","targetHints":{"allow":["GET"]}}],"collection":[{"href":"https:\/\/www.gossip.it\/api\/wp\/v2\/posts"}],"about":[{"href":"https:\/\/www.gossip.it\/api\/wp\/v2\/types\/post"}],"author":[{"embeddable":true,"href":"https:\/\/www.gossip.it\/api\/wp\/v2\/users\/27"}],"replies":[{"embeddable":true,"href":"https:\/\/www.gossip.it\/api\/wp\/v2\/comments?post=211973"}],"version-history":[{"count":1,"href":"https:\/\/www.gossip.it\/api\/wp\/v2\/posts\/211973\/revisions"}],"predecessor-version":[{"id":211976,"href":"https:\/\/www.gossip.it\/api\/wp\/v2\/posts\/211973\/revisions\/211976"}],"wp:featuredmedia":[{"embeddable":true,"href":"https:\/\/www.gossip.it\/api\/wp\/v2\/media\/212068"}],"wp:attachment":[{"href":"https:\/\/www.gossip.it\/api\/wp\/v2\/media?parent=211973"}],"wp:term":[{"taxonomy":"category","embeddable":true,"href":"https:\/\/www.gossip.it\/api\/wp\/v2\/categories?post=211973"},{"taxonomy":"post_tag","embeddable":true,"href":"https:\/\/www.gossip.it\/api\/wp\/v2\/tags?post=211973"},{"taxonomy":"vip","embeddable":true,"href":"https:\/\/www.gossip.it\/api\/wp\/v2\/vip?post=211973"}],"curies":[{"name":"wp","href":"https:\/\/api.w.org\/{rel}","templated":true}]}}