{"id":21218,"date":"2006-08-09T00:00:00","date_gmt":"2006-08-08T22:00:00","guid":{"rendered":"https:\/\/www.gossip.it\/senza-categoria\/estate-2006-non-solo-sardegna\/"},"modified":"2006-08-09T00:00:00","modified_gmt":"2006-08-08T22:00:00","slug":"estate-2006-non-solo-sardegna","status":"publish","type":"post","link":"https:\/\/www.gossip.it\/news\/estate-2006-non-solo-sardegna\/","title":{"rendered":"Estate 2006: non solo Sardegna..."},"content":{"rendered":"<p>Quando si parla delle vacanze vip, spesso, il pensiero vola alla <b>Costa Smeralda<\/b>, al bellissimo mare della <b>Sardegna<\/b>, ma, il Bel Paese pu\u00f2 vantare tantissime altre incantevoli spiagge e le celebrit\u00e0 lo sanno bene.<\/p>\n<p>Una delle localit\u00e0 pi\u00f9 gettonate di questa torrida estate 2006 \u00e8 la bellissima Capri, dove, \u00e8 di recente approdato con la sua barca, <b>Alessandro Moggi<\/b> con la moglie <b>Fabrizia Leonardi<\/b>. Un arrivo in sordina nella speranza di non essere \u201cintercettato\u201d dai paparazzi.<br \/>\nDopo aver vestito i panni di madrina all\u2019inaugurazione del Trillionaire di Palinuro, anche <a href='https:\/\/www.gossip.it\/news\/monografia.php?keyword=aida%20yespica'><b><u>Aida Yespica<\/u><\/b><\/a> \u00e8 stata avvistata sulla piazzetta di Capri, la stessa dove alcuni giurano di aver visto <a href='https:\/\/www.gossip.it\/news\/cerca2.php3?keyword=LENNY+KRAVITZ&tiporicerca=0&x=0&y=0'><b><u>Lenny Kravitz<\/u><\/b><\/a>. Dato che l\u2019affascinante cantante non perde mai occasione di abbordare una bella donna, chi lo sa se ha messo gli occhi anche sull\u2019ex \u201cisolana\u201d?<br \/>\nAd animare le notti capresi c\u2019hanno pensato giocatori del calibro di <a href='https:\/\/www.gossip.it\/news\/monografia.php?keyword=FABIO%20CANNAVARO'><b><u>Fabio Cannavaro<\/u><\/b><\/a>, <a href='https:\/\/www.gossip.it\/news\/monografia.php?keyword=GIANLUCA%20ZAMBROTTA'><b><u>Gianluca Zambrotta<\/u><\/b><\/a> e <b>Simone Barone<\/b> insieme all\u2019ex calciatore <b>Ciro Ferrara<\/b>.<br \/>\nUna puntatina nella splendida isola, in occasione delle selezioni di <b>Miss Capri<\/b>, l\u2019hanno fatta pure <b>Emilio Fede<\/b> e lo stilista <b>Rocco Barocco<\/b>.<\/p>\n<p>Le vacanze dei vip continuano\u2026<\/p>\n<p><a href='https:\/\/www.gossip.it\/news\/monografia.php?keyword=aida%20yespica'><b><u>TUTTO SU AIDA YESPICA<\/u><\/b><\/a><\/p>\n<p><a href='https:\/\/www.gossip.it\/news\/cerca2.php3?keyword=LENNY+KRAVITZ&tiporicerca=0&x=0&y=0'><b><u>TUTTO SU LENNY KRAVITZ<\/u><\/b><\/a><\/p>\n<p>\u00a9 2006 GossipNews - Foto: M. Bruni<\/p>\n","protected":false},"excerpt":{"rendered":"<p>Quando si parla delle vacanze vip, spesso, il pensiero vola alla Costa Smeralda, al bellissimo mare della Sardegna, ma, il Bel Paese pu\u00f2 vantare tantissime altre incantevoli spiagge e le celebrit\u00e0 lo sanno bene. Una delle localit\u00e0 pi\u00f9 gettonate di questa torrida estate 2006 \u00e8 la bellissima Capri, dove, \u00e8 di recente approdato con la [&hellip;]<\/p>\n","protected":false},"author":1,"featured_media":77265,"comment_status":"closed","ping_status":"closed","sticky":false,"template":"","format":"standard","meta":{"footnotes":""},"categories":[54],"tags":[25394,15171,14716,3620,3297,15164,2408,2682,2097,2978],"vip":[225,707],"class_list":["post-21218","post","type-post","status-publish","format-standard","has-post-thumbnail","hentry","category-news","tag-carpi","tag-gianluca-zambrotta","tag-gossip-musica","tag-gossip-sport","tag-gossip-tv","tag-lenny-kravitz","tag-musica","tag-sport","tag-tv","tag-vacanze","vip-aida_yespica","vip-fabio_cannavaro"],"yoast_head":"<title>Estate 2006: non solo Sardegna... - Gossip.it | News sul Gossip e VIP<\/title>\n<meta name=\"description\" content=\"Quando si parla delle vacanze vip, spesso, il pensiero vola alla Costa Smeralda, al bellissimo mare della Sardegna, ma, il Bel Paese pu\u00f2 vantare\" \/>\n<meta name=\"robots\" content=\"index, follow, max-snippet:-1, max-image-preview:large, max-video-preview:-1\" \/>\n<link rel=\"canonical\" href=\"https:\/\/www.gossip.it\/news\/estate-2006-non-solo-sardegna\/\" \/>\n<meta property=\"og:locale\" content=\"it_IT\" \/>\n<meta property=\"og:type\" content=\"article\" \/>\n<meta property=\"og:title\" content=\"Estate 2006: non solo Sardegna... - Gossip.it | News sul Gossip e VIP\" \/>\n<meta property=\"og:description\" content=\"Quando si parla delle vacanze vip, spesso, il pensiero vola alla Costa Smeralda, al bellissimo mare della Sardegna, ma, il Bel Paese pu\u00f2 vantare\" \/>\n<meta property=\"og:url\" content=\"https:\/\/www.gossip.it\/news\/estate-2006-non-solo-sardegna\/\" \/>\n<meta property=\"og:site_name\" content=\"Gossip.it | News sul Gossip e VIP\" \/>\n<meta property=\"article:publisher\" content=\"https:\/\/www.facebook.com\/GossipIT\" \/>\n<meta property=\"article:published_time\" content=\"2006-08-08T22:00:00+00:00\" \/>\n<meta property=\"og:image\" content=\"https:\/\/www.gossip.it\/images5\/0002607060_aida.jpg\" \/>\n<meta name=\"author\" content=\"La Redazione\" \/>\n<meta name=\"twitter:card\" content=\"summary_large_image\" \/>\n<meta name=\"twitter:image\" content=\"https:\/\/www.gossip.it\/images5\/0002607060_aida.jpg\" \/>\n<meta name=\"twitter:creator\" content=\"@gossinews_it\" \/>\n<meta name=\"twitter:site\" content=\"@gossinews_it\" \/>\n<meta name=\"twitter:label1\" content=\"Scritto da\" \/>\n\t<meta name=\"twitter:data1\" content=\"Francesca Romana Domenici\" \/>\n\t<meta name=\"twitter:label2\" content=\"Tempo di lettura stimato\" \/>\n\t<meta name=\"twitter:data2\" content=\"1 minuto\" \/>","yoast_head_json":{"title":"Estate 2006: non solo Sardegna... - Gossip.it | News sul Gossip e VIP","description":"Quando si parla delle vacanze vip, spesso, il pensiero vola alla Costa Smeralda, al bellissimo mare della Sardegna, ma, il Bel Paese pu\u00f2 vantare","robots":{"index":"index","follow":"follow","max-snippet":"max-snippet:-1","max-image-preview":"max-image-preview:large","max-video-preview":"max-video-preview:-1"},"canonical":"https:\/\/www.gossip.it\/news\/estate-2006-non-solo-sardegna\/","og_locale":"it_IT","og_type":"article","og_title":"Estate 2006: non solo Sardegna... - Gossip.it | News sul Gossip e VIP","og_description":"Quando si parla delle vacanze vip, spesso, il pensiero vola alla Costa Smeralda, al bellissimo mare della Sardegna, ma, il Bel Paese pu\u00f2 vantare","og_url":"https:\/\/www.gossip.it\/news\/estate-2006-non-solo-sardegna\/","og_site_name":"Gossip.it | News sul Gossip e VIP","article_publisher":"https:\/\/www.facebook.com\/GossipIT","article_published_time":"2006-08-08T22:00:00+00:00","og_image":[{"url":"https:\/\/www.gossip.it\/images5\/0002607060_aida.jpg"}],"author":"La Redazione","twitter_card":"summary_large_image","twitter_image":"https:\/\/www.gossip.it\/images5\/0002607060_aida.jpg","twitter_creator":"@gossinews_it","twitter_site":"@gossinews_it","twitter_misc":{"Scritto da":"Francesca Romana Domenici","Tempo di lettura stimato":"1 minuto"},"schema":{"@context":"https:\/\/schema.org","@graph":[{"@type":"Article","@id":"https:\/\/www.gossip.it\/news\/estate-2006-non-solo-sardegna\/#article","isPartOf":{"@id":"https:\/\/www.gossip.it\/news\/estate-2006-non-solo-sardegna\/"},"author":{"name":"La Redazione","@id":"https:\/\/www.gossip.it\/#\/schema\/person\/488896f75158bff1cc83c6c39d141110"},"headline":"Estate 2006: non solo Sardegna...","datePublished":"2006-08-08T22:00:00+00:00","dateModified":"2006-08-08T22:00:00+00:00","mainEntityOfPage":{"@id":"https:\/\/www.gossip.it\/news\/estate-2006-non-solo-sardegna\/"},"wordCount":201,"publisher":{"@id":"https:\/\/www.gossip.it\/#organization"},"image":{"@id":"https:\/\/www.gossip.it\/news\/estate-2006-non-solo-sardegna\/#primaryimage"},"thumbnailUrl":"https:\/\/www.gossip.it\/images5\/0002607060_aida.jpg","keywords":["carpi","gianluca zambrotta","gossip musica","gossip sport","gossip.tv","Lenny Kravitz","musica","sport","tv","vacanze"],"articleSection":["News"],"inLanguage":"it-IT"},{"@type":"WebPage","@id":"https:\/\/www.gossip.it\/news\/estate-2006-non-solo-sardegna\/","url":"https:\/\/www.gossip.it\/news\/estate-2006-non-solo-sardegna\/","name":"Estate 2006: non solo Sardegna... - Gossip.it | News sul Gossip e VIP","isPartOf":{"@id":"https:\/\/www.gossip.it\/#website"},"primaryImageOfPage":{"@id":"https:\/\/www.gossip.it\/news\/estate-2006-non-solo-sardegna\/#primaryimage"},"image":{"@id":"https:\/\/www.gossip.it\/news\/estate-2006-non-solo-sardegna\/#primaryimage"},"thumbnailUrl":"https:\/\/www.gossip.it\/images5\/0002607060_aida.jpg","datePublished":"2006-08-08T22:00:00+00:00","dateModified":"2006-08-08T22:00:00+00:00","description":"Quando si parla delle vacanze vip, spesso, il pensiero vola alla Costa Smeralda, al bellissimo mare della Sardegna, ma, il Bel Paese pu\u00f2 vantare","breadcrumb":{"@id":"https:\/\/www.gossip.it\/news\/estate-2006-non-solo-sardegna\/#breadcrumb"},"inLanguage":"it-IT","potentialAction":[{"@type":"ReadAction","target":["https:\/\/www.gossip.it\/news\/estate-2006-non-solo-sardegna\/"]}]},{"@type":"ImageObject","inLanguage":"it-IT","@id":"https:\/\/www.gossip.it\/news\/estate-2006-non-solo-sardegna\/#primaryimage","url":"https:\/\/www.gossip.it\/images5\/0002607060_aida.jpg","contentUrl":"https:\/\/www.gossip.it\/images5\/0002607060_aida.jpg"},{"@type":"BreadcrumbList","@id":"https:\/\/www.gossip.it\/news\/estate-2006-non-solo-sardegna\/#breadcrumb","itemListElement":[{"@type":"ListItem","position":1,"name":"Home","item":"https:\/\/www.gossip.it\/"},{"@type":"ListItem","position":2,"name":"Estate 2006: non solo Sardegna..."}]},{"@type":"WebSite","@id":"https:\/\/www.gossip.it\/#website","url":"https:\/\/www.gossip.it\/","name":"Gossip and VIP News","description":"Quotidiano di cronaca rosa, costume e societ\u00e0","publisher":{"@id":"https:\/\/www.gossip.it\/#organization"},"alternateName":"Gossip and VIP News","potentialAction":[{"@type":"SearchAction","target":{"@type":"EntryPoint","urlTemplate":"https:\/\/www.gossip.it\/?s={search_term_string}"},"query-input":{"@type":"PropertyValueSpecification","valueRequired":true,"valueName":"search_term_string"}}],"inLanguage":"it-IT"},{"@type":"Organization","@id":"https:\/\/www.gossip.it\/#organization","name":"Gossip and VIP News","alternateName":"Gossip News","url":"https:\/\/www.gossip.it\/","logo":{"@type":"ImageObject","inLanguage":"it-IT","@id":"https:\/\/www.gossip.it\/#\/schema\/logo\/image\/","url":"https:\/\/www.gossip.it\/wp-content\/uploads\/2022\/04\/cropped-corna-alta-tiny.png","contentUrl":"https:\/\/www.gossip.it\/wp-content\/uploads\/2022\/04\/cropped-corna-alta-tiny.png","width":512,"height":512,"caption":"Gossip and VIP News"},"image":{"@id":"https:\/\/www.gossip.it\/#\/schema\/logo\/image\/"},"sameAs":["https:\/\/www.facebook.com\/GossipIT","https:\/\/x.com\/gossinews_it","https:\/\/instagram.com\/gossip_it"]},{"@type":"Person","@id":"https:\/\/www.gossip.it\/#\/schema\/person\/488896f75158bff1cc83c6c39d141110","name":"La Redazione","image":{"@type":"ImageObject","inLanguage":"it-IT","@id":"https:\/\/www.gossip.it\/#\/schema\/person\/image\/","url":"https:\/\/secure.gravatar.com\/avatar\/5a5f5c6fa3e6700e4249abdad0263a1e94e927d9e0499b1cb09c1cd29c044d80?s=96&d=mm&r=g","contentUrl":"https:\/\/secure.gravatar.com\/avatar\/5a5f5c6fa3e6700e4249abdad0263a1e94e927d9e0499b1cb09c1cd29c044d80?s=96&d=mm&r=g","caption":"La Redazione"},"sameAs":["https:\/\/www.gossip.it"]}]}},"amp_enabled":true,"_links":{"self":[{"href":"https:\/\/www.gossip.it\/api\/wp\/v2\/posts\/21218","targetHints":{"allow":["GET"]}}],"collection":[{"href":"https:\/\/www.gossip.it\/api\/wp\/v2\/posts"}],"about":[{"href":"https:\/\/www.gossip.it\/api\/wp\/v2\/types\/post"}],"author":[{"embeddable":true,"href":"https:\/\/www.gossip.it\/api\/wp\/v2\/users\/1"}],"replies":[{"embeddable":true,"href":"https:\/\/www.gossip.it\/api\/wp\/v2\/comments?post=21218"}],"version-history":[{"count":0,"href":"https:\/\/www.gossip.it\/api\/wp\/v2\/posts\/21218\/revisions"}],"wp:featuredmedia":[{"embeddable":true,"href":"https:\/\/www.gossip.it\/api\/wp\/v2\/media\/77265"}],"wp:attachment":[{"href":"https:\/\/www.gossip.it\/api\/wp\/v2\/media?parent=21218"}],"wp:term":[{"taxonomy":"category","embeddable":true,"href":"https:\/\/www.gossip.it\/api\/wp\/v2\/categories?post=21218"},{"taxonomy":"post_tag","embeddable":true,"href":"https:\/\/www.gossip.it\/api\/wp\/v2\/tags?post=21218"},{"taxonomy":"vip","embeddable":true,"href":"https:\/\/www.gossip.it\/api\/wp\/v2\/vip?post=21218"}],"curies":[{"name":"wp","href":"https:\/\/api.w.org\/{rel}","templated":true}]}}