{"id":212368,"date":"2026-03-20T13:22:56","date_gmt":"2026-03-20T12:22:56","guid":{"rendered":"https:\/\/www.gossip.it\/?p=212368"},"modified":"2026-03-22T14:43:38","modified_gmt":"2026-03-22T13:43:38","slug":"federica-pellegrini-incinta-9-mesi-programmato-cesareo","status":"publish","type":"post","link":"https:\/\/www.gossip.it\/news\/federica-pellegrini-incinta-9-mesi-programmato-cesareo\/","title":{"rendered":"''Questa gravidanza non era prevista'': Federica Pellegrini incinta di 9 mesi svela perch\u00e9 ha programmato un cesareo"},"content":{"rendered":"\n<ul class=\"wp-block-list\">\n<li>Lei e il marito Matteo Giunta, genitori di Matilde, 2 anni, stavano<em> \u201cattenti\u201d<\/em>, ma la cicogna bis \u00e8 arrivata<\/li>\n\n\n\n<li>La nascita della seconda figlia della 37enne e del 43enne \u00e8 prevista per l\u2019inizio di aprile<\/li>\n<\/ul>\n\n\n\n<p><a href=\"http:\/\/www.gossip.it\/vip\/federica-pellegrini\">Federica Pellegrini<\/a> lo svela senza problemi a <em>La Stampa<\/em>. <em>\u201c<strong>Questa gravidanza non era prevista<\/strong>\u201d<\/em>, confida. La Divina, <strong>incinta di 9 mesi, svela perch\u00e9 questa volta ha programmato un cesareo<\/strong>. Lei e il marito <a href=\"http:\/\/www.gossip.it\/vip\/matteo-giunta\">Matteo Giunta<\/a>, genitori di Matilde, 2 anni, <strong>stavano <em>\u201cattenti\u201d<\/em><\/strong>, ma la cicogna bis \u00e8 arrivata e l\u2019hanno accolta con felicit\u00e0 e anche un po\u2019 d\u2019ansia. La nascita della seconda figlia della 37enne e del 43enne \u00e8 prevista per l\u2019<em>inizio di aprile<\/em>.<\/p>\n\n\n\n<figure class=\"wp-block-image size-large\"><img decoding=\"async\" width=\"771\" height=\"1024\" src=\"https:\/\/www.gossip.it\/wp-content\/uploads\/2026\/03\/pelllegrini_cesareo_1-771x1024.jpg\" alt=\"\" class=\"wp-image-212369\" srcset=\"https:\/\/www.gossip.it\/wp-content\/uploads\/2026\/03\/pelllegrini_cesareo_1-771x1024.jpg 771w, https:\/\/www.gossip.it\/wp-content\/uploads\/2026\/03\/pelllegrini_cesareo_1-226x300.jpg 226w, https:\/\/www.gossip.it\/wp-content\/uploads\/2026\/03\/pelllegrini_cesareo_1-768x1021.jpg 768w, https:\/\/www.gossip.it\/wp-content\/uploads\/2026\/03\/pelllegrini_cesareo_1-750x997.jpg 750w, https:\/\/www.gossip.it\/wp-content\/uploads\/2026\/03\/pelllegrini_cesareo_1.jpg 1134w\" sizes=\"(max-width: 771px) 100vw, 771px\" \/><figcaption class=\"wp-element-caption\"><em>''Questa gravidanza non era prevista''<\/em>: Federica Pellegrini incinta di 9 mesi svela perch\u00e9 ha programmato un cesareo<\/figcaption><\/figure>\n\n\n\n<p>L\u2019ex campionessa di nuoto stavolta non ha deciso per il parto naturale. <em>\u201c<strong>Abbiamo programmato il cesareo<\/strong>: il primo parto \u00e8 stato molto travagliato e <strong>ha lasciato un segno, tanto che questa gravidanza non era prevista cos\u00ec a stretto giro<\/strong>. Se per avere Matilde avevamo calcolato pure gli astri del cielo, qui al contrario <strong>cercavamo di stare attenti<\/strong>. Che dire? Cerco di viverla in completa incoscienza, perch\u00e9 se solo penso che dovr\u00f2 gestire due bambine piccole\u2026\u201d<\/em>, rivela.\u00a0<\/p>\n\n\n\n<figure class=\"wp-block-image size-large\"><img decoding=\"async\" width=\"768\" height=\"1024\" src=\"https:\/\/www.gossip.it\/wp-content\/uploads\/2026\/03\/pelllegrini_cesareo_2-768x1024.jpg\" alt=\"\" class=\"wp-image-212370\" srcset=\"https:\/\/www.gossip.it\/wp-content\/uploads\/2026\/03\/pelllegrini_cesareo_2-768x1024.jpg 768w, https:\/\/www.gossip.it\/wp-content\/uploads\/2026\/03\/pelllegrini_cesareo_2-225x300.jpg 225w, https:\/\/www.gossip.it\/wp-content\/uploads\/2026\/03\/pelllegrini_cesareo_2-750x1000.jpg 750w, https:\/\/www.gossip.it\/wp-content\/uploads\/2026\/03\/pelllegrini_cesareo_2.jpg 1134w\" sizes=\"(max-width: 768px) 100vw, 768px\" \/><figcaption class=\"wp-element-caption\">Lei e il marito Matteo Giunta, genitori di Matilde, 2 anni, stavano<em> \u201cattenti\u201d<\/em>, ma la cicogna bis \u00e8 arrivata. La nascita della seconda figlia della 37enne e del 43enne \u00e8 prevista per l\u2019inizio di aprile<\/figcaption><\/figure>\n\n\n\n<p>Il primo parto della Pellegrini, avvenuto il 3 gennaio 2024, \u00e8 stato estenuante e complicato e <strong>si \u00e8 reso necessario un cesareo d\u2019urgenza dopo due giorni di contrazioni<\/strong>. Al <em>Corriere della Sera<\/em> aveva raccontato: <em>\u201cSono state <strong>48 ore di follia<\/strong>. Adesso ci rido su. Matteo \u00e8 sempre stato con me, \u00e8 stato incredibile il suo supporto. Ho avuto contrazioni molto forti. Dovevano essere quelle di preparazione, per\u00f2 erano gi\u00e0 molto dolorose. Questa cosa mi sembrava stranissima, perch\u00e9 ho una tolleranza del dolore abbastanza alta. E invece sono partite gi\u00e0 potentissime, per\u00f2 erano molto distanti, abbiamo dovuto aspettare tantissimo tempo. E poi\u2026 problemi su problemi. A un certo punto <strong>si \u00e8 perso il battito della bambina<\/strong>. E il chirurgo ci ha detto: non ha senso aspettare, andiamo in sala operatoria. Sono stati due giorni veramente \u2018interessanti'\".<\/em><\/p>\n","protected":false},"excerpt":{"rendered":"<p>Lei e il marito Matteo Giunta, genitori di Matilde...<\/p>\n","protected":false},"author":24,"featured_media":212371,"comment_status":"open","ping_status":"closed","sticky":false,"template":"","format":"standard","meta":{"footnotes":""},"categories":[54],"tags":[64037,88723,73663,71061,66993,72479,2793,66464,64364],"vip":[732],"class_list":["post-212368","post","type-post","status-publish","format-standard","has-post-thumbnail","hentry","category-news","tag-federicapellegrini","tag-federicapellegrinicesareo","tag-federicapellegrinifiglia","tag-federicapellegrinigravidanza","tag-federicapellegriniincinta","tag-federicapellegriniparto","tag-gossip","tag-lastampa","tag-matteogiunta","vip-federica_pellegrini"],"yoast_head":"<title>&#039;&#039;Questa gravidanza non era prevista&#039;&#039;: Federica Pellegrini incinta di 9 mesi svela perch\u00e9 ha programmato un cesareo - Gossip.it | News sul Gossip e VIP<\/title>\n<meta name=\"description\" content=\"&#039;&#039;Questa gravidanza non era prevista&#039;&#039;: Federica Pellegrini incinta di 9 mesi svela perch\u00e9 ha programmato un cesareo\" \/>\n<meta name=\"robots\" content=\"index, follow, max-snippet:-1, max-image-preview:large, max-video-preview:-1\" \/>\n<link rel=\"canonical\" href=\"https:\/\/www.gossip.it\/news\/federica-pellegrini-incinta-9-mesi-programmato-cesareo\/\" \/>\n<meta property=\"og:locale\" content=\"it_IT\" \/>\n<meta property=\"og:type\" content=\"article\" \/>\n<meta property=\"og:title\" content=\"&#039;&#039;Questa gravidanza non era prevista&#039;&#039;: Federica Pellegrini incinta di 9 mesi svela perch\u00e9 ha programmato un cesareo - Gossip.it | News sul Gossip e VIP\" \/>\n<meta property=\"og:description\" content=\"&#039;&#039;Questa gravidanza non era prevista&#039;&#039;: Federica Pellegrini incinta di 9 mesi svela perch\u00e9 ha programmato un cesareo\" \/>\n<meta property=\"og:url\" content=\"https:\/\/www.gossip.it\/news\/federica-pellegrini-incinta-9-mesi-programmato-cesareo\/\" \/>\n<meta property=\"og:site_name\" content=\"Gossip.it | News sul Gossip e VIP\" \/>\n<meta property=\"article:publisher\" content=\"https:\/\/www.facebook.com\/GossipIT\" \/>\n<meta property=\"article:published_time\" content=\"2026-03-20T12:22:56+00:00\" \/>\n<meta property=\"article:modified_time\" content=\"2026-03-22T13:43:38+00:00\" \/>\n<meta property=\"og:image\" content=\"https:\/\/www.gossip.it\/wp-content\/uploads\/2026\/03\/lancio-PELLEGRINI-FB.jpg\" \/>\n\t<meta property=\"og:image:width\" content=\"1200\" \/>\n\t<meta property=\"og:image:height\" content=\"707\" \/>\n\t<meta property=\"og:image:type\" content=\"image\/jpeg\" \/>\n<meta name=\"author\" content=\"Carla Giuni\" \/>\n<meta name=\"twitter:card\" content=\"summary_large_image\" \/>\n<meta name=\"twitter:creator\" content=\"@gossinews_it\" \/>\n<meta name=\"twitter:site\" content=\"@gossinews_it\" \/>\n<meta name=\"twitter:label1\" content=\"Scritto da\" \/>\n\t<meta name=\"twitter:data1\" content=\"Carla Giuni\" \/>\n\t<meta name=\"twitter:label2\" content=\"Tempo di lettura stimato\" \/>\n\t<meta name=\"twitter:data2\" content=\"3 minuti\" \/>","yoast_head_json":{"title":"''Questa gravidanza non era prevista'': Federica Pellegrini incinta di 9 mesi svela perch\u00e9 ha programmato un cesareo - Gossip.it | News sul Gossip e VIP","description":"''Questa gravidanza non era prevista'': Federica Pellegrini incinta di 9 mesi svela perch\u00e9 ha programmato un cesareo","robots":{"index":"index","follow":"follow","max-snippet":"max-snippet:-1","max-image-preview":"max-image-preview:large","max-video-preview":"max-video-preview:-1"},"canonical":"https:\/\/www.gossip.it\/news\/federica-pellegrini-incinta-9-mesi-programmato-cesareo\/","og_locale":"it_IT","og_type":"article","og_title":"''Questa gravidanza non era prevista'': Federica Pellegrini incinta di 9 mesi svela perch\u00e9 ha programmato un cesareo - Gossip.it | News sul Gossip e VIP","og_description":"''Questa gravidanza non era prevista'': Federica Pellegrini incinta di 9 mesi svela perch\u00e9 ha programmato un cesareo","og_url":"https:\/\/www.gossip.it\/news\/federica-pellegrini-incinta-9-mesi-programmato-cesareo\/","og_site_name":"Gossip.it | News sul Gossip e VIP","article_publisher":"https:\/\/www.facebook.com\/GossipIT","article_published_time":"2026-03-20T12:22:56+00:00","article_modified_time":"2026-03-22T13:43:38+00:00","og_image":[{"width":1200,"height":707,"url":"https:\/\/www.gossip.it\/wp-content\/uploads\/2026\/03\/lancio-PELLEGRINI-FB.jpg","type":"image\/jpeg"}],"author":"Carla Giuni","twitter_card":"summary_large_image","twitter_creator":"@gossinews_it","twitter_site":"@gossinews_it","twitter_misc":{"Scritto da":"Carla Giuni","Tempo di lettura stimato":"3 minuti"},"schema":{"@context":"https:\/\/schema.org","@graph":[{"@type":"Article","@id":"https:\/\/www.gossip.it\/news\/federica-pellegrini-incinta-9-mesi-programmato-cesareo\/#article","isPartOf":{"@id":"https:\/\/www.gossip.it\/news\/federica-pellegrini-incinta-9-mesi-programmato-cesareo\/"},"author":{"name":"Carla Giuni","@id":"https:\/\/www.gossip.it\/#\/schema\/person\/df4a88c190f338e21427b6f342595faa"},"headline":"''Questa gravidanza non era prevista'': Federica Pellegrini incinta di 9 mesi svela perch\u00e9 ha programmato un cesareo","datePublished":"2026-03-20T12:22:56+00:00","dateModified":"2026-03-22T13:43:38+00:00","mainEntityOfPage":{"@id":"https:\/\/www.gossip.it\/news\/federica-pellegrini-incinta-9-mesi-programmato-cesareo\/"},"wordCount":375,"commentCount":0,"publisher":{"@id":"https:\/\/www.gossip.it\/#organization"},"image":{"@id":"https:\/\/www.gossip.it\/news\/federica-pellegrini-incinta-9-mesi-programmato-cesareo\/#primaryimage"},"thumbnailUrl":"https:\/\/www.gossip.it\/wp-content\/uploads\/2026\/03\/lancio-PELLEGRINI.jpg","keywords":["federicapellegrini","federicapellegrinicesareo","federicapellegrinifiglia","federicapellegrinigravidanza","federicapellegriniincinta","federicapellegriniparto","gossip","lastampa","matteogiunta"],"articleSection":["News"],"inLanguage":"it-IT","potentialAction":[{"@type":"CommentAction","name":"Comment","target":["https:\/\/www.gossip.it\/news\/federica-pellegrini-incinta-9-mesi-programmato-cesareo\/#respond"]}]},{"@type":"WebPage","@id":"https:\/\/www.gossip.it\/news\/federica-pellegrini-incinta-9-mesi-programmato-cesareo\/","url":"https:\/\/www.gossip.it\/news\/federica-pellegrini-incinta-9-mesi-programmato-cesareo\/","name":"''Questa gravidanza non era prevista'': Federica Pellegrini incinta di 9 mesi svela perch\u00e9 ha programmato un cesareo - Gossip.it | News sul Gossip e VIP","isPartOf":{"@id":"https:\/\/www.gossip.it\/#website"},"primaryImageOfPage":{"@id":"https:\/\/www.gossip.it\/news\/federica-pellegrini-incinta-9-mesi-programmato-cesareo\/#primaryimage"},"image":{"@id":"https:\/\/www.gossip.it\/news\/federica-pellegrini-incinta-9-mesi-programmato-cesareo\/#primaryimage"},"thumbnailUrl":"https:\/\/www.gossip.it\/wp-content\/uploads\/2026\/03\/lancio-PELLEGRINI.jpg","datePublished":"2026-03-20T12:22:56+00:00","dateModified":"2026-03-22T13:43:38+00:00","description":"''Questa gravidanza non era prevista'': Federica Pellegrini incinta di 9 mesi svela perch\u00e9 ha programmato un cesareo","breadcrumb":{"@id":"https:\/\/www.gossip.it\/news\/federica-pellegrini-incinta-9-mesi-programmato-cesareo\/#breadcrumb"},"inLanguage":"it-IT","potentialAction":[{"@type":"ReadAction","target":["https:\/\/www.gossip.it\/news\/federica-pellegrini-incinta-9-mesi-programmato-cesareo\/"]}]},{"@type":"ImageObject","inLanguage":"it-IT","@id":"https:\/\/www.gossip.it\/news\/federica-pellegrini-incinta-9-mesi-programmato-cesareo\/#primaryimage","url":"https:\/\/www.gossip.it\/wp-content\/uploads\/2026\/03\/lancio-PELLEGRINI.jpg","contentUrl":"https:\/\/www.gossip.it\/wp-content\/uploads\/2026\/03\/lancio-PELLEGRINI.jpg","width":1200,"height":855},{"@type":"BreadcrumbList","@id":"https:\/\/www.gossip.it\/news\/federica-pellegrini-incinta-9-mesi-programmato-cesareo\/#breadcrumb","itemListElement":[{"@type":"ListItem","position":1,"name":"Home","item":"https:\/\/www.gossip.it\/"},{"@type":"ListItem","position":2,"name":"''Questa gravidanza non era prevista'': Federica Pellegrini incinta di 9 mesi svela perch\u00e9 ha programmato un cesareo"}]},{"@type":"WebSite","@id":"https:\/\/www.gossip.it\/#website","url":"https:\/\/www.gossip.it\/","name":"Gossip and VIP News","description":"Quotidiano di cronaca rosa, costume e societ\u00e0","publisher":{"@id":"https:\/\/www.gossip.it\/#organization"},"alternateName":"Gossip and VIP News","potentialAction":[{"@type":"SearchAction","target":{"@type":"EntryPoint","urlTemplate":"https:\/\/www.gossip.it\/?s={search_term_string}"},"query-input":{"@type":"PropertyValueSpecification","valueRequired":true,"valueName":"search_term_string"}}],"inLanguage":"it-IT"},{"@type":"Organization","@id":"https:\/\/www.gossip.it\/#organization","name":"Gossip and VIP News","alternateName":"Gossip News","url":"https:\/\/www.gossip.it\/","logo":{"@type":"ImageObject","inLanguage":"it-IT","@id":"https:\/\/www.gossip.it\/#\/schema\/logo\/image\/","url":"https:\/\/www.gossip.it\/wp-content\/uploads\/2022\/04\/cropped-corna-alta-tiny.png","contentUrl":"https:\/\/www.gossip.it\/wp-content\/uploads\/2022\/04\/cropped-corna-alta-tiny.png","width":512,"height":512,"caption":"Gossip and VIP News"},"image":{"@id":"https:\/\/www.gossip.it\/#\/schema\/logo\/image\/"},"sameAs":["https:\/\/www.facebook.com\/GossipIT","https:\/\/x.com\/gossinews_it","https:\/\/instagram.com\/gossip_it"]},{"@type":"Person","@id":"https:\/\/www.gossip.it\/#\/schema\/person\/df4a88c190f338e21427b6f342595faa","name":"Carla Giuni","image":{"@type":"ImageObject","inLanguage":"it-IT","@id":"https:\/\/www.gossip.it\/#\/schema\/person\/image\/","url":"https:\/\/secure.gravatar.com\/avatar\/9caf92f895c8e9a7cca263cd6e3860da8edad54c0a92046a7e363cbd3fa35c36?s=96&d=mm&r=g","contentUrl":"https:\/\/secure.gravatar.com\/avatar\/9caf92f895c8e9a7cca263cd6e3860da8edad54c0a92046a7e363cbd3fa35c36?s=96&d=mm&r=g","caption":"Carla Giuni"}}]}},"amp_enabled":true,"_links":{"self":[{"href":"https:\/\/www.gossip.it\/api\/wp\/v2\/posts\/212368","targetHints":{"allow":["GET"]}}],"collection":[{"href":"https:\/\/www.gossip.it\/api\/wp\/v2\/posts"}],"about":[{"href":"https:\/\/www.gossip.it\/api\/wp\/v2\/types\/post"}],"author":[{"embeddable":true,"href":"https:\/\/www.gossip.it\/api\/wp\/v2\/users\/24"}],"replies":[{"embeddable":true,"href":"https:\/\/www.gossip.it\/api\/wp\/v2\/comments?post=212368"}],"version-history":[{"count":1,"href":"https:\/\/www.gossip.it\/api\/wp\/v2\/posts\/212368\/revisions"}],"predecessor-version":[{"id":212373,"href":"https:\/\/www.gossip.it\/api\/wp\/v2\/posts\/212368\/revisions\/212373"}],"wp:featuredmedia":[{"embeddable":true,"href":"https:\/\/www.gossip.it\/api\/wp\/v2\/media\/212371"}],"wp:attachment":[{"href":"https:\/\/www.gossip.it\/api\/wp\/v2\/media?parent=212368"}],"wp:term":[{"taxonomy":"category","embeddable":true,"href":"https:\/\/www.gossip.it\/api\/wp\/v2\/categories?post=212368"},{"taxonomy":"post_tag","embeddable":true,"href":"https:\/\/www.gossip.it\/api\/wp\/v2\/tags?post=212368"},{"taxonomy":"vip","embeddable":true,"href":"https:\/\/www.gossip.it\/api\/wp\/v2\/vip?post=212368"}],"curies":[{"name":"wp","href":"https:\/\/api.w.org\/{rel}","templated":true}]}}