{"id":21275,"date":"2006-09-01T00:00:00","date_gmt":"2006-08-31T22:00:00","guid":{"rendered":"https:\/\/www.gossip.it\/senza-categoria\/laura-freddi-ha-detto-si\/"},"modified":"2006-09-01T00:00:00","modified_gmt":"2006-08-31T22:00:00","slug":"laura-freddi-ha-detto-si","status":"publish","type":"post","link":"https:\/\/www.gossip.it\/news\/laura-freddi-ha-detto-si\/","title":{"rendered":"Laura Freddi ha detto 'si'"},"content":{"rendered":"<p>Dopo tre anni di fidanzamento ed un'estate in giro in barca nel Mediterraneo come due piccioncini, <a href='https:\/\/www.gossip.it\/news\/monografia.php?keyword=laura%20freddi'><b><u>Laura Freddi<\/u><\/b><\/a> e l'imprenditore edile <b>Claudio Casavecchia<\/b> hanno coronato il loro sogno d'amore.<\/p>\n<p>Ieri pomeriggio in Campidoglio davanti al sindaco <a href='https:\/\/www.gossip.it\/news\/monografia.php?keyword=veltroni'><b><u>Walter Veltroni<\/u><\/b><\/a> la giovane coppia si \u00e8 <a href=\"https:\/\/www.gossip.it\/news\/monografia.php?keyword=fiori%20d'arancio\"><b><u>sposata<\/u><\/b><\/a> con rito civile. Per la festa vera e propria con amici e parenti pi\u00f9 cari bisogner\u00e0 aspettare la prossima settimana, quando in un casale fuori Roma ci sar\u00e0 un <a href='https:\/\/www.gossip.it\/mondanita'><b><u>party<\/u><\/b><\/a> blindato.<br \/>\nTanti gli ospiti vip nella lista degli invitati. E, accompagnati da <b>Demo Morselli<\/b> e la sua band, Laura e Claudio rinnoveranno la promessa di matrimonio e il classico scambio di anelli, per la gioia di tutti i presenti.<\/p>\n<p>Foto: E.Rossi \u00a9 Gossip.it<\/p>\n","protected":false},"excerpt":{"rendered":"<p>Dopo tre anni di fidanzamento ed un'estate in giro in barca nel Mediterraneo come due piccioncini, Laura Freddi e l'imprenditore edile Claudio Casavecchia hanno coronato il loro sogno d'amore. Ieri pomeriggio in Campidoglio davanti al sindaco Walter Veltroni la giovane coppia si \u00e8 sposata con rito civile. Per la festa vera e propria con amici [&hellip;]<\/p>\n","protected":false},"author":1,"featured_media":77322,"comment_status":"closed","ping_status":"closed","sticky":false,"template":"","format":"standard","meta":{"footnotes":""},"categories":[54],"tags":[25476,24039,2220,3297,1950,2216,1965,1879,2097],"vip":[1080,1853],"class_list":["post-21275","post","type-post","status-publish","format-standard","has-post-thumbnail","hentry","category-news","tag-claudio-casavecchia","tag-demo-morselli","tag-fiori-darancio","tag-gossip-tv","tag-matrimonio","tag-nozze","tag-party","tag-roma","tag-tv","vip-laura_freddi","vip-walter_veltroni"],"yoast_head":"<title>Laura Freddi ha detto &#039;si&#039; - Gossip.it | News sul Gossip e VIP<\/title>\n<meta name=\"description\" content=\"Dopo tre anni di fidanzamento ed un&#039;estate in giro in barca nel Mediterraneo come due piccioncini, Laura Freddi e l&#039;imprenditore edile Claudio Casavecchia\" \/>\n<meta name=\"robots\" content=\"index, follow, max-snippet:-1, max-image-preview:large, max-video-preview:-1\" \/>\n<link rel=\"canonical\" href=\"https:\/\/www.gossip.it\/news\/laura-freddi-ha-detto-si\/\" \/>\n<meta property=\"og:locale\" content=\"it_IT\" \/>\n<meta property=\"og:type\" content=\"article\" \/>\n<meta property=\"og:title\" content=\"Laura Freddi ha detto &#039;si&#039; - Gossip.it | News sul Gossip e VIP\" \/>\n<meta property=\"og:description\" content=\"Dopo tre anni di fidanzamento ed un&#039;estate in giro in barca nel Mediterraneo come due piccioncini, Laura Freddi e l&#039;imprenditore edile Claudio Casavecchia\" \/>\n<meta property=\"og:url\" content=\"https:\/\/www.gossip.it\/news\/laura-freddi-ha-detto-si\/\" \/>\n<meta property=\"og:site_name\" content=\"Gossip.it | News sul Gossip e VIP\" \/>\n<meta property=\"article:publisher\" content=\"https:\/\/www.facebook.com\/GossipIT\" \/>\n<meta property=\"article:published_time\" content=\"2006-08-31T22:00:00+00:00\" \/>\n<meta property=\"og:image\" content=\"https:\/\/www.gossip.it\/images5\/010906_freddi.jpg\" \/>\n<meta name=\"author\" content=\"La Redazione\" \/>\n<meta name=\"twitter:card\" content=\"summary_large_image\" \/>\n<meta name=\"twitter:image\" content=\"https:\/\/www.gossip.it\/images5\/010906_freddi.jpg\" \/>\n<meta name=\"twitter:creator\" content=\"@gossinews_it\" \/>\n<meta name=\"twitter:site\" content=\"@gossinews_it\" \/>\n<meta name=\"twitter:label1\" content=\"Scritto da\" \/>\n\t<meta name=\"twitter:data1\" content=\"La Redazione\" \/>\n\t<meta name=\"twitter:label2\" content=\"Tempo di lettura stimato\" \/>\n\t<meta name=\"twitter:data2\" content=\"1 minuto\" \/>","yoast_head_json":{"title":"Laura Freddi ha detto 'si' - Gossip.it | News sul Gossip e VIP","description":"Dopo tre anni di fidanzamento ed un'estate in giro in barca nel Mediterraneo come due piccioncini, Laura Freddi e l'imprenditore edile Claudio Casavecchia","robots":{"index":"index","follow":"follow","max-snippet":"max-snippet:-1","max-image-preview":"max-image-preview:large","max-video-preview":"max-video-preview:-1"},"canonical":"https:\/\/www.gossip.it\/news\/laura-freddi-ha-detto-si\/","og_locale":"it_IT","og_type":"article","og_title":"Laura Freddi ha detto 'si' - Gossip.it | News sul Gossip e VIP","og_description":"Dopo tre anni di fidanzamento ed un'estate in giro in barca nel Mediterraneo come due piccioncini, Laura Freddi e l'imprenditore edile Claudio Casavecchia","og_url":"https:\/\/www.gossip.it\/news\/laura-freddi-ha-detto-si\/","og_site_name":"Gossip.it | News sul Gossip e VIP","article_publisher":"https:\/\/www.facebook.com\/GossipIT","article_published_time":"2006-08-31T22:00:00+00:00","og_image":[{"url":"https:\/\/www.gossip.it\/images5\/010906_freddi.jpg"}],"author":"La Redazione","twitter_card":"summary_large_image","twitter_image":"https:\/\/www.gossip.it\/images5\/010906_freddi.jpg","twitter_creator":"@gossinews_it","twitter_site":"@gossinews_it","twitter_misc":{"Scritto da":"La Redazione","Tempo di lettura stimato":"1 minuto"},"schema":{"@context":"https:\/\/schema.org","@graph":[{"@type":"Article","@id":"https:\/\/www.gossip.it\/news\/laura-freddi-ha-detto-si\/#article","isPartOf":{"@id":"https:\/\/www.gossip.it\/news\/laura-freddi-ha-detto-si\/"},"author":{"name":"La Redazione","@id":"https:\/\/www.gossip.it\/#\/schema\/person\/488896f75158bff1cc83c6c39d141110"},"headline":"Laura Freddi ha detto 'si'","datePublished":"2006-08-31T22:00:00+00:00","dateModified":"2006-08-31T22:00:00+00:00","mainEntityOfPage":{"@id":"https:\/\/www.gossip.it\/news\/laura-freddi-ha-detto-si\/"},"wordCount":125,"publisher":{"@id":"https:\/\/www.gossip.it\/#organization"},"image":{"@id":"https:\/\/www.gossip.it\/news\/laura-freddi-ha-detto-si\/#primaryimage"},"thumbnailUrl":"https:\/\/www.gossip.it\/images5\/010906_freddi.jpg","keywords":["claudio casavecchia","Demo Morselli","fiori d&#039;arancio","gossip.tv","matrimonio","nozze","party","roma","tv"],"articleSection":["News"],"inLanguage":"it-IT"},{"@type":"WebPage","@id":"https:\/\/www.gossip.it\/news\/laura-freddi-ha-detto-si\/","url":"https:\/\/www.gossip.it\/news\/laura-freddi-ha-detto-si\/","name":"Laura Freddi ha detto 'si' - Gossip.it | News sul Gossip e VIP","isPartOf":{"@id":"https:\/\/www.gossip.it\/#website"},"primaryImageOfPage":{"@id":"https:\/\/www.gossip.it\/news\/laura-freddi-ha-detto-si\/#primaryimage"},"image":{"@id":"https:\/\/www.gossip.it\/news\/laura-freddi-ha-detto-si\/#primaryimage"},"thumbnailUrl":"https:\/\/www.gossip.it\/images5\/010906_freddi.jpg","datePublished":"2006-08-31T22:00:00+00:00","dateModified":"2006-08-31T22:00:00+00:00","description":"Dopo tre anni di fidanzamento ed un'estate in giro in barca nel Mediterraneo come due piccioncini, Laura Freddi e l'imprenditore edile Claudio Casavecchia","breadcrumb":{"@id":"https:\/\/www.gossip.it\/news\/laura-freddi-ha-detto-si\/#breadcrumb"},"inLanguage":"it-IT","potentialAction":[{"@type":"ReadAction","target":["https:\/\/www.gossip.it\/news\/laura-freddi-ha-detto-si\/"]}]},{"@type":"ImageObject","inLanguage":"it-IT","@id":"https:\/\/www.gossip.it\/news\/laura-freddi-ha-detto-si\/#primaryimage","url":"https:\/\/www.gossip.it\/images5\/010906_freddi.jpg","contentUrl":"https:\/\/www.gossip.it\/images5\/010906_freddi.jpg"},{"@type":"BreadcrumbList","@id":"https:\/\/www.gossip.it\/news\/laura-freddi-ha-detto-si\/#breadcrumb","itemListElement":[{"@type":"ListItem","position":1,"name":"Home","item":"https:\/\/www.gossip.it\/"},{"@type":"ListItem","position":2,"name":"Laura Freddi ha detto 'si'"}]},{"@type":"WebSite","@id":"https:\/\/www.gossip.it\/#website","url":"https:\/\/www.gossip.it\/","name":"Gossip and VIP News","description":"Quotidiano di cronaca rosa, costume e societ\u00e0","publisher":{"@id":"https:\/\/www.gossip.it\/#organization"},"alternateName":"Gossip and VIP News","potentialAction":[{"@type":"SearchAction","target":{"@type":"EntryPoint","urlTemplate":"https:\/\/www.gossip.it\/?s={search_term_string}"},"query-input":{"@type":"PropertyValueSpecification","valueRequired":true,"valueName":"search_term_string"}}],"inLanguage":"it-IT"},{"@type":"Organization","@id":"https:\/\/www.gossip.it\/#organization","name":"Gossip and VIP News","alternateName":"Gossip News","url":"https:\/\/www.gossip.it\/","logo":{"@type":"ImageObject","inLanguage":"it-IT","@id":"https:\/\/www.gossip.it\/#\/schema\/logo\/image\/","url":"https:\/\/www.gossip.it\/wp-content\/uploads\/2022\/04\/cropped-corna-alta-tiny.png","contentUrl":"https:\/\/www.gossip.it\/wp-content\/uploads\/2022\/04\/cropped-corna-alta-tiny.png","width":512,"height":512,"caption":"Gossip and VIP News"},"image":{"@id":"https:\/\/www.gossip.it\/#\/schema\/logo\/image\/"},"sameAs":["https:\/\/www.facebook.com\/GossipIT","https:\/\/x.com\/gossinews_it","https:\/\/instagram.com\/gossip_it"]},{"@type":"Person","@id":"https:\/\/www.gossip.it\/#\/schema\/person\/488896f75158bff1cc83c6c39d141110","name":"La Redazione","image":{"@type":"ImageObject","inLanguage":"it-IT","@id":"https:\/\/www.gossip.it\/#\/schema\/person\/image\/","url":"https:\/\/secure.gravatar.com\/avatar\/5a5f5c6fa3e6700e4249abdad0263a1e94e927d9e0499b1cb09c1cd29c044d80?s=96&d=mm&r=g","contentUrl":"https:\/\/secure.gravatar.com\/avatar\/5a5f5c6fa3e6700e4249abdad0263a1e94e927d9e0499b1cb09c1cd29c044d80?s=96&d=mm&r=g","caption":"La Redazione"},"sameAs":["https:\/\/www.gossip.it"]}]}},"amp_enabled":true,"_links":{"self":[{"href":"https:\/\/www.gossip.it\/api\/wp\/v2\/posts\/21275","targetHints":{"allow":["GET"]}}],"collection":[{"href":"https:\/\/www.gossip.it\/api\/wp\/v2\/posts"}],"about":[{"href":"https:\/\/www.gossip.it\/api\/wp\/v2\/types\/post"}],"author":[{"embeddable":true,"href":"https:\/\/www.gossip.it\/api\/wp\/v2\/users\/1"}],"replies":[{"embeddable":true,"href":"https:\/\/www.gossip.it\/api\/wp\/v2\/comments?post=21275"}],"version-history":[{"count":0,"href":"https:\/\/www.gossip.it\/api\/wp\/v2\/posts\/21275\/revisions"}],"wp:featuredmedia":[{"embeddable":true,"href":"https:\/\/www.gossip.it\/api\/wp\/v2\/media\/77322"}],"wp:attachment":[{"href":"https:\/\/www.gossip.it\/api\/wp\/v2\/media?parent=21275"}],"wp:term":[{"taxonomy":"category","embeddable":true,"href":"https:\/\/www.gossip.it\/api\/wp\/v2\/categories?post=21275"},{"taxonomy":"post_tag","embeddable":true,"href":"https:\/\/www.gossip.it\/api\/wp\/v2\/tags?post=21275"},{"taxonomy":"vip","embeddable":true,"href":"https:\/\/www.gossip.it\/api\/wp\/v2\/vip?post=21275"}],"curies":[{"name":"wp","href":"https:\/\/api.w.org\/{rel}","templated":true}]}}