{"id":213409,"date":"2026-04-13T11:13:46","date_gmt":"2026-04-13T09:13:46","guid":{"rendered":"https:\/\/www.gossip.it\/?p=213409"},"modified":"2026-04-14T11:37:25","modified_gmt":"2026-04-14T09:37:25","slug":"elodie-franceska-nuredini-weekend-diletta-leotta-lago-di-como","status":"publish","type":"post","link":"https:\/\/www.gossip.it\/news\/elodie-franceska-nuredini-weekend-diletta-leotta-lago-di-como\/","title":{"rendered":"''Amore mio'': Elodie e Franceska Nuredini inseparabili nel weekend con l\u2019amica Diletta Leotta sul lago di Como, foto"},"content":{"rendered":"\n<ul class=\"wp-block-list\">\n<li>La 35enne e la 23enne si divertono insieme alla conduttrice 34enne gli sgoccioli con la gravidanza<\/li>\n\n\n\n<li>La cantante condivide gli scatti, la ballerina commenta con parole che paiono confermare la relazione<\/li>\n<\/ul>\n\n\n\n<p>Lei accarezza il pancione dell\u2019amica, l\u2019aiuta a stendere la crema solare per proteggere l\u2019epidermide dell\u2019altra, ormai agli sgoccioli con la gravidanza (a maggio dar\u00e0 alla luce un maschietto). Il clima \u00e8 rilassante e disteso, fatto di chiacchiere e risate e tantissima complicit\u00e0. <strong><a href=\"http:\/\/www.gossip.it\/vip\/elodie\">Elodie<\/a> e <a href=\"http:\/\/www.gossip.it\/vip\/franceska-nuredini\">Franceska Nuredini<\/a> sono inseparabili nel weekend con l\u2019amica <a href=\"http:\/\/www.gossip.it\/vip\/diletta-leotta\">Diletta Leotta<\/a> sul lago di Como<\/strong>. La cantante condivide gli scatti, la ballerina commenta con parole che paiono confermare la relazione. <em>\u201c<strong>Amore mio<\/strong>\u201d<\/em>, scrive.<\/p>\n\n\n\n<figure class=\"wp-block-image size-large\"><img decoding=\"async\" width=\"768\" height=\"1024\" src=\"https:\/\/www.gossip.it\/wp-content\/uploads\/2026\/04\/elodie_franceska_1-1-768x1024.jpg\" alt=\"\" class=\"wp-image-213410\" srcset=\"https:\/\/www.gossip.it\/wp-content\/uploads\/2026\/04\/elodie_franceska_1-1-768x1024.jpg 768w, https:\/\/www.gossip.it\/wp-content\/uploads\/2026\/04\/elodie_franceska_1-1-225x300.jpg 225w, https:\/\/www.gossip.it\/wp-content\/uploads\/2026\/04\/elodie_franceska_1-1-750x1000.jpg 750w, https:\/\/www.gossip.it\/wp-content\/uploads\/2026\/04\/elodie_franceska_1-1.jpg 1134w\" sizes=\"(max-width: 768px) 100vw, 768px\" \/><figcaption class=\"wp-element-caption\"><em>''Amore mio''<\/em>: Elodie e Franceska Nuredini inseparabili nel weekend con l\u2019amica Diletta Leotta sul lago di Como<\/figcaption><\/figure>\n\n\n\n<p>La 35enne e la 23enne si divertono insieme alla conduttrice 34enne tra gite in barca, tintarella in spiaggia e molto altro. Alloggiano in una magnifica villa e stanno ancora una volta <em>\u2018vicine vicine\u2019<\/em> alimentando cos\u00ec la curiosit\u00e0 sulla loro amicizia <em>\u2018speciale\u2019<\/em>. <\/p>\n\n\n\n<figure class=\"wp-block-image size-large\"><img decoding=\"async\" width=\"768\" height=\"1024\" src=\"https:\/\/www.gossip.it\/wp-content\/uploads\/2026\/04\/elodie_franceska_4-768x1024.jpg\" alt=\"\" class=\"wp-image-213411\" srcset=\"https:\/\/www.gossip.it\/wp-content\/uploads\/2026\/04\/elodie_franceska_4-768x1024.jpg 768w, https:\/\/www.gossip.it\/wp-content\/uploads\/2026\/04\/elodie_franceska_4-225x300.jpg 225w, https:\/\/www.gossip.it\/wp-content\/uploads\/2026\/04\/elodie_franceska_4-750x1000.jpg 750w, https:\/\/www.gossip.it\/wp-content\/uploads\/2026\/04\/elodie_franceska_4.jpg 1134w\" sizes=\"(max-width: 768px) 100vw, 768px\" \/><figcaption class=\"wp-element-caption\">La 35enne e la 23enne si divertono insieme alla conduttrice 34enne gli sgoccioli con la gravidanza<\/figcaption><\/figure>\n\n\n\n<figure class=\"wp-block-image size-large\"><img decoding=\"async\" width=\"768\" height=\"1024\" src=\"https:\/\/www.gossip.it\/wp-content\/uploads\/2026\/04\/elodie_franceska_3-1-768x1024.jpg\" alt=\"\" class=\"wp-image-213412\" srcset=\"https:\/\/www.gossip.it\/wp-content\/uploads\/2026\/04\/elodie_franceska_3-1-768x1024.jpg 768w, https:\/\/www.gossip.it\/wp-content\/uploads\/2026\/04\/elodie_franceska_3-1-225x300.jpg 225w, https:\/\/www.gossip.it\/wp-content\/uploads\/2026\/04\/elodie_franceska_3-1-750x1000.jpg 750w, https:\/\/www.gossip.it\/wp-content\/uploads\/2026\/04\/elodie_franceska_3-1.jpg 1134w\" sizes=\"(max-width: 768px) 100vw, 768px\" \/><figcaption class=\"wp-element-caption\">La cantante condivide gli scatti, la ballerina commenta con parole che paiono confermare la relazione<\/figcaption><\/figure>\n\n\n\n<p>Diletta, unita da profonda amicizia alla Di Patrizi, <strong>sembra benedire le scelte della romana<\/strong>, che ha <em>\u2018cancellato\u2019 <\/em><a href=\"http:\/\/www.gossip.it\/vip\/andrea-iannone\">Andrea Iannone<\/a> e <strong>ha scelto di avere accanto Franceska<\/strong>.<\/p>\n\n\n\n<figure class=\"wp-block-image size-large\"><img decoding=\"async\" width=\"768\" height=\"1024\" src=\"https:\/\/www.gossip.it\/wp-content\/uploads\/2026\/04\/elodie_franceska_2-1-768x1024.jpg\" alt=\"\" class=\"wp-image-213413\" srcset=\"https:\/\/www.gossip.it\/wp-content\/uploads\/2026\/04\/elodie_franceska_2-1-768x1024.jpg 768w, https:\/\/www.gossip.it\/wp-content\/uploads\/2026\/04\/elodie_franceska_2-1-225x300.jpg 225w, https:\/\/www.gossip.it\/wp-content\/uploads\/2026\/04\/elodie_franceska_2-1-750x1000.jpg 750w, https:\/\/www.gossip.it\/wp-content\/uploads\/2026\/04\/elodie_franceska_2-1.jpg 1134w\" sizes=\"(max-width: 768px) 100vw, 768px\" \/><figcaption class=\"wp-element-caption\">Nessuna etichetta per loro due, solo la voglia di sentirsi unite<\/figcaption><\/figure>\n\n\n\n<p><strong>Coccole e abbracci<\/strong> in riva al lago per l\u2019ex volto di <em>Amici<\/em> e la danzatrice. Momenti di relax in motoscafo e il soggiorno a Brunate in una magione storica da mille e una notte. Sono giorni tutti al femminile, ci sono anche altre dello staff di Elodie presenti. Lei celebra la primavera cos\u00ec, scansando le etichette e assaporando teneri momenti con la libert\u00e0 che ormai la contraddistingue. La Leotta l\u2019adora anche per questo.<\/p>\n","protected":false},"excerpt":{"rendered":"<p>La cantante condivide gli scatti, la ballerina commenta...<\/p>\n","protected":false},"author":24,"featured_media":213414,"comment_status":"open","ping_status":"closed","sticky":false,"template":"","format":"standard","meta":{"footnotes":""},"categories":[54],"tags":[88960,64662,1918,64511,88198,87634,88961,2793,67682],"vip":[64241,63402,87862],"class_list":["post-213409","post","type-post","status-publish","format-standard","has-post-thumbnail","hentry","category-news","tag-brunate","tag-dilettaleotta","tag-elodie","tag-elodiedipatrizi","tag-elodiefidanzata","tag-franceskanuredini","tag-franceskanuredinifidanzata","tag-gossip","tag-lagodicomo","vip-diletta-leotta","vip-elodie","vip-franceska-nuredini"],"yoast_head":"<title>&#039;&#039;Amore mio&#039;&#039;: Elodie e Franceska Nuredini inseparabili nel weekend con l\u2019amica Diletta Leotta sul lago di Como, foto - Gossip.it | News sul Gossip e VIP<\/title>\n<meta name=\"description\" content=\"\u201cAmore mio\u201d: Elodie e Franceska Nuredini inseparabili nel weekend con l\u2019amica Diletta Leotta sul lago di Como, foto\" \/>\n<meta name=\"robots\" content=\"index, follow, max-snippet:-1, max-image-preview:large, max-video-preview:-1\" \/>\n<link rel=\"canonical\" href=\"https:\/\/www.gossip.it\/news\/elodie-franceska-nuredini-weekend-diletta-leotta-lago-di-como\/\" \/>\n<meta property=\"og:locale\" content=\"it_IT\" \/>\n<meta property=\"og:type\" content=\"article\" \/>\n<meta property=\"og:title\" content=\"&#039;&#039;Amore mio&#039;&#039;: Elodie e Franceska Nuredini inseparabili nel weekend con l\u2019amica Diletta Leotta sul lago di Como, foto - Gossip.it | News sul Gossip e VIP\" \/>\n<meta property=\"og:description\" content=\"\u201cAmore mio\u201d: Elodie e Franceska Nuredini inseparabili nel weekend con l\u2019amica Diletta Leotta sul lago di Como, foto\" \/>\n<meta property=\"og:url\" content=\"https:\/\/www.gossip.it\/news\/elodie-franceska-nuredini-weekend-diletta-leotta-lago-di-como\/\" \/>\n<meta property=\"og:site_name\" content=\"Gossip.it | News sul Gossip e VIP\" \/>\n<meta property=\"article:publisher\" content=\"https:\/\/www.facebook.com\/GossipIT\" \/>\n<meta property=\"article:published_time\" content=\"2026-04-13T09:13:46+00:00\" \/>\n<meta property=\"article:modified_time\" content=\"2026-04-14T09:37:25+00:00\" \/>\n<meta property=\"og:image\" content=\"https:\/\/www.gossip.it\/wp-content\/uploads\/2026\/04\/lancio-ELODIE-FB.jpg\" \/>\n\t<meta property=\"og:image:width\" content=\"1200\" \/>\n\t<meta property=\"og:image:height\" content=\"739\" \/>\n\t<meta property=\"og:image:type\" content=\"image\/jpeg\" \/>\n<meta name=\"author\" content=\"Carla Giuni\" \/>\n<meta name=\"twitter:card\" content=\"summary_large_image\" \/>\n<meta name=\"twitter:creator\" content=\"@gossinews_it\" \/>\n<meta name=\"twitter:site\" content=\"@gossinews_it\" \/>\n<meta name=\"twitter:label1\" content=\"Scritto da\" \/>\n\t<meta name=\"twitter:data1\" content=\"Carla Giuni\" \/>\n\t<meta name=\"twitter:label2\" content=\"Tempo di lettura stimato\" \/>\n\t<meta name=\"twitter:data2\" content=\"3 minuti\" \/>","yoast_head_json":{"title":"''Amore mio'': Elodie e Franceska Nuredini inseparabili nel weekend con l\u2019amica Diletta Leotta sul lago di Como, foto - Gossip.it | News sul Gossip e VIP","description":"\u201cAmore mio\u201d: Elodie e Franceska Nuredini inseparabili nel weekend con l\u2019amica Diletta Leotta sul lago di Como, foto","robots":{"index":"index","follow":"follow","max-snippet":"max-snippet:-1","max-image-preview":"max-image-preview:large","max-video-preview":"max-video-preview:-1"},"canonical":"https:\/\/www.gossip.it\/news\/elodie-franceska-nuredini-weekend-diletta-leotta-lago-di-como\/","og_locale":"it_IT","og_type":"article","og_title":"''Amore mio'': Elodie e Franceska Nuredini inseparabili nel weekend con l\u2019amica Diletta Leotta sul lago di Como, foto - Gossip.it | News sul Gossip e VIP","og_description":"\u201cAmore mio\u201d: Elodie e Franceska Nuredini inseparabili nel weekend con l\u2019amica Diletta Leotta sul lago di Como, foto","og_url":"https:\/\/www.gossip.it\/news\/elodie-franceska-nuredini-weekend-diletta-leotta-lago-di-como\/","og_site_name":"Gossip.it | News sul Gossip e VIP","article_publisher":"https:\/\/www.facebook.com\/GossipIT","article_published_time":"2026-04-13T09:13:46+00:00","article_modified_time":"2026-04-14T09:37:25+00:00","og_image":[{"width":1200,"height":739,"url":"https:\/\/www.gossip.it\/wp-content\/uploads\/2026\/04\/lancio-ELODIE-FB.jpg","type":"image\/jpeg"}],"author":"Carla Giuni","twitter_card":"summary_large_image","twitter_creator":"@gossinews_it","twitter_site":"@gossinews_it","twitter_misc":{"Scritto da":"Carla Giuni","Tempo di lettura stimato":"3 minuti"},"schema":{"@context":"https:\/\/schema.org","@graph":[{"@type":"Article","@id":"https:\/\/www.gossip.it\/news\/elodie-franceska-nuredini-weekend-diletta-leotta-lago-di-como\/#article","isPartOf":{"@id":"https:\/\/www.gossip.it\/news\/elodie-franceska-nuredini-weekend-diletta-leotta-lago-di-como\/"},"author":{"name":"Carla Giuni","@id":"https:\/\/www.gossip.it\/#\/schema\/person\/df4a88c190f338e21427b6f342595faa"},"headline":"''Amore mio'': Elodie e Franceska Nuredini inseparabili nel weekend con l\u2019amica Diletta Leotta sul lago di Como, foto","datePublished":"2026-04-13T09:13:46+00:00","dateModified":"2026-04-14T09:37:25+00:00","mainEntityOfPage":{"@id":"https:\/\/www.gossip.it\/news\/elodie-franceska-nuredini-weekend-diletta-leotta-lago-di-como\/"},"wordCount":332,"commentCount":0,"publisher":{"@id":"https:\/\/www.gossip.it\/#organization"},"image":{"@id":"https:\/\/www.gossip.it\/news\/elodie-franceska-nuredini-weekend-diletta-leotta-lago-di-como\/#primaryimage"},"thumbnailUrl":"https:\/\/www.gossip.it\/wp-content\/uploads\/2026\/04\/lancio-ELODIE-1.jpg","keywords":["brunate","dilettaleotta","elodie","elodiedipatrizi","elodiefidanzata","franceskanuredini","franceskanuredinifidanzata","gossip","lagodicomo"],"articleSection":["News"],"inLanguage":"it-IT","potentialAction":[{"@type":"CommentAction","name":"Comment","target":["https:\/\/www.gossip.it\/news\/elodie-franceska-nuredini-weekend-diletta-leotta-lago-di-como\/#respond"]}]},{"@type":"WebPage","@id":"https:\/\/www.gossip.it\/news\/elodie-franceska-nuredini-weekend-diletta-leotta-lago-di-como\/","url":"https:\/\/www.gossip.it\/news\/elodie-franceska-nuredini-weekend-diletta-leotta-lago-di-como\/","name":"''Amore mio'': Elodie e Franceska Nuredini inseparabili nel weekend con l\u2019amica Diletta Leotta sul lago di Como, foto - Gossip.it | News sul Gossip e VIP","isPartOf":{"@id":"https:\/\/www.gossip.it\/#website"},"primaryImageOfPage":{"@id":"https:\/\/www.gossip.it\/news\/elodie-franceska-nuredini-weekend-diletta-leotta-lago-di-como\/#primaryimage"},"image":{"@id":"https:\/\/www.gossip.it\/news\/elodie-franceska-nuredini-weekend-diletta-leotta-lago-di-como\/#primaryimage"},"thumbnailUrl":"https:\/\/www.gossip.it\/wp-content\/uploads\/2026\/04\/lancio-ELODIE-1.jpg","datePublished":"2026-04-13T09:13:46+00:00","dateModified":"2026-04-14T09:37:25+00:00","description":"\u201cAmore mio\u201d: Elodie e Franceska Nuredini inseparabili nel weekend con l\u2019amica Diletta Leotta sul lago di Como, foto","breadcrumb":{"@id":"https:\/\/www.gossip.it\/news\/elodie-franceska-nuredini-weekend-diletta-leotta-lago-di-como\/#breadcrumb"},"inLanguage":"it-IT","potentialAction":[{"@type":"ReadAction","target":["https:\/\/www.gossip.it\/news\/elodie-franceska-nuredini-weekend-diletta-leotta-lago-di-como\/"]}]},{"@type":"ImageObject","inLanguage":"it-IT","@id":"https:\/\/www.gossip.it\/news\/elodie-franceska-nuredini-weekend-diletta-leotta-lago-di-como\/#primaryimage","url":"https:\/\/www.gossip.it\/wp-content\/uploads\/2026\/04\/lancio-ELODIE-1.jpg","contentUrl":"https:\/\/www.gossip.it\/wp-content\/uploads\/2026\/04\/lancio-ELODIE-1.jpg","width":1200,"height":855},{"@type":"BreadcrumbList","@id":"https:\/\/www.gossip.it\/news\/elodie-franceska-nuredini-weekend-diletta-leotta-lago-di-como\/#breadcrumb","itemListElement":[{"@type":"ListItem","position":1,"name":"Home","item":"https:\/\/www.gossip.it\/"},{"@type":"ListItem","position":2,"name":"''Amore mio'': Elodie e Franceska Nuredini inseparabili nel weekend con l\u2019amica Diletta Leotta sul lago di Como, foto"}]},{"@type":"WebSite","@id":"https:\/\/www.gossip.it\/#website","url":"https:\/\/www.gossip.it\/","name":"Gossip and VIP News","description":"Quotidiano di cronaca rosa, costume e societ\u00e0","publisher":{"@id":"https:\/\/www.gossip.it\/#organization"},"alternateName":"Gossip and VIP News","potentialAction":[{"@type":"SearchAction","target":{"@type":"EntryPoint","urlTemplate":"https:\/\/www.gossip.it\/?s={search_term_string}"},"query-input":{"@type":"PropertyValueSpecification","valueRequired":true,"valueName":"search_term_string"}}],"inLanguage":"it-IT"},{"@type":"Organization","@id":"https:\/\/www.gossip.it\/#organization","name":"Gossip and VIP News","alternateName":"Gossip News","url":"https:\/\/www.gossip.it\/","logo":{"@type":"ImageObject","inLanguage":"it-IT","@id":"https:\/\/www.gossip.it\/#\/schema\/logo\/image\/","url":"https:\/\/www.gossip.it\/wp-content\/uploads\/2022\/04\/cropped-corna-alta-tiny.png","contentUrl":"https:\/\/www.gossip.it\/wp-content\/uploads\/2022\/04\/cropped-corna-alta-tiny.png","width":512,"height":512,"caption":"Gossip and VIP News"},"image":{"@id":"https:\/\/www.gossip.it\/#\/schema\/logo\/image\/"},"sameAs":["https:\/\/www.facebook.com\/GossipIT","https:\/\/x.com\/gossinews_it","https:\/\/instagram.com\/gossip_it"]},{"@type":"Person","@id":"https:\/\/www.gossip.it\/#\/schema\/person\/df4a88c190f338e21427b6f342595faa","name":"Carla Giuni","image":{"@type":"ImageObject","inLanguage":"it-IT","@id":"https:\/\/www.gossip.it\/#\/schema\/person\/image\/","url":"https:\/\/secure.gravatar.com\/avatar\/9caf92f895c8e9a7cca263cd6e3860da8edad54c0a92046a7e363cbd3fa35c36?s=96&d=mm&r=g","contentUrl":"https:\/\/secure.gravatar.com\/avatar\/9caf92f895c8e9a7cca263cd6e3860da8edad54c0a92046a7e363cbd3fa35c36?s=96&d=mm&r=g","caption":"Carla Giuni"}}]}},"amp_enabled":true,"_links":{"self":[{"href":"https:\/\/www.gossip.it\/api\/wp\/v2\/posts\/213409","targetHints":{"allow":["GET"]}}],"collection":[{"href":"https:\/\/www.gossip.it\/api\/wp\/v2\/posts"}],"about":[{"href":"https:\/\/www.gossip.it\/api\/wp\/v2\/types\/post"}],"author":[{"embeddable":true,"href":"https:\/\/www.gossip.it\/api\/wp\/v2\/users\/24"}],"replies":[{"embeddable":true,"href":"https:\/\/www.gossip.it\/api\/wp\/v2\/comments?post=213409"}],"version-history":[{"count":1,"href":"https:\/\/www.gossip.it\/api\/wp\/v2\/posts\/213409\/revisions"}],"predecessor-version":[{"id":213416,"href":"https:\/\/www.gossip.it\/api\/wp\/v2\/posts\/213409\/revisions\/213416"}],"wp:featuredmedia":[{"embeddable":true,"href":"https:\/\/www.gossip.it\/api\/wp\/v2\/media\/213414"}],"wp:attachment":[{"href":"https:\/\/www.gossip.it\/api\/wp\/v2\/media?parent=213409"}],"wp:term":[{"taxonomy":"category","embeddable":true,"href":"https:\/\/www.gossip.it\/api\/wp\/v2\/categories?post=213409"},{"taxonomy":"post_tag","embeddable":true,"href":"https:\/\/www.gossip.it\/api\/wp\/v2\/tags?post=213409"},{"taxonomy":"vip","embeddable":true,"href":"https:\/\/www.gossip.it\/api\/wp\/v2\/vip?post=213409"}],"curies":[{"name":"wp","href":"https:\/\/api.w.org\/{rel}","templated":true}]}}