{"id":213421,"date":"2026-04-13T12:02:00","date_gmt":"2026-04-13T10:02:00","guid":{"rendered":"https:\/\/www.gossip.it\/?p=213421"},"modified":"2026-04-13T14:26:57","modified_gmt":"2026-04-13T12:26:57","slug":"stefano-corti-rottura-bianca-atzei","status":"publish","type":"post","link":"https:\/\/www.gossip.it\/news\/stefano-corti-rottura-bianca-atzei\/","title":{"rendered":"''Il dispiacere rimane'': l\u2019inviato de Le Iene Stefano Corti si apre sulla rottura con Bianca Atzei da cui ha avuto Noa"},"content":{"rendered":"\n<ul class=\"wp-block-list\">\n<li>Il 40enne e la cantante 39enne si sono detti addio lo scorso settembre, scegliendo per loro strade diverse<\/li>\n\n\n\n<li>I due, coppia dal 2019, il 18 gennaio 2023 sono diventati genitori, lui ha anche un figlio di 18 anni, Gabriele<\/li>\n<\/ul>\n\n\n\n<p>Non lo nega. <em>\u201c<strong>Il dispiacere rimane<\/strong>\u201d<\/em>, confessa a Verissimo.<strong> <a href=\"http:\/\/www.gossip.it\/vip\/stefano-corti\">Stefano Corti<\/a> si apre sulla rottura con <a href=\"http:\/\/www.gossip.it\/vip\/bianca-atzei\">Bianca Atzei<\/a> da cui ha avuto il piccolo Noa Alexander<\/strong>. Il 40enne e la cantante 39enne si sono detti addio lo scorso settembre, scegliendo per loro strade diverse I due, coppia dal 2019, il 18 gennaio 2023 sono diventati genitori, lui \u00e8 anche padre di <a href=\"http:\/\/www.gossip.it\/vip\/gabriele-corti\">Gabriele<\/a>, 18 anni, di cui ha scoperto l\u2019esistenza dopo che era venuto al mondo, frutto di una relazione fugace.<\/p>\n\n\n\n<figure class=\"wp-block-image size-large\"><img decoding=\"async\" width=\"1024\" height=\"576\" src=\"https:\/\/www.gossip.it\/wp-content\/uploads\/2026\/04\/corti_su_atzei_1-1024x576.jpg\" alt=\"\" class=\"wp-image-213422\" srcset=\"https:\/\/www.gossip.it\/wp-content\/uploads\/2026\/04\/corti_su_atzei_1-1024x576.jpg 1024w, https:\/\/www.gossip.it\/wp-content\/uploads\/2026\/04\/corti_su_atzei_1-300x169.jpg 300w, https:\/\/www.gossip.it\/wp-content\/uploads\/2026\/04\/corti_su_atzei_1-768x432.jpg 768w, https:\/\/www.gossip.it\/wp-content\/uploads\/2026\/04\/corti_su_atzei_1-750x422.jpg 750w, https:\/\/www.gossip.it\/wp-content\/uploads\/2026\/04\/corti_su_atzei_1-730x410.jpg 730w, https:\/\/www.gossip.it\/wp-content\/uploads\/2026\/04\/corti_su_atzei_1.jpg 1134w\" sizes=\"(max-width: 1024px) 100vw, 1024px\" \/><figcaption class=\"wp-element-caption\"><em>''Il dispiacere rimane''<\/em>: l\u2019inviato de <em>Le Iene<\/em> Stefano Corti si apre sulla rottura con Bianca Atzei da cui ha avuto Noa<\/figcaption><\/figure>\n\n\n\n<p><em>\"Sono passati ancora pochi mesi dalla nostra separazione ma il tempo guarisce tutte le ferite\u201d<\/em>, confessa Stefano. E aggiunge: <em>\u201c<strong>Non \u00e8 ancora passato il dolore<\/strong>. Soprattutto quando ci sono bambini in mezzo, <strong>il dispiacere \u00e8 immenso<\/strong>\"<\/em>. <em>\"La nostra sar\u00e0 una famiglia allargata e sar\u00e0 bellissimo cos\u00ec <\/em>- prosegue Corti - <em>e oggi stiamo lavorando per ottenere quell'obiettivo\"<\/em>. Stefano per Bianca spera il meglio: <em>\"<strong>Le auguro di trovare un uomo che possa amarla pi\u00f9 di quanto abbia fatto io<\/strong>. Per Noa saremo sempre la sua mamma e il suo pap\u00e0\".<\/em><\/p>\n\n\n\n<figure class=\"wp-block-image size-large\"><img decoding=\"async\" width=\"1024\" height=\"573\" src=\"https:\/\/www.gossip.it\/wp-content\/uploads\/2026\/04\/corti_su_atzei_2-1024x573.jpg\" alt=\"\" class=\"wp-image-213423\" srcset=\"https:\/\/www.gossip.it\/wp-content\/uploads\/2026\/04\/corti_su_atzei_2-1024x573.jpg 1024w, https:\/\/www.gossip.it\/wp-content\/uploads\/2026\/04\/corti_su_atzei_2-300x168.jpg 300w, https:\/\/www.gossip.it\/wp-content\/uploads\/2026\/04\/corti_su_atzei_2-768x430.jpg 768w, https:\/\/www.gossip.it\/wp-content\/uploads\/2026\/04\/corti_su_atzei_2-750x420.jpg 750w, https:\/\/www.gossip.it\/wp-content\/uploads\/2026\/04\/corti_su_atzei_2.jpg 1134w\" sizes=\"(max-width: 1024px) 100vw, 1024px\" \/><figcaption class=\"wp-element-caption\">Il 40enne e la cantante 39enne si sono detti addio lo scorso settembre, scegliendo per loro strade diverse<\/figcaption><\/figure>\n\n\n\n<p>Poi il volto del celebre programma di Italia 1 parla dei motivi della rottura: <em>\"Il tempo ha fatto venir fuori il carattere vero, <strong>non siamo stati in grado di adattarci ai caratteri dell'altro<\/strong>. Probabilmente non ho lavorato abbastanza, la felicit\u00e0 di coppia \u00e8 un lavoro costante\"<\/em>. E\u2019 rammaticato per il figlioletto: <em>\"Mi spiace tanto per l'idea che ho di famiglia, <strong>per Noa che oggi capisce la situazione, non \u00e8 facile<\/strong>\".<\/em><\/p>\n","protected":false},"excerpt":{"rendered":"<p>Il 40enne e la cantante 39enne si sono detti addio...<\/p>\n","protected":false},"author":24,"featured_media":213424,"comment_status":"open","ping_status":"closed","sticky":false,"template":"","format":"standard","meta":{"footnotes":""},"categories":[54],"tags":[64015,87275,2697,2793,64017,64016,87276,69862,2097,2208],"vip":[63919,63920],"class_list":["post-213421","post","type-post","status-publish","format-standard","has-post-thumbnail","hentry","category-news","tag-biancaatzei","tag-biancaatzeiex","tag-canale5","tag-gossip","tag-leiene","tag-stefanocorti","tag-stefanocortiex","tag-stefanocortifigli","tag-tv","tag-verissimo","vip-bianca-atzei","vip-stefano-corti"],"yoast_head":"<title>&#039;&#039;Il dispiacere rimane&#039;&#039;: l\u2019inviato de Le Iene Stefano Corti si apre sulla rottura con Bianca Atzei da cui ha avuto Noa - Gossip.it | News sul Gossip e VIP<\/title>\n<meta name=\"description\" content=\"&#039;&#039;Il dispiacere rimane&#039;&#039;: l\u2019inviato de Le Iene Stefano Corti si apre sulla rottura con Bianca Atzei da cui ha avuto Noa\" \/>\n<meta name=\"robots\" content=\"index, follow, max-snippet:-1, max-image-preview:large, max-video-preview:-1\" \/>\n<link rel=\"canonical\" href=\"https:\/\/www.gossip.it\/news\/stefano-corti-rottura-bianca-atzei\/\" \/>\n<meta property=\"og:locale\" content=\"it_IT\" \/>\n<meta property=\"og:type\" content=\"article\" \/>\n<meta property=\"og:title\" content=\"&#039;&#039;Il dispiacere rimane&#039;&#039;: l\u2019inviato de Le Iene Stefano Corti si apre sulla rottura con Bianca Atzei da cui ha avuto Noa - Gossip.it | News sul Gossip e VIP\" \/>\n<meta property=\"og:description\" content=\"&#039;&#039;Il dispiacere rimane&#039;&#039;: l\u2019inviato de Le Iene Stefano Corti si apre sulla rottura con Bianca Atzei da cui ha avuto Noa\" \/>\n<meta property=\"og:url\" content=\"https:\/\/www.gossip.it\/news\/stefano-corti-rottura-bianca-atzei\/\" \/>\n<meta property=\"og:site_name\" content=\"Gossip.it | News sul Gossip e VIP\" \/>\n<meta property=\"article:publisher\" content=\"https:\/\/www.facebook.com\/GossipIT\" \/>\n<meta property=\"article:published_time\" content=\"2026-04-13T10:02:00+00:00\" \/>\n<meta property=\"article:modified_time\" content=\"2026-04-13T12:26:57+00:00\" \/>\n<meta property=\"og:image\" content=\"https:\/\/www.gossip.it\/wp-content\/uploads\/2026\/04\/lancio-CORTI-FB.jpg\" \/>\n\t<meta property=\"og:image:width\" content=\"1200\" \/>\n\t<meta property=\"og:image:height\" content=\"700\" \/>\n\t<meta property=\"og:image:type\" content=\"image\/jpeg\" \/>\n<meta name=\"author\" content=\"Carla Giuni\" \/>\n<meta name=\"twitter:card\" content=\"summary_large_image\" \/>\n<meta name=\"twitter:creator\" content=\"@gossinews_it\" \/>\n<meta name=\"twitter:site\" content=\"@gossinews_it\" \/>\n<meta name=\"twitter:label1\" content=\"Scritto da\" \/>\n\t<meta name=\"twitter:data1\" content=\"Carla Giuni\" \/>\n\t<meta name=\"twitter:label2\" content=\"Tempo di lettura stimato\" \/>\n\t<meta name=\"twitter:data2\" content=\"3 minuti\" \/>","yoast_head_json":{"title":"''Il dispiacere rimane'': l\u2019inviato de Le Iene Stefano Corti si apre sulla rottura con Bianca Atzei da cui ha avuto Noa - Gossip.it | News sul Gossip e VIP","description":"''Il dispiacere rimane'': l\u2019inviato de Le Iene Stefano Corti si apre sulla rottura con Bianca Atzei da cui ha avuto Noa","robots":{"index":"index","follow":"follow","max-snippet":"max-snippet:-1","max-image-preview":"max-image-preview:large","max-video-preview":"max-video-preview:-1"},"canonical":"https:\/\/www.gossip.it\/news\/stefano-corti-rottura-bianca-atzei\/","og_locale":"it_IT","og_type":"article","og_title":"''Il dispiacere rimane'': l\u2019inviato de Le Iene Stefano Corti si apre sulla rottura con Bianca Atzei da cui ha avuto Noa - Gossip.it | News sul Gossip e VIP","og_description":"''Il dispiacere rimane'': l\u2019inviato de Le Iene Stefano Corti si apre sulla rottura con Bianca Atzei da cui ha avuto Noa","og_url":"https:\/\/www.gossip.it\/news\/stefano-corti-rottura-bianca-atzei\/","og_site_name":"Gossip.it | News sul Gossip e VIP","article_publisher":"https:\/\/www.facebook.com\/GossipIT","article_published_time":"2026-04-13T10:02:00+00:00","article_modified_time":"2026-04-13T12:26:57+00:00","og_image":[{"width":1200,"height":700,"url":"https:\/\/www.gossip.it\/wp-content\/uploads\/2026\/04\/lancio-CORTI-FB.jpg","type":"image\/jpeg"}],"author":"Carla Giuni","twitter_card":"summary_large_image","twitter_creator":"@gossinews_it","twitter_site":"@gossinews_it","twitter_misc":{"Scritto da":"Carla Giuni","Tempo di lettura stimato":"3 minuti"},"schema":{"@context":"https:\/\/schema.org","@graph":[{"@type":"Article","@id":"https:\/\/www.gossip.it\/news\/stefano-corti-rottura-bianca-atzei\/#article","isPartOf":{"@id":"https:\/\/www.gossip.it\/news\/stefano-corti-rottura-bianca-atzei\/"},"author":{"name":"Carla Giuni","@id":"https:\/\/www.gossip.it\/#\/schema\/person\/df4a88c190f338e21427b6f342595faa"},"headline":"''Il dispiacere rimane'': l\u2019inviato de Le Iene Stefano Corti si apre sulla rottura con Bianca Atzei da cui ha avuto Noa","datePublished":"2026-04-13T10:02:00+00:00","dateModified":"2026-04-13T12:26:57+00:00","mainEntityOfPage":{"@id":"https:\/\/www.gossip.it\/news\/stefano-corti-rottura-bianca-atzei\/"},"wordCount":330,"commentCount":0,"publisher":{"@id":"https:\/\/www.gossip.it\/#organization"},"image":{"@id":"https:\/\/www.gossip.it\/news\/stefano-corti-rottura-bianca-atzei\/#primaryimage"},"thumbnailUrl":"https:\/\/www.gossip.it\/wp-content\/uploads\/2026\/04\/lancio-CORTI.jpg","keywords":["biancaatzei","biancaatzeiex","canale5","gossip","leiene","stefanocorti","stefanocortiex","stefanocortifigli","tv","verissimo"],"articleSection":["News"],"inLanguage":"it-IT","potentialAction":[{"@type":"CommentAction","name":"Comment","target":["https:\/\/www.gossip.it\/news\/stefano-corti-rottura-bianca-atzei\/#respond"]}]},{"@type":"WebPage","@id":"https:\/\/www.gossip.it\/news\/stefano-corti-rottura-bianca-atzei\/","url":"https:\/\/www.gossip.it\/news\/stefano-corti-rottura-bianca-atzei\/","name":"''Il dispiacere rimane'': l\u2019inviato de Le Iene Stefano Corti si apre sulla rottura con Bianca Atzei da cui ha avuto Noa - Gossip.it | News sul Gossip e VIP","isPartOf":{"@id":"https:\/\/www.gossip.it\/#website"},"primaryImageOfPage":{"@id":"https:\/\/www.gossip.it\/news\/stefano-corti-rottura-bianca-atzei\/#primaryimage"},"image":{"@id":"https:\/\/www.gossip.it\/news\/stefano-corti-rottura-bianca-atzei\/#primaryimage"},"thumbnailUrl":"https:\/\/www.gossip.it\/wp-content\/uploads\/2026\/04\/lancio-CORTI.jpg","datePublished":"2026-04-13T10:02:00+00:00","dateModified":"2026-04-13T12:26:57+00:00","description":"''Il dispiacere rimane'': l\u2019inviato de Le Iene Stefano Corti si apre sulla rottura con Bianca Atzei da cui ha avuto Noa","breadcrumb":{"@id":"https:\/\/www.gossip.it\/news\/stefano-corti-rottura-bianca-atzei\/#breadcrumb"},"inLanguage":"it-IT","potentialAction":[{"@type":"ReadAction","target":["https:\/\/www.gossip.it\/news\/stefano-corti-rottura-bianca-atzei\/"]}]},{"@type":"ImageObject","inLanguage":"it-IT","@id":"https:\/\/www.gossip.it\/news\/stefano-corti-rottura-bianca-atzei\/#primaryimage","url":"https:\/\/www.gossip.it\/wp-content\/uploads\/2026\/04\/lancio-CORTI.jpg","contentUrl":"https:\/\/www.gossip.it\/wp-content\/uploads\/2026\/04\/lancio-CORTI.jpg","width":1200,"height":855},{"@type":"BreadcrumbList","@id":"https:\/\/www.gossip.it\/news\/stefano-corti-rottura-bianca-atzei\/#breadcrumb","itemListElement":[{"@type":"ListItem","position":1,"name":"Home","item":"https:\/\/www.gossip.it\/"},{"@type":"ListItem","position":2,"name":"''Il dispiacere rimane'': l\u2019inviato de Le Iene Stefano Corti si apre sulla rottura con Bianca Atzei da cui ha avuto Noa"}]},{"@type":"WebSite","@id":"https:\/\/www.gossip.it\/#website","url":"https:\/\/www.gossip.it\/","name":"Gossip and VIP News","description":"Quotidiano di cronaca rosa, costume e societ\u00e0","publisher":{"@id":"https:\/\/www.gossip.it\/#organization"},"alternateName":"Gossip and VIP News","potentialAction":[{"@type":"SearchAction","target":{"@type":"EntryPoint","urlTemplate":"https:\/\/www.gossip.it\/?s={search_term_string}"},"query-input":{"@type":"PropertyValueSpecification","valueRequired":true,"valueName":"search_term_string"}}],"inLanguage":"it-IT"},{"@type":"Organization","@id":"https:\/\/www.gossip.it\/#organization","name":"Gossip and VIP News","alternateName":"Gossip News","url":"https:\/\/www.gossip.it\/","logo":{"@type":"ImageObject","inLanguage":"it-IT","@id":"https:\/\/www.gossip.it\/#\/schema\/logo\/image\/","url":"https:\/\/www.gossip.it\/wp-content\/uploads\/2022\/04\/cropped-corna-alta-tiny.png","contentUrl":"https:\/\/www.gossip.it\/wp-content\/uploads\/2022\/04\/cropped-corna-alta-tiny.png","width":512,"height":512,"caption":"Gossip and VIP News"},"image":{"@id":"https:\/\/www.gossip.it\/#\/schema\/logo\/image\/"},"sameAs":["https:\/\/www.facebook.com\/GossipIT","https:\/\/x.com\/gossinews_it","https:\/\/instagram.com\/gossip_it"]},{"@type":"Person","@id":"https:\/\/www.gossip.it\/#\/schema\/person\/df4a88c190f338e21427b6f342595faa","name":"Carla Giuni","image":{"@type":"ImageObject","inLanguage":"it-IT","@id":"https:\/\/www.gossip.it\/#\/schema\/person\/image\/","url":"https:\/\/secure.gravatar.com\/avatar\/9caf92f895c8e9a7cca263cd6e3860da8edad54c0a92046a7e363cbd3fa35c36?s=96&d=mm&r=g","contentUrl":"https:\/\/secure.gravatar.com\/avatar\/9caf92f895c8e9a7cca263cd6e3860da8edad54c0a92046a7e363cbd3fa35c36?s=96&d=mm&r=g","caption":"Carla Giuni"}}]}},"amp_enabled":true,"_links":{"self":[{"href":"https:\/\/www.gossip.it\/api\/wp\/v2\/posts\/213421","targetHints":{"allow":["GET"]}}],"collection":[{"href":"https:\/\/www.gossip.it\/api\/wp\/v2\/posts"}],"about":[{"href":"https:\/\/www.gossip.it\/api\/wp\/v2\/types\/post"}],"author":[{"embeddable":true,"href":"https:\/\/www.gossip.it\/api\/wp\/v2\/users\/24"}],"replies":[{"embeddable":true,"href":"https:\/\/www.gossip.it\/api\/wp\/v2\/comments?post=213421"}],"version-history":[{"count":1,"href":"https:\/\/www.gossip.it\/api\/wp\/v2\/posts\/213421\/revisions"}],"predecessor-version":[{"id":213426,"href":"https:\/\/www.gossip.it\/api\/wp\/v2\/posts\/213421\/revisions\/213426"}],"wp:featuredmedia":[{"embeddable":true,"href":"https:\/\/www.gossip.it\/api\/wp\/v2\/media\/213424"}],"wp:attachment":[{"href":"https:\/\/www.gossip.it\/api\/wp\/v2\/media?parent=213421"}],"wp:term":[{"taxonomy":"category","embeddable":true,"href":"https:\/\/www.gossip.it\/api\/wp\/v2\/categories?post=213421"},{"taxonomy":"post_tag","embeddable":true,"href":"https:\/\/www.gossip.it\/api\/wp\/v2\/tags?post=213421"},{"taxonomy":"vip","embeddable":true,"href":"https:\/\/www.gossip.it\/api\/wp\/v2\/vip?post=213421"}],"curies":[{"name":"wp","href":"https:\/\/api.w.org\/{rel}","templated":true}]}}