{"id":213786,"date":"2026-04-20T13:43:25","date_gmt":"2026-04-20T11:43:25","guid":{"rendered":"https:\/\/www.gossip.it\/?p=213786"},"modified":"2026-04-21T11:52:53","modified_gmt":"2026-04-21T09:52:53","slug":"fedez-giulia-honegger-monte-carlo-pancione","status":"publish","type":"post","link":"https:\/\/www.gossip.it\/news\/fedez-giulia-honegger-monte-carlo-pancione\/","title":{"rendered":"Fedez e Giulia Honegger a passeggio a Monte Carlo: la stilista col look estivo mostra il pancione, guarda"},"content":{"rendered":"\n<ul class=\"wp-block-list\">\n<li>Il rapper e la fidanzata si godono il sole nel Principato: lei \u00e8 splendida con le forme da mamma<\/li>\n\n\n\n<li>Per Lucia sar\u00e0 il terzo figlio, dopo Leone e Vittoria, 8 e 5 anni, per la ragazza classe 2002 invece \u00e8 il primo beb\u00e8<\/li>\n<\/ul>\n\n\n\n<p>Si godono il weekend con temperature elevate. Lo fanno nel principato di Monaco. <strong><a href=\"http:\/\/www.gossip.it\/vip\/fedez\">Fedez<\/a> e <a href=\"http:\/\/www.gossip.it\/vip\/honegger\">Giulia Honegger<\/a> nelle Storie si fanno vedere a passeggio a Monte Carlo<\/strong>. La giovane stilista col look estivo <strong>mostra il pancione<\/strong>, che cresce ogni giorno di pi\u00f9.<\/p>\n\n\n\n<figure class=\"wp-block-image size-large is-resized\"><img decoding=\"async\" width=\"590\" height=\"1024\" src=\"https:\/\/www.gossip.it\/wp-content\/uploads\/2026\/04\/fedez_giulia_pancino_1-590x1024.jpg\" alt=\"\" class=\"wp-image-213787\" style=\"width:768px;height:auto\" srcset=\"https:\/\/www.gossip.it\/wp-content\/uploads\/2026\/04\/fedez_giulia_pancino_1-590x1024.jpg 590w, https:\/\/www.gossip.it\/wp-content\/uploads\/2026\/04\/fedez_giulia_pancino_1-173x300.jpg 173w, https:\/\/www.gossip.it\/wp-content\/uploads\/2026\/04\/fedez_giulia_pancino_1-768x1334.jpg 768w, https:\/\/www.gossip.it\/wp-content\/uploads\/2026\/04\/fedez_giulia_pancino_1-885x1536.jpg 885w, https:\/\/www.gossip.it\/wp-content\/uploads\/2026\/04\/fedez_giulia_pancino_1-750x1302.jpg 750w, https:\/\/www.gossip.it\/wp-content\/uploads\/2026\/04\/fedez_giulia_pancino_1.jpg 1134w\" sizes=\"(max-width: 590px) 100vw, 590px\" \/><figcaption class=\"wp-element-caption\">Fedez e Giulia Honegger a passeggio a Monte Carlo: la stilista col look estivo mostra il pancione<\/figcaption><\/figure>\n\n\n\n<p>Nella clip condivisa dal rapper, Giulia porta una canottiera nera sopra i jeans, il capo le lascia scoperto in ventre. La coppia sorridente, cammina, poi si regala una coccola. Sono raggianti e innamorati. La ragazza, classe 2002, in una foto sempre postata da Lucia nelle sue Storie, porta una t-shirt chiara corta e sotto pantaloni in denim marroni. Anche in questo caso <strong>le forme da mamma sono in primo piano<\/strong>.<\/p>\n\n\n\n<figure class=\"wp-block-image size-large is-resized\"><img decoding=\"async\" width=\"568\" height=\"1024\" src=\"https:\/\/www.gossip.it\/wp-content\/uploads\/2026\/04\/fedez_giulia_pancino_2-568x1024.jpg\" alt=\"\" class=\"wp-image-213788\" style=\"width:768px;height:auto\" srcset=\"https:\/\/www.gossip.it\/wp-content\/uploads\/2026\/04\/fedez_giulia_pancino_2-568x1024.jpg 568w, https:\/\/www.gossip.it\/wp-content\/uploads\/2026\/04\/fedez_giulia_pancino_2-166x300.jpg 166w, https:\/\/www.gossip.it\/wp-content\/uploads\/2026\/04\/fedez_giulia_pancino_2-768x1386.jpg 768w, https:\/\/www.gossip.it\/wp-content\/uploads\/2026\/04\/fedez_giulia_pancino_2-851x1536.jpg 851w, https:\/\/www.gossip.it\/wp-content\/uploads\/2026\/04\/fedez_giulia_pancino_2-750x1353.jpg 750w, https:\/\/www.gossip.it\/wp-content\/uploads\/2026\/04\/fedez_giulia_pancino_2.jpg 1134w\" sizes=\"(max-width: 568px) 100vw, 568px\" \/><figcaption class=\"wp-element-caption\">Il rapper e la fidanzata si godono il sole nel Principato: lei \u00e8 splendida con le forme da mamma<\/figcaption><\/figure>\n\n\n\n<p>Federico da quando Giulia \u00e8 entrata nella sua vita, sembra aver cambiato registro, ritrovando grande stabilit\u00e0. Secondo indiscrezioni riportate dal settimanale <em>Oggi<\/em>, agli amici avrebbe confessato che lei \u00e8 <em>\u201c<strong>la donna della sua vita<\/strong>\u201d<\/em>. <\/p>\n\n\n\n<figure class=\"wp-block-image size-large is-resized\"><img decoding=\"async\" width=\"606\" height=\"1024\" src=\"https:\/\/www.gossip.it\/wp-content\/uploads\/2026\/04\/fedez_giulia_pancino_3-606x1024.jpg\" alt=\"\" class=\"wp-image-213789\" style=\"width:768px;height:auto\" srcset=\"https:\/\/www.gossip.it\/wp-content\/uploads\/2026\/04\/fedez_giulia_pancino_3-606x1024.jpg 606w, https:\/\/www.gossip.it\/wp-content\/uploads\/2026\/04\/fedez_giulia_pancino_3-178x300.jpg 178w, https:\/\/www.gossip.it\/wp-content\/uploads\/2026\/04\/fedez_giulia_pancino_3-768x1298.jpg 768w, https:\/\/www.gossip.it\/wp-content\/uploads\/2026\/04\/fedez_giulia_pancino_3-909x1536.jpg 909w, https:\/\/www.gossip.it\/wp-content\/uploads\/2026\/04\/fedez_giulia_pancino_3-750x1267.jpg 750w, https:\/\/www.gossip.it\/wp-content\/uploads\/2026\/04\/fedez_giulia_pancino_3.jpg 1134w\" sizes=\"(max-width: 606px) 100vw, 606px\" \/><figcaption class=\"wp-element-caption\">Per Lucia sar\u00e0 il terzo figlio, dopo Leone e Vittoria, 8 e 5 anni, per la ragazza classe 2002 invece \u00e8 il primo beb\u00e8<\/figcaption><\/figure>\n\n\n\n<p>Gi\u00e0 pap\u00e0 di Leone e Vittoria, 8 e 5 anni, avuti dall\u2019ex moglie <a href=\"http:\/\/www.gossip.it\/vip\/chiara-ferragni\">Chiara Ferragni<\/a>, con cui avrebbe appianato tutti i contrasti relativi al divorzio, adesso Fedez sente di essere maturato. Si dice che la Honegger porti in grembo un <strong>maschietto<\/strong>, che lui non vede l\u2019ora di abbracciare e presentare ai piccoli, che sanno della cicogna in volo.<\/p>\n","protected":false},"excerpt":{"rendered":"<p>Il rapper e la fidanzata si godono il sole nel Principato...<\/p>\n","protected":false},"author":24,"featured_media":213790,"comment_status":"open","ping_status":"closed","sticky":false,"template":"","format":"standard","meta":{"footnotes":""},"categories":[54],"tags":[63613,6035,88671,84167,88678,88670,89072,2793,9360],"vip":[63414,84073],"class_list":["post-213786","post","type-post","status-publish","format-standard","has-post-thumbnail","hentry","category-news","tag-federicolucia","tag-fedez","tag-fedezpapa","tag-giuliahonegger","tag-giuliahoneggergravidanza","tag-giuliahoneggerincinta","tag-giuliahoneggerpancione","tag-gossip","tag-montecarlo","vip-fedez","vip-giulia-honegger"],"yoast_head":"<title>Fedez e Giulia Honegger a passeggio a Monte Carlo: la stilista col look estivo mostra il pancione, guarda - Gossip.it | News sul Gossip e VIP<\/title>\n<meta name=\"description\" content=\"Fedez e Giulia Honegger a passeggio a Monte Carlo: la stilista col look estivo mostra il pancione, guardali insieme\" \/>\n<meta name=\"robots\" content=\"index, follow, max-snippet:-1, max-image-preview:large, max-video-preview:-1\" \/>\n<link rel=\"canonical\" href=\"https:\/\/www.gossip.it\/news\/fedez-giulia-honegger-monte-carlo-pancione\/\" \/>\n<meta property=\"og:locale\" content=\"it_IT\" \/>\n<meta property=\"og:type\" content=\"article\" \/>\n<meta property=\"og:title\" content=\"Fedez e Giulia Honegger a passeggio a Monte Carlo: la stilista col look estivo mostra il pancione, guarda - Gossip.it | News sul Gossip e VIP\" \/>\n<meta property=\"og:description\" content=\"Fedez e Giulia Honegger a passeggio a Monte Carlo: la stilista col look estivo mostra il pancione, guardali insieme\" \/>\n<meta property=\"og:url\" content=\"https:\/\/www.gossip.it\/news\/fedez-giulia-honegger-monte-carlo-pancione\/\" \/>\n<meta property=\"og:site_name\" content=\"Gossip.it | News sul Gossip e VIP\" \/>\n<meta property=\"article:publisher\" content=\"https:\/\/www.facebook.com\/GossipIT\" \/>\n<meta property=\"article:published_time\" content=\"2026-04-20T11:43:25+00:00\" \/>\n<meta property=\"article:modified_time\" content=\"2026-04-21T09:52:53+00:00\" \/>\n<meta property=\"og:image\" content=\"https:\/\/www.gossip.it\/wp-content\/uploads\/2026\/04\/lancio-FEDEZ-FB.jpg\" \/>\n\t<meta property=\"og:image:width\" content=\"1200\" \/>\n\t<meta property=\"og:image:height\" content=\"699\" \/>\n\t<meta property=\"og:image:type\" content=\"image\/jpeg\" \/>\n<meta name=\"author\" content=\"Carla Giuni\" \/>\n<meta name=\"twitter:card\" content=\"summary_large_image\" \/>\n<meta name=\"twitter:creator\" content=\"@gossinews_it\" \/>\n<meta name=\"twitter:site\" content=\"@gossinews_it\" \/>\n<meta name=\"twitter:label1\" content=\"Scritto da\" \/>\n\t<meta name=\"twitter:data1\" content=\"Carla Giuni\" \/>\n\t<meta name=\"twitter:label2\" content=\"Tempo di lettura stimato\" \/>\n\t<meta name=\"twitter:data2\" content=\"3 minuti\" \/>","yoast_head_json":{"title":"Fedez e Giulia Honegger a passeggio a Monte Carlo: la stilista col look estivo mostra il pancione, guarda - Gossip.it | News sul Gossip e VIP","description":"Fedez e Giulia Honegger a passeggio a Monte Carlo: la stilista col look estivo mostra il pancione, guardali insieme","robots":{"index":"index","follow":"follow","max-snippet":"max-snippet:-1","max-image-preview":"max-image-preview:large","max-video-preview":"max-video-preview:-1"},"canonical":"https:\/\/www.gossip.it\/news\/fedez-giulia-honegger-monte-carlo-pancione\/","og_locale":"it_IT","og_type":"article","og_title":"Fedez e Giulia Honegger a passeggio a Monte Carlo: la stilista col look estivo mostra il pancione, guarda - Gossip.it | News sul Gossip e VIP","og_description":"Fedez e Giulia Honegger a passeggio a Monte Carlo: la stilista col look estivo mostra il pancione, guardali insieme","og_url":"https:\/\/www.gossip.it\/news\/fedez-giulia-honegger-monte-carlo-pancione\/","og_site_name":"Gossip.it | News sul Gossip e VIP","article_publisher":"https:\/\/www.facebook.com\/GossipIT","article_published_time":"2026-04-20T11:43:25+00:00","article_modified_time":"2026-04-21T09:52:53+00:00","og_image":[{"width":1200,"height":699,"url":"https:\/\/www.gossip.it\/wp-content\/uploads\/2026\/04\/lancio-FEDEZ-FB.jpg","type":"image\/jpeg"}],"author":"Carla Giuni","twitter_card":"summary_large_image","twitter_creator":"@gossinews_it","twitter_site":"@gossinews_it","twitter_misc":{"Scritto da":"Carla Giuni","Tempo di lettura stimato":"3 minuti"},"schema":{"@context":"https:\/\/schema.org","@graph":[{"@type":"Article","@id":"https:\/\/www.gossip.it\/news\/fedez-giulia-honegger-monte-carlo-pancione\/#article","isPartOf":{"@id":"https:\/\/www.gossip.it\/news\/fedez-giulia-honegger-monte-carlo-pancione\/"},"author":{"name":"Carla Giuni","@id":"https:\/\/www.gossip.it\/#\/schema\/person\/df4a88c190f338e21427b6f342595faa"},"headline":"Fedez e Giulia Honegger a passeggio a Monte Carlo: la stilista col look estivo mostra il pancione, guarda","datePublished":"2026-04-20T11:43:25+00:00","dateModified":"2026-04-21T09:52:53+00:00","mainEntityOfPage":{"@id":"https:\/\/www.gossip.it\/news\/fedez-giulia-honegger-monte-carlo-pancione\/"},"wordCount":312,"commentCount":0,"publisher":{"@id":"https:\/\/www.gossip.it\/#organization"},"image":{"@id":"https:\/\/www.gossip.it\/news\/fedez-giulia-honegger-monte-carlo-pancione\/#primaryimage"},"thumbnailUrl":"https:\/\/www.gossip.it\/wp-content\/uploads\/2026\/04\/lancio-FEDEZ-1.jpg","keywords":["federicolucia","fedez","fedezpapa","giuliahonegger","giuliahoneggergravidanza","giuliahoneggerincinta","giuliahoneggerpancione","gossip","montecarlo"],"articleSection":["News"],"inLanguage":"it-IT","potentialAction":[{"@type":"CommentAction","name":"Comment","target":["https:\/\/www.gossip.it\/news\/fedez-giulia-honegger-monte-carlo-pancione\/#respond"]}]},{"@type":"WebPage","@id":"https:\/\/www.gossip.it\/news\/fedez-giulia-honegger-monte-carlo-pancione\/","url":"https:\/\/www.gossip.it\/news\/fedez-giulia-honegger-monte-carlo-pancione\/","name":"Fedez e Giulia Honegger a passeggio a Monte Carlo: la stilista col look estivo mostra il pancione, guarda - Gossip.it | News sul Gossip e VIP","isPartOf":{"@id":"https:\/\/www.gossip.it\/#website"},"primaryImageOfPage":{"@id":"https:\/\/www.gossip.it\/news\/fedez-giulia-honegger-monte-carlo-pancione\/#primaryimage"},"image":{"@id":"https:\/\/www.gossip.it\/news\/fedez-giulia-honegger-monte-carlo-pancione\/#primaryimage"},"thumbnailUrl":"https:\/\/www.gossip.it\/wp-content\/uploads\/2026\/04\/lancio-FEDEZ-1.jpg","datePublished":"2026-04-20T11:43:25+00:00","dateModified":"2026-04-21T09:52:53+00:00","description":"Fedez e Giulia Honegger a passeggio a Monte Carlo: la stilista col look estivo mostra il pancione, guardali insieme","breadcrumb":{"@id":"https:\/\/www.gossip.it\/news\/fedez-giulia-honegger-monte-carlo-pancione\/#breadcrumb"},"inLanguage":"it-IT","potentialAction":[{"@type":"ReadAction","target":["https:\/\/www.gossip.it\/news\/fedez-giulia-honegger-monte-carlo-pancione\/"]}]},{"@type":"ImageObject","inLanguage":"it-IT","@id":"https:\/\/www.gossip.it\/news\/fedez-giulia-honegger-monte-carlo-pancione\/#primaryimage","url":"https:\/\/www.gossip.it\/wp-content\/uploads\/2026\/04\/lancio-FEDEZ-1.jpg","contentUrl":"https:\/\/www.gossip.it\/wp-content\/uploads\/2026\/04\/lancio-FEDEZ-1.jpg","width":1200,"height":855},{"@type":"BreadcrumbList","@id":"https:\/\/www.gossip.it\/news\/fedez-giulia-honegger-monte-carlo-pancione\/#breadcrumb","itemListElement":[{"@type":"ListItem","position":1,"name":"Home","item":"https:\/\/www.gossip.it\/"},{"@type":"ListItem","position":2,"name":"Fedez e Giulia Honegger a passeggio a Monte Carlo: la stilista col look estivo mostra il pancione, guarda"}]},{"@type":"WebSite","@id":"https:\/\/www.gossip.it\/#website","url":"https:\/\/www.gossip.it\/","name":"Gossip and VIP News","description":"Quotidiano di cronaca rosa, costume e societ\u00e0","publisher":{"@id":"https:\/\/www.gossip.it\/#organization"},"alternateName":"Gossip and VIP News","potentialAction":[{"@type":"SearchAction","target":{"@type":"EntryPoint","urlTemplate":"https:\/\/www.gossip.it\/?s={search_term_string}"},"query-input":{"@type":"PropertyValueSpecification","valueRequired":true,"valueName":"search_term_string"}}],"inLanguage":"it-IT"},{"@type":"Organization","@id":"https:\/\/www.gossip.it\/#organization","name":"Gossip and VIP News","alternateName":"Gossip News","url":"https:\/\/www.gossip.it\/","logo":{"@type":"ImageObject","inLanguage":"it-IT","@id":"https:\/\/www.gossip.it\/#\/schema\/logo\/image\/","url":"https:\/\/www.gossip.it\/wp-content\/uploads\/2022\/04\/cropped-corna-alta-tiny.png","contentUrl":"https:\/\/www.gossip.it\/wp-content\/uploads\/2022\/04\/cropped-corna-alta-tiny.png","width":512,"height":512,"caption":"Gossip and VIP News"},"image":{"@id":"https:\/\/www.gossip.it\/#\/schema\/logo\/image\/"},"sameAs":["https:\/\/www.facebook.com\/GossipIT","https:\/\/x.com\/gossinews_it","https:\/\/instagram.com\/gossip_it"]},{"@type":"Person","@id":"https:\/\/www.gossip.it\/#\/schema\/person\/df4a88c190f338e21427b6f342595faa","name":"Carla Giuni","image":{"@type":"ImageObject","inLanguage":"it-IT","@id":"https:\/\/www.gossip.it\/#\/schema\/person\/image\/","url":"https:\/\/secure.gravatar.com\/avatar\/9caf92f895c8e9a7cca263cd6e3860da8edad54c0a92046a7e363cbd3fa35c36?s=96&d=mm&r=g","contentUrl":"https:\/\/secure.gravatar.com\/avatar\/9caf92f895c8e9a7cca263cd6e3860da8edad54c0a92046a7e363cbd3fa35c36?s=96&d=mm&r=g","caption":"Carla Giuni"}}]}},"amp_enabled":true,"_links":{"self":[{"href":"https:\/\/www.gossip.it\/api\/wp\/v2\/posts\/213786","targetHints":{"allow":["GET"]}}],"collection":[{"href":"https:\/\/www.gossip.it\/api\/wp\/v2\/posts"}],"about":[{"href":"https:\/\/www.gossip.it\/api\/wp\/v2\/types\/post"}],"author":[{"embeddable":true,"href":"https:\/\/www.gossip.it\/api\/wp\/v2\/users\/24"}],"replies":[{"embeddable":true,"href":"https:\/\/www.gossip.it\/api\/wp\/v2\/comments?post=213786"}],"version-history":[{"count":1,"href":"https:\/\/www.gossip.it\/api\/wp\/v2\/posts\/213786\/revisions"}],"predecessor-version":[{"id":213792,"href":"https:\/\/www.gossip.it\/api\/wp\/v2\/posts\/213786\/revisions\/213792"}],"wp:featuredmedia":[{"embeddable":true,"href":"https:\/\/www.gossip.it\/api\/wp\/v2\/media\/213790"}],"wp:attachment":[{"href":"https:\/\/www.gossip.it\/api\/wp\/v2\/media?parent=213786"}],"wp:term":[{"taxonomy":"category","embeddable":true,"href":"https:\/\/www.gossip.it\/api\/wp\/v2\/categories?post=213786"},{"taxonomy":"post_tag","embeddable":true,"href":"https:\/\/www.gossip.it\/api\/wp\/v2\/tags?post=213786"},{"taxonomy":"vip","embeddable":true,"href":"https:\/\/www.gossip.it\/api\/wp\/v2\/vip?post=213786"}],"curies":[{"name":"wp","href":"https:\/\/api.w.org\/{rel}","templated":true}]}}