{"id":214069,"date":"2026-04-24T14:17:40","date_gmt":"2026-04-24T12:17:40","guid":{"rendered":"https:\/\/www.gossip.it\/?p=214069"},"modified":"2026-04-24T14:17:41","modified_gmt":"2026-04-24T12:17:41","slug":"andrea-delogu-conferma-tv-relazione-alessandro-marziali","status":"publish","type":"post","link":"https:\/\/www.gossip.it\/news\/andrea-delogu-conferma-tv-relazione-alessandro-marziali\/","title":{"rendered":"''E\u2019 una persona che mi fa stare molto bene'': Andrea Delogu conferma per la prima volta in tv la relazione col 28enne Alessandro Marziali"},"content":{"rendered":"\n<ul class=\"wp-block-list\">\n<li>La conduttrice confessa ad Antonella Clerici, ospite di <em>E\u2019 sempre Mezzogiorno<\/em>, di essere innamorata<\/li>\n\n\n\n<li>Anche questa volta, come era accaduto con l\u2019ex Luigi Bruno, sceglie un uomo pi\u00f9 giovane di 15 anni<\/li>\n<\/ul>\n\n\n\n<p><a href=\"http:\/\/www.gossip.it\/vip\/andrea-delogu\">Andrea Delogu<\/a> sorride raggiante e ammette: <em>\u201c<strong>E\u2019 una persona che mi fa stare molto bene<\/strong>\u201d<\/em>. <strong>Conferma per la prima volta in tv la relazione con il 28enne <a href=\"http:\/\/www.gossip.it\/vip\/alessandro-marziali\">Alessandro Marziali<\/a><\/strong>. La conduttrice confessa ad <a href=\"http:\/\/www.gossip.it\/vip\/antonella-clerici\">Antonella Clerici<\/a>, ospite di <em>E\u2019 sempre Mezzogiorno<\/em>, di essere innamorata. Anche questa volta, come era accaduto con l\u2019ex <a href=\"http:\/\/www.gossip.it\/vip\/luigi-bruno\">Luigi Bruno<\/a>, <strong>la 43enne sceglie un uomo pi\u00f9 giovane di 15 anni<\/strong>.<\/p>\n\n\n\n<figure class=\"wp-block-image size-large\"><img decoding=\"async\" width=\"1024\" height=\"576\" src=\"https:\/\/www.gossip.it\/wp-content\/uploads\/2026\/04\/delogu_innamorata_1-1024x576.jpg\" alt=\"\" class=\"wp-image-214071\" srcset=\"https:\/\/www.gossip.it\/wp-content\/uploads\/2026\/04\/delogu_innamorata_1-1024x576.jpg 1024w, https:\/\/www.gossip.it\/wp-content\/uploads\/2026\/04\/delogu_innamorata_1-300x169.jpg 300w, https:\/\/www.gossip.it\/wp-content\/uploads\/2026\/04\/delogu_innamorata_1-768x432.jpg 768w, https:\/\/www.gossip.it\/wp-content\/uploads\/2026\/04\/delogu_innamorata_1-750x422.jpg 750w, https:\/\/www.gossip.it\/wp-content\/uploads\/2026\/04\/delogu_innamorata_1-730x410.jpg 730w, https:\/\/www.gossip.it\/wp-content\/uploads\/2026\/04\/delogu_innamorata_1.jpg 1134w\" sizes=\"(max-width: 1024px) 100vw, 1024px\" \/><figcaption class=\"wp-element-caption\"><strong>''E\u2019 una persona che mi fa stare molto bene''<\/strong>: Andrea Delogu conferma per la prima volta in tv la relazione col 28enne Alessandro Marziali<\/figcaption><\/figure>\n\n\n\n<p>La 62enne, padrona di casa, accoglie Andrea con grande calore. <em>\u201cQuando mi chiedono se c\u2019\u00e8 una conduttrice giovane che pu\u00f2 essere la mia erede,&nbsp;io dico sempre Andrea Delogu. Scommetterei su di te perch\u00e9 sei particolare, bella, brava e soprattutto intelligente\u201d<\/em>, le sottolinea.<\/p>\n\n\n\n<p>La Clerici poco dopo diretta va sull\u2019amore. <em>\u201cHo comprato il giornale dove io ero in copertina\u2026&nbsp;sai che io non sono pettegola... <strong>voglio sapere se sei innamorata&nbsp;e se \u00e8 una persona che merita di stare con te<\/strong>\u201d<\/em>. Parla del settimanale <em>Chi<\/em> a cui lei ha rilasciato una lunga intervista. <a href=\"https:\/\/www.gossip.it\/news\/andrea-delogu-alessandro-marziali-roma-baci-da-film\/\">Tra le pagine del rotocalco c\u2019\u00e8 una paparazzata della Delogu con Alessandro<\/a>, che la bacia appassionatamente.<\/p>\n\n\n\n<figure class=\"wp-block-image size-large\"><img decoding=\"async\" width=\"1024\" height=\"576\" src=\"https:\/\/www.gossip.it\/wp-content\/uploads\/2026\/04\/delogu_innamorata_2-1024x576.jpg\" alt=\"\" class=\"wp-image-214072\" srcset=\"https:\/\/www.gossip.it\/wp-content\/uploads\/2026\/04\/delogu_innamorata_2-1024x576.jpg 1024w, https:\/\/www.gossip.it\/wp-content\/uploads\/2026\/04\/delogu_innamorata_2-300x169.jpg 300w, https:\/\/www.gossip.it\/wp-content\/uploads\/2026\/04\/delogu_innamorata_2-768x432.jpg 768w, https:\/\/www.gossip.it\/wp-content\/uploads\/2026\/04\/delogu_innamorata_2-750x422.jpg 750w, https:\/\/www.gossip.it\/wp-content\/uploads\/2026\/04\/delogu_innamorata_2-730x410.jpg 730w, https:\/\/www.gossip.it\/wp-content\/uploads\/2026\/04\/delogu_innamorata_2.jpg 1134w\" sizes=\"(max-width: 1024px) 100vw, 1024px\" \/><figcaption class=\"wp-element-caption\">La conduttrice confessa ad Antonella Clerici, ospite di <em>E\u2019 sempre Mezzogiorno<\/em>, di essere innamorata<\/figcaption><\/figure>\n\n\n\n<p><em>\u201c<strong>E\u2019 una persona che mi fa stare molto bene e pensa a me<\/strong>. S\u00ec,\u00a0posso dire che <strong>mi sono innamorata<\/strong>. Adesso c\u2019\u00e8 mia mamma che mi sgrida\u2026 vediamo che succede, nel frattempo mi godo il viaggio\u201d<\/em>, confida Andrea.<\/p>\n\n\n\n<p>Su Marziali non aggiunge altro. Di lui si sa che \u00e8 nato ad Ancona nel 1998. Attualmente dovrebbe ricoprire&nbsp;il ruolo di team leader in un\u2019azienda mondiale leader nel settore del recruitment. In passato, da quel che emerge indagando in rete, pare abbia lavorato nel Sales &amp; Marketing. sarebbe appassionato di information technology e start-up e ha un Master in Sport Management. Gli piace fare sport e viaggiare.<\/p>\n","protected":false},"excerpt":{"rendered":"<p>La conduttrice confessa ad Antonella Clerici...<\/p>\n","protected":false},"author":24,"featured_media":214073,"comment_status":"open","ping_status":"closed","sticky":false,"template":"","format":"standard","meta":{"footnotes":""},"categories":[54],"tags":[87304,63547,67358,89144,64469,64913,2793,3123,2097],"vip":[63433],"class_list":["post-214069","post","type-post","status-publish","format-standard","has-post-thumbnail","hentry","category-news","tag-alessandromarziali","tag-andreadelogu","tag-andreadelogufidanzato","tag-andreadeloguinnamorata","tag-antonellaclerici","tag-esempremezzogiorno","tag-gossip","tag-rai1","tag-tv","vip-andrea-delogu"],"yoast_head":"<title>&#039;&#039;E\u2019 una persona che mi fa stare molto bene&#039;&#039;: Andrea Delogu conferma per la prima volta in tv la relazione col 28enne Alessandro Marziali - Gossip.it | News sul Gossip e VIP<\/title>\n<meta name=\"description\" content=\"&#039;&#039;E\u2019 una persona che mi fa stare molto bene&#039;&#039;: Andrea Delogu conferma per la prima volta in tv la relazione col 28enne Alessandro Marziali\" \/>\n<meta name=\"robots\" content=\"index, follow, max-snippet:-1, max-image-preview:large, max-video-preview:-1\" \/>\n<link rel=\"canonical\" href=\"https:\/\/www.gossip.it\/news\/andrea-delogu-conferma-tv-relazione-alessandro-marziali\/\" \/>\n<meta property=\"og:locale\" content=\"it_IT\" \/>\n<meta property=\"og:type\" content=\"article\" \/>\n<meta property=\"og:title\" content=\"&#039;&#039;E\u2019 una persona che mi fa stare molto bene&#039;&#039;: Andrea Delogu conferma per la prima volta in tv la relazione col 28enne Alessandro Marziali - Gossip.it | News sul Gossip e VIP\" \/>\n<meta property=\"og:description\" content=\"&#039;&#039;E\u2019 una persona che mi fa stare molto bene&#039;&#039;: Andrea Delogu conferma per la prima volta in tv la relazione col 28enne Alessandro Marziali\" \/>\n<meta property=\"og:url\" content=\"https:\/\/www.gossip.it\/news\/andrea-delogu-conferma-tv-relazione-alessandro-marziali\/\" \/>\n<meta property=\"og:site_name\" content=\"Gossip.it | News sul Gossip e VIP\" \/>\n<meta property=\"article:publisher\" content=\"https:\/\/www.facebook.com\/GossipIT\" \/>\n<meta property=\"article:published_time\" content=\"2026-04-24T12:17:40+00:00\" \/>\n<meta property=\"article:modified_time\" content=\"2026-04-24T12:17:41+00:00\" \/>\n<meta property=\"og:image\" content=\"https:\/\/www.gossip.it\/wp-content\/uploads\/2026\/04\/lancio-DELOGU-FB-2.jpg\" \/>\n\t<meta property=\"og:image:width\" content=\"1200\" \/>\n\t<meta property=\"og:image:height\" content=\"700\" \/>\n\t<meta property=\"og:image:type\" content=\"image\/jpeg\" \/>\n<meta name=\"author\" content=\"Carla Giuni\" \/>\n<meta name=\"twitter:card\" content=\"summary_large_image\" \/>\n<meta name=\"twitter:creator\" content=\"@gossinews_it\" \/>\n<meta name=\"twitter:site\" content=\"@gossinews_it\" \/>\n<meta name=\"twitter:label1\" content=\"Scritto da\" \/>\n\t<meta name=\"twitter:data1\" content=\"Carla Giuni\" \/>\n\t<meta name=\"twitter:label2\" content=\"Tempo di lettura stimato\" \/>\n\t<meta name=\"twitter:data2\" content=\"3 minuti\" \/>","yoast_head_json":{"title":"''E\u2019 una persona che mi fa stare molto bene'': Andrea Delogu conferma per la prima volta in tv la relazione col 28enne Alessandro Marziali - Gossip.it | News sul Gossip e VIP","description":"''E\u2019 una persona che mi fa stare molto bene'': Andrea Delogu conferma per la prima volta in tv la relazione col 28enne Alessandro Marziali","robots":{"index":"index","follow":"follow","max-snippet":"max-snippet:-1","max-image-preview":"max-image-preview:large","max-video-preview":"max-video-preview:-1"},"canonical":"https:\/\/www.gossip.it\/news\/andrea-delogu-conferma-tv-relazione-alessandro-marziali\/","og_locale":"it_IT","og_type":"article","og_title":"''E\u2019 una persona che mi fa stare molto bene'': Andrea Delogu conferma per la prima volta in tv la relazione col 28enne Alessandro Marziali - Gossip.it | News sul Gossip e VIP","og_description":"''E\u2019 una persona che mi fa stare molto bene'': Andrea Delogu conferma per la prima volta in tv la relazione col 28enne Alessandro Marziali","og_url":"https:\/\/www.gossip.it\/news\/andrea-delogu-conferma-tv-relazione-alessandro-marziali\/","og_site_name":"Gossip.it | News sul Gossip e VIP","article_publisher":"https:\/\/www.facebook.com\/GossipIT","article_published_time":"2026-04-24T12:17:40+00:00","article_modified_time":"2026-04-24T12:17:41+00:00","og_image":[{"width":1200,"height":700,"url":"https:\/\/www.gossip.it\/wp-content\/uploads\/2026\/04\/lancio-DELOGU-FB-2.jpg","type":"image\/jpeg"}],"author":"Carla Giuni","twitter_card":"summary_large_image","twitter_creator":"@gossinews_it","twitter_site":"@gossinews_it","twitter_misc":{"Scritto da":"Carla Giuni","Tempo di lettura stimato":"3 minuti"},"schema":{"@context":"https:\/\/schema.org","@graph":[{"@type":"Article","@id":"https:\/\/www.gossip.it\/news\/andrea-delogu-conferma-tv-relazione-alessandro-marziali\/#article","isPartOf":{"@id":"https:\/\/www.gossip.it\/news\/andrea-delogu-conferma-tv-relazione-alessandro-marziali\/"},"author":{"name":"Carla Giuni","@id":"https:\/\/www.gossip.it\/#\/schema\/person\/df4a88c190f338e21427b6f342595faa"},"headline":"''E\u2019 una persona che mi fa stare molto bene'': Andrea Delogu conferma per la prima volta in tv la relazione col 28enne Alessandro Marziali","datePublished":"2026-04-24T12:17:40+00:00","dateModified":"2026-04-24T12:17:41+00:00","mainEntityOfPage":{"@id":"https:\/\/www.gossip.it\/news\/andrea-delogu-conferma-tv-relazione-alessandro-marziali\/"},"wordCount":375,"commentCount":0,"publisher":{"@id":"https:\/\/www.gossip.it\/#organization"},"image":{"@id":"https:\/\/www.gossip.it\/news\/andrea-delogu-conferma-tv-relazione-alessandro-marziali\/#primaryimage"},"thumbnailUrl":"https:\/\/www.gossip.it\/wp-content\/uploads\/2026\/04\/lancio-DELOGU-2.jpg","keywords":["alessandromarziali","andreadelogu","andreadelogufidanzato","andreadeloguinnamorata","antonellaclerici","esempremezzogiorno","gossip","rai1","tv"],"articleSection":["News"],"inLanguage":"it-IT","potentialAction":[{"@type":"CommentAction","name":"Comment","target":["https:\/\/www.gossip.it\/news\/andrea-delogu-conferma-tv-relazione-alessandro-marziali\/#respond"]}]},{"@type":"WebPage","@id":"https:\/\/www.gossip.it\/news\/andrea-delogu-conferma-tv-relazione-alessandro-marziali\/","url":"https:\/\/www.gossip.it\/news\/andrea-delogu-conferma-tv-relazione-alessandro-marziali\/","name":"''E\u2019 una persona che mi fa stare molto bene'': Andrea Delogu conferma per la prima volta in tv la relazione col 28enne Alessandro Marziali - Gossip.it | News sul Gossip e VIP","isPartOf":{"@id":"https:\/\/www.gossip.it\/#website"},"primaryImageOfPage":{"@id":"https:\/\/www.gossip.it\/news\/andrea-delogu-conferma-tv-relazione-alessandro-marziali\/#primaryimage"},"image":{"@id":"https:\/\/www.gossip.it\/news\/andrea-delogu-conferma-tv-relazione-alessandro-marziali\/#primaryimage"},"thumbnailUrl":"https:\/\/www.gossip.it\/wp-content\/uploads\/2026\/04\/lancio-DELOGU-2.jpg","datePublished":"2026-04-24T12:17:40+00:00","dateModified":"2026-04-24T12:17:41+00:00","description":"''E\u2019 una persona che mi fa stare molto bene'': Andrea Delogu conferma per la prima volta in tv la relazione col 28enne Alessandro Marziali","breadcrumb":{"@id":"https:\/\/www.gossip.it\/news\/andrea-delogu-conferma-tv-relazione-alessandro-marziali\/#breadcrumb"},"inLanguage":"it-IT","potentialAction":[{"@type":"ReadAction","target":["https:\/\/www.gossip.it\/news\/andrea-delogu-conferma-tv-relazione-alessandro-marziali\/"]}]},{"@type":"ImageObject","inLanguage":"it-IT","@id":"https:\/\/www.gossip.it\/news\/andrea-delogu-conferma-tv-relazione-alessandro-marziali\/#primaryimage","url":"https:\/\/www.gossip.it\/wp-content\/uploads\/2026\/04\/lancio-DELOGU-2.jpg","contentUrl":"https:\/\/www.gossip.it\/wp-content\/uploads\/2026\/04\/lancio-DELOGU-2.jpg","width":1200,"height":855},{"@type":"BreadcrumbList","@id":"https:\/\/www.gossip.it\/news\/andrea-delogu-conferma-tv-relazione-alessandro-marziali\/#breadcrumb","itemListElement":[{"@type":"ListItem","position":1,"name":"Home","item":"https:\/\/www.gossip.it\/"},{"@type":"ListItem","position":2,"name":"''E\u2019 una persona che mi fa stare molto bene'': Andrea Delogu conferma per la prima volta in tv la relazione col 28enne Alessandro Marziali"}]},{"@type":"WebSite","@id":"https:\/\/www.gossip.it\/#website","url":"https:\/\/www.gossip.it\/","name":"Gossip and VIP News","description":"Quotidiano di cronaca rosa, costume e societ\u00e0","publisher":{"@id":"https:\/\/www.gossip.it\/#organization"},"alternateName":"Gossip and VIP News","potentialAction":[{"@type":"SearchAction","target":{"@type":"EntryPoint","urlTemplate":"https:\/\/www.gossip.it\/?s={search_term_string}"},"query-input":{"@type":"PropertyValueSpecification","valueRequired":true,"valueName":"search_term_string"}}],"inLanguage":"it-IT"},{"@type":"Organization","@id":"https:\/\/www.gossip.it\/#organization","name":"Gossip and VIP News","alternateName":"Gossip News","url":"https:\/\/www.gossip.it\/","logo":{"@type":"ImageObject","inLanguage":"it-IT","@id":"https:\/\/www.gossip.it\/#\/schema\/logo\/image\/","url":"https:\/\/www.gossip.it\/wp-content\/uploads\/2022\/04\/cropped-corna-alta-tiny.png","contentUrl":"https:\/\/www.gossip.it\/wp-content\/uploads\/2022\/04\/cropped-corna-alta-tiny.png","width":512,"height":512,"caption":"Gossip and VIP News"},"image":{"@id":"https:\/\/www.gossip.it\/#\/schema\/logo\/image\/"},"sameAs":["https:\/\/www.facebook.com\/GossipIT","https:\/\/x.com\/gossinews_it","https:\/\/instagram.com\/gossip_it"]},{"@type":"Person","@id":"https:\/\/www.gossip.it\/#\/schema\/person\/df4a88c190f338e21427b6f342595faa","name":"Carla Giuni","image":{"@type":"ImageObject","inLanguage":"it-IT","@id":"https:\/\/www.gossip.it\/#\/schema\/person\/image\/","url":"https:\/\/secure.gravatar.com\/avatar\/9caf92f895c8e9a7cca263cd6e3860da8edad54c0a92046a7e363cbd3fa35c36?s=96&d=mm&r=g","contentUrl":"https:\/\/secure.gravatar.com\/avatar\/9caf92f895c8e9a7cca263cd6e3860da8edad54c0a92046a7e363cbd3fa35c36?s=96&d=mm&r=g","caption":"Carla Giuni"}}]}},"amp_enabled":true,"_links":{"self":[{"href":"https:\/\/www.gossip.it\/api\/wp\/v2\/posts\/214069","targetHints":{"allow":["GET"]}}],"collection":[{"href":"https:\/\/www.gossip.it\/api\/wp\/v2\/posts"}],"about":[{"href":"https:\/\/www.gossip.it\/api\/wp\/v2\/types\/post"}],"author":[{"embeddable":true,"href":"https:\/\/www.gossip.it\/api\/wp\/v2\/users\/24"}],"replies":[{"embeddable":true,"href":"https:\/\/www.gossip.it\/api\/wp\/v2\/comments?post=214069"}],"version-history":[{"count":1,"href":"https:\/\/www.gossip.it\/api\/wp\/v2\/posts\/214069\/revisions"}],"predecessor-version":[{"id":214075,"href":"https:\/\/www.gossip.it\/api\/wp\/v2\/posts\/214069\/revisions\/214075"}],"wp:featuredmedia":[{"embeddable":true,"href":"https:\/\/www.gossip.it\/api\/wp\/v2\/media\/214073"}],"wp:attachment":[{"href":"https:\/\/www.gossip.it\/api\/wp\/v2\/media?parent=214069"}],"wp:term":[{"taxonomy":"category","embeddable":true,"href":"https:\/\/www.gossip.it\/api\/wp\/v2\/categories?post=214069"},{"taxonomy":"post_tag","embeddable":true,"href":"https:\/\/www.gossip.it\/api\/wp\/v2\/tags?post=214069"},{"taxonomy":"vip","embeddable":true,"href":"https:\/\/www.gossip.it\/api\/wp\/v2\/vip?post=214069"}],"curies":[{"name":"wp","href":"https:\/\/api.w.org\/{rel}","templated":true}]}}