{"id":21487,"date":"2006-10-26T00:00:00","date_gmt":"2006-10-25T22:00:00","guid":{"rendered":"https:\/\/www.gossip.it\/senza-categoria\/richard-gere-all-ultimo-respiro\/"},"modified":"2006-10-26T00:00:00","modified_gmt":"2006-10-25T22:00:00","slug":"richard-gere-all-ultimo-respiro","status":"publish","type":"post","link":"https:\/\/www.gossip.it\/news\/richard-gere-all-ultimo-respiro\/","title":{"rendered":"Richard Gere all'ultimo respiro"},"content":{"rendered":"<p>Ha illuminato le notti romane dell'appena conclusa <a href='https:\/\/www.gossip.it\/cinema'><b><u>Festa del Cinema<\/u><\/b><\/a>. Ora \u00e8 volato vicino Zagabria, per girare <b>\"Spring Break in Bosnia\"<\/b>, il film in cui interpreter\u00e0 un reporter tv che da' la caccia al cattivissimo Radovan Karadzic.<br \/>\n<a href=\"https:\/\/www.gossip.it\/news\/monografia.php?keyword=Richard Gere\">Richard Gere<\/a>, 57 anni, \u00e8 entusiasta del suo ruolo. Per interpretarlo al meglio ha voluto incontrare molti giornalisti che hanno operato durante la guerra in Bosnia.<br \/>\nUn thriller all'ultimo respiro, con un budget di oltre 20 milioni di dollari. <i>\"Non \u00e8 una pellicola sulla guerra<\/i> - ha spiegato al Guardian l'executive producer <b>Adam Merims<\/b> -  <i>ma sulla gente che ha coperto la guerra. Sono vere solo le parti pi\u00f9 ridicole della storia. Avr\u00e0 un qualcosa di vagamente politico sulla riluttanzadella comunit\u00e0 internazionale, o la sua lentezza, nell'assicurare alla giustizia i criminali di guerra\"<\/i>. <br \/>\nE Gere sar\u00e0 all'altezza della parte, lui ufficiale gentiluomo.<br \/>\n\u00a9 2006 GossipNews - Foto: M. Bruni <\/p>\n","protected":false},"excerpt":{"rendered":"<p>Ha illuminato le notti romane dell'appena conclusa Festa del Cinema. Ora \u00e8 volato vicino Zagabria, per girare \"Spring Break in Bosnia\", il film in cui interpreter\u00e0 un reporter tv che da' la caccia al cattivissimo Radovan Karadzic. Richard Gere, 57 anni, \u00e8 entusiasta del suo ruolo. Per interpretarlo al meglio ha voluto incontrare molti giornalisti [&hellip;]<\/p>\n","protected":false},"author":1,"featured_media":77534,"comment_status":"closed","ping_status":"closed","sticky":false,"template":"","format":"standard","meta":{"footnotes":""},"categories":[54],"tags":[2137,2410,25564,1976,2769,11776],"vip":[1565],"class_list":["post-21487","post","type-post","status-publish","format-standard","has-post-thumbnail","hentry","category-news","tag-attore","tag-cinema","tag-festa-del-cinema-di-roma","tag-film","tag-gossip-cinema","tag-zagabria","vip-richard_gere"],"yoast_head":"<title>Richard Gere all&#039;ultimo respiro - Gossip.it | News sul Gossip e VIP<\/title>\n<meta name=\"description\" content=\"Ha illuminato le notti romane dell&#039;appena conclusa Festa del Cinema. Ora \u00e8 volato vicino Zagabria, per girare &quot;Spring Break in Bosnia&quot;, il film in cui\" \/>\n<meta name=\"robots\" content=\"index, follow, max-snippet:-1, max-image-preview:large, max-video-preview:-1\" \/>\n<link rel=\"canonical\" href=\"https:\/\/www.gossip.it\/news\/richard-gere-all-ultimo-respiro\/\" \/>\n<meta property=\"og:locale\" content=\"it_IT\" \/>\n<meta property=\"og:type\" content=\"article\" \/>\n<meta property=\"og:title\" content=\"Richard Gere all&#039;ultimo respiro - Gossip.it | News sul Gossip e VIP\" \/>\n<meta property=\"og:description\" content=\"Ha illuminato le notti romane dell&#039;appena conclusa Festa del Cinema. Ora \u00e8 volato vicino Zagabria, per girare &quot;Spring Break in Bosnia&quot;, il film in cui\" \/>\n<meta property=\"og:url\" content=\"https:\/\/www.gossip.it\/news\/richard-gere-all-ultimo-respiro\/\" \/>\n<meta property=\"og:site_name\" content=\"Gossip.it | News sul Gossip e VIP\" \/>\n<meta property=\"article:publisher\" content=\"https:\/\/www.facebook.com\/GossipIT\" \/>\n<meta property=\"article:published_time\" content=\"2006-10-25T22:00:00+00:00\" \/>\n<meta property=\"og:image\" content=\"https:\/\/www.gossip.it\/images5\/1161863484_richard-gere.jpg\" \/>\n<meta name=\"author\" content=\"La Redazione\" \/>\n<meta name=\"twitter:card\" content=\"summary_large_image\" \/>\n<meta name=\"twitter:image\" content=\"https:\/\/www.gossip.it\/images5\/1161863484_richard-gere.jpg\" \/>\n<meta name=\"twitter:creator\" content=\"@gossinews_it\" \/>\n<meta name=\"twitter:site\" content=\"@gossinews_it\" \/>\n<meta name=\"twitter:label1\" content=\"Scritto da\" \/>\n\t<meta name=\"twitter:data1\" content=\"A.C.\" \/>\n\t<meta name=\"twitter:label2\" content=\"Tempo di lettura stimato\" \/>\n\t<meta name=\"twitter:data2\" content=\"1 minuto\" \/>","yoast_head_json":{"title":"Richard Gere all'ultimo respiro - Gossip.it | News sul Gossip e VIP","description":"Ha illuminato le notti romane dell'appena conclusa Festa del Cinema. Ora \u00e8 volato vicino Zagabria, per girare \"Spring Break in Bosnia\", il film in cui","robots":{"index":"index","follow":"follow","max-snippet":"max-snippet:-1","max-image-preview":"max-image-preview:large","max-video-preview":"max-video-preview:-1"},"canonical":"https:\/\/www.gossip.it\/news\/richard-gere-all-ultimo-respiro\/","og_locale":"it_IT","og_type":"article","og_title":"Richard Gere all'ultimo respiro - Gossip.it | News sul Gossip e VIP","og_description":"Ha illuminato le notti romane dell'appena conclusa Festa del Cinema. Ora \u00e8 volato vicino Zagabria, per girare \"Spring Break in Bosnia\", il film in cui","og_url":"https:\/\/www.gossip.it\/news\/richard-gere-all-ultimo-respiro\/","og_site_name":"Gossip.it | News sul Gossip e VIP","article_publisher":"https:\/\/www.facebook.com\/GossipIT","article_published_time":"2006-10-25T22:00:00+00:00","og_image":[{"url":"https:\/\/www.gossip.it\/images5\/1161863484_richard-gere.jpg"}],"author":"La Redazione","twitter_card":"summary_large_image","twitter_image":"https:\/\/www.gossip.it\/images5\/1161863484_richard-gere.jpg","twitter_creator":"@gossinews_it","twitter_site":"@gossinews_it","twitter_misc":{"Scritto da":"A.C.","Tempo di lettura stimato":"1 minuto"},"schema":{"@context":"https:\/\/schema.org","@graph":[{"@type":"Article","@id":"https:\/\/www.gossip.it\/news\/richard-gere-all-ultimo-respiro\/#article","isPartOf":{"@id":"https:\/\/www.gossip.it\/news\/richard-gere-all-ultimo-respiro\/"},"author":{"name":"La Redazione","@id":"https:\/\/www.gossip.it\/#\/schema\/person\/488896f75158bff1cc83c6c39d141110"},"headline":"Richard Gere all'ultimo respiro","datePublished":"2006-10-25T22:00:00+00:00","dateModified":"2006-10-25T22:00:00+00:00","mainEntityOfPage":{"@id":"https:\/\/www.gossip.it\/news\/richard-gere-all-ultimo-respiro\/"},"wordCount":149,"publisher":{"@id":"https:\/\/www.gossip.it\/#organization"},"image":{"@id":"https:\/\/www.gossip.it\/news\/richard-gere-all-ultimo-respiro\/#primaryimage"},"thumbnailUrl":"https:\/\/www.gossip.it\/images5\/1161863484_richard-gere.jpg","keywords":["attore","cinema","festa del cinema di roma","film","gossip cinema","zagabria"],"articleSection":["News"],"inLanguage":"it-IT"},{"@type":"WebPage","@id":"https:\/\/www.gossip.it\/news\/richard-gere-all-ultimo-respiro\/","url":"https:\/\/www.gossip.it\/news\/richard-gere-all-ultimo-respiro\/","name":"Richard Gere all'ultimo respiro - Gossip.it | News sul Gossip e VIP","isPartOf":{"@id":"https:\/\/www.gossip.it\/#website"},"primaryImageOfPage":{"@id":"https:\/\/www.gossip.it\/news\/richard-gere-all-ultimo-respiro\/#primaryimage"},"image":{"@id":"https:\/\/www.gossip.it\/news\/richard-gere-all-ultimo-respiro\/#primaryimage"},"thumbnailUrl":"https:\/\/www.gossip.it\/images5\/1161863484_richard-gere.jpg","datePublished":"2006-10-25T22:00:00+00:00","dateModified":"2006-10-25T22:00:00+00:00","description":"Ha illuminato le notti romane dell'appena conclusa Festa del Cinema. Ora \u00e8 volato vicino Zagabria, per girare \"Spring Break in Bosnia\", il film in cui","breadcrumb":{"@id":"https:\/\/www.gossip.it\/news\/richard-gere-all-ultimo-respiro\/#breadcrumb"},"inLanguage":"it-IT","potentialAction":[{"@type":"ReadAction","target":["https:\/\/www.gossip.it\/news\/richard-gere-all-ultimo-respiro\/"]}]},{"@type":"ImageObject","inLanguage":"it-IT","@id":"https:\/\/www.gossip.it\/news\/richard-gere-all-ultimo-respiro\/#primaryimage","url":"https:\/\/www.gossip.it\/images5\/1161863484_richard-gere.jpg","contentUrl":"https:\/\/www.gossip.it\/images5\/1161863484_richard-gere.jpg"},{"@type":"BreadcrumbList","@id":"https:\/\/www.gossip.it\/news\/richard-gere-all-ultimo-respiro\/#breadcrumb","itemListElement":[{"@type":"ListItem","position":1,"name":"Home","item":"https:\/\/www.gossip.it\/"},{"@type":"ListItem","position":2,"name":"Richard Gere all'ultimo respiro"}]},{"@type":"WebSite","@id":"https:\/\/www.gossip.it\/#website","url":"https:\/\/www.gossip.it\/","name":"Gossip and VIP News","description":"Quotidiano di cronaca rosa, costume e societ\u00e0","publisher":{"@id":"https:\/\/www.gossip.it\/#organization"},"alternateName":"Gossip and VIP News","potentialAction":[{"@type":"SearchAction","target":{"@type":"EntryPoint","urlTemplate":"https:\/\/www.gossip.it\/?s={search_term_string}"},"query-input":{"@type":"PropertyValueSpecification","valueRequired":true,"valueName":"search_term_string"}}],"inLanguage":"it-IT"},{"@type":"Organization","@id":"https:\/\/www.gossip.it\/#organization","name":"Gossip and VIP News","alternateName":"Gossip News","url":"https:\/\/www.gossip.it\/","logo":{"@type":"ImageObject","inLanguage":"it-IT","@id":"https:\/\/www.gossip.it\/#\/schema\/logo\/image\/","url":"https:\/\/www.gossip.it\/wp-content\/uploads\/2022\/04\/cropped-corna-alta-tiny.png","contentUrl":"https:\/\/www.gossip.it\/wp-content\/uploads\/2022\/04\/cropped-corna-alta-tiny.png","width":512,"height":512,"caption":"Gossip and VIP News"},"image":{"@id":"https:\/\/www.gossip.it\/#\/schema\/logo\/image\/"},"sameAs":["https:\/\/www.facebook.com\/GossipIT","https:\/\/x.com\/gossinews_it","https:\/\/instagram.com\/gossip_it"]},{"@type":"Person","@id":"https:\/\/www.gossip.it\/#\/schema\/person\/488896f75158bff1cc83c6c39d141110","name":"La Redazione","image":{"@type":"ImageObject","inLanguage":"it-IT","@id":"https:\/\/www.gossip.it\/#\/schema\/person\/image\/","url":"https:\/\/secure.gravatar.com\/avatar\/5a5f5c6fa3e6700e4249abdad0263a1e94e927d9e0499b1cb09c1cd29c044d80?s=96&d=mm&r=g","contentUrl":"https:\/\/secure.gravatar.com\/avatar\/5a5f5c6fa3e6700e4249abdad0263a1e94e927d9e0499b1cb09c1cd29c044d80?s=96&d=mm&r=g","caption":"La Redazione"},"sameAs":["https:\/\/www.gossip.it"]}]}},"amp_enabled":true,"_links":{"self":[{"href":"https:\/\/www.gossip.it\/api\/wp\/v2\/posts\/21487","targetHints":{"allow":["GET"]}}],"collection":[{"href":"https:\/\/www.gossip.it\/api\/wp\/v2\/posts"}],"about":[{"href":"https:\/\/www.gossip.it\/api\/wp\/v2\/types\/post"}],"author":[{"embeddable":true,"href":"https:\/\/www.gossip.it\/api\/wp\/v2\/users\/1"}],"replies":[{"embeddable":true,"href":"https:\/\/www.gossip.it\/api\/wp\/v2\/comments?post=21487"}],"version-history":[{"count":0,"href":"https:\/\/www.gossip.it\/api\/wp\/v2\/posts\/21487\/revisions"}],"wp:featuredmedia":[{"embeddable":true,"href":"https:\/\/www.gossip.it\/api\/wp\/v2\/media\/77534"}],"wp:attachment":[{"href":"https:\/\/www.gossip.it\/api\/wp\/v2\/media?parent=21487"}],"wp:term":[{"taxonomy":"category","embeddable":true,"href":"https:\/\/www.gossip.it\/api\/wp\/v2\/categories?post=21487"},{"taxonomy":"post_tag","embeddable":true,"href":"https:\/\/www.gossip.it\/api\/wp\/v2\/tags?post=21487"},{"taxonomy":"vip","embeddable":true,"href":"https:\/\/www.gossip.it\/api\/wp\/v2\/vip?post=21487"}],"curies":[{"name":"wp","href":"https:\/\/api.w.org\/{rel}","templated":true}]}}