{"id":21776,"date":"2007-01-12T00:00:00","date_gmt":"2007-01-11T23:00:00","guid":{"rendered":"https:\/\/www.gossip.it\/senza-categoria\/beckham-vola-in-usa\/"},"modified":"2007-01-12T00:00:00","modified_gmt":"2007-01-11T23:00:00","slug":"beckham-vola-in-usa","status":"publish","type":"post","link":"https:\/\/www.gossip.it\/news\/beckham-vola-in-usa\/","title":{"rendered":"Beckham vola in Usa"},"content":{"rendered":"<p>Il <b>Real Madrid<\/b> non gli rinnover\u00e0 il contratto? <b>Fabio Capello<\/b> a parte, <a href=\"https:\/\/www.gossip.it\/news\/monografia.php?keyword=David Beckham\">David Beckham<\/a> non ne fa una malattia.  Il <a href=\"https:\/\/www.gossip.it\/sport\"><b><u>calciatore<\/u><\/b><\/a> pi\u00f9 brandizzato del pianeta ha deciso: chiuder\u00e0 la sua onorata carriera nel mondo del pallone accettando la proposta dei <b>Los Angeles Galaxy<\/b>.<\/p>\n<p>Sembra che David e sua moglie Victoria siano stati avvisati nei giorni scorsi in California mentre erano alla ricerca di una casa. Vic \u00e8 eccitatissima: finalmente potr\u00e0 frequentare i suoi amici, divi di Hollywood con tanto di pedigree. Quanto  allo <i>SpyBoy<\/i>, ha dichiarato: <i>\"Voglio divertirmi e far divertire il pubblico. Per l'America ho rinunciato ad offerte dai pi\u00f9 grandi club di calcio del mondo\"<\/i>. E chiss\u00e0 quanti zeri conter\u00e0 il suo ingaggio...<\/p>\n<p>I Beckham dalla Spagna in Usa, per un futuro a stelle e strisce dal colore verde dei dollari.<\/p>\n<p>\u00a9 2007 GossipNews-Foto: Pugliese<\/p>\n","protected":false},"excerpt":{"rendered":"<p>Il Real Madrid non gli rinnover\u00e0 il contratto? Fabio Capello a parte, David Beckham non ne fa una malattia. Il calciatore pi\u00f9 brandizzato del pianeta ha deciso: chiuder\u00e0 la sua onorata carriera nel mondo del pallone accettando la proposta dei Los Angeles Galaxy. Sembra che David e sua moglie Victoria siano stati avvisati nei giorni [&hellip;]<\/p>\n","protected":false},"author":1,"featured_media":77823,"comment_status":"closed","ping_status":"closed","sticky":false,"template":"","format":"standard","meta":{"footnotes":""},"categories":[54],"tags":[2218,3620,7325,9098,2682,25916,17800,11234],"vip":[573,1825],"class_list":["post-21776","post","type-post","status-publish","format-standard","has-post-thumbnail","hentry","category-news","tag-calciatore","tag-gossip-sport","tag-los-angeles","tag-real-madrid","tag-sport","tag-spyboy","tag-vic","tag-victoria-adams","vip-david_beckham","vip-victoria_beckham"],"yoast_head":"<title>Beckham vola in Usa - Gossip.it | News sul Gossip e VIP<\/title>\n<meta name=\"description\" content=\"Il Real Madrid non gli rinnover\u00e0 il contratto? Fabio Capello a parte, David Beckham non ne fa una malattia. Il calciatore pi\u00f9 brandizzato del pianeta ha\" \/>\n<meta name=\"robots\" content=\"index, follow, max-snippet:-1, max-image-preview:large, max-video-preview:-1\" \/>\n<link rel=\"canonical\" href=\"https:\/\/www.gossip.it\/news\/beckham-vola-in-usa\/\" \/>\n<meta property=\"og:locale\" content=\"it_IT\" \/>\n<meta property=\"og:type\" content=\"article\" \/>\n<meta property=\"og:title\" content=\"Beckham vola in Usa - Gossip.it | News sul Gossip e VIP\" \/>\n<meta property=\"og:description\" content=\"Il Real Madrid non gli rinnover\u00e0 il contratto? Fabio Capello a parte, David Beckham non ne fa una malattia. Il calciatore pi\u00f9 brandizzato del pianeta ha\" \/>\n<meta property=\"og:url\" content=\"https:\/\/www.gossip.it\/news\/beckham-vola-in-usa\/\" \/>\n<meta property=\"og:site_name\" content=\"Gossip.it | News sul Gossip e VIP\" \/>\n<meta property=\"article:publisher\" content=\"https:\/\/www.facebook.com\/GossipIT\" \/>\n<meta property=\"article:published_time\" content=\"2007-01-11T23:00:00+00:00\" \/>\n<meta property=\"og:image\" content=\"https:\/\/www.gossip.it\/images5\/1168599750_david-victoria-beckham.jpg\" \/>\n<meta name=\"author\" content=\"La Redazione\" \/>\n<meta name=\"twitter:card\" content=\"summary_large_image\" \/>\n<meta name=\"twitter:image\" content=\"https:\/\/www.gossip.it\/images5\/1168599750_david-victoria-beckham.jpg\" \/>\n<meta name=\"twitter:creator\" content=\"@gossinews_it\" \/>\n<meta name=\"twitter:site\" content=\"@gossinews_it\" \/>\n<meta name=\"twitter:label1\" content=\"Scritto da\" \/>\n\t<meta name=\"twitter:data1\" content=\"Annamaria Capozzi\" \/>\n\t<meta name=\"twitter:label2\" content=\"Tempo di lettura stimato\" \/>\n\t<meta name=\"twitter:data2\" content=\"1 minuto\" \/>","yoast_head_json":{"title":"Beckham vola in Usa - Gossip.it | News sul Gossip e VIP","description":"Il Real Madrid non gli rinnover\u00e0 il contratto? Fabio Capello a parte, David Beckham non ne fa una malattia. Il calciatore pi\u00f9 brandizzato del pianeta ha","robots":{"index":"index","follow":"follow","max-snippet":"max-snippet:-1","max-image-preview":"max-image-preview:large","max-video-preview":"max-video-preview:-1"},"canonical":"https:\/\/www.gossip.it\/news\/beckham-vola-in-usa\/","og_locale":"it_IT","og_type":"article","og_title":"Beckham vola in Usa - Gossip.it | News sul Gossip e VIP","og_description":"Il Real Madrid non gli rinnover\u00e0 il contratto? Fabio Capello a parte, David Beckham non ne fa una malattia. Il calciatore pi\u00f9 brandizzato del pianeta ha","og_url":"https:\/\/www.gossip.it\/news\/beckham-vola-in-usa\/","og_site_name":"Gossip.it | News sul Gossip e VIP","article_publisher":"https:\/\/www.facebook.com\/GossipIT","article_published_time":"2007-01-11T23:00:00+00:00","og_image":[{"url":"https:\/\/www.gossip.it\/images5\/1168599750_david-victoria-beckham.jpg"}],"author":"La Redazione","twitter_card":"summary_large_image","twitter_image":"https:\/\/www.gossip.it\/images5\/1168599750_david-victoria-beckham.jpg","twitter_creator":"@gossinews_it","twitter_site":"@gossinews_it","twitter_misc":{"Scritto da":"Annamaria Capozzi","Tempo di lettura stimato":"1 minuto"},"schema":{"@context":"https:\/\/schema.org","@graph":[{"@type":"Article","@id":"https:\/\/www.gossip.it\/news\/beckham-vola-in-usa\/#article","isPartOf":{"@id":"https:\/\/www.gossip.it\/news\/beckham-vola-in-usa\/"},"author":{"name":"La Redazione","@id":"https:\/\/www.gossip.it\/#\/schema\/person\/488896f75158bff1cc83c6c39d141110"},"headline":"Beckham vola in Usa","datePublished":"2007-01-11T23:00:00+00:00","dateModified":"2007-01-11T23:00:00+00:00","mainEntityOfPage":{"@id":"https:\/\/www.gossip.it\/news\/beckham-vola-in-usa\/"},"wordCount":139,"publisher":{"@id":"https:\/\/www.gossip.it\/#organization"},"image":{"@id":"https:\/\/www.gossip.it\/news\/beckham-vola-in-usa\/#primaryimage"},"thumbnailUrl":"https:\/\/www.gossip.it\/images5\/1168599750_david-victoria-beckham.jpg","keywords":["calciatore","gossip sport","los angeles","real madrid","sport","spyboy","vic","victoria adams"],"articleSection":["News"],"inLanguage":"it-IT"},{"@type":"WebPage","@id":"https:\/\/www.gossip.it\/news\/beckham-vola-in-usa\/","url":"https:\/\/www.gossip.it\/news\/beckham-vola-in-usa\/","name":"Beckham vola in Usa - Gossip.it | News sul Gossip e VIP","isPartOf":{"@id":"https:\/\/www.gossip.it\/#website"},"primaryImageOfPage":{"@id":"https:\/\/www.gossip.it\/news\/beckham-vola-in-usa\/#primaryimage"},"image":{"@id":"https:\/\/www.gossip.it\/news\/beckham-vola-in-usa\/#primaryimage"},"thumbnailUrl":"https:\/\/www.gossip.it\/images5\/1168599750_david-victoria-beckham.jpg","datePublished":"2007-01-11T23:00:00+00:00","dateModified":"2007-01-11T23:00:00+00:00","description":"Il Real Madrid non gli rinnover\u00e0 il contratto? Fabio Capello a parte, David Beckham non ne fa una malattia. Il calciatore pi\u00f9 brandizzato del pianeta ha","breadcrumb":{"@id":"https:\/\/www.gossip.it\/news\/beckham-vola-in-usa\/#breadcrumb"},"inLanguage":"it-IT","potentialAction":[{"@type":"ReadAction","target":["https:\/\/www.gossip.it\/news\/beckham-vola-in-usa\/"]}]},{"@type":"ImageObject","inLanguage":"it-IT","@id":"https:\/\/www.gossip.it\/news\/beckham-vola-in-usa\/#primaryimage","url":"https:\/\/www.gossip.it\/images5\/1168599750_david-victoria-beckham.jpg","contentUrl":"https:\/\/www.gossip.it\/images5\/1168599750_david-victoria-beckham.jpg"},{"@type":"BreadcrumbList","@id":"https:\/\/www.gossip.it\/news\/beckham-vola-in-usa\/#breadcrumb","itemListElement":[{"@type":"ListItem","position":1,"name":"Home","item":"https:\/\/www.gossip.it\/"},{"@type":"ListItem","position":2,"name":"Beckham vola in Usa"}]},{"@type":"WebSite","@id":"https:\/\/www.gossip.it\/#website","url":"https:\/\/www.gossip.it\/","name":"Gossip and VIP News","description":"Quotidiano di cronaca rosa, costume e societ\u00e0","publisher":{"@id":"https:\/\/www.gossip.it\/#organization"},"alternateName":"Gossip and VIP News","potentialAction":[{"@type":"SearchAction","target":{"@type":"EntryPoint","urlTemplate":"https:\/\/www.gossip.it\/?s={search_term_string}"},"query-input":{"@type":"PropertyValueSpecification","valueRequired":true,"valueName":"search_term_string"}}],"inLanguage":"it-IT"},{"@type":"Organization","@id":"https:\/\/www.gossip.it\/#organization","name":"Gossip and VIP News","alternateName":"Gossip News","url":"https:\/\/www.gossip.it\/","logo":{"@type":"ImageObject","inLanguage":"it-IT","@id":"https:\/\/www.gossip.it\/#\/schema\/logo\/image\/","url":"https:\/\/www.gossip.it\/wp-content\/uploads\/2022\/04\/cropped-corna-alta-tiny.png","contentUrl":"https:\/\/www.gossip.it\/wp-content\/uploads\/2022\/04\/cropped-corna-alta-tiny.png","width":512,"height":512,"caption":"Gossip and VIP News"},"image":{"@id":"https:\/\/www.gossip.it\/#\/schema\/logo\/image\/"},"sameAs":["https:\/\/www.facebook.com\/GossipIT","https:\/\/x.com\/gossinews_it","https:\/\/instagram.com\/gossip_it"]},{"@type":"Person","@id":"https:\/\/www.gossip.it\/#\/schema\/person\/488896f75158bff1cc83c6c39d141110","name":"La Redazione","image":{"@type":"ImageObject","inLanguage":"it-IT","@id":"https:\/\/www.gossip.it\/#\/schema\/person\/image\/","url":"https:\/\/secure.gravatar.com\/avatar\/5a5f5c6fa3e6700e4249abdad0263a1e94e927d9e0499b1cb09c1cd29c044d80?s=96&d=mm&r=g","contentUrl":"https:\/\/secure.gravatar.com\/avatar\/5a5f5c6fa3e6700e4249abdad0263a1e94e927d9e0499b1cb09c1cd29c044d80?s=96&d=mm&r=g","caption":"La Redazione"},"sameAs":["https:\/\/www.gossip.it"]}]}},"amp_enabled":true,"_links":{"self":[{"href":"https:\/\/www.gossip.it\/api\/wp\/v2\/posts\/21776","targetHints":{"allow":["GET"]}}],"collection":[{"href":"https:\/\/www.gossip.it\/api\/wp\/v2\/posts"}],"about":[{"href":"https:\/\/www.gossip.it\/api\/wp\/v2\/types\/post"}],"author":[{"embeddable":true,"href":"https:\/\/www.gossip.it\/api\/wp\/v2\/users\/1"}],"replies":[{"embeddable":true,"href":"https:\/\/www.gossip.it\/api\/wp\/v2\/comments?post=21776"}],"version-history":[{"count":0,"href":"https:\/\/www.gossip.it\/api\/wp\/v2\/posts\/21776\/revisions"}],"wp:featuredmedia":[{"embeddable":true,"href":"https:\/\/www.gossip.it\/api\/wp\/v2\/media\/77823"}],"wp:attachment":[{"href":"https:\/\/www.gossip.it\/api\/wp\/v2\/media?parent=21776"}],"wp:term":[{"taxonomy":"category","embeddable":true,"href":"https:\/\/www.gossip.it\/api\/wp\/v2\/categories?post=21776"},{"taxonomy":"post_tag","embeddable":true,"href":"https:\/\/www.gossip.it\/api\/wp\/v2\/tags?post=21776"},{"taxonomy":"vip","embeddable":true,"href":"https:\/\/www.gossip.it\/api\/wp\/v2\/vip?post=21776"}],"curies":[{"name":"wp","href":"https:\/\/api.w.org\/{rel}","templated":true}]}}