{"id":21873,"date":"2007-02-05T00:00:00","date_gmt":"2007-02-04T23:00:00","guid":{"rendered":"https:\/\/www.gossip.it\/senza-categoria\/clerici-amo-eddy-ma-non-sono-incinta\/"},"modified":"2007-02-05T00:00:00","modified_gmt":"2007-02-04T23:00:00","slug":"clerici-amo-eddy-ma-non-sono-incinta","status":"publish","type":"post","link":"https:\/\/www.gossip.it\/news\/clerici-amo-eddy-ma-non-sono-incinta\/","title":{"rendered":"Clerici: 'Amo Eddy, ma non sono incinta'"},"content":{"rendered":"<p>Successo in tv e in amore: ad <a href=\"https:\/\/www.gossip.it\/news\/monografia.php?keyword=Antonella Clerici\">Antonella Clerici<\/a> non potrebbe andare meglio. Sul settimanale <b>Vero<\/b>, nel numero in edicola, la bionda conduttrice si racconta a tutto campo. Del suo ragazzo, Eddy, pi\u00f9 giovane di 14 anni, dice: <i>'Bisogna superare il luogo comune che l'uomo deve essere pi\u00f9 vecchio. Perch\u00e8 uno di sessant'anni pu\u00e0 stare con una di venti senza che nessuno si scandalizzi?'<\/i>. E sulle voci riguardanti una possibile dolce attesa, ci tiene a precisare: <i>'So che si sono diffuse voci su una mia probabile gravidanza. In realt\u00e0 non sono stata molto bene per un problema alla schiena, un'ernia del disco'<\/i>.<\/p>\n<p>Dal punto di vista professionale, oltre gli ottimi ascolti de <b>'La prova del Cuoco'<\/b>, programma di cui il suo Eddy \u00e8 anche autore, Antonella \u00e8 in procinto di lanciare una linea di pentole tutta sua: <i>'Saranno antiaderenti per cucinare cibi senza grassi e in breve tempo. I manici sono di un materiale al silicone e non diventano mai caldi. Una novit\u00e0'<\/i>.<\/p>\n","protected":false},"excerpt":{"rendered":"<p>Successo in tv e in amore: ad Antonella Clerici non potrebbe andare meglio. Sul settimanale Vero, nel numero in edicola, la bionda conduttrice si racconta a tutto campo. Del suo ragazzo, Eddy, pi\u00f9 giovane di 14 anni, dice: 'Bisogna superare il luogo comune che l'uomo deve essere pi\u00f9 vecchio. Perch\u00e8 uno di sessant'anni pu\u00e0 stare [&hellip;]<\/p>\n","protected":false},"author":1,"featured_media":77920,"comment_status":"closed","ping_status":"closed","sticky":false,"template":"","format":"standard","meta":{"footnotes":""},"categories":[54],"tags":[2102,26008,2413,7334,2097,3134],"vip":[346],"class_list":["post-21873","post","type-post","status-publish","format-standard","has-post-thumbnail","hentry","category-news","tag-dichiarazioni","tag-eddy","tag-interviste","tag-la-prova-del-cuoco","tag-tv","tag-vero","vip-antonella_clerici"],"yoast_head":"<title>Clerici: &#039;Amo Eddy, ma non sono incinta&#039; - Gossip.it | News sul Gossip e VIP<\/title>\n<meta name=\"description\" content=\"Successo in tv e in amore: ad Antonella Clerici non potrebbe andare meglio. Sul settimanale Vero, nel numero in edicola, la bionda conduttrice si racconta\" \/>\n<meta name=\"robots\" content=\"index, follow, max-snippet:-1, max-image-preview:large, max-video-preview:-1\" \/>\n<link rel=\"canonical\" href=\"https:\/\/www.gossip.it\/news\/clerici-amo-eddy-ma-non-sono-incinta\/\" \/>\n<meta property=\"og:locale\" content=\"it_IT\" \/>\n<meta property=\"og:type\" content=\"article\" \/>\n<meta property=\"og:title\" content=\"Clerici: &#039;Amo Eddy, ma non sono incinta&#039; - Gossip.it | News sul Gossip e VIP\" \/>\n<meta property=\"og:description\" content=\"Successo in tv e in amore: ad Antonella Clerici non potrebbe andare meglio. Sul settimanale Vero, nel numero in edicola, la bionda conduttrice si racconta\" \/>\n<meta property=\"og:url\" content=\"https:\/\/www.gossip.it\/news\/clerici-amo-eddy-ma-non-sono-incinta\/\" \/>\n<meta property=\"og:site_name\" content=\"Gossip.it | News sul Gossip e VIP\" \/>\n<meta property=\"article:publisher\" content=\"https:\/\/www.facebook.com\/GossipIT\" \/>\n<meta property=\"article:published_time\" content=\"2007-02-04T23:00:00+00:00\" \/>\n<meta property=\"og:image\" content=\"https:\/\/www.gossip.it\/images5\/1170671324_.jpg\" \/>\n<meta name=\"author\" content=\"La Redazione\" \/>\n<meta name=\"twitter:card\" content=\"summary_large_image\" \/>\n<meta name=\"twitter:image\" content=\"https:\/\/www.gossip.it\/images5\/1170671324_.jpg\" \/>\n<meta name=\"twitter:creator\" content=\"@gossinews_it\" \/>\n<meta name=\"twitter:site\" content=\"@gossinews_it\" \/>\n<meta name=\"twitter:label1\" content=\"Scritto da\" \/>\n\t<meta name=\"twitter:data1\" content=\"La Redazione\" \/>\n\t<meta name=\"twitter:label2\" content=\"Tempo di lettura stimato\" \/>\n\t<meta name=\"twitter:data2\" content=\"1 minuto\" \/>","yoast_head_json":{"title":"Clerici: 'Amo Eddy, ma non sono incinta' - Gossip.it | News sul Gossip e VIP","description":"Successo in tv e in amore: ad Antonella Clerici non potrebbe andare meglio. Sul settimanale Vero, nel numero in edicola, la bionda conduttrice si racconta","robots":{"index":"index","follow":"follow","max-snippet":"max-snippet:-1","max-image-preview":"max-image-preview:large","max-video-preview":"max-video-preview:-1"},"canonical":"https:\/\/www.gossip.it\/news\/clerici-amo-eddy-ma-non-sono-incinta\/","og_locale":"it_IT","og_type":"article","og_title":"Clerici: 'Amo Eddy, ma non sono incinta' - Gossip.it | News sul Gossip e VIP","og_description":"Successo in tv e in amore: ad Antonella Clerici non potrebbe andare meglio. Sul settimanale Vero, nel numero in edicola, la bionda conduttrice si racconta","og_url":"https:\/\/www.gossip.it\/news\/clerici-amo-eddy-ma-non-sono-incinta\/","og_site_name":"Gossip.it | News sul Gossip e VIP","article_publisher":"https:\/\/www.facebook.com\/GossipIT","article_published_time":"2007-02-04T23:00:00+00:00","og_image":[{"url":"https:\/\/www.gossip.it\/images5\/1170671324_.jpg"}],"author":"La Redazione","twitter_card":"summary_large_image","twitter_image":"https:\/\/www.gossip.it\/images5\/1170671324_.jpg","twitter_creator":"@gossinews_it","twitter_site":"@gossinews_it","twitter_misc":{"Scritto da":"La Redazione","Tempo di lettura stimato":"1 minuto"},"schema":{"@context":"https:\/\/schema.org","@graph":[{"@type":"Article","@id":"https:\/\/www.gossip.it\/news\/clerici-amo-eddy-ma-non-sono-incinta\/#article","isPartOf":{"@id":"https:\/\/www.gossip.it\/news\/clerici-amo-eddy-ma-non-sono-incinta\/"},"author":{"name":"La Redazione","@id":"https:\/\/www.gossip.it\/#\/schema\/person\/488896f75158bff1cc83c6c39d141110"},"headline":"Clerici: 'Amo Eddy, ma non sono incinta'","datePublished":"2007-02-04T23:00:00+00:00","dateModified":"2007-02-04T23:00:00+00:00","mainEntityOfPage":{"@id":"https:\/\/www.gossip.it\/news\/clerici-amo-eddy-ma-non-sono-incinta\/"},"wordCount":170,"publisher":{"@id":"https:\/\/www.gossip.it\/#organization"},"image":{"@id":"https:\/\/www.gossip.it\/news\/clerici-amo-eddy-ma-non-sono-incinta\/#primaryimage"},"thumbnailUrl":"https:\/\/www.gossip.it\/images5\/1170671324_.jpg","keywords":["dichiarazioni","eddy","interviste","la prova del cuoco","tv","vero"],"articleSection":["News"],"inLanguage":"it-IT"},{"@type":"WebPage","@id":"https:\/\/www.gossip.it\/news\/clerici-amo-eddy-ma-non-sono-incinta\/","url":"https:\/\/www.gossip.it\/news\/clerici-amo-eddy-ma-non-sono-incinta\/","name":"Clerici: 'Amo Eddy, ma non sono incinta' - Gossip.it | News sul Gossip e VIP","isPartOf":{"@id":"https:\/\/www.gossip.it\/#website"},"primaryImageOfPage":{"@id":"https:\/\/www.gossip.it\/news\/clerici-amo-eddy-ma-non-sono-incinta\/#primaryimage"},"image":{"@id":"https:\/\/www.gossip.it\/news\/clerici-amo-eddy-ma-non-sono-incinta\/#primaryimage"},"thumbnailUrl":"https:\/\/www.gossip.it\/images5\/1170671324_.jpg","datePublished":"2007-02-04T23:00:00+00:00","dateModified":"2007-02-04T23:00:00+00:00","description":"Successo in tv e in amore: ad Antonella Clerici non potrebbe andare meglio. Sul settimanale Vero, nel numero in edicola, la bionda conduttrice si racconta","breadcrumb":{"@id":"https:\/\/www.gossip.it\/news\/clerici-amo-eddy-ma-non-sono-incinta\/#breadcrumb"},"inLanguage":"it-IT","potentialAction":[{"@type":"ReadAction","target":["https:\/\/www.gossip.it\/news\/clerici-amo-eddy-ma-non-sono-incinta\/"]}]},{"@type":"ImageObject","inLanguage":"it-IT","@id":"https:\/\/www.gossip.it\/news\/clerici-amo-eddy-ma-non-sono-incinta\/#primaryimage","url":"https:\/\/www.gossip.it\/images5\/1170671324_.jpg","contentUrl":"https:\/\/www.gossip.it\/images5\/1170671324_.jpg"},{"@type":"BreadcrumbList","@id":"https:\/\/www.gossip.it\/news\/clerici-amo-eddy-ma-non-sono-incinta\/#breadcrumb","itemListElement":[{"@type":"ListItem","position":1,"name":"Home","item":"https:\/\/www.gossip.it\/"},{"@type":"ListItem","position":2,"name":"Clerici: 'Amo Eddy, ma non sono incinta'"}]},{"@type":"WebSite","@id":"https:\/\/www.gossip.it\/#website","url":"https:\/\/www.gossip.it\/","name":"Gossip and VIP News","description":"Quotidiano di cronaca rosa, costume e societ\u00e0","publisher":{"@id":"https:\/\/www.gossip.it\/#organization"},"alternateName":"Gossip and VIP News","potentialAction":[{"@type":"SearchAction","target":{"@type":"EntryPoint","urlTemplate":"https:\/\/www.gossip.it\/?s={search_term_string}"},"query-input":{"@type":"PropertyValueSpecification","valueRequired":true,"valueName":"search_term_string"}}],"inLanguage":"it-IT"},{"@type":"Organization","@id":"https:\/\/www.gossip.it\/#organization","name":"Gossip and VIP News","alternateName":"Gossip News","url":"https:\/\/www.gossip.it\/","logo":{"@type":"ImageObject","inLanguage":"it-IT","@id":"https:\/\/www.gossip.it\/#\/schema\/logo\/image\/","url":"https:\/\/www.gossip.it\/wp-content\/uploads\/2022\/04\/cropped-corna-alta-tiny.png","contentUrl":"https:\/\/www.gossip.it\/wp-content\/uploads\/2022\/04\/cropped-corna-alta-tiny.png","width":512,"height":512,"caption":"Gossip and VIP News"},"image":{"@id":"https:\/\/www.gossip.it\/#\/schema\/logo\/image\/"},"sameAs":["https:\/\/www.facebook.com\/GossipIT","https:\/\/x.com\/gossinews_it","https:\/\/instagram.com\/gossip_it"]},{"@type":"Person","@id":"https:\/\/www.gossip.it\/#\/schema\/person\/488896f75158bff1cc83c6c39d141110","name":"La Redazione","image":{"@type":"ImageObject","inLanguage":"it-IT","@id":"https:\/\/www.gossip.it\/#\/schema\/person\/image\/","url":"https:\/\/secure.gravatar.com\/avatar\/5a5f5c6fa3e6700e4249abdad0263a1e94e927d9e0499b1cb09c1cd29c044d80?s=96&d=mm&r=g","contentUrl":"https:\/\/secure.gravatar.com\/avatar\/5a5f5c6fa3e6700e4249abdad0263a1e94e927d9e0499b1cb09c1cd29c044d80?s=96&d=mm&r=g","caption":"La Redazione"},"sameAs":["https:\/\/www.gossip.it"]}]}},"amp_enabled":true,"_links":{"self":[{"href":"https:\/\/www.gossip.it\/api\/wp\/v2\/posts\/21873","targetHints":{"allow":["GET"]}}],"collection":[{"href":"https:\/\/www.gossip.it\/api\/wp\/v2\/posts"}],"about":[{"href":"https:\/\/www.gossip.it\/api\/wp\/v2\/types\/post"}],"author":[{"embeddable":true,"href":"https:\/\/www.gossip.it\/api\/wp\/v2\/users\/1"}],"replies":[{"embeddable":true,"href":"https:\/\/www.gossip.it\/api\/wp\/v2\/comments?post=21873"}],"version-history":[{"count":0,"href":"https:\/\/www.gossip.it\/api\/wp\/v2\/posts\/21873\/revisions"}],"wp:featuredmedia":[{"embeddable":true,"href":"https:\/\/www.gossip.it\/api\/wp\/v2\/media\/77920"}],"wp:attachment":[{"href":"https:\/\/www.gossip.it\/api\/wp\/v2\/media?parent=21873"}],"wp:term":[{"taxonomy":"category","embeddable":true,"href":"https:\/\/www.gossip.it\/api\/wp\/v2\/categories?post=21873"},{"taxonomy":"post_tag","embeddable":true,"href":"https:\/\/www.gossip.it\/api\/wp\/v2\/tags?post=21873"},{"taxonomy":"vip","embeddable":true,"href":"https:\/\/www.gossip.it\/api\/wp\/v2\/vip?post=21873"}],"curies":[{"name":"wp","href":"https:\/\/api.w.org\/{rel}","templated":true}]}}