{"id":22439,"date":"2007-06-20T00:00:00","date_gmt":"2007-06-19T22:00:00","guid":{"rendered":"https:\/\/www.gossip.it\/senza-categoria\/niente-festa-per-lindsay\/"},"modified":"2007-06-20T00:00:00","modified_gmt":"2007-06-19T22:00:00","slug":"niente-festa-per-lindsay","status":"publish","type":"post","link":"https:\/\/www.gossip.it\/news\/niente-festa-per-lindsay\/","title":{"rendered":"Niente festa per Lindsay"},"content":{"rendered":"<p>Non \u00e8 guarita e, quindi, non ha nulla da festeggiare.<br \/>\n<a href=\"https:\/\/www.gossip.it\/news\/monografia.php?keyword=Lindsay Lohan\">Lindsay Lohan<\/a> ha annullato la festa del suo compleanno il prossimo 2 luglio, giorno in cui compir\u00e0 21 anni.<\/p>\n<p>Il party si sarebbe dovuto tenere a Las Vegas, in Nevada, Prevista una lunghissima lista di invitati e un men\u00f9 con tante pietanze appetitose, ma, soprattutto, alcolici di tutti i tipi.<br \/>\nL'<a href=\"https:\/\/www.gossip.it\/cinema\"><b><u>attrice<\/u><\/b><\/a>, per\u00f2, non \u00e8 ancora uscita dal tunnel della dipendenza da droghe e alcool, anche se, a sentire l'agente, si sta impegnando moltissimo per diventare di nuovo una <i>'brava ragazza'<\/i>: <i>\"Abbiamo annullato la festa pi\u00f9 di due settimane fa. Lei recuperer\u00e0 al 100%\"<\/i>.<\/p>\n<p><a href=\"https:\/\/www.gossip.it\/cinema\/speciale.php?id=74d526a9b062b5c4ad1c04f72f73a303\"><b><u>Lindsay<\/u><\/b><\/a> segue, sembra, un corso di recupero, anche se le foto e le bravate che la contraddistinguono sembrano parlare d'altro. Ventuno anni, negli States, sono un'et\u00e0 importante: quella della maturit\u00e0. Ma la Lohan, forse cresciuta troppo in fretta, di maturit\u00e0 finora ne ha mostrata ben poca. C'\u00e8 ancora tempo per rimediare. I suoi fan e i registi che l'apprezzano incrociano le dita e sperano nel miracolo.<\/p>\n<p>Foto: C.Mangiarotti \u00a9 Gossip.it<\/p>\n","protected":false},"excerpt":{"rendered":"<p>Non \u00e8 guarita e, quindi, non ha nulla da festeggiare. Lindsay Lohan ha annullato la festa del suo compleanno il prossimo 2 luglio, giorno in cui compir\u00e0 21 anni. Il party si sarebbe dovuto tenere a Las Vegas, in Nevada, Prevista una lunghissima lista di invitati e un men\u00f9 con tante pietanze appetitose, ma, soprattutto, [&hellip;]<\/p>\n","protected":false},"author":1,"featured_media":78486,"comment_status":"closed","ping_status":"closed","sticky":false,"template":"","format":"standard","meta":{"footnotes":""},"categories":[54],"tags":[2433,1983,2410,26729,1907,2769,1965,6907,3253],"vip":[1110],"class_list":["post-22439","post","type-post","status-publish","format-standard","has-post-thumbnail","hentry","category-news","tag-alcool","tag-attrice","tag-cinema","tag-drogha","tag-festa","tag-gossip-cinema","tag-party","tag-scandali","tag-venezia","vip-lindsay_lohan"],"yoast_head":"<title>Niente festa per Lindsay - Gossip.it | News sul Gossip e VIP<\/title>\n<meta name=\"description\" content=\"Non \u00e8 guarita e, quindi, non ha nulla da festeggiare. Lindsay Lohan ha annullato la festa del suo compleanno il prossimo 2 luglio, giorno in cui compir\u00e0\" \/>\n<meta name=\"robots\" content=\"index, follow, max-snippet:-1, max-image-preview:large, max-video-preview:-1\" \/>\n<link rel=\"canonical\" href=\"https:\/\/www.gossip.it\/news\/niente-festa-per-lindsay\/\" \/>\n<meta property=\"og:locale\" content=\"it_IT\" \/>\n<meta property=\"og:type\" content=\"article\" \/>\n<meta property=\"og:title\" content=\"Niente festa per Lindsay - Gossip.it | News sul Gossip e VIP\" \/>\n<meta property=\"og:description\" content=\"Non \u00e8 guarita e, quindi, non ha nulla da festeggiare. Lindsay Lohan ha annullato la festa del suo compleanno il prossimo 2 luglio, giorno in cui compir\u00e0\" \/>\n<meta property=\"og:url\" content=\"https:\/\/www.gossip.it\/news\/niente-festa-per-lindsay\/\" \/>\n<meta property=\"og:site_name\" content=\"Gossip.it | News sul Gossip e VIP\" \/>\n<meta property=\"article:publisher\" content=\"https:\/\/www.facebook.com\/GossipIT\" \/>\n<meta property=\"article:published_time\" content=\"2007-06-19T22:00:00+00:00\" \/>\n<meta property=\"og:image\" content=\"https:\/\/www.gossip.it\/images5\/1182320799_lindsay-lohan.jpg\" \/>\n<meta name=\"author\" content=\"La Redazione\" \/>\n<meta name=\"twitter:card\" content=\"summary_large_image\" \/>\n<meta name=\"twitter:image\" content=\"https:\/\/www.gossip.it\/images5\/1182320799_lindsay-lohan.jpg\" \/>\n<meta name=\"twitter:creator\" content=\"@gossinews_it\" \/>\n<meta name=\"twitter:site\" content=\"@gossinews_it\" \/>\n<meta name=\"twitter:label1\" content=\"Scritto da\" \/>\n\t<meta name=\"twitter:data1\" content=\"Annamaria Capozzi\" \/>\n\t<meta name=\"twitter:label2\" content=\"Tempo di lettura stimato\" \/>\n\t<meta name=\"twitter:data2\" content=\"1 minuto\" \/>","yoast_head_json":{"title":"Niente festa per Lindsay - Gossip.it | News sul Gossip e VIP","description":"Non \u00e8 guarita e, quindi, non ha nulla da festeggiare. Lindsay Lohan ha annullato la festa del suo compleanno il prossimo 2 luglio, giorno in cui compir\u00e0","robots":{"index":"index","follow":"follow","max-snippet":"max-snippet:-1","max-image-preview":"max-image-preview:large","max-video-preview":"max-video-preview:-1"},"canonical":"https:\/\/www.gossip.it\/news\/niente-festa-per-lindsay\/","og_locale":"it_IT","og_type":"article","og_title":"Niente festa per Lindsay - Gossip.it | News sul Gossip e VIP","og_description":"Non \u00e8 guarita e, quindi, non ha nulla da festeggiare. Lindsay Lohan ha annullato la festa del suo compleanno il prossimo 2 luglio, giorno in cui compir\u00e0","og_url":"https:\/\/www.gossip.it\/news\/niente-festa-per-lindsay\/","og_site_name":"Gossip.it | News sul Gossip e VIP","article_publisher":"https:\/\/www.facebook.com\/GossipIT","article_published_time":"2007-06-19T22:00:00+00:00","og_image":[{"url":"https:\/\/www.gossip.it\/images5\/1182320799_lindsay-lohan.jpg"}],"author":"La Redazione","twitter_card":"summary_large_image","twitter_image":"https:\/\/www.gossip.it\/images5\/1182320799_lindsay-lohan.jpg","twitter_creator":"@gossinews_it","twitter_site":"@gossinews_it","twitter_misc":{"Scritto da":"Annamaria Capozzi","Tempo di lettura stimato":"1 minuto"},"schema":{"@context":"https:\/\/schema.org","@graph":[{"@type":"Article","@id":"https:\/\/www.gossip.it\/news\/niente-festa-per-lindsay\/#article","isPartOf":{"@id":"https:\/\/www.gossip.it\/news\/niente-festa-per-lindsay\/"},"author":{"name":"La Redazione","@id":"https:\/\/www.gossip.it\/#\/schema\/person\/488896f75158bff1cc83c6c39d141110"},"headline":"Niente festa per Lindsay","datePublished":"2007-06-19T22:00:00+00:00","dateModified":"2007-06-19T22:00:00+00:00","mainEntityOfPage":{"@id":"https:\/\/www.gossip.it\/news\/niente-festa-per-lindsay\/"},"wordCount":178,"publisher":{"@id":"https:\/\/www.gossip.it\/#organization"},"image":{"@id":"https:\/\/www.gossip.it\/news\/niente-festa-per-lindsay\/#primaryimage"},"thumbnailUrl":"https:\/\/www.gossip.it\/images5\/1182320799_lindsay-lohan.jpg","keywords":["alcool","attrice","cinema","drogha","festa","gossip cinema","party","scandali","venezia"],"articleSection":["News"],"inLanguage":"it-IT"},{"@type":"WebPage","@id":"https:\/\/www.gossip.it\/news\/niente-festa-per-lindsay\/","url":"https:\/\/www.gossip.it\/news\/niente-festa-per-lindsay\/","name":"Niente festa per Lindsay - Gossip.it | News sul Gossip e VIP","isPartOf":{"@id":"https:\/\/www.gossip.it\/#website"},"primaryImageOfPage":{"@id":"https:\/\/www.gossip.it\/news\/niente-festa-per-lindsay\/#primaryimage"},"image":{"@id":"https:\/\/www.gossip.it\/news\/niente-festa-per-lindsay\/#primaryimage"},"thumbnailUrl":"https:\/\/www.gossip.it\/images5\/1182320799_lindsay-lohan.jpg","datePublished":"2007-06-19T22:00:00+00:00","dateModified":"2007-06-19T22:00:00+00:00","description":"Non \u00e8 guarita e, quindi, non ha nulla da festeggiare. Lindsay Lohan ha annullato la festa del suo compleanno il prossimo 2 luglio, giorno in cui compir\u00e0","breadcrumb":{"@id":"https:\/\/www.gossip.it\/news\/niente-festa-per-lindsay\/#breadcrumb"},"inLanguage":"it-IT","potentialAction":[{"@type":"ReadAction","target":["https:\/\/www.gossip.it\/news\/niente-festa-per-lindsay\/"]}]},{"@type":"ImageObject","inLanguage":"it-IT","@id":"https:\/\/www.gossip.it\/news\/niente-festa-per-lindsay\/#primaryimage","url":"https:\/\/www.gossip.it\/images5\/1182320799_lindsay-lohan.jpg","contentUrl":"https:\/\/www.gossip.it\/images5\/1182320799_lindsay-lohan.jpg"},{"@type":"BreadcrumbList","@id":"https:\/\/www.gossip.it\/news\/niente-festa-per-lindsay\/#breadcrumb","itemListElement":[{"@type":"ListItem","position":1,"name":"Home","item":"https:\/\/www.gossip.it\/"},{"@type":"ListItem","position":2,"name":"Niente festa per Lindsay"}]},{"@type":"WebSite","@id":"https:\/\/www.gossip.it\/#website","url":"https:\/\/www.gossip.it\/","name":"Gossip and VIP News","description":"Quotidiano di cronaca rosa, costume e societ\u00e0","publisher":{"@id":"https:\/\/www.gossip.it\/#organization"},"alternateName":"Gossip and VIP News","potentialAction":[{"@type":"SearchAction","target":{"@type":"EntryPoint","urlTemplate":"https:\/\/www.gossip.it\/?s={search_term_string}"},"query-input":{"@type":"PropertyValueSpecification","valueRequired":true,"valueName":"search_term_string"}}],"inLanguage":"it-IT"},{"@type":"Organization","@id":"https:\/\/www.gossip.it\/#organization","name":"Gossip and VIP News","alternateName":"Gossip News","url":"https:\/\/www.gossip.it\/","logo":{"@type":"ImageObject","inLanguage":"it-IT","@id":"https:\/\/www.gossip.it\/#\/schema\/logo\/image\/","url":"https:\/\/www.gossip.it\/wp-content\/uploads\/2022\/04\/cropped-corna-alta-tiny.png","contentUrl":"https:\/\/www.gossip.it\/wp-content\/uploads\/2022\/04\/cropped-corna-alta-tiny.png","width":512,"height":512,"caption":"Gossip and VIP News"},"image":{"@id":"https:\/\/www.gossip.it\/#\/schema\/logo\/image\/"},"sameAs":["https:\/\/www.facebook.com\/GossipIT","https:\/\/x.com\/gossinews_it","https:\/\/instagram.com\/gossip_it"]},{"@type":"Person","@id":"https:\/\/www.gossip.it\/#\/schema\/person\/488896f75158bff1cc83c6c39d141110","name":"La Redazione","image":{"@type":"ImageObject","inLanguage":"it-IT","@id":"https:\/\/www.gossip.it\/#\/schema\/person\/image\/","url":"https:\/\/secure.gravatar.com\/avatar\/5a5f5c6fa3e6700e4249abdad0263a1e94e927d9e0499b1cb09c1cd29c044d80?s=96&d=mm&r=g","contentUrl":"https:\/\/secure.gravatar.com\/avatar\/5a5f5c6fa3e6700e4249abdad0263a1e94e927d9e0499b1cb09c1cd29c044d80?s=96&d=mm&r=g","caption":"La Redazione"},"sameAs":["https:\/\/www.gossip.it"]}]}},"amp_enabled":true,"_links":{"self":[{"href":"https:\/\/www.gossip.it\/api\/wp\/v2\/posts\/22439","targetHints":{"allow":["GET"]}}],"collection":[{"href":"https:\/\/www.gossip.it\/api\/wp\/v2\/posts"}],"about":[{"href":"https:\/\/www.gossip.it\/api\/wp\/v2\/types\/post"}],"author":[{"embeddable":true,"href":"https:\/\/www.gossip.it\/api\/wp\/v2\/users\/1"}],"replies":[{"embeddable":true,"href":"https:\/\/www.gossip.it\/api\/wp\/v2\/comments?post=22439"}],"version-history":[{"count":0,"href":"https:\/\/www.gossip.it\/api\/wp\/v2\/posts\/22439\/revisions"}],"wp:featuredmedia":[{"embeddable":true,"href":"https:\/\/www.gossip.it\/api\/wp\/v2\/media\/78486"}],"wp:attachment":[{"href":"https:\/\/www.gossip.it\/api\/wp\/v2\/media?parent=22439"}],"wp:term":[{"taxonomy":"category","embeddable":true,"href":"https:\/\/www.gossip.it\/api\/wp\/v2\/categories?post=22439"},{"taxonomy":"post_tag","embeddable":true,"href":"https:\/\/www.gossip.it\/api\/wp\/v2\/tags?post=22439"},{"taxonomy":"vip","embeddable":true,"href":"https:\/\/www.gossip.it\/api\/wp\/v2\/vip?post=22439"}],"curies":[{"name":"wp","href":"https:\/\/api.w.org\/{rel}","templated":true}]}}