{"id":23380,"date":"2008-01-17T00:00:00","date_gmt":"2008-01-16T23:00:00","guid":{"rendered":"https:\/\/www.gossip.it\/senza-categoria\/totti-vi-presento-mio-figlio\/"},"modified":"2008-01-17T00:00:00","modified_gmt":"2008-01-16T23:00:00","slug":"totti-vi-presento-mio-figlio","status":"publish","type":"post","link":"https:\/\/www.gossip.it\/news\/totti-vi-presento-mio-figlio\/","title":{"rendered":"Totti: 'Vi presento mio figlio'"},"content":{"rendered":"<p>Di solito gelosissimo della privacy familiare, per una volta <a href=\"https:\/\/www.gossip.it\/news\/monografia.php?keyword=Francesco Totti\">Francesco Totti<\/a> ha fatto un'eccezione. Il capitano della <b>Roma<\/b> si \u00e8 presentato ad una mostra romana con il pargolo <a href=\"https:\/\/www.gossip.it\/mondanita\/francesco_totti_con_il_figlio_christian_sperw.html?id=ffa42664dca65f1a2aa091a97fa3d3ee\"><b><u>Christian<\/u><\/b><\/a> fra le braccia. E si \u00e8 lasciato fotografare senza troppi indugi.<\/p>\n<p>Lo scopo, c'\u00e8 da dire, era tutto benefico: l'esposizione di Pier Paolo Bandini, 'Umanit\u00e0', \u00e8 una riflessione sul tema della pena di morte. All'evento era attesa anche mamma <a href=\"https:\/\/www.gossip.it\/news\/monografia.php?keyword=Ilary+blasi\">Ilary<\/a>, che, bloccata dalla pioggia, \u00e8 dovuta rimanere a casa a coccolare <b>Chanel<\/b>.<\/p>\n<p>A palazzo Valentini, oltre Francesco e Christian, tanti altri personaggi dello spettacolo. Fra gli altri, <a href=\"https:\/\/www.gossip.it\/news\/monografia.php?keyword=Andrea Osvart\">Andrea Osvart<\/a>, prossima protagonista del <i>Festival di Sanremo<\/i>, <a href=\"https:\/\/www.gossip.it\/news\/monografia.php?keyword=Laura Freddi\">Laura Freddi<\/a> ed <a href=\"https:\/\/www.gossip.it\/news\/monografia.php?keyword=Angela Melillo\">Angela Melillo<\/a> con pancione in bella vista.<\/p>\n<p>Tutte <a href=\"https:\/\/www.gossip.it\/mondanita\/francesco_totti_con_il_figlio_christian_sperw.html?id=ffa42664dca65f1a2aa091a97fa3d3ee\"><b><u>le foto di Francesco Totti con il piccolo Christian in braccio<\/u><\/b><\/a> su GossipNews.<\/p>\n","protected":false},"excerpt":{"rendered":"<p>Di solito gelosissimo della privacy familiare, per una volta Francesco Totti ha fatto un'eccezione. Il capitano della Roma si \u00e8 presentato ad una mostra romana con il pargolo Christian fra le braccia. E si \u00e8 lasciato fotografare senza troppi indugi. Lo scopo, c'\u00e8 da dire, era tutto benefico: l'esposizione di Pier Paolo Bandini, 'Umanit\u00e0', \u00e8 [&hellip;]<\/p>\n","protected":false},"author":1,"featured_media":79427,"comment_status":"closed","ping_status":"closed","sticky":false,"template":"","format":"standard","meta":{"footnotes":""},"categories":[54],"tags":[28480,2392,25978,3609,9776,16342,2000,7025,28479,1879,2682],"vip":[801,835,1461,1767],"class_list":["post-23380","post","type-post","status-publish","format-standard","has-post-thumbnail","hentry","category-news","tag-alura-freddi","tag-as-roma","tag-bambini-vip","tag-calcio","tag-christian-totti","tag-enrico-gasbarra","tag-figli","tag-figli-vip","tag-palazzo-valentino","tag-roma","tag-sport","vip-francesco_totti","vip-giada_di_miceli","vip-paola_saluzzi","vip-tiziana_rocca"],"yoast_head":"<title>Totti: &#039;Vi presento mio figlio&#039; - Gossip.it | News sul Gossip e VIP<\/title>\n<meta name=\"description\" content=\"Di solito gelosissimo della privacy familiare, per una volta Francesco Totti ha fatto un&#039;eccezione. Il capitano della Roma si \u00e8 presentato ad una mostra\" \/>\n<meta name=\"robots\" content=\"index, follow, max-snippet:-1, max-image-preview:large, max-video-preview:-1\" \/>\n<link rel=\"canonical\" href=\"https:\/\/www.gossip.it\/news\/totti-vi-presento-mio-figlio\/\" \/>\n<meta property=\"og:locale\" content=\"it_IT\" \/>\n<meta property=\"og:type\" content=\"article\" \/>\n<meta property=\"og:title\" content=\"Totti: &#039;Vi presento mio figlio&#039; - Gossip.it | News sul Gossip e VIP\" \/>\n<meta property=\"og:description\" content=\"Di solito gelosissimo della privacy familiare, per una volta Francesco Totti ha fatto un&#039;eccezione. Il capitano della Roma si \u00e8 presentato ad una mostra\" \/>\n<meta property=\"og:url\" content=\"https:\/\/www.gossip.it\/news\/totti-vi-presento-mio-figlio\/\" \/>\n<meta property=\"og:site_name\" content=\"Gossip.it | News sul Gossip e VIP\" \/>\n<meta property=\"article:publisher\" content=\"https:\/\/www.facebook.com\/GossipIT\" \/>\n<meta property=\"article:published_time\" content=\"2008-01-16T23:00:00+00:00\" \/>\n<meta property=\"og:image\" content=\"https:\/\/www.gossip.it\/images5\/1200566776_.jpg\" \/>\n<meta name=\"author\" content=\"La Redazione\" \/>\n<meta name=\"twitter:card\" content=\"summary_large_image\" \/>\n<meta name=\"twitter:image\" content=\"https:\/\/www.gossip.it\/images5\/1200566776_.jpg\" \/>\n<meta name=\"twitter:creator\" content=\"@gossinews_it\" \/>\n<meta name=\"twitter:site\" content=\"@gossinews_it\" \/>\n<meta name=\"twitter:label1\" content=\"Scritto da\" \/>\n\t<meta name=\"twitter:data1\" content=\"La Redazione\" \/>\n\t<meta name=\"twitter:label2\" content=\"Tempo di lettura stimato\" \/>\n\t<meta name=\"twitter:data2\" content=\"1 minuto\" \/>","yoast_head_json":{"title":"Totti: 'Vi presento mio figlio' - Gossip.it | News sul Gossip e VIP","description":"Di solito gelosissimo della privacy familiare, per una volta Francesco Totti ha fatto un'eccezione. Il capitano della Roma si \u00e8 presentato ad una mostra","robots":{"index":"index","follow":"follow","max-snippet":"max-snippet:-1","max-image-preview":"max-image-preview:large","max-video-preview":"max-video-preview:-1"},"canonical":"https:\/\/www.gossip.it\/news\/totti-vi-presento-mio-figlio\/","og_locale":"it_IT","og_type":"article","og_title":"Totti: 'Vi presento mio figlio' - Gossip.it | News sul Gossip e VIP","og_description":"Di solito gelosissimo della privacy familiare, per una volta Francesco Totti ha fatto un'eccezione. Il capitano della Roma si \u00e8 presentato ad una mostra","og_url":"https:\/\/www.gossip.it\/news\/totti-vi-presento-mio-figlio\/","og_site_name":"Gossip.it | News sul Gossip e VIP","article_publisher":"https:\/\/www.facebook.com\/GossipIT","article_published_time":"2008-01-16T23:00:00+00:00","og_image":[{"url":"https:\/\/www.gossip.it\/images5\/1200566776_.jpg"}],"author":"La Redazione","twitter_card":"summary_large_image","twitter_image":"https:\/\/www.gossip.it\/images5\/1200566776_.jpg","twitter_creator":"@gossinews_it","twitter_site":"@gossinews_it","twitter_misc":{"Scritto da":"La Redazione","Tempo di lettura stimato":"1 minuto"},"schema":{"@context":"https:\/\/schema.org","@graph":[{"@type":"Article","@id":"https:\/\/www.gossip.it\/news\/totti-vi-presento-mio-figlio\/#article","isPartOf":{"@id":"https:\/\/www.gossip.it\/news\/totti-vi-presento-mio-figlio\/"},"author":{"name":"La Redazione","@id":"https:\/\/www.gossip.it\/#\/schema\/person\/488896f75158bff1cc83c6c39d141110"},"headline":"Totti: 'Vi presento mio figlio'","datePublished":"2008-01-16T23:00:00+00:00","dateModified":"2008-01-16T23:00:00+00:00","mainEntityOfPage":{"@id":"https:\/\/www.gossip.it\/news\/totti-vi-presento-mio-figlio\/"},"wordCount":132,"publisher":{"@id":"https:\/\/www.gossip.it\/#organization"},"image":{"@id":"https:\/\/www.gossip.it\/news\/totti-vi-presento-mio-figlio\/#primaryimage"},"thumbnailUrl":"https:\/\/www.gossip.it\/images5\/1200566776_.jpg","keywords":["alura freddi","as roma","bambini vip","calcio","christian totti","enrico gasbarra","figli","figli vip","palazzo valentino","roma","sport"],"articleSection":["News"],"inLanguage":"it-IT"},{"@type":"WebPage","@id":"https:\/\/www.gossip.it\/news\/totti-vi-presento-mio-figlio\/","url":"https:\/\/www.gossip.it\/news\/totti-vi-presento-mio-figlio\/","name":"Totti: 'Vi presento mio figlio' - Gossip.it | News sul Gossip e VIP","isPartOf":{"@id":"https:\/\/www.gossip.it\/#website"},"primaryImageOfPage":{"@id":"https:\/\/www.gossip.it\/news\/totti-vi-presento-mio-figlio\/#primaryimage"},"image":{"@id":"https:\/\/www.gossip.it\/news\/totti-vi-presento-mio-figlio\/#primaryimage"},"thumbnailUrl":"https:\/\/www.gossip.it\/images5\/1200566776_.jpg","datePublished":"2008-01-16T23:00:00+00:00","dateModified":"2008-01-16T23:00:00+00:00","description":"Di solito gelosissimo della privacy familiare, per una volta Francesco Totti ha fatto un'eccezione. Il capitano della Roma si \u00e8 presentato ad una mostra","breadcrumb":{"@id":"https:\/\/www.gossip.it\/news\/totti-vi-presento-mio-figlio\/#breadcrumb"},"inLanguage":"it-IT","potentialAction":[{"@type":"ReadAction","target":["https:\/\/www.gossip.it\/news\/totti-vi-presento-mio-figlio\/"]}]},{"@type":"ImageObject","inLanguage":"it-IT","@id":"https:\/\/www.gossip.it\/news\/totti-vi-presento-mio-figlio\/#primaryimage","url":"https:\/\/www.gossip.it\/images5\/1200566776_.jpg","contentUrl":"https:\/\/www.gossip.it\/images5\/1200566776_.jpg"},{"@type":"BreadcrumbList","@id":"https:\/\/www.gossip.it\/news\/totti-vi-presento-mio-figlio\/#breadcrumb","itemListElement":[{"@type":"ListItem","position":1,"name":"Home","item":"https:\/\/www.gossip.it\/"},{"@type":"ListItem","position":2,"name":"Totti: 'Vi presento mio figlio'"}]},{"@type":"WebSite","@id":"https:\/\/www.gossip.it\/#website","url":"https:\/\/www.gossip.it\/","name":"Gossip and VIP News","description":"Quotidiano di cronaca rosa, costume e societ\u00e0","publisher":{"@id":"https:\/\/www.gossip.it\/#organization"},"alternateName":"Gossip and VIP News","potentialAction":[{"@type":"SearchAction","target":{"@type":"EntryPoint","urlTemplate":"https:\/\/www.gossip.it\/?s={search_term_string}"},"query-input":{"@type":"PropertyValueSpecification","valueRequired":true,"valueName":"search_term_string"}}],"inLanguage":"it-IT"},{"@type":"Organization","@id":"https:\/\/www.gossip.it\/#organization","name":"Gossip and VIP News","alternateName":"Gossip News","url":"https:\/\/www.gossip.it\/","logo":{"@type":"ImageObject","inLanguage":"it-IT","@id":"https:\/\/www.gossip.it\/#\/schema\/logo\/image\/","url":"https:\/\/www.gossip.it\/wp-content\/uploads\/2022\/04\/cropped-corna-alta-tiny.png","contentUrl":"https:\/\/www.gossip.it\/wp-content\/uploads\/2022\/04\/cropped-corna-alta-tiny.png","width":512,"height":512,"caption":"Gossip and VIP News"},"image":{"@id":"https:\/\/www.gossip.it\/#\/schema\/logo\/image\/"},"sameAs":["https:\/\/www.facebook.com\/GossipIT","https:\/\/x.com\/gossinews_it","https:\/\/instagram.com\/gossip_it"]},{"@type":"Person","@id":"https:\/\/www.gossip.it\/#\/schema\/person\/488896f75158bff1cc83c6c39d141110","name":"La Redazione","image":{"@type":"ImageObject","inLanguage":"it-IT","@id":"https:\/\/www.gossip.it\/#\/schema\/person\/image\/","url":"https:\/\/secure.gravatar.com\/avatar\/5a5f5c6fa3e6700e4249abdad0263a1e94e927d9e0499b1cb09c1cd29c044d80?s=96&d=mm&r=g","contentUrl":"https:\/\/secure.gravatar.com\/avatar\/5a5f5c6fa3e6700e4249abdad0263a1e94e927d9e0499b1cb09c1cd29c044d80?s=96&d=mm&r=g","caption":"La Redazione"},"sameAs":["https:\/\/www.gossip.it"]}]}},"amp_enabled":true,"_links":{"self":[{"href":"https:\/\/www.gossip.it\/api\/wp\/v2\/posts\/23380","targetHints":{"allow":["GET"]}}],"collection":[{"href":"https:\/\/www.gossip.it\/api\/wp\/v2\/posts"}],"about":[{"href":"https:\/\/www.gossip.it\/api\/wp\/v2\/types\/post"}],"author":[{"embeddable":true,"href":"https:\/\/www.gossip.it\/api\/wp\/v2\/users\/1"}],"replies":[{"embeddable":true,"href":"https:\/\/www.gossip.it\/api\/wp\/v2\/comments?post=23380"}],"version-history":[{"count":0,"href":"https:\/\/www.gossip.it\/api\/wp\/v2\/posts\/23380\/revisions"}],"wp:featuredmedia":[{"embeddable":true,"href":"https:\/\/www.gossip.it\/api\/wp\/v2\/media\/79427"}],"wp:attachment":[{"href":"https:\/\/www.gossip.it\/api\/wp\/v2\/media?parent=23380"}],"wp:term":[{"taxonomy":"category","embeddable":true,"href":"https:\/\/www.gossip.it\/api\/wp\/v2\/categories?post=23380"},{"taxonomy":"post_tag","embeddable":true,"href":"https:\/\/www.gossip.it\/api\/wp\/v2\/tags?post=23380"},{"taxonomy":"vip","embeddable":true,"href":"https:\/\/www.gossip.it\/api\/wp\/v2\/vip?post=23380"}],"curies":[{"name":"wp","href":"https:\/\/api.w.org\/{rel}","templated":true}]}}