{"id":23760,"date":"2008-03-27T00:00:00","date_gmt":"2008-03-26T23:00:00","guid":{"rendered":"https:\/\/www.gossip.it\/senza-categoria\/ferilli-anche-da-precaria-e-la-piu-amata\/"},"modified":"2008-03-27T00:00:00","modified_gmt":"2008-03-26T23:00:00","slug":"ferilli-anche-da-precaria-e-la-piu-amata","status":"publish","type":"post","link":"https:\/\/www.gossip.it\/news\/ferilli-anche-da-precaria-e-la-piu-amata\/","title":{"rendered":"Ferilli, anche da precaria \u00e8 la pi\u00f9 amata"},"content":{"rendered":"<p>Gli anni passano, ma <a href=\"https:\/\/www.gossip.it\/news\/monografia.php?keyword=Sabrina Ferilli\">Sabrina Ferilli<\/a> rimane la pi\u00f9 amata dagli italiani. Lo sa bene<br \/>\n<a href=\"https:\/\/www.gossip.it\/news\/monografia.php?keyword=Paolo Virz\u00ec\">Paolo Virz\u00ec<\/a>, che l'ha voluta come protagonista del suo ultimo film <a href=\"https:\/\/www.gossip.it\/cinema\/sabrina_ferilli_sempre_bellissima_presenta_tutta_la_vita_davanti_sperw.html?id=1adc275bc503fdbf092ea16540d4cb2a\"><b><u>'Tutta la vita<br \/>\ndavanti'<\/u><\/b><\/a>, racconto ironico della dura realt\u00e0 dei lavoratori precari di oggi.<\/p>\n<p>E Sabrinona non ha deluso le aspettative: sempre bellissima, in conferenza stampa ha<br \/>\nattirato l'attenzione di tutti: stampa, fotografi e ammiratori di passaggio.<br \/>\nNonostante la presenza degli altri attori della pellicola <a href=\"https:\/\/www.gossip.it\/news\/monografia.php?keyword=Valerio Mastrandrea\">Valerio Mastrandrea<\/a> e<br \/>\n<b>Micaela Ramazzotti<\/b>.<\/p>\n<p>Tutte <a href=\"https:\/\/www.gossip.it\/cinema\/sabrina_ferilli_sempre_bellissima_presenta_tutta_la_vita_davanti_sperw.html?id=1adc275bc503fdbf092ea16540d4cb2a\"><b><u>le recentissime foto di Sabrina Ferilli 'precaria'<\/u><\/b><\/a> su GossipNews.<\/p>\n","protected":false},"excerpt":{"rendered":"<p>Gli anni passano, ma Sabrina Ferilli rimane la pi\u00f9 amata dagli italiani. Lo sa bene Paolo Virz\u00ec, che l'ha voluta come protagonista del suo ultimo film 'Tutta la vita davanti', racconto ironico della dura realt\u00e0 dei lavoratori precari di oggi. E Sabrinona non ha deluso le aspettative: sempre bellissima, in conferenza stampa ha attirato l'attenzione [&hellip;]<\/p>\n","protected":false},"author":1,"featured_media":79807,"comment_status":"closed","ping_status":"closed","sticky":false,"template":"","format":"standard","meta":{"footnotes":""},"categories":[54],"tags":[3541,2925,2934,2446,1976,2492,2735,29159,2311,29160,2745,4722,2742,2884,3897],"vip":[1480,1638],"class_list":["post-23760","post","type-post","status-publish","format-standard","has-post-thumbnail","hentry","category-news","tag-anni","tag-aspettative","tag-attenzione","tag-conferenza-stampa","tag-film","tag-fotografi","tag-italiani","tag-lavoratori","tag-oggi","tag-pellicola-valerio-mastrandrea","tag-protagonista","tag-racconto","tag-realta","tag-stampa","tag-tutta-la-vita-davanti","vip-paolo_virzi","vip-sabrina_ferilli"],"yoast_head":"<title>Ferilli, anche da precaria \u00e8 la pi\u00f9 amata - Gossip.it | News sul Gossip e VIP<\/title>\n<meta name=\"description\" content=\"Gli anni passano, ma Sabrina Ferilli rimane la pi\u00f9 amata dagli italiani. Lo sa bene Paolo Virz\u00ec, che l&#039;ha voluta come protagonista del suo ultimo film\" \/>\n<meta name=\"robots\" content=\"index, follow, max-snippet:-1, max-image-preview:large, max-video-preview:-1\" \/>\n<link rel=\"canonical\" href=\"https:\/\/www.gossip.it\/news\/ferilli-anche-da-precaria-e-la-piu-amata\/\" \/>\n<meta property=\"og:locale\" content=\"it_IT\" \/>\n<meta property=\"og:type\" content=\"article\" \/>\n<meta property=\"og:title\" content=\"Ferilli, anche da precaria \u00e8 la pi\u00f9 amata - Gossip.it | News sul Gossip e VIP\" \/>\n<meta property=\"og:description\" content=\"Gli anni passano, ma Sabrina Ferilli rimane la pi\u00f9 amata dagli italiani. Lo sa bene Paolo Virz\u00ec, che l&#039;ha voluta come protagonista del suo ultimo film\" \/>\n<meta property=\"og:url\" content=\"https:\/\/www.gossip.it\/news\/ferilli-anche-da-precaria-e-la-piu-amata\/\" \/>\n<meta property=\"og:site_name\" content=\"Gossip.it | News sul Gossip e VIP\" \/>\n<meta property=\"article:publisher\" content=\"https:\/\/www.facebook.com\/GossipIT\" \/>\n<meta property=\"article:published_time\" content=\"2008-03-26T23:00:00+00:00\" \/>\n<meta property=\"og:image\" content=\"https:\/\/www.gossip.it\/images5\/1206605063_.jpg\" \/>\n<meta name=\"author\" content=\"La Redazione\" \/>\n<meta name=\"twitter:card\" content=\"summary_large_image\" \/>\n<meta name=\"twitter:image\" content=\"https:\/\/www.gossip.it\/images5\/1206605063_.jpg\" \/>\n<meta name=\"twitter:creator\" content=\"@gossinews_it\" \/>\n<meta name=\"twitter:site\" content=\"@gossinews_it\" \/>\n<meta name=\"twitter:label1\" content=\"Scritto da\" \/>\n\t<meta name=\"twitter:data1\" content=\"Edoardo Rossi\" \/>","yoast_head_json":{"title":"Ferilli, anche da precaria \u00e8 la pi\u00f9 amata - Gossip.it | News sul Gossip e VIP","description":"Gli anni passano, ma Sabrina Ferilli rimane la pi\u00f9 amata dagli italiani. Lo sa bene Paolo Virz\u00ec, che l'ha voluta come protagonista del suo ultimo film","robots":{"index":"index","follow":"follow","max-snippet":"max-snippet:-1","max-image-preview":"max-image-preview:large","max-video-preview":"max-video-preview:-1"},"canonical":"https:\/\/www.gossip.it\/news\/ferilli-anche-da-precaria-e-la-piu-amata\/","og_locale":"it_IT","og_type":"article","og_title":"Ferilli, anche da precaria \u00e8 la pi\u00f9 amata - Gossip.it | News sul Gossip e VIP","og_description":"Gli anni passano, ma Sabrina Ferilli rimane la pi\u00f9 amata dagli italiani. Lo sa bene Paolo Virz\u00ec, che l'ha voluta come protagonista del suo ultimo film","og_url":"https:\/\/www.gossip.it\/news\/ferilli-anche-da-precaria-e-la-piu-amata\/","og_site_name":"Gossip.it | News sul Gossip e VIP","article_publisher":"https:\/\/www.facebook.com\/GossipIT","article_published_time":"2008-03-26T23:00:00+00:00","og_image":[{"url":"https:\/\/www.gossip.it\/images5\/1206605063_.jpg"}],"author":"La Redazione","twitter_card":"summary_large_image","twitter_image":"https:\/\/www.gossip.it\/images5\/1206605063_.jpg","twitter_creator":"@gossinews_it","twitter_site":"@gossinews_it","twitter_misc":{"Scritto da":"Edoardo Rossi"},"schema":{"@context":"https:\/\/schema.org","@graph":[{"@type":"Article","@id":"https:\/\/www.gossip.it\/news\/ferilli-anche-da-precaria-e-la-piu-amata\/#article","isPartOf":{"@id":"https:\/\/www.gossip.it\/news\/ferilli-anche-da-precaria-e-la-piu-amata\/"},"author":{"name":"La Redazione","@id":"https:\/\/www.gossip.it\/#\/schema\/person\/488896f75158bff1cc83c6c39d141110"},"headline":"Ferilli, anche da precaria \u00e8 la pi\u00f9 amata","datePublished":"2008-03-26T23:00:00+00:00","dateModified":"2008-03-26T23:00:00+00:00","mainEntityOfPage":{"@id":"https:\/\/www.gossip.it\/news\/ferilli-anche-da-precaria-e-la-piu-amata\/"},"wordCount":95,"publisher":{"@id":"https:\/\/www.gossip.it\/#organization"},"image":{"@id":"https:\/\/www.gossip.it\/news\/ferilli-anche-da-precaria-e-la-piu-amata\/#primaryimage"},"thumbnailUrl":"https:\/\/www.gossip.it\/images5\/1206605063_.jpg","keywords":["anni","aspettative","attenzione","conferenza stampa","film","fotografi","italiani","lavoratori","oggi","pellicola. valerio mastrandrea","protagonista","racconto","realt\u00e0","stampa","tutta la vita davanti"],"articleSection":["News"],"inLanguage":"it-IT"},{"@type":"WebPage","@id":"https:\/\/www.gossip.it\/news\/ferilli-anche-da-precaria-e-la-piu-amata\/","url":"https:\/\/www.gossip.it\/news\/ferilli-anche-da-precaria-e-la-piu-amata\/","name":"Ferilli, anche da precaria \u00e8 la pi\u00f9 amata - Gossip.it | News sul Gossip e VIP","isPartOf":{"@id":"https:\/\/www.gossip.it\/#website"},"primaryImageOfPage":{"@id":"https:\/\/www.gossip.it\/news\/ferilli-anche-da-precaria-e-la-piu-amata\/#primaryimage"},"image":{"@id":"https:\/\/www.gossip.it\/news\/ferilli-anche-da-precaria-e-la-piu-amata\/#primaryimage"},"thumbnailUrl":"https:\/\/www.gossip.it\/images5\/1206605063_.jpg","datePublished":"2008-03-26T23:00:00+00:00","dateModified":"2008-03-26T23:00:00+00:00","description":"Gli anni passano, ma Sabrina Ferilli rimane la pi\u00f9 amata dagli italiani. Lo sa bene Paolo Virz\u00ec, che l'ha voluta come protagonista del suo ultimo film","breadcrumb":{"@id":"https:\/\/www.gossip.it\/news\/ferilli-anche-da-precaria-e-la-piu-amata\/#breadcrumb"},"inLanguage":"it-IT","potentialAction":[{"@type":"ReadAction","target":["https:\/\/www.gossip.it\/news\/ferilli-anche-da-precaria-e-la-piu-amata\/"]}]},{"@type":"ImageObject","inLanguage":"it-IT","@id":"https:\/\/www.gossip.it\/news\/ferilli-anche-da-precaria-e-la-piu-amata\/#primaryimage","url":"https:\/\/www.gossip.it\/images5\/1206605063_.jpg","contentUrl":"https:\/\/www.gossip.it\/images5\/1206605063_.jpg"},{"@type":"BreadcrumbList","@id":"https:\/\/www.gossip.it\/news\/ferilli-anche-da-precaria-e-la-piu-amata\/#breadcrumb","itemListElement":[{"@type":"ListItem","position":1,"name":"Home","item":"https:\/\/www.gossip.it\/"},{"@type":"ListItem","position":2,"name":"Ferilli, anche da precaria \u00e8 la pi\u00f9 amata"}]},{"@type":"WebSite","@id":"https:\/\/www.gossip.it\/#website","url":"https:\/\/www.gossip.it\/","name":"Gossip and VIP News","description":"Quotidiano di cronaca rosa, costume e societ\u00e0","publisher":{"@id":"https:\/\/www.gossip.it\/#organization"},"alternateName":"Gossip and VIP News","potentialAction":[{"@type":"SearchAction","target":{"@type":"EntryPoint","urlTemplate":"https:\/\/www.gossip.it\/?s={search_term_string}"},"query-input":{"@type":"PropertyValueSpecification","valueRequired":true,"valueName":"search_term_string"}}],"inLanguage":"it-IT"},{"@type":"Organization","@id":"https:\/\/www.gossip.it\/#organization","name":"Gossip and VIP News","alternateName":"Gossip News","url":"https:\/\/www.gossip.it\/","logo":{"@type":"ImageObject","inLanguage":"it-IT","@id":"https:\/\/www.gossip.it\/#\/schema\/logo\/image\/","url":"https:\/\/www.gossip.it\/wp-content\/uploads\/2022\/04\/cropped-corna-alta-tiny.png","contentUrl":"https:\/\/www.gossip.it\/wp-content\/uploads\/2022\/04\/cropped-corna-alta-tiny.png","width":512,"height":512,"caption":"Gossip and VIP News"},"image":{"@id":"https:\/\/www.gossip.it\/#\/schema\/logo\/image\/"},"sameAs":["https:\/\/www.facebook.com\/GossipIT","https:\/\/x.com\/gossinews_it","https:\/\/instagram.com\/gossip_it"]},{"@type":"Person","@id":"https:\/\/www.gossip.it\/#\/schema\/person\/488896f75158bff1cc83c6c39d141110","name":"La Redazione","image":{"@type":"ImageObject","inLanguage":"it-IT","@id":"https:\/\/www.gossip.it\/#\/schema\/person\/image\/","url":"https:\/\/secure.gravatar.com\/avatar\/5a5f5c6fa3e6700e4249abdad0263a1e94e927d9e0499b1cb09c1cd29c044d80?s=96&d=mm&r=g","contentUrl":"https:\/\/secure.gravatar.com\/avatar\/5a5f5c6fa3e6700e4249abdad0263a1e94e927d9e0499b1cb09c1cd29c044d80?s=96&d=mm&r=g","caption":"La Redazione"},"sameAs":["https:\/\/www.gossip.it"]}]}},"amp_enabled":true,"_links":{"self":[{"href":"https:\/\/www.gossip.it\/api\/wp\/v2\/posts\/23760","targetHints":{"allow":["GET"]}}],"collection":[{"href":"https:\/\/www.gossip.it\/api\/wp\/v2\/posts"}],"about":[{"href":"https:\/\/www.gossip.it\/api\/wp\/v2\/types\/post"}],"author":[{"embeddable":true,"href":"https:\/\/www.gossip.it\/api\/wp\/v2\/users\/1"}],"replies":[{"embeddable":true,"href":"https:\/\/www.gossip.it\/api\/wp\/v2\/comments?post=23760"}],"version-history":[{"count":0,"href":"https:\/\/www.gossip.it\/api\/wp\/v2\/posts\/23760\/revisions"}],"wp:featuredmedia":[{"embeddable":true,"href":"https:\/\/www.gossip.it\/api\/wp\/v2\/media\/79807"}],"wp:attachment":[{"href":"https:\/\/www.gossip.it\/api\/wp\/v2\/media?parent=23760"}],"wp:term":[{"taxonomy":"category","embeddable":true,"href":"https:\/\/www.gossip.it\/api\/wp\/v2\/categories?post=23760"},{"taxonomy":"post_tag","embeddable":true,"href":"https:\/\/www.gossip.it\/api\/wp\/v2\/tags?post=23760"},{"taxonomy":"vip","embeddable":true,"href":"https:\/\/www.gossip.it\/api\/wp\/v2\/vip?post=23760"}],"curies":[{"name":"wp","href":"https:\/\/api.w.org\/{rel}","templated":true}]}}