{"id":24561,"date":"2008-09-10T00:00:00","date_gmt":"2008-09-09T22:00:00","guid":{"rendered":"https:\/\/www.gossip.it\/senza-categoria\/flavia-vento-naufraga-perche-ha-sale-in-zucca\/"},"modified":"2008-09-10T00:00:00","modified_gmt":"2008-09-09T22:00:00","slug":"flavia-vento-naufraga-perche-ha-sale-in-zucca","status":"publish","type":"post","link":"https:\/\/www.gossip.it\/news\/flavia-vento-naufraga-perche-ha-sale-in-zucca\/","title":{"rendered":"Flavia Vento, naufraga perch\u00e9 ha sale in zucca"},"content":{"rendered":"<p>Luned\u00ec prossimo partir\u00e0 la nuova edizione dell'<a href=\"https:\/\/www.gossip.it\/news\/monografia.php?keyword=Isola dei Famosi\">Isola dei Famosi<\/a>. <a href=\"https:\/\/www.gossip.it\/news\/monografia.php?keyword=Flavia Vento\">Flavia Vento<\/a> sar\u00e0 una dei naufraghi in Honduras. L'ex valletta <i>'in plexiglass'<\/i> ha accettato di mettersi alla prova perch\u00e9 ha qualche sassolino dalle scarpe da togliersi. Ha dichiarato a Tv Sorrisi & Canzoni: <i>\"Faccio l'Isola per dimostrare che non sono una scema: sono una solare, che ride, ma anche una che fa e che pensa. Non sar\u00e0 un'avventura facile, io ho paura dei ragni e sono ipocondriaca. Per me vincono <b>Ciavarro<\/b> o <b>Tumiotto<\/b> che c'hanno il fisico\"<\/i>.<br \/>\nFlavia avr\u00e0 con s\u00e9 un guardaroba completo: \"<i>Porto bikini, mutande di cotone, pareo, cerata, sandaletti di gomma\"<\/i>. Per andare avanti si affider\u00e0 a Dio: <i>\"Pregher\u00f2 e terr\u00f2 con me le foto dei miei tre cani\"<\/i>.<br \/> Riuscir\u00e0 la nostra eroina a sconfiggere i malpensanti?<\/p>\n<p><a href=\"https:\/\/www.gossip.it\/news\/monografia.php?keyword=Elisabetta Canalis\">Elisabetta Canalis<\/a> ha finalmente trovato Cupido. Festegger\u00e0 il 30 compleanno  il 12 settembre prossimo con l'uomo della sua vita. <i>\"Brinder\u00f2 a Parma con il mio fidanzato <a href=\"https:\/\/www.gossip.it\/news\/monografia.php?keyword=Reginaldo\">Reginaldo<\/a>, in barba a quelli che avevano annunciato la fine del nostro amore\"<\/i>, ha detto l'ex <a href=\"https:\/\/www.gossip.it\/news\/monografia.php?keyword=Velina\">Velina<\/a> in un'intervista rilasciata a Tu.<br \/>\nEli, per mettere un bel po' di carne a fuoco per i media ha anche aggiunto: <i>\"Prima poi lo sposo. Ci amiamo, non siamo solo 'bau bau, micio micio' come scrivono i giornali!\"<\/i>. Idee chiare sul futuro.<\/p>\n<p>Fine estate tenerissima per <a href=\"https:\/\/www.gossip.it\/news\/monografia.php?keyword=Teo Mammucari\">Teo Mammucari<\/a>. Il conduttore ha trascorso giorni di relax all'Isola del Giglio con la compagna <a href=\"https:\/\/www.gossip.it\/news\/monografia.php?keyword=Thais Wiggers\">Thais Wiggers<\/a> e la loro figlioletta <b>Julia<\/b>, nata lo scorso giugno. La brasiliana \u00e8 apparsa ancora un po' fuori forma, ma a una mamma si pu\u00f2 perdonare. L'allattamento non \u00e8 ancora finito. Per perdere i chili di troppo c'\u00e8 tempo.<\/p>\n<p>Foto: M.Bruni \u00a9 Gossip.it<\/p>\n","protected":false},"excerpt":{"rendered":"<p>Luned\u00ec prossimo partir\u00e0 la nuova edizione dell'Isola dei Famosi. Flavia Vento sar\u00e0 una dei naufraghi in Honduras. L'ex valletta 'in plexiglass' ha accettato di mettersi alla prova perch\u00e9 ha qualche sassolino dalle scarpe da togliersi. Ha dichiarato a Tv Sorrisi &#038; Canzoni: \"Faccio l'Isola per dimostrare che non sono una scema: sono una solare, che [&hellip;]<\/p>\n","protected":false},"author":1,"featured_media":80608,"comment_status":"closed","ping_status":"closed","sticky":false,"template":"","format":"standard","meta":{"footnotes":""},"categories":[54],"tags":[2154,2218,30005,2410,2102,29726,1905,2769,3620,3297,2095,14779,15046,1934,29361,2682,7551,30006,2097,6561],"vip":[649,761,1756],"class_list":["post-24561","post","type-post","status-publish","format-standard","has-post-thumbnail","hentry","category-news","tag-bebe","tag-calciatore","tag-ciavarro","tag-cinema","tag-dichiarazioni","tag-estate-2008","tag-figlia","tag-gossip-cinema","tag-gossip-sport","tag-gossip-tv","tag-isola-dei-famosi","tag-julia","tag-parma","tag-reality","tag-reginaldo","tag-sport","tag-teo-mammucari","tag-tumiotto","tag-tv","tag-velina","vip-elisabetta_canalis","vip-flavia_vento","vip-thais_wiggers"],"yoast_head":"<title>Flavia Vento, naufraga perch\u00e9 ha sale in zucca - Gossip.it | News sul Gossip e VIP<\/title>\n<meta name=\"description\" content=\"Luned\u00ec prossimo partir\u00e0 la nuova edizione dell&#039;Isola dei Famosi. Flavia Vento sar\u00e0 una dei naufraghi in Honduras. L&#039;ex valletta &#039;in plexiglass&#039; ha\" \/>\n<meta name=\"robots\" content=\"index, follow, max-snippet:-1, max-image-preview:large, max-video-preview:-1\" \/>\n<link rel=\"canonical\" href=\"https:\/\/www.gossip.it\/news\/flavia-vento-naufraga-perche-ha-sale-in-zucca\/\" \/>\n<meta property=\"og:locale\" content=\"it_IT\" \/>\n<meta property=\"og:type\" content=\"article\" \/>\n<meta property=\"og:title\" content=\"Flavia Vento, naufraga perch\u00e9 ha sale in zucca - Gossip.it | News sul Gossip e VIP\" \/>\n<meta property=\"og:description\" content=\"Luned\u00ec prossimo partir\u00e0 la nuova edizione dell&#039;Isola dei Famosi. Flavia Vento sar\u00e0 una dei naufraghi in Honduras. L&#039;ex valletta &#039;in plexiglass&#039; ha\" \/>\n<meta property=\"og:url\" content=\"https:\/\/www.gossip.it\/news\/flavia-vento-naufraga-perche-ha-sale-in-zucca\/\" \/>\n<meta property=\"og:site_name\" content=\"Gossip.it | News sul Gossip e VIP\" \/>\n<meta property=\"article:publisher\" content=\"https:\/\/www.facebook.com\/GossipIT\" \/>\n<meta property=\"article:published_time\" content=\"2008-09-09T22:00:00+00:00\" \/>\n<meta property=\"og:image\" content=\"https:\/\/www.gossip.it\/images5\/1221034849_flavia-vento.jpg\" \/>\n<meta name=\"author\" content=\"La Redazione\" \/>\n<meta name=\"twitter:card\" content=\"summary_large_image\" \/>\n<meta name=\"twitter:image\" content=\"https:\/\/www.gossip.it\/images5\/1221034849_flavia-vento.jpg\" \/>\n<meta name=\"twitter:creator\" content=\"@gossinews_it\" \/>\n<meta name=\"twitter:site\" content=\"@gossinews_it\" \/>\n<meta name=\"twitter:label1\" content=\"Scritto da\" \/>\n\t<meta name=\"twitter:data1\" content=\"Annamaria Capozzi\" \/>\n\t<meta name=\"twitter:label2\" content=\"Tempo di lettura stimato\" \/>\n\t<meta name=\"twitter:data2\" content=\"1 minuto\" \/>","yoast_head_json":{"title":"Flavia Vento, naufraga perch\u00e9 ha sale in zucca - Gossip.it | News sul Gossip e VIP","description":"Luned\u00ec prossimo partir\u00e0 la nuova edizione dell'Isola dei Famosi. Flavia Vento sar\u00e0 una dei naufraghi in Honduras. L'ex valletta 'in plexiglass' ha","robots":{"index":"index","follow":"follow","max-snippet":"max-snippet:-1","max-image-preview":"max-image-preview:large","max-video-preview":"max-video-preview:-1"},"canonical":"https:\/\/www.gossip.it\/news\/flavia-vento-naufraga-perche-ha-sale-in-zucca\/","og_locale":"it_IT","og_type":"article","og_title":"Flavia Vento, naufraga perch\u00e9 ha sale in zucca - Gossip.it | News sul Gossip e VIP","og_description":"Luned\u00ec prossimo partir\u00e0 la nuova edizione dell'Isola dei Famosi. Flavia Vento sar\u00e0 una dei naufraghi in Honduras. L'ex valletta 'in plexiglass' ha","og_url":"https:\/\/www.gossip.it\/news\/flavia-vento-naufraga-perche-ha-sale-in-zucca\/","og_site_name":"Gossip.it | News sul Gossip e VIP","article_publisher":"https:\/\/www.facebook.com\/GossipIT","article_published_time":"2008-09-09T22:00:00+00:00","og_image":[{"url":"https:\/\/www.gossip.it\/images5\/1221034849_flavia-vento.jpg"}],"author":"La Redazione","twitter_card":"summary_large_image","twitter_image":"https:\/\/www.gossip.it\/images5\/1221034849_flavia-vento.jpg","twitter_creator":"@gossinews_it","twitter_site":"@gossinews_it","twitter_misc":{"Scritto da":"Annamaria Capozzi","Tempo di lettura stimato":"1 minuto"},"schema":{"@context":"https:\/\/schema.org","@graph":[{"@type":"Article","@id":"https:\/\/www.gossip.it\/news\/flavia-vento-naufraga-perche-ha-sale-in-zucca\/#article","isPartOf":{"@id":"https:\/\/www.gossip.it\/news\/flavia-vento-naufraga-perche-ha-sale-in-zucca\/"},"author":{"name":"La Redazione","@id":"https:\/\/www.gossip.it\/#\/schema\/person\/488896f75158bff1cc83c6c39d141110"},"headline":"Flavia Vento, naufraga perch\u00e9 ha sale in zucca","datePublished":"2008-09-09T22:00:00+00:00","dateModified":"2008-09-09T22:00:00+00:00","mainEntityOfPage":{"@id":"https:\/\/www.gossip.it\/news\/flavia-vento-naufraga-perche-ha-sale-in-zucca\/"},"wordCount":291,"publisher":{"@id":"https:\/\/www.gossip.it\/#organization"},"image":{"@id":"https:\/\/www.gossip.it\/news\/flavia-vento-naufraga-perche-ha-sale-in-zucca\/#primaryimage"},"thumbnailUrl":"https:\/\/www.gossip.it\/images5\/1221034849_flavia-vento.jpg","keywords":["beb\u00e8","calciatore","ciavarro","cinema","dichiarazioni","estate 2008","figlia","gossip cinema","gossip sport","gossip.tv","isola dei famosi","julia","parma","reality","reginaldo","sport","teo mammucari","tumiotto","tv","velina"],"articleSection":["News"],"inLanguage":"it-IT"},{"@type":"WebPage","@id":"https:\/\/www.gossip.it\/news\/flavia-vento-naufraga-perche-ha-sale-in-zucca\/","url":"https:\/\/www.gossip.it\/news\/flavia-vento-naufraga-perche-ha-sale-in-zucca\/","name":"Flavia Vento, naufraga perch\u00e9 ha sale in zucca - Gossip.it | News sul Gossip e VIP","isPartOf":{"@id":"https:\/\/www.gossip.it\/#website"},"primaryImageOfPage":{"@id":"https:\/\/www.gossip.it\/news\/flavia-vento-naufraga-perche-ha-sale-in-zucca\/#primaryimage"},"image":{"@id":"https:\/\/www.gossip.it\/news\/flavia-vento-naufraga-perche-ha-sale-in-zucca\/#primaryimage"},"thumbnailUrl":"https:\/\/www.gossip.it\/images5\/1221034849_flavia-vento.jpg","datePublished":"2008-09-09T22:00:00+00:00","dateModified":"2008-09-09T22:00:00+00:00","description":"Luned\u00ec prossimo partir\u00e0 la nuova edizione dell'Isola dei Famosi. Flavia Vento sar\u00e0 una dei naufraghi in Honduras. L'ex valletta 'in plexiglass' ha","breadcrumb":{"@id":"https:\/\/www.gossip.it\/news\/flavia-vento-naufraga-perche-ha-sale-in-zucca\/#breadcrumb"},"inLanguage":"it-IT","potentialAction":[{"@type":"ReadAction","target":["https:\/\/www.gossip.it\/news\/flavia-vento-naufraga-perche-ha-sale-in-zucca\/"]}]},{"@type":"ImageObject","inLanguage":"it-IT","@id":"https:\/\/www.gossip.it\/news\/flavia-vento-naufraga-perche-ha-sale-in-zucca\/#primaryimage","url":"https:\/\/www.gossip.it\/images5\/1221034849_flavia-vento.jpg","contentUrl":"https:\/\/www.gossip.it\/images5\/1221034849_flavia-vento.jpg"},{"@type":"BreadcrumbList","@id":"https:\/\/www.gossip.it\/news\/flavia-vento-naufraga-perche-ha-sale-in-zucca\/#breadcrumb","itemListElement":[{"@type":"ListItem","position":1,"name":"Home","item":"https:\/\/www.gossip.it\/"},{"@type":"ListItem","position":2,"name":"Flavia Vento, naufraga perch\u00e9 ha sale in zucca"}]},{"@type":"WebSite","@id":"https:\/\/www.gossip.it\/#website","url":"https:\/\/www.gossip.it\/","name":"Gossip and VIP News","description":"Quotidiano di cronaca rosa, costume e societ\u00e0","publisher":{"@id":"https:\/\/www.gossip.it\/#organization"},"alternateName":"Gossip and VIP News","potentialAction":[{"@type":"SearchAction","target":{"@type":"EntryPoint","urlTemplate":"https:\/\/www.gossip.it\/?s={search_term_string}"},"query-input":{"@type":"PropertyValueSpecification","valueRequired":true,"valueName":"search_term_string"}}],"inLanguage":"it-IT"},{"@type":"Organization","@id":"https:\/\/www.gossip.it\/#organization","name":"Gossip and VIP News","alternateName":"Gossip News","url":"https:\/\/www.gossip.it\/","logo":{"@type":"ImageObject","inLanguage":"it-IT","@id":"https:\/\/www.gossip.it\/#\/schema\/logo\/image\/","url":"https:\/\/www.gossip.it\/wp-content\/uploads\/2022\/04\/cropped-corna-alta-tiny.png","contentUrl":"https:\/\/www.gossip.it\/wp-content\/uploads\/2022\/04\/cropped-corna-alta-tiny.png","width":512,"height":512,"caption":"Gossip and VIP News"},"image":{"@id":"https:\/\/www.gossip.it\/#\/schema\/logo\/image\/"},"sameAs":["https:\/\/www.facebook.com\/GossipIT","https:\/\/x.com\/gossinews_it","https:\/\/instagram.com\/gossip_it"]},{"@type":"Person","@id":"https:\/\/www.gossip.it\/#\/schema\/person\/488896f75158bff1cc83c6c39d141110","name":"La Redazione","image":{"@type":"ImageObject","inLanguage":"it-IT","@id":"https:\/\/www.gossip.it\/#\/schema\/person\/image\/","url":"https:\/\/secure.gravatar.com\/avatar\/5a5f5c6fa3e6700e4249abdad0263a1e94e927d9e0499b1cb09c1cd29c044d80?s=96&d=mm&r=g","contentUrl":"https:\/\/secure.gravatar.com\/avatar\/5a5f5c6fa3e6700e4249abdad0263a1e94e927d9e0499b1cb09c1cd29c044d80?s=96&d=mm&r=g","caption":"La Redazione"},"sameAs":["https:\/\/www.gossip.it"]}]}},"amp_enabled":true,"_links":{"self":[{"href":"https:\/\/www.gossip.it\/api\/wp\/v2\/posts\/24561","targetHints":{"allow":["GET"]}}],"collection":[{"href":"https:\/\/www.gossip.it\/api\/wp\/v2\/posts"}],"about":[{"href":"https:\/\/www.gossip.it\/api\/wp\/v2\/types\/post"}],"author":[{"embeddable":true,"href":"https:\/\/www.gossip.it\/api\/wp\/v2\/users\/1"}],"replies":[{"embeddable":true,"href":"https:\/\/www.gossip.it\/api\/wp\/v2\/comments?post=24561"}],"version-history":[{"count":0,"href":"https:\/\/www.gossip.it\/api\/wp\/v2\/posts\/24561\/revisions"}],"wp:featuredmedia":[{"embeddable":true,"href":"https:\/\/www.gossip.it\/api\/wp\/v2\/media\/80608"}],"wp:attachment":[{"href":"https:\/\/www.gossip.it\/api\/wp\/v2\/media?parent=24561"}],"wp:term":[{"taxonomy":"category","embeddable":true,"href":"https:\/\/www.gossip.it\/api\/wp\/v2\/categories?post=24561"},{"taxonomy":"post_tag","embeddable":true,"href":"https:\/\/www.gossip.it\/api\/wp\/v2\/tags?post=24561"},{"taxonomy":"vip","embeddable":true,"href":"https:\/\/www.gossip.it\/api\/wp\/v2\/vip?post=24561"}],"curies":[{"name":"wp","href":"https:\/\/api.w.org\/{rel}","templated":true}]}}