{"id":25417,"date":"2009-02-13T00:00:00","date_gmt":"2009-02-12T23:00:00","guid":{"rendered":"https:\/\/www.gossip.it\/senza-categoria\/neri-amendola-il-tempo-delle-nozze\/"},"modified":"2009-02-13T00:00:00","modified_gmt":"2009-02-12T23:00:00","slug":"neri-amendola-il-tempo-delle-nozze","status":"publish","type":"post","link":"https:\/\/www.gossip.it\/news\/neri-amendola-il-tempo-delle-nozze\/","title":{"rendered":"Neri-Amendola, il tempo delle nozze"},"content":{"rendered":"<p>Ne parlavano gi\u00e0 da un anno, ma per pigrizia, parole loro, rimandavano. Ora, per\u00f2, per <a href=\"https:\/\/www.gossip.it\/news\/monografia.php?keyword=Claudio Amendola\">Claudio Amendola<\/a> e <a href=\"https:\/\/www.gossip.it\/news\/monografia.php?keyword=Francesca Neri\">Francesca Neri<\/a> \u00e8 arrivato il tempo delle <a href=\"https:\/\/www.gossip.it\/news\/monografia.php?keyword=nozze\">nozze<\/a>. L'<a href=\"https:\/\/www.gossip.it\/news\/monografia.php?keyword=attore\">attore<\/a> e conduttore l'ha confessato al <b>Chiambretti Night<\/b>.<br \/>\nDopo undici anni trascorsi insieme e uno splendido figlio di nove anni, <b>Rocco<\/b>, la coppia andr\u00e0 all'altare a maggio prossimo. Non c'\u00e8 ancora una data precisa, almeno non l'ha chiarita il Cesarone, ma il si, quello \u00e8 certo, avver\u00e0.<\/p>\n<p>Alla fine ce l'ha fatta <a href=\"https:\/\/www.gossip.it\/news\/monografia.php?keyword=Matteo Marzotto\">Matteo Marzotto<\/a>. Lo scapolo d'oro <i>'made in Italy'<\/i>, dopo un assiduo corteggiamento, \u00e8 stato pizzicato dai paparazzi con <a href=\"https:\/\/www.gossip.it\/news\/monografia.php?keyword=Caterina Balivo\">Caterina Balivo<\/a> e gi\u00e0 sono in molti a sussurrare che il <a href=\"https:\/\/www.gossip.it\/news\/monografia.php?keyword=flirt\">flirt<\/a> c'\u00e8 ed \u00e8 ben pi\u00f9 importante di quel che sembra. La conduttrice durante l'ultima puntata di <b>\"Dimmi la verit\u00e0\"<\/b>, alla domanda di <a href=\"https:\/\/www.gossip.it\/news\/monografia.php?keyword=Costantino Vitagliano\">Costantino Vitagliano<\/a>: <i>\"Ma il tuo fidanzato dov'\u00e9?\"<\/i>, ha risposto sorridendo: <i>\"Mi ha mollata...\"<\/i>. Ma per una porta che si chiude, c'\u00e8 sempre un portone che si apre. E Miss Balivo, evidentemente, ha deciso di entrarci dentro con tutte le scarpe...<\/p>\n<p>E' amore tra <a href=\"https:\/\/www.gossip.it\/news\/monografia.php?keyword=Stefano Bettarini\">Stefano Bettarini<\/a> e <a href=\"https:\/\/www.gossip.it\/news\/monografia.php?keyword=Samanta Togni\">Samanta Togni<\/a>? Chiss\u00e0. L'ex <a href=\"https:\/\/www.gossip.it\/news\/monografia.php?keyword=calciatore\">calciatore<\/a>, dopo essere stato flashato pi\u00f9 volte insieme alla sua insegnante di ballo, ammette che il feeling c'\u00e8. <i>\"E' vero, c\u2019\u00e8 un\u2019intesa profonda. Quello che si vede in tv \u00e8 esattamente quello che sentiamo, non c\u2019\u00e8 nulla di artificiale o di simulato per fare audience<\/i> - ha spiegato Stefano a <i>Oggi<\/i> - <i>Sembriamo affiatati perch\u00e9 lo siamo davvero Se me lo avessero detto non ci avrei creduto ma, in effetti, \u00e8 proprio cos\u00ec. Ballare significa imparare un nuovo linguaggio del corpo, significa abbandonarsi all'istinto. Se ce la fai, si avvera una magia: scopri di essere tutt'uno con la tua compagna. Con Samanta sto bene perch\u00e9 \u00e8 una ragazza semplice che ogni mattina si alza alle sei per portare suo figlio a scuola. Poi prende il treno da Terni, dove abita, e viene fino a Roma per fare gli allenamenti. Io la chiamo \"rustichella\" perch\u00e9 \u00e8 un maschiaccio quando non balla. \u00c8 l'antitesi della donna artefatta. E poi apprezzo tantissimo il suo senso di responsabilit\u00e0, la sua seriet\u00e0, la passione che ha per il lavoro e i sacrifici di cui \u00e8 capace per continuare a farlo\"<\/i>. Fidanzamento ufficiale in vista?<\/p>\n<p>Foto: Kikapress.com \u00a9 Gossip.it<\/p>\n","protected":false},"excerpt":{"rendered":"<p>Ne parlavano gi\u00e0 da un anno, ma per pigrizia, parole loro, rimandavano. Ora, per\u00f2, per Claudio Amendola e Francesca Neri \u00e8 arrivato il tempo delle nozze. L'attore e conduttore l'ha confessato al Chiambretti Night. Dopo undici anni trascorsi insieme e uno splendido figlio di nove anni, Rocco, la coppia andr\u00e0 all'altare a maggio prossimo. Non [&hellip;]<\/p>\n","protected":false},"author":1,"featured_media":81464,"comment_status":"closed","ping_status":"closed","sticky":false,"template":"","format":"standard","meta":{"footnotes":""},"categories":[54],"tags":[30755,2410,1992,30754,2220,2769,3297,3075,1950,2216,2097],"vip":[466,510,780,1312,1648,1729],"class_list":["post-25417","post","type-post","status-publish","format-standard","has-post-thumbnail","hentry","category-news","tag-ballando-con-le-stelle-flirt","tag-cinema","tag-conduttrice","tag-dimmi-la-verita","tag-fiori-darancio","tag-gossip-cinema","tag-gossip-tv","tag-liaison","tag-matrimonio","tag-nozze","tag-tv","vip-caterina_balivo","vip-claudio_amendola","vip-francesca_neri","vip-matteo_marzotto","vip-samanta_togni","vip-stefano_bettarini"],"yoast_head":"<title>Neri-Amendola, il tempo delle nozze - Gossip.it | News sul Gossip e VIP<\/title>\n<meta name=\"description\" content=\"Ne parlavano gi\u00e0 da un anno, ma per pigrizia, parole loro, rimandavano. Ora, per\u00f2, per Claudio Amendola e Francesca Neri \u00e8 arrivato il tempo delle nozze.\" \/>\n<meta name=\"robots\" content=\"index, follow, max-snippet:-1, max-image-preview:large, max-video-preview:-1\" \/>\n<link rel=\"canonical\" href=\"https:\/\/www.gossip.it\/news\/neri-amendola-il-tempo-delle-nozze\/\" \/>\n<meta property=\"og:locale\" content=\"it_IT\" \/>\n<meta property=\"og:type\" content=\"article\" \/>\n<meta property=\"og:title\" content=\"Neri-Amendola, il tempo delle nozze - Gossip.it | News sul Gossip e VIP\" \/>\n<meta property=\"og:description\" content=\"Ne parlavano gi\u00e0 da un anno, ma per pigrizia, parole loro, rimandavano. Ora, per\u00f2, per Claudio Amendola e Francesca Neri \u00e8 arrivato il tempo delle nozze.\" \/>\n<meta property=\"og:url\" content=\"https:\/\/www.gossip.it\/news\/neri-amendola-il-tempo-delle-nozze\/\" \/>\n<meta property=\"og:site_name\" content=\"Gossip.it | News sul Gossip e VIP\" \/>\n<meta property=\"article:publisher\" content=\"https:\/\/www.facebook.com\/GossipIT\" \/>\n<meta property=\"article:published_time\" content=\"2009-02-12T23:00:00+00:00\" \/>\n<meta property=\"og:image\" content=\"https:\/\/www.gossip.it\/images5\/1234513480_claudio-amendola-francesca-neri.jpg\" \/>\n<meta name=\"author\" content=\"La Redazione\" \/>\n<meta name=\"twitter:card\" content=\"summary_large_image\" \/>\n<meta name=\"twitter:image\" content=\"https:\/\/www.gossip.it\/images5\/1234513480_claudio-amendola-francesca-neri.jpg\" \/>\n<meta name=\"twitter:creator\" content=\"@gossinews_it\" \/>\n<meta name=\"twitter:site\" content=\"@gossinews_it\" \/>\n<meta name=\"twitter:label1\" content=\"Scritto da\" \/>\n\t<meta name=\"twitter:data1\" content=\"Annamaria Capozzi\" \/>\n\t<meta name=\"twitter:label2\" content=\"Tempo di lettura stimato\" \/>\n\t<meta name=\"twitter:data2\" content=\"2 minuti\" \/>","yoast_head_json":{"title":"Neri-Amendola, il tempo delle nozze - Gossip.it | News sul Gossip e VIP","description":"Ne parlavano gi\u00e0 da un anno, ma per pigrizia, parole loro, rimandavano. Ora, per\u00f2, per Claudio Amendola e Francesca Neri \u00e8 arrivato il tempo delle nozze.","robots":{"index":"index","follow":"follow","max-snippet":"max-snippet:-1","max-image-preview":"max-image-preview:large","max-video-preview":"max-video-preview:-1"},"canonical":"https:\/\/www.gossip.it\/news\/neri-amendola-il-tempo-delle-nozze\/","og_locale":"it_IT","og_type":"article","og_title":"Neri-Amendola, il tempo delle nozze - Gossip.it | News sul Gossip e VIP","og_description":"Ne parlavano gi\u00e0 da un anno, ma per pigrizia, parole loro, rimandavano. Ora, per\u00f2, per Claudio Amendola e Francesca Neri \u00e8 arrivato il tempo delle nozze.","og_url":"https:\/\/www.gossip.it\/news\/neri-amendola-il-tempo-delle-nozze\/","og_site_name":"Gossip.it | News sul Gossip e VIP","article_publisher":"https:\/\/www.facebook.com\/GossipIT","article_published_time":"2009-02-12T23:00:00+00:00","og_image":[{"url":"https:\/\/www.gossip.it\/images5\/1234513480_claudio-amendola-francesca-neri.jpg"}],"author":"La Redazione","twitter_card":"summary_large_image","twitter_image":"https:\/\/www.gossip.it\/images5\/1234513480_claudio-amendola-francesca-neri.jpg","twitter_creator":"@gossinews_it","twitter_site":"@gossinews_it","twitter_misc":{"Scritto da":"Annamaria Capozzi","Tempo di lettura stimato":"2 minuti"},"schema":{"@context":"https:\/\/schema.org","@graph":[{"@type":"Article","@id":"https:\/\/www.gossip.it\/news\/neri-amendola-il-tempo-delle-nozze\/#article","isPartOf":{"@id":"https:\/\/www.gossip.it\/news\/neri-amendola-il-tempo-delle-nozze\/"},"author":{"name":"La Redazione","@id":"https:\/\/www.gossip.it\/#\/schema\/person\/488896f75158bff1cc83c6c39d141110"},"headline":"Neri-Amendola, il tempo delle nozze","datePublished":"2009-02-12T23:00:00+00:00","dateModified":"2009-02-12T23:00:00+00:00","mainEntityOfPage":{"@id":"https:\/\/www.gossip.it\/news\/neri-amendola-il-tempo-delle-nozze\/"},"wordCount":381,"publisher":{"@id":"https:\/\/www.gossip.it\/#organization"},"image":{"@id":"https:\/\/www.gossip.it\/news\/neri-amendola-il-tempo-delle-nozze\/#primaryimage"},"thumbnailUrl":"https:\/\/www.gossip.it\/images5\/1234513480_claudio-amendola-francesca-neri.jpg","keywords":["ballando con le stelle flirt","cinema","conduttrice","dimmi la verit\u00e0","fiori d&#039;arancio","gossip cinema","gossip.tv","liaison","matrimonio","nozze","tv"],"articleSection":["News"],"inLanguage":"it-IT"},{"@type":"WebPage","@id":"https:\/\/www.gossip.it\/news\/neri-amendola-il-tempo-delle-nozze\/","url":"https:\/\/www.gossip.it\/news\/neri-amendola-il-tempo-delle-nozze\/","name":"Neri-Amendola, il tempo delle nozze - Gossip.it | News sul Gossip e VIP","isPartOf":{"@id":"https:\/\/www.gossip.it\/#website"},"primaryImageOfPage":{"@id":"https:\/\/www.gossip.it\/news\/neri-amendola-il-tempo-delle-nozze\/#primaryimage"},"image":{"@id":"https:\/\/www.gossip.it\/news\/neri-amendola-il-tempo-delle-nozze\/#primaryimage"},"thumbnailUrl":"https:\/\/www.gossip.it\/images5\/1234513480_claudio-amendola-francesca-neri.jpg","datePublished":"2009-02-12T23:00:00+00:00","dateModified":"2009-02-12T23:00:00+00:00","description":"Ne parlavano gi\u00e0 da un anno, ma per pigrizia, parole loro, rimandavano. Ora, per\u00f2, per Claudio Amendola e Francesca Neri \u00e8 arrivato il tempo delle nozze.","breadcrumb":{"@id":"https:\/\/www.gossip.it\/news\/neri-amendola-il-tempo-delle-nozze\/#breadcrumb"},"inLanguage":"it-IT","potentialAction":[{"@type":"ReadAction","target":["https:\/\/www.gossip.it\/news\/neri-amendola-il-tempo-delle-nozze\/"]}]},{"@type":"ImageObject","inLanguage":"it-IT","@id":"https:\/\/www.gossip.it\/news\/neri-amendola-il-tempo-delle-nozze\/#primaryimage","url":"https:\/\/www.gossip.it\/images5\/1234513480_claudio-amendola-francesca-neri.jpg","contentUrl":"https:\/\/www.gossip.it\/images5\/1234513480_claudio-amendola-francesca-neri.jpg"},{"@type":"BreadcrumbList","@id":"https:\/\/www.gossip.it\/news\/neri-amendola-il-tempo-delle-nozze\/#breadcrumb","itemListElement":[{"@type":"ListItem","position":1,"name":"Home","item":"https:\/\/www.gossip.it\/"},{"@type":"ListItem","position":2,"name":"Neri-Amendola, il tempo delle nozze"}]},{"@type":"WebSite","@id":"https:\/\/www.gossip.it\/#website","url":"https:\/\/www.gossip.it\/","name":"Gossip and VIP News","description":"Quotidiano di cronaca rosa, costume e societ\u00e0","publisher":{"@id":"https:\/\/www.gossip.it\/#organization"},"alternateName":"Gossip and VIP News","potentialAction":[{"@type":"SearchAction","target":{"@type":"EntryPoint","urlTemplate":"https:\/\/www.gossip.it\/?s={search_term_string}"},"query-input":{"@type":"PropertyValueSpecification","valueRequired":true,"valueName":"search_term_string"}}],"inLanguage":"it-IT"},{"@type":"Organization","@id":"https:\/\/www.gossip.it\/#organization","name":"Gossip and VIP News","alternateName":"Gossip News","url":"https:\/\/www.gossip.it\/","logo":{"@type":"ImageObject","inLanguage":"it-IT","@id":"https:\/\/www.gossip.it\/#\/schema\/logo\/image\/","url":"https:\/\/www.gossip.it\/wp-content\/uploads\/2022\/04\/cropped-corna-alta-tiny.png","contentUrl":"https:\/\/www.gossip.it\/wp-content\/uploads\/2022\/04\/cropped-corna-alta-tiny.png","width":512,"height":512,"caption":"Gossip and VIP News"},"image":{"@id":"https:\/\/www.gossip.it\/#\/schema\/logo\/image\/"},"sameAs":["https:\/\/www.facebook.com\/GossipIT","https:\/\/x.com\/gossinews_it","https:\/\/instagram.com\/gossip_it"]},{"@type":"Person","@id":"https:\/\/www.gossip.it\/#\/schema\/person\/488896f75158bff1cc83c6c39d141110","name":"La Redazione","image":{"@type":"ImageObject","inLanguage":"it-IT","@id":"https:\/\/www.gossip.it\/#\/schema\/person\/image\/","url":"https:\/\/secure.gravatar.com\/avatar\/5a5f5c6fa3e6700e4249abdad0263a1e94e927d9e0499b1cb09c1cd29c044d80?s=96&d=mm&r=g","contentUrl":"https:\/\/secure.gravatar.com\/avatar\/5a5f5c6fa3e6700e4249abdad0263a1e94e927d9e0499b1cb09c1cd29c044d80?s=96&d=mm&r=g","caption":"La Redazione"},"sameAs":["https:\/\/www.gossip.it"]}]}},"amp_enabled":true,"_links":{"self":[{"href":"https:\/\/www.gossip.it\/api\/wp\/v2\/posts\/25417","targetHints":{"allow":["GET"]}}],"collection":[{"href":"https:\/\/www.gossip.it\/api\/wp\/v2\/posts"}],"about":[{"href":"https:\/\/www.gossip.it\/api\/wp\/v2\/types\/post"}],"author":[{"embeddable":true,"href":"https:\/\/www.gossip.it\/api\/wp\/v2\/users\/1"}],"replies":[{"embeddable":true,"href":"https:\/\/www.gossip.it\/api\/wp\/v2\/comments?post=25417"}],"version-history":[{"count":0,"href":"https:\/\/www.gossip.it\/api\/wp\/v2\/posts\/25417\/revisions"}],"wp:featuredmedia":[{"embeddable":true,"href":"https:\/\/www.gossip.it\/api\/wp\/v2\/media\/81464"}],"wp:attachment":[{"href":"https:\/\/www.gossip.it\/api\/wp\/v2\/media?parent=25417"}],"wp:term":[{"taxonomy":"category","embeddable":true,"href":"https:\/\/www.gossip.it\/api\/wp\/v2\/categories?post=25417"},{"taxonomy":"post_tag","embeddable":true,"href":"https:\/\/www.gossip.it\/api\/wp\/v2\/tags?post=25417"},{"taxonomy":"vip","embeddable":true,"href":"https:\/\/www.gossip.it\/api\/wp\/v2\/vip?post=25417"}],"curies":[{"name":"wp","href":"https:\/\/api.w.org\/{rel}","templated":true}]}}