{"id":26051,"date":"2009-06-09T00:00:00","date_gmt":"2009-06-08T22:00:00","guid":{"rendered":"https:\/\/www.gossip.it\/senza-categoria\/laura-drzewicka-del-gf9-un-calendario-di-lusso\/"},"modified":"2009-06-09T00:00:00","modified_gmt":"2009-06-08T22:00:00","slug":"laura-drzewicka-del-gf9-un-calendario-di-lusso","status":"publish","type":"post","link":"https:\/\/www.gossip.it\/news\/laura-drzewicka-del-gf9-un-calendario-di-lusso\/","title":{"rendered":"Laura Drzewicka del GF9, un calendario di lusso"},"content":{"rendered":"<p>Non solo tette. Dopo l'annuncio del <a href=\"https:\/\/www.gossip.it\/news\/monografia.php?keyword=caledario\">caledario<\/a> di <a href=\"https:\/\/www.gossip.it\/news\/monografia.php?keyword=Cristina Del Basso\">Cristina Del Basso<\/a>, firmato <b>Mediaset<\/b>, ecco un'altra gieffina della nona edizione a finire senza veli. Si tratta della biondissima <a href=\"https:\/\/www.gossip.it\/news\/monografia.php?keyword=Laura Dzewicka\">Laura Dzewicka<\/a>, la giovane polacca met\u00e0 Barbie e met\u00e0 <a href=\"https:\/\/www.gossip.it\/news\/monografia.php?keyword=Paris Hilton\">Paris Hilton<\/a> che inciuciava pro media con il surfista romano <b>Vittorio<\/b> e non solo.<br \/>\nLa sexy girl il prossimo luglio poser\u00e0 come mamma l'ha fatta. Saranno dodici mesi nel lusso pi\u00f9 sfrenato, come svela <i>Leggo<\/i>, perch\u00e8 le curve di Laura avranno come sfondo un jet privato, Ferrari, Rolls Royce e chi pi\u00f9 ne ha pi\u00f9 ne metta. Del resto non c'era cornice pi\u00f9 adatta alla ragazza che nella Casa ha dichiarato senza peli sulla lingua quanto le piacesse il colore dei soldi, no?<\/p>\n<p><a href=\"https:\/\/www.gossip.it\/news\/monografia.php?keyword=Laura Barriales\">Laura Barriales<\/a> solo qualche settimana fa ha confessato che con <a href=\"https:\/\/www.gossip.it\/news\/monografia.php?keyword=Simone Inzaghi\">Simone Inzaghi<\/a> era davvero finita: <i>\"Ci siamo lasciati da due mesi\"<\/i>. La bella spagnola, per\u00f2, non ha proprio detto tutto. E' da tempo che la si vede in giro con un misterioso accompagnatore. <i>Vip<\/i> l'ha immortalata insieme al moretto e altri amici a cena e poi in discoteca. Sar\u00e0 lui la vera causa della rottura? Altro che distanza...<\/p>\n<p>Foto: C.Mangiarotti \u00a9 Gossip.it<\/p>\n","protected":false},"excerpt":{"rendered":"<p>Non solo tette. Dopo l'annuncio del caledario di Cristina Del Basso, firmato Mediaset, ecco un'altra gieffina della nona edizione a finire senza veli. Si tratta della biondissima Laura Dzewicka, la giovane polacca met\u00e0 Barbie e met\u00e0 Paris Hilton che inciuciava pro media con il surfista romano Vittorio e non solo. La sexy girl il prossimo [&hellip;]<\/p>\n","protected":false},"author":1,"featured_media":82098,"comment_status":"closed","ping_status":"closed","sticky":false,"template":"","format":"standard","meta":{"footnotes":""},"categories":[54],"tags":[14683,2218,2911,2106,5032,3297,3680,4144,2454,11689,2097],"vip":[542,1076,1079],"class_list":["post-26051","post","type-post","status-publish","format-standard","has-post-thumbnail","hentry","category-news","tag-addi","tag-calciatore","tag-calendario","tag-gf","tag-gf9","tag-gossip-tv","tag-rottura","tag-separazione","tag-sexy","tag-simone-inzaghi","tag-tv","vip-cristina_del_basso","vip-laura_barriales","vip-laura_drzewicka"],"yoast_head":"<title>Laura Drzewicka del GF9, un calendario di lusso - Gossip.it | News sul Gossip e VIP<\/title>\n<meta name=\"description\" content=\"Non solo tette. Dopo l&#039;annuncio del caledario di Cristina Del Basso, firmato Mediaset, ecco un&#039;altra gieffina della nona edizione a finire senza veli. Si\" \/>\n<meta name=\"robots\" content=\"index, follow, max-snippet:-1, max-image-preview:large, max-video-preview:-1\" \/>\n<link rel=\"canonical\" href=\"https:\/\/www.gossip.it\/news\/laura-drzewicka-del-gf9-un-calendario-di-lusso\/\" \/>\n<meta property=\"og:locale\" content=\"it_IT\" \/>\n<meta property=\"og:type\" content=\"article\" \/>\n<meta property=\"og:title\" content=\"Laura Drzewicka del GF9, un calendario di lusso - Gossip.it | News sul Gossip e VIP\" \/>\n<meta property=\"og:description\" content=\"Non solo tette. Dopo l&#039;annuncio del caledario di Cristina Del Basso, firmato Mediaset, ecco un&#039;altra gieffina della nona edizione a finire senza veli. Si\" \/>\n<meta property=\"og:url\" content=\"https:\/\/www.gossip.it\/news\/laura-drzewicka-del-gf9-un-calendario-di-lusso\/\" \/>\n<meta property=\"og:site_name\" content=\"Gossip.it | News sul Gossip e VIP\" \/>\n<meta property=\"article:publisher\" content=\"https:\/\/www.facebook.com\/GossipIT\" \/>\n<meta property=\"article:published_time\" content=\"2009-06-08T22:00:00+00:00\" \/>\n<meta property=\"og:image\" content=\"https:\/\/www.gossip.it\/images5\/1244532405_laura-drzewicka.jpg\" \/>\n<meta name=\"author\" content=\"La Redazione\" \/>\n<meta name=\"twitter:card\" content=\"summary_large_image\" \/>\n<meta name=\"twitter:image\" content=\"https:\/\/www.gossip.it\/images5\/1244532405_laura-drzewicka.jpg\" \/>\n<meta name=\"twitter:creator\" content=\"@gossinews_it\" \/>\n<meta name=\"twitter:site\" content=\"@gossinews_it\" \/>\n<meta name=\"twitter:label1\" content=\"Scritto da\" \/>\n\t<meta name=\"twitter:data1\" content=\"Annamaria Capozzi\" \/>\n\t<meta name=\"twitter:label2\" content=\"Tempo di lettura stimato\" \/>\n\t<meta name=\"twitter:data2\" content=\"1 minuto\" \/>","yoast_head_json":{"title":"Laura Drzewicka del GF9, un calendario di lusso - Gossip.it | News sul Gossip e VIP","description":"Non solo tette. Dopo l'annuncio del caledario di Cristina Del Basso, firmato Mediaset, ecco un'altra gieffina della nona edizione a finire senza veli. Si","robots":{"index":"index","follow":"follow","max-snippet":"max-snippet:-1","max-image-preview":"max-image-preview:large","max-video-preview":"max-video-preview:-1"},"canonical":"https:\/\/www.gossip.it\/news\/laura-drzewicka-del-gf9-un-calendario-di-lusso\/","og_locale":"it_IT","og_type":"article","og_title":"Laura Drzewicka del GF9, un calendario di lusso - Gossip.it | News sul Gossip e VIP","og_description":"Non solo tette. Dopo l'annuncio del caledario di Cristina Del Basso, firmato Mediaset, ecco un'altra gieffina della nona edizione a finire senza veli. Si","og_url":"https:\/\/www.gossip.it\/news\/laura-drzewicka-del-gf9-un-calendario-di-lusso\/","og_site_name":"Gossip.it | News sul Gossip e VIP","article_publisher":"https:\/\/www.facebook.com\/GossipIT","article_published_time":"2009-06-08T22:00:00+00:00","og_image":[{"url":"https:\/\/www.gossip.it\/images5\/1244532405_laura-drzewicka.jpg"}],"author":"La Redazione","twitter_card":"summary_large_image","twitter_image":"https:\/\/www.gossip.it\/images5\/1244532405_laura-drzewicka.jpg","twitter_creator":"@gossinews_it","twitter_site":"@gossinews_it","twitter_misc":{"Scritto da":"Annamaria Capozzi","Tempo di lettura stimato":"1 minuto"},"schema":{"@context":"https:\/\/schema.org","@graph":[{"@type":"Article","@id":"https:\/\/www.gossip.it\/news\/laura-drzewicka-del-gf9-un-calendario-di-lusso\/#article","isPartOf":{"@id":"https:\/\/www.gossip.it\/news\/laura-drzewicka-del-gf9-un-calendario-di-lusso\/"},"author":{"name":"La Redazione","@id":"https:\/\/www.gossip.it\/#\/schema\/person\/488896f75158bff1cc83c6c39d141110"},"headline":"Laura Drzewicka del GF9, un calendario di lusso","datePublished":"2009-06-08T22:00:00+00:00","dateModified":"2009-06-08T22:00:00+00:00","mainEntityOfPage":{"@id":"https:\/\/www.gossip.it\/news\/laura-drzewicka-del-gf9-un-calendario-di-lusso\/"},"wordCount":205,"publisher":{"@id":"https:\/\/www.gossip.it\/#organization"},"image":{"@id":"https:\/\/www.gossip.it\/news\/laura-drzewicka-del-gf9-un-calendario-di-lusso\/#primaryimage"},"thumbnailUrl":"https:\/\/www.gossip.it\/images5\/1244532405_laura-drzewicka.jpg","keywords":["addi","calciatore","calendario","gf","gf9","gossip.tv","rottura","separazione","sexy","simone inzaghi","tv"],"articleSection":["News"],"inLanguage":"it-IT"},{"@type":"WebPage","@id":"https:\/\/www.gossip.it\/news\/laura-drzewicka-del-gf9-un-calendario-di-lusso\/","url":"https:\/\/www.gossip.it\/news\/laura-drzewicka-del-gf9-un-calendario-di-lusso\/","name":"Laura Drzewicka del GF9, un calendario di lusso - Gossip.it | News sul Gossip e VIP","isPartOf":{"@id":"https:\/\/www.gossip.it\/#website"},"primaryImageOfPage":{"@id":"https:\/\/www.gossip.it\/news\/laura-drzewicka-del-gf9-un-calendario-di-lusso\/#primaryimage"},"image":{"@id":"https:\/\/www.gossip.it\/news\/laura-drzewicka-del-gf9-un-calendario-di-lusso\/#primaryimage"},"thumbnailUrl":"https:\/\/www.gossip.it\/images5\/1244532405_laura-drzewicka.jpg","datePublished":"2009-06-08T22:00:00+00:00","dateModified":"2009-06-08T22:00:00+00:00","description":"Non solo tette. Dopo l'annuncio del caledario di Cristina Del Basso, firmato Mediaset, ecco un'altra gieffina della nona edizione a finire senza veli. Si","breadcrumb":{"@id":"https:\/\/www.gossip.it\/news\/laura-drzewicka-del-gf9-un-calendario-di-lusso\/#breadcrumb"},"inLanguage":"it-IT","potentialAction":[{"@type":"ReadAction","target":["https:\/\/www.gossip.it\/news\/laura-drzewicka-del-gf9-un-calendario-di-lusso\/"]}]},{"@type":"ImageObject","inLanguage":"it-IT","@id":"https:\/\/www.gossip.it\/news\/laura-drzewicka-del-gf9-un-calendario-di-lusso\/#primaryimage","url":"https:\/\/www.gossip.it\/images5\/1244532405_laura-drzewicka.jpg","contentUrl":"https:\/\/www.gossip.it\/images5\/1244532405_laura-drzewicka.jpg"},{"@type":"BreadcrumbList","@id":"https:\/\/www.gossip.it\/news\/laura-drzewicka-del-gf9-un-calendario-di-lusso\/#breadcrumb","itemListElement":[{"@type":"ListItem","position":1,"name":"Home","item":"https:\/\/www.gossip.it\/"},{"@type":"ListItem","position":2,"name":"Laura Drzewicka del GF9, un calendario di lusso"}]},{"@type":"WebSite","@id":"https:\/\/www.gossip.it\/#website","url":"https:\/\/www.gossip.it\/","name":"Gossip and VIP News","description":"Quotidiano di cronaca rosa, costume e societ\u00e0","publisher":{"@id":"https:\/\/www.gossip.it\/#organization"},"alternateName":"Gossip and VIP News","potentialAction":[{"@type":"SearchAction","target":{"@type":"EntryPoint","urlTemplate":"https:\/\/www.gossip.it\/?s={search_term_string}"},"query-input":{"@type":"PropertyValueSpecification","valueRequired":true,"valueName":"search_term_string"}}],"inLanguage":"it-IT"},{"@type":"Organization","@id":"https:\/\/www.gossip.it\/#organization","name":"Gossip and VIP News","alternateName":"Gossip News","url":"https:\/\/www.gossip.it\/","logo":{"@type":"ImageObject","inLanguage":"it-IT","@id":"https:\/\/www.gossip.it\/#\/schema\/logo\/image\/","url":"https:\/\/www.gossip.it\/wp-content\/uploads\/2022\/04\/cropped-corna-alta-tiny.png","contentUrl":"https:\/\/www.gossip.it\/wp-content\/uploads\/2022\/04\/cropped-corna-alta-tiny.png","width":512,"height":512,"caption":"Gossip and VIP News"},"image":{"@id":"https:\/\/www.gossip.it\/#\/schema\/logo\/image\/"},"sameAs":["https:\/\/www.facebook.com\/GossipIT","https:\/\/x.com\/gossinews_it","https:\/\/instagram.com\/gossip_it"]},{"@type":"Person","@id":"https:\/\/www.gossip.it\/#\/schema\/person\/488896f75158bff1cc83c6c39d141110","name":"La Redazione","image":{"@type":"ImageObject","inLanguage":"it-IT","@id":"https:\/\/www.gossip.it\/#\/schema\/person\/image\/","url":"https:\/\/secure.gravatar.com\/avatar\/5a5f5c6fa3e6700e4249abdad0263a1e94e927d9e0499b1cb09c1cd29c044d80?s=96&d=mm&r=g","contentUrl":"https:\/\/secure.gravatar.com\/avatar\/5a5f5c6fa3e6700e4249abdad0263a1e94e927d9e0499b1cb09c1cd29c044d80?s=96&d=mm&r=g","caption":"La Redazione"},"sameAs":["https:\/\/www.gossip.it"]}]}},"amp_enabled":true,"_links":{"self":[{"href":"https:\/\/www.gossip.it\/api\/wp\/v2\/posts\/26051","targetHints":{"allow":["GET"]}}],"collection":[{"href":"https:\/\/www.gossip.it\/api\/wp\/v2\/posts"}],"about":[{"href":"https:\/\/www.gossip.it\/api\/wp\/v2\/types\/post"}],"author":[{"embeddable":true,"href":"https:\/\/www.gossip.it\/api\/wp\/v2\/users\/1"}],"replies":[{"embeddable":true,"href":"https:\/\/www.gossip.it\/api\/wp\/v2\/comments?post=26051"}],"version-history":[{"count":0,"href":"https:\/\/www.gossip.it\/api\/wp\/v2\/posts\/26051\/revisions"}],"wp:featuredmedia":[{"embeddable":true,"href":"https:\/\/www.gossip.it\/api\/wp\/v2\/media\/82098"}],"wp:attachment":[{"href":"https:\/\/www.gossip.it\/api\/wp\/v2\/media?parent=26051"}],"wp:term":[{"taxonomy":"category","embeddable":true,"href":"https:\/\/www.gossip.it\/api\/wp\/v2\/categories?post=26051"},{"taxonomy":"post_tag","embeddable":true,"href":"https:\/\/www.gossip.it\/api\/wp\/v2\/tags?post=26051"},{"taxonomy":"vip","embeddable":true,"href":"https:\/\/www.gossip.it\/api\/wp\/v2\/vip?post=26051"}],"curies":[{"name":"wp","href":"https:\/\/api.w.org\/{rel}","templated":true}]}}