{"id":26097,"date":"2009-06-17T00:00:00","date_gmt":"2009-06-16T22:00:00","guid":{"rendered":"https:\/\/www.gossip.it\/senza-categoria\/toni-cecchetto-nozze-in-vista\/"},"modified":"2009-06-17T00:00:00","modified_gmt":"2009-06-16T22:00:00","slug":"toni-cecchetto-nozze-in-vista","status":"publish","type":"post","link":"https:\/\/www.gossip.it\/news\/toni-cecchetto-nozze-in-vista\/","title":{"rendered":"Toni-Cecchetto, nozze in vista"},"content":{"rendered":"<p><a href=\"https:\/\/www.gossip.it\/news\/monografia.php?keyword=Luca Toni\">Luca Toni<\/a> capitoler\u00e0 prestissimo. L'attaccante del <b>Bayern Monaco<\/b> sposer\u00e0 (ma quando?) <a href=\"https:\/\/www.gossip.it\/news\/monografia.php?keyword=Marta Cecchetto\">Marta Cecchetto<\/a>.<br \/>\n<i>\"Dopo dodici anni di fidanzamento, arriveranno le nozze. Rientra nei nostri progetti\"<\/i>, ha confessato il bomber in un'intervista a <i>Chi<\/i>. Luca, ora impegnato con la nazionale in Sudafrica, vorrebbe tornare presto nel Bel Paese. <i>\"Sento la nostalgia di casa. Non c'\u00e8 posto pi\u00f9 bello dell'Italia<\/i> - ha detto - <i>Oggi in squadra siamo quattro attaccanti, un po' troppi. Il prossimo anno per me sar\u00e0 fondamentale: ci sar\u00e0 il Mondiale e io avr\u00f2 bisogno di giocare con continuit\u00e0\"<\/i>. Ritorno nel campionato di serie A condito dai fiori d'arancio?<\/p>\n<p><a href=\"https:\/\/www.gossip.it\/news\/monografia.php?keyword=Marco Barriello\">Marco Barriello<\/a> ha finalmente messo una pietra sopra la storia con <a href=\"https:\/\/www.gossip.it\/news\/monografia.php?keyword=Belen Rodriguez\">Belen Rodriguez<\/a>, rancore compreso (almeno si spera...). Il rossonero si gode le vacanze a Capri. E, sar\u00e0 perch\u00e9 l'isola dell'amore porta sempre regali sentimentali ben accetti, per la prima volta dopo molto tempo si lascia paparazzare dal settimanale diretto da <a href=\"https:\/\/www.gossip.it\/news\/monografia.php?keyword=Alfonso Signorini\">Alfonso Signorini<\/a> su uno yacht con una donna: <a href=\"https:\/\/www.gossip.it\/news\/monografia.php?keyword=Susanna Petrone\">Susanna Petrone<\/a>, la bella mora di <b>Guida al Campionato<\/b>. I due si definiscono solo buoni amici, ma i rumors vociferano di qualcosa di pi\u00f9. Non rimane che attendere i prossimo sviluppi. Come si dice? Se son rose, fioriranno...<\/p>\n<p>Foto: M.Bruni \u00a9 Gossip.it<\/p>\n","protected":false},"excerpt":{"rendered":"<p>Luca Toni capitoler\u00e0 prestissimo. L'attaccante del Bayern Monaco sposer\u00e0 (ma quando?) Marta Cecchetto. \"Dopo dodici anni di fidanzamento, arriveranno le nozze. Rientra nei nostri progetti\", ha confessato il bomber in un'intervista a Chi. Luca, ora impegnato con la nazionale in Sudafrica, vorrebbe tornare presto nel Bel Paese. \"Sento la nostalgia di casa. Non c'\u00e8 posto [&hellip;]<\/p>\n","protected":false},"author":1,"featured_media":82144,"comment_status":"closed","ping_status":"closed","sticky":false,"template":"","format":"standard","meta":{"footnotes":""},"categories":[54],"tags":[28929,2218,2102,2220,2140,14520,3620,3297,12539,3075,23321,23719,1950,5639,3099,1997,2216,2682,2097],"vip":[396,1203,1744],"class_list":["post-26097","post","type-post","status-publish","format-standard","has-post-thumbnail","hentry","category-news","tag-bayern-monaco","tag-calciatore","tag-dichiarazioni","tag-fiori-darancio","tag-flirt","tag-gossip-moda","tag-gossip-sport","tag-gossip-tv","tag-guida-al-campionato","tag-liaison","tag-luca-toni","tag-marta-cecchetto","tag-matrimonio","tag-milan","tag-moda","tag-modella","tag-nozze","tag-sport","tag-tv","vip-belen_rodriguez","vip-marco_borriello","vip-susanna_petrone"],"yoast_head":"<title>Toni-Cecchetto, nozze in vista - Gossip.it | News sul Gossip e VIP<\/title>\n<meta name=\"description\" content=\"Luca Toni capitoler\u00e0 prestissimo. L&#039;attaccante del Bayern Monaco sposer\u00e0 (ma quando?) Marta Cecchetto. &quot;Dopo dodici anni di fidanzamento, arriveranno le\" \/>\n<meta name=\"robots\" content=\"index, follow, max-snippet:-1, max-image-preview:large, max-video-preview:-1\" \/>\n<link rel=\"canonical\" href=\"https:\/\/www.gossip.it\/news\/toni-cecchetto-nozze-in-vista\/\" \/>\n<meta property=\"og:locale\" content=\"it_IT\" \/>\n<meta property=\"og:type\" content=\"article\" \/>\n<meta property=\"og:title\" content=\"Toni-Cecchetto, nozze in vista - Gossip.it | News sul Gossip e VIP\" \/>\n<meta property=\"og:description\" content=\"Luca Toni capitoler\u00e0 prestissimo. L&#039;attaccante del Bayern Monaco sposer\u00e0 (ma quando?) Marta Cecchetto. &quot;Dopo dodici anni di fidanzamento, arriveranno le\" \/>\n<meta property=\"og:url\" content=\"https:\/\/www.gossip.it\/news\/toni-cecchetto-nozze-in-vista\/\" \/>\n<meta property=\"og:site_name\" content=\"Gossip.it | News sul Gossip e VIP\" \/>\n<meta property=\"article:publisher\" content=\"https:\/\/www.facebook.com\/GossipIT\" \/>\n<meta property=\"article:published_time\" content=\"2009-06-16T22:00:00+00:00\" \/>\n<meta property=\"og:image\" content=\"https:\/\/www.gossip.it\/images5\/1245221193_marta-cecchetto.jpg\" \/>\n<meta name=\"author\" content=\"La Redazione\" \/>\n<meta name=\"twitter:card\" content=\"summary_large_image\" \/>\n<meta name=\"twitter:image\" content=\"https:\/\/www.gossip.it\/images5\/1245221193_marta-cecchetto.jpg\" \/>\n<meta name=\"twitter:creator\" content=\"@gossinews_it\" \/>\n<meta name=\"twitter:site\" content=\"@gossinews_it\" \/>\n<meta name=\"twitter:label1\" content=\"Scritto da\" \/>\n\t<meta name=\"twitter:data1\" content=\"Annamaria Capozzi\" \/>\n\t<meta name=\"twitter:label2\" content=\"Tempo di lettura stimato\" \/>\n\t<meta name=\"twitter:data2\" content=\"1 minuto\" \/>","yoast_head_json":{"title":"Toni-Cecchetto, nozze in vista - Gossip.it | News sul Gossip e VIP","description":"Luca Toni capitoler\u00e0 prestissimo. L'attaccante del Bayern Monaco sposer\u00e0 (ma quando?) Marta Cecchetto. \"Dopo dodici anni di fidanzamento, arriveranno le","robots":{"index":"index","follow":"follow","max-snippet":"max-snippet:-1","max-image-preview":"max-image-preview:large","max-video-preview":"max-video-preview:-1"},"canonical":"https:\/\/www.gossip.it\/news\/toni-cecchetto-nozze-in-vista\/","og_locale":"it_IT","og_type":"article","og_title":"Toni-Cecchetto, nozze in vista - Gossip.it | News sul Gossip e VIP","og_description":"Luca Toni capitoler\u00e0 prestissimo. L'attaccante del Bayern Monaco sposer\u00e0 (ma quando?) Marta Cecchetto. \"Dopo dodici anni di fidanzamento, arriveranno le","og_url":"https:\/\/www.gossip.it\/news\/toni-cecchetto-nozze-in-vista\/","og_site_name":"Gossip.it | News sul Gossip e VIP","article_publisher":"https:\/\/www.facebook.com\/GossipIT","article_published_time":"2009-06-16T22:00:00+00:00","og_image":[{"url":"https:\/\/www.gossip.it\/images5\/1245221193_marta-cecchetto.jpg"}],"author":"La Redazione","twitter_card":"summary_large_image","twitter_image":"https:\/\/www.gossip.it\/images5\/1245221193_marta-cecchetto.jpg","twitter_creator":"@gossinews_it","twitter_site":"@gossinews_it","twitter_misc":{"Scritto da":"Annamaria Capozzi","Tempo di lettura stimato":"1 minuto"},"schema":{"@context":"https:\/\/schema.org","@graph":[{"@type":"Article","@id":"https:\/\/www.gossip.it\/news\/toni-cecchetto-nozze-in-vista\/#article","isPartOf":{"@id":"https:\/\/www.gossip.it\/news\/toni-cecchetto-nozze-in-vista\/"},"author":{"name":"La Redazione","@id":"https:\/\/www.gossip.it\/#\/schema\/person\/488896f75158bff1cc83c6c39d141110"},"headline":"Toni-Cecchetto, nozze in vista","datePublished":"2009-06-16T22:00:00+00:00","dateModified":"2009-06-16T22:00:00+00:00","mainEntityOfPage":{"@id":"https:\/\/www.gossip.it\/news\/toni-cecchetto-nozze-in-vista\/"},"wordCount":212,"publisher":{"@id":"https:\/\/www.gossip.it\/#organization"},"image":{"@id":"https:\/\/www.gossip.it\/news\/toni-cecchetto-nozze-in-vista\/#primaryimage"},"thumbnailUrl":"https:\/\/www.gossip.it\/images5\/1245221193_marta-cecchetto.jpg","keywords":["bayern monaco","calciatore","dichiarazioni","fiori d&#039;arancio","flirt","gossip moda","gossip sport","gossip.tv","guida al campionato","liaison","luca toni","marta cecchetto","matrimonio","milan","moda","modella","nozze","sport","tv"],"articleSection":["News"],"inLanguage":"it-IT"},{"@type":"WebPage","@id":"https:\/\/www.gossip.it\/news\/toni-cecchetto-nozze-in-vista\/","url":"https:\/\/www.gossip.it\/news\/toni-cecchetto-nozze-in-vista\/","name":"Toni-Cecchetto, nozze in vista - Gossip.it | News sul Gossip e VIP","isPartOf":{"@id":"https:\/\/www.gossip.it\/#website"},"primaryImageOfPage":{"@id":"https:\/\/www.gossip.it\/news\/toni-cecchetto-nozze-in-vista\/#primaryimage"},"image":{"@id":"https:\/\/www.gossip.it\/news\/toni-cecchetto-nozze-in-vista\/#primaryimage"},"thumbnailUrl":"https:\/\/www.gossip.it\/images5\/1245221193_marta-cecchetto.jpg","datePublished":"2009-06-16T22:00:00+00:00","dateModified":"2009-06-16T22:00:00+00:00","description":"Luca Toni capitoler\u00e0 prestissimo. L'attaccante del Bayern Monaco sposer\u00e0 (ma quando?) Marta Cecchetto. \"Dopo dodici anni di fidanzamento, arriveranno le","breadcrumb":{"@id":"https:\/\/www.gossip.it\/news\/toni-cecchetto-nozze-in-vista\/#breadcrumb"},"inLanguage":"it-IT","potentialAction":[{"@type":"ReadAction","target":["https:\/\/www.gossip.it\/news\/toni-cecchetto-nozze-in-vista\/"]}]},{"@type":"ImageObject","inLanguage":"it-IT","@id":"https:\/\/www.gossip.it\/news\/toni-cecchetto-nozze-in-vista\/#primaryimage","url":"https:\/\/www.gossip.it\/images5\/1245221193_marta-cecchetto.jpg","contentUrl":"https:\/\/www.gossip.it\/images5\/1245221193_marta-cecchetto.jpg"},{"@type":"BreadcrumbList","@id":"https:\/\/www.gossip.it\/news\/toni-cecchetto-nozze-in-vista\/#breadcrumb","itemListElement":[{"@type":"ListItem","position":1,"name":"Home","item":"https:\/\/www.gossip.it\/"},{"@type":"ListItem","position":2,"name":"Toni-Cecchetto, nozze in vista"}]},{"@type":"WebSite","@id":"https:\/\/www.gossip.it\/#website","url":"https:\/\/www.gossip.it\/","name":"Gossip and VIP News","description":"Quotidiano di cronaca rosa, costume e societ\u00e0","publisher":{"@id":"https:\/\/www.gossip.it\/#organization"},"alternateName":"Gossip and VIP News","potentialAction":[{"@type":"SearchAction","target":{"@type":"EntryPoint","urlTemplate":"https:\/\/www.gossip.it\/?s={search_term_string}"},"query-input":{"@type":"PropertyValueSpecification","valueRequired":true,"valueName":"search_term_string"}}],"inLanguage":"it-IT"},{"@type":"Organization","@id":"https:\/\/www.gossip.it\/#organization","name":"Gossip and VIP News","alternateName":"Gossip News","url":"https:\/\/www.gossip.it\/","logo":{"@type":"ImageObject","inLanguage":"it-IT","@id":"https:\/\/www.gossip.it\/#\/schema\/logo\/image\/","url":"https:\/\/www.gossip.it\/wp-content\/uploads\/2022\/04\/cropped-corna-alta-tiny.png","contentUrl":"https:\/\/www.gossip.it\/wp-content\/uploads\/2022\/04\/cropped-corna-alta-tiny.png","width":512,"height":512,"caption":"Gossip and VIP News"},"image":{"@id":"https:\/\/www.gossip.it\/#\/schema\/logo\/image\/"},"sameAs":["https:\/\/www.facebook.com\/GossipIT","https:\/\/x.com\/gossinews_it","https:\/\/instagram.com\/gossip_it"]},{"@type":"Person","@id":"https:\/\/www.gossip.it\/#\/schema\/person\/488896f75158bff1cc83c6c39d141110","name":"La Redazione","image":{"@type":"ImageObject","inLanguage":"it-IT","@id":"https:\/\/www.gossip.it\/#\/schema\/person\/image\/","url":"https:\/\/secure.gravatar.com\/avatar\/5a5f5c6fa3e6700e4249abdad0263a1e94e927d9e0499b1cb09c1cd29c044d80?s=96&d=mm&r=g","contentUrl":"https:\/\/secure.gravatar.com\/avatar\/5a5f5c6fa3e6700e4249abdad0263a1e94e927d9e0499b1cb09c1cd29c044d80?s=96&d=mm&r=g","caption":"La Redazione"},"sameAs":["https:\/\/www.gossip.it"]}]}},"amp_enabled":true,"_links":{"self":[{"href":"https:\/\/www.gossip.it\/api\/wp\/v2\/posts\/26097","targetHints":{"allow":["GET"]}}],"collection":[{"href":"https:\/\/www.gossip.it\/api\/wp\/v2\/posts"}],"about":[{"href":"https:\/\/www.gossip.it\/api\/wp\/v2\/types\/post"}],"author":[{"embeddable":true,"href":"https:\/\/www.gossip.it\/api\/wp\/v2\/users\/1"}],"replies":[{"embeddable":true,"href":"https:\/\/www.gossip.it\/api\/wp\/v2\/comments?post=26097"}],"version-history":[{"count":0,"href":"https:\/\/www.gossip.it\/api\/wp\/v2\/posts\/26097\/revisions"}],"wp:featuredmedia":[{"embeddable":true,"href":"https:\/\/www.gossip.it\/api\/wp\/v2\/media\/82144"}],"wp:attachment":[{"href":"https:\/\/www.gossip.it\/api\/wp\/v2\/media?parent=26097"}],"wp:term":[{"taxonomy":"category","embeddable":true,"href":"https:\/\/www.gossip.it\/api\/wp\/v2\/categories?post=26097"},{"taxonomy":"post_tag","embeddable":true,"href":"https:\/\/www.gossip.it\/api\/wp\/v2\/tags?post=26097"},{"taxonomy":"vip","embeddable":true,"href":"https:\/\/www.gossip.it\/api\/wp\/v2\/vip?post=26097"}],"curies":[{"name":"wp","href":"https:\/\/api.w.org\/{rel}","templated":true}]}}