{"id":26133,"date":"2009-06-23T00:00:00","date_gmt":"2009-06-22T22:00:00","guid":{"rendered":"https:\/\/www.gossip.it\/senza-categoria\/argentero-e-catania-si-il-25-luglio\/"},"modified":"2009-06-23T00:00:00","modified_gmt":"2009-06-22T22:00:00","slug":"argentero-e-catania-si-il-25-luglio","status":"publish","type":"post","link":"https:\/\/www.gossip.it\/news\/argentero-e-catania-si-il-25-luglio\/","title":{"rendered":"Argentero e Catania, si il 25 luglio"},"content":{"rendered":"<p>L'aveva detto <a href=\"https:\/\/www.gossip.it\/news\/monografia.php?keyword=Luca Argentero\">Luca Argentero<\/a>. Pensava alla famiglia e lo faceva dopo quattro anni di intensa e felicissima convivenza con la bella <a href=\"https:\/\/www.gossip.it\/news\/monografia.php?keyword=Myriam Catania\">Myriam Catania<\/a>.<br \/>\nFresca, fresca arriva, ora, la notizia delle <a href=\"https:\/\/www.gossip.it\/news\/monografia.php?keyword=nozze\">nozze<\/a>. Pare che la coppia dir\u00e0 il fatidico si il prossimo 25 luglio. Il matrimonio si svolger\u00e0 in mezzo al verde, in un casale vicino a Siena. Pochi invitati, molto intimi, perch\u00e9 Luca e Myriam non vogliono fiori d'arancio sfarzosi, ma un qualcosa di molto romantico. proprio come la loro storia d'amore.<\/p>\n<p><a href=\"https:\/\/www.gossip.it\/news\/monografia.php?keyword=Martina Stella\">Martina Stella<\/a> ci ripensa e, dopo aver affermato che non avrebbe recitato nel sequel de <b>\"L'ultimo bacio\"<\/b>, <b>\"Baciami ancora\"<\/b>, ed essere stata sbugirdata da <a href=\"https:\/\/www.gossip.it\/news\/monografia.php?keyword=Gabriele Muccino\">Gabriele Muccino<\/a>, perch\u00e9, a quanto pare, nel film non c'era una parte per lei, ora apre nuovamente la porta al <a href=\"https:\/\/www.gossip.it\/news\/monografia.php?keyword=regista\">regista<\/a>. <i>\"Mi fa un po\u2019 ridere che da una frase possano scatenarsi tutte queste polemiche. Io non voglio entrare nella polemica con Muccino. Sto facendo un percorso artistico e vorrei si parlasse di questo. Un <a href=\"https:\/\/www.gossip.it\/news\/monografia.php?keyword=film\">film<\/a> con lui lo rifarei, certo che lo rifarei\"<\/i>, cofessa l'<a href=\"https:\/\/www.gossip.it\/news\/monografia.php?keyword=attrice\">attrice<\/a> a <i>Di Tutto<\/i>. E continua: <i>\"Ora ho fatto \u201c<a href=\"https:\/\/www.gossip.it\/news\/monografia.php?keyword=Un'Estate ai Caraibi\">Un'Estate ai Caraibi<\/a>\u201d. Mi sono divertita molto. L\u2019ho trovato un ruolo brillante. Ci piaceva l\u2019idea di creare un personaggio un po\u2019 aggressivo. Spesso nei film come questi l\u2019attrice fa la parte della donna da copertina\u201d<\/i>. In futuro si vedr\u00e0, ma il messaggio a Gabriele \u00e8 stato lanciato...<\/p>\n<p>Foto: M.Bruni \u00a9 Gossip.it<\/p>\n","protected":false},"excerpt":{"rendered":"<p>L'aveva detto Luca Argentero. Pensava alla famiglia e lo faceva dopo quattro anni di intensa e felicissima convivenza con la bella Myriam Catania. Fresca, fresca arriva, ora, la notizia delle nozze. Pare che la coppia dir\u00e0 il fatidico si il prossimo 25 luglio. Il matrimonio si svolger\u00e0 in mezzo al verde, in un casale vicino [&hellip;]<\/p>\n","protected":false},"author":1,"featured_media":82180,"comment_status":"closed","ping_status":"closed","sticky":false,"template":"","format":"standard","meta":{"footnotes":""},"categories":[54],"tags":[2137,1983,2410,2102,1976,2220,2769,1950,5877,2216,2904],"vip":[815,1135,1279],"class_list":["post-26133","post","type-post","status-publish","format-standard","has-post-thumbnail","hentry","category-news","tag-attore","tag-attrice","tag-cinema","tag-dichiarazioni","tag-film","tag-fiori-darancio","tag-gossip-cinema","tag-matrimonio","tag-myriam-catania","tag-nozze","tag-unestate-ai-caraibi","vip-gabriele_muccino","vip-luca_argentero","vip-martina_stella"],"yoast_head":"<title>Argentero e Catania, si il 25 luglio - Gossip.it | News sul Gossip e VIP<\/title>\n<meta name=\"description\" content=\"L&#039;aveva detto Luca Argentero. Pensava alla famiglia e lo faceva dopo quattro anni di intensa e felicissima convivenza con la bella Myriam Catania. Fresca,\" \/>\n<meta name=\"robots\" content=\"index, follow, max-snippet:-1, max-image-preview:large, max-video-preview:-1\" \/>\n<link rel=\"canonical\" href=\"https:\/\/www.gossip.it\/news\/argentero-e-catania-si-il-25-luglio\/\" \/>\n<meta property=\"og:locale\" content=\"it_IT\" \/>\n<meta property=\"og:type\" content=\"article\" \/>\n<meta property=\"og:title\" content=\"Argentero e Catania, si il 25 luglio - Gossip.it | News sul Gossip e VIP\" \/>\n<meta property=\"og:description\" content=\"L&#039;aveva detto Luca Argentero. Pensava alla famiglia e lo faceva dopo quattro anni di intensa e felicissima convivenza con la bella Myriam Catania. Fresca,\" \/>\n<meta property=\"og:url\" content=\"https:\/\/www.gossip.it\/news\/argentero-e-catania-si-il-25-luglio\/\" \/>\n<meta property=\"og:site_name\" content=\"Gossip.it | News sul Gossip e VIP\" \/>\n<meta property=\"article:publisher\" content=\"https:\/\/www.facebook.com\/GossipIT\" \/>\n<meta property=\"article:published_time\" content=\"2009-06-22T22:00:00+00:00\" \/>\n<meta property=\"og:image\" content=\"https:\/\/www.gossip.it\/images5\/1245743740_.jpg\" \/>\n<meta name=\"author\" content=\"La Redazione\" \/>\n<meta name=\"twitter:card\" content=\"summary_large_image\" \/>\n<meta name=\"twitter:image\" content=\"https:\/\/www.gossip.it\/images5\/1245743740_.jpg\" \/>\n<meta name=\"twitter:creator\" content=\"@gossinews_it\" \/>\n<meta name=\"twitter:site\" content=\"@gossinews_it\" \/>\n<meta name=\"twitter:label1\" content=\"Scritto da\" \/>\n\t<meta name=\"twitter:data1\" content=\"Annamaria Capozzi\" \/>\n\t<meta name=\"twitter:label2\" content=\"Tempo di lettura stimato\" \/>\n\t<meta name=\"twitter:data2\" content=\"1 minuto\" \/>","yoast_head_json":{"title":"Argentero e Catania, si il 25 luglio - Gossip.it | News sul Gossip e VIP","description":"L'aveva detto Luca Argentero. Pensava alla famiglia e lo faceva dopo quattro anni di intensa e felicissima convivenza con la bella Myriam Catania. Fresca,","robots":{"index":"index","follow":"follow","max-snippet":"max-snippet:-1","max-image-preview":"max-image-preview:large","max-video-preview":"max-video-preview:-1"},"canonical":"https:\/\/www.gossip.it\/news\/argentero-e-catania-si-il-25-luglio\/","og_locale":"it_IT","og_type":"article","og_title":"Argentero e Catania, si il 25 luglio - Gossip.it | News sul Gossip e VIP","og_description":"L'aveva detto Luca Argentero. Pensava alla famiglia e lo faceva dopo quattro anni di intensa e felicissima convivenza con la bella Myriam Catania. Fresca,","og_url":"https:\/\/www.gossip.it\/news\/argentero-e-catania-si-il-25-luglio\/","og_site_name":"Gossip.it | News sul Gossip e VIP","article_publisher":"https:\/\/www.facebook.com\/GossipIT","article_published_time":"2009-06-22T22:00:00+00:00","og_image":[{"url":"https:\/\/www.gossip.it\/images5\/1245743740_.jpg"}],"author":"La Redazione","twitter_card":"summary_large_image","twitter_image":"https:\/\/www.gossip.it\/images5\/1245743740_.jpg","twitter_creator":"@gossinews_it","twitter_site":"@gossinews_it","twitter_misc":{"Scritto da":"Annamaria Capozzi","Tempo di lettura stimato":"1 minuto"},"schema":{"@context":"https:\/\/schema.org","@graph":[{"@type":"Article","@id":"https:\/\/www.gossip.it\/news\/argentero-e-catania-si-il-25-luglio\/#article","isPartOf":{"@id":"https:\/\/www.gossip.it\/news\/argentero-e-catania-si-il-25-luglio\/"},"author":{"name":"La Redazione","@id":"https:\/\/www.gossip.it\/#\/schema\/person\/488896f75158bff1cc83c6c39d141110"},"headline":"Argentero e Catania, si il 25 luglio","datePublished":"2009-06-22T22:00:00+00:00","dateModified":"2009-06-22T22:00:00+00:00","mainEntityOfPage":{"@id":"https:\/\/www.gossip.it\/news\/argentero-e-catania-si-il-25-luglio\/"},"wordCount":246,"publisher":{"@id":"https:\/\/www.gossip.it\/#organization"},"image":{"@id":"https:\/\/www.gossip.it\/news\/argentero-e-catania-si-il-25-luglio\/#primaryimage"},"thumbnailUrl":"https:\/\/www.gossip.it\/images5\/1245743740_.jpg","keywords":["attore","attrice","cinema","dichiarazioni","film","fiori d&#039;arancio","gossip cinema","matrimonio","myriam catania","nozze","un'estate ai caraibi"],"articleSection":["News"],"inLanguage":"it-IT"},{"@type":"WebPage","@id":"https:\/\/www.gossip.it\/news\/argentero-e-catania-si-il-25-luglio\/","url":"https:\/\/www.gossip.it\/news\/argentero-e-catania-si-il-25-luglio\/","name":"Argentero e Catania, si il 25 luglio - Gossip.it | News sul Gossip e VIP","isPartOf":{"@id":"https:\/\/www.gossip.it\/#website"},"primaryImageOfPage":{"@id":"https:\/\/www.gossip.it\/news\/argentero-e-catania-si-il-25-luglio\/#primaryimage"},"image":{"@id":"https:\/\/www.gossip.it\/news\/argentero-e-catania-si-il-25-luglio\/#primaryimage"},"thumbnailUrl":"https:\/\/www.gossip.it\/images5\/1245743740_.jpg","datePublished":"2009-06-22T22:00:00+00:00","dateModified":"2009-06-22T22:00:00+00:00","description":"L'aveva detto Luca Argentero. Pensava alla famiglia e lo faceva dopo quattro anni di intensa e felicissima convivenza con la bella Myriam Catania. Fresca,","breadcrumb":{"@id":"https:\/\/www.gossip.it\/news\/argentero-e-catania-si-il-25-luglio\/#breadcrumb"},"inLanguage":"it-IT","potentialAction":[{"@type":"ReadAction","target":["https:\/\/www.gossip.it\/news\/argentero-e-catania-si-il-25-luglio\/"]}]},{"@type":"ImageObject","inLanguage":"it-IT","@id":"https:\/\/www.gossip.it\/news\/argentero-e-catania-si-il-25-luglio\/#primaryimage","url":"https:\/\/www.gossip.it\/images5\/1245743740_.jpg","contentUrl":"https:\/\/www.gossip.it\/images5\/1245743740_.jpg"},{"@type":"BreadcrumbList","@id":"https:\/\/www.gossip.it\/news\/argentero-e-catania-si-il-25-luglio\/#breadcrumb","itemListElement":[{"@type":"ListItem","position":1,"name":"Home","item":"https:\/\/www.gossip.it\/"},{"@type":"ListItem","position":2,"name":"Argentero e Catania, si il 25 luglio"}]},{"@type":"WebSite","@id":"https:\/\/www.gossip.it\/#website","url":"https:\/\/www.gossip.it\/","name":"Gossip and VIP News","description":"Quotidiano di cronaca rosa, costume e societ\u00e0","publisher":{"@id":"https:\/\/www.gossip.it\/#organization"},"alternateName":"Gossip and VIP News","potentialAction":[{"@type":"SearchAction","target":{"@type":"EntryPoint","urlTemplate":"https:\/\/www.gossip.it\/?s={search_term_string}"},"query-input":{"@type":"PropertyValueSpecification","valueRequired":true,"valueName":"search_term_string"}}],"inLanguage":"it-IT"},{"@type":"Organization","@id":"https:\/\/www.gossip.it\/#organization","name":"Gossip and VIP News","alternateName":"Gossip News","url":"https:\/\/www.gossip.it\/","logo":{"@type":"ImageObject","inLanguage":"it-IT","@id":"https:\/\/www.gossip.it\/#\/schema\/logo\/image\/","url":"https:\/\/www.gossip.it\/wp-content\/uploads\/2022\/04\/cropped-corna-alta-tiny.png","contentUrl":"https:\/\/www.gossip.it\/wp-content\/uploads\/2022\/04\/cropped-corna-alta-tiny.png","width":512,"height":512,"caption":"Gossip and VIP News"},"image":{"@id":"https:\/\/www.gossip.it\/#\/schema\/logo\/image\/"},"sameAs":["https:\/\/www.facebook.com\/GossipIT","https:\/\/x.com\/gossinews_it","https:\/\/instagram.com\/gossip_it"]},{"@type":"Person","@id":"https:\/\/www.gossip.it\/#\/schema\/person\/488896f75158bff1cc83c6c39d141110","name":"La Redazione","image":{"@type":"ImageObject","inLanguage":"it-IT","@id":"https:\/\/www.gossip.it\/#\/schema\/person\/image\/","url":"https:\/\/secure.gravatar.com\/avatar\/5a5f5c6fa3e6700e4249abdad0263a1e94e927d9e0499b1cb09c1cd29c044d80?s=96&d=mm&r=g","contentUrl":"https:\/\/secure.gravatar.com\/avatar\/5a5f5c6fa3e6700e4249abdad0263a1e94e927d9e0499b1cb09c1cd29c044d80?s=96&d=mm&r=g","caption":"La Redazione"},"sameAs":["https:\/\/www.gossip.it"]}]}},"amp_enabled":true,"_links":{"self":[{"href":"https:\/\/www.gossip.it\/api\/wp\/v2\/posts\/26133","targetHints":{"allow":["GET"]}}],"collection":[{"href":"https:\/\/www.gossip.it\/api\/wp\/v2\/posts"}],"about":[{"href":"https:\/\/www.gossip.it\/api\/wp\/v2\/types\/post"}],"author":[{"embeddable":true,"href":"https:\/\/www.gossip.it\/api\/wp\/v2\/users\/1"}],"replies":[{"embeddable":true,"href":"https:\/\/www.gossip.it\/api\/wp\/v2\/comments?post=26133"}],"version-history":[{"count":0,"href":"https:\/\/www.gossip.it\/api\/wp\/v2\/posts\/26133\/revisions"}],"wp:featuredmedia":[{"embeddable":true,"href":"https:\/\/www.gossip.it\/api\/wp\/v2\/media\/82180"}],"wp:attachment":[{"href":"https:\/\/www.gossip.it\/api\/wp\/v2\/media?parent=26133"}],"wp:term":[{"taxonomy":"category","embeddable":true,"href":"https:\/\/www.gossip.it\/api\/wp\/v2\/categories?post=26133"},{"taxonomy":"post_tag","embeddable":true,"href":"https:\/\/www.gossip.it\/api\/wp\/v2\/tags?post=26133"},{"taxonomy":"vip","embeddable":true,"href":"https:\/\/www.gossip.it\/api\/wp\/v2\/vip?post=26133"}],"curies":[{"name":"wp","href":"https:\/\/api.w.org\/{rel}","templated":true}]}}