{"id":26208,"date":"2009-07-07T00:00:00","date_gmt":"2009-07-06T22:00:00","guid":{"rendered":"https:\/\/www.gossip.it\/senza-categoria\/laura-drezwicka-estate-con-antonio\/"},"modified":"2009-07-07T00:00:00","modified_gmt":"2009-07-06T22:00:00","slug":"laura-drezwicka-estate-con-antonio","status":"publish","type":"post","link":"https:\/\/www.gossip.it\/news\/laura-drezwicka-estate-con-antonio\/","title":{"rendered":"Laura Drezwicka, estate con Antonio..."},"content":{"rendered":"<p>La Barbie peperina e caliente del <a href=\"https:\/\/www.gossip.it\/news\/monografia.php?keyword=GF9\">GF9<\/a> si gode il sole dell'estate a Milano Marittima. <a href=\"https:\/\/www.gossip.it\/news\/monografia.php?keyword=Laura Drezwicka\">Laura Drezwicka<\/a>, che tra poco sar\u00e0 la protagonista sul set di un <a href=\"https:\/\/www.gossip.it\/news\/monografia.php?keyword=calendario\">calendario<\/a> 2010 <i>'very hot'<\/i>, si \u00e8 presa qualche giorno di relax in una delle mete preferite dai calciatori. La biondina, per\u00f2, agli eroi del pallone, ha preferito la compagnia di un facoltoso imprenditore, tal <b>Antonio<\/b>. Del ragazzo si sa poco o niente, ma con Laura si \u00e8 mostrto molto affettuoso.<br \/> <br \/>\nI due sono sembrati affiatati e per niente a disagio davanti ai flash dei paparazzi. Sar\u00e0 solo uno dei tanti <a href=\"https:\/\/www.gossip.it\/news\/monografia.php?keyword=flirt\">flirt<\/a> della sexy polacca o vero amore?<\/p>\n<p>Tra <a href=\"https:\/\/www.gossip.it\/news\/monografia.php?keyword=Biagio Antonacci\">Biagio Antonacci<\/a> e <b>Paola Cardinale<\/b> \u00e8 nuovamente amore. Il <a href=\"https:\/\/www.gossip.it\/news\/monografia.php?keyword=cantante\">cantante<\/a> e la compagna sono stati fotografati sempre a Milano Marittima mentre amoreggiavano in spiaggia come due piccioncini.<br \/>\nA febbraio scorso l'unione era stata messa a dura prova, dopo che Paola aveva scoperto che Biagio scambiava sms piccanti con un'altra donna. Era stata crisi, dopo quattro anni di sentimento. Ora i problemi paiono davvero risolti. Cellulare permettendo...<\/p>\n<p>Foto: C.Mangiarotti \u00a9 Gossip.it<\/p>\n","protected":false},"excerpt":{"rendered":"<p>La Barbie peperina e caliente del GF9 si gode il sole dell'estate a Milano Marittima. Laura Drezwicka, che tra poco sar\u00e0 la protagonista sul set di un calendario 2010 'very hot', si \u00e8 presa qualche giorno di relax in una delle mete preferite dai calciatori. La biondina, per\u00f2, agli eroi del pallone, ha preferito la [&hellip;]<\/p>\n","protected":false},"author":1,"featured_media":82255,"comment_status":"closed","ping_status":"closed","sticky":false,"template":"","format":"standard","meta":{"footnotes":""},"categories":[54],"tags":[31408,15850,2911,31258,2140,2106,5032,6334,14716,3297,2107,31202,3075,8618,2408,2155,2097],"vip":[412],"class_list":["post-26208","post","type-post","status-publish","format-standard","has-post-thumbnail","hentry","category-news","tag-31408","tag-antonio","tag-calendario","tag-estate-2009","tag-flirt","tag-gf","tag-gf9","tag-gieffina","tag-gossip-musica","tag-gossip-tv","tag-grande-fratello","tag-laura-drezwicka","tag-liaison","tag-milano-marittima","tag-musica","tag-paola-cardinale","tag-tv","vip-biagio_antonacci"],"yoast_head":"<title>Laura Drezwicka, estate con Antonio... - Gossip.it | News sul Gossip e VIP<\/title>\n<meta name=\"description\" content=\"La Barbie peperina e caliente del GF9 si gode il sole dell&#039;estate a Milano Marittima. Laura Drezwicka, che tra poco sar\u00e0 la protagonista sul set di un\" \/>\n<meta name=\"robots\" content=\"index, follow, max-snippet:-1, max-image-preview:large, max-video-preview:-1\" \/>\n<link rel=\"canonical\" href=\"https:\/\/www.gossip.it\/news\/laura-drezwicka-estate-con-antonio\/\" \/>\n<meta property=\"og:locale\" content=\"it_IT\" \/>\n<meta property=\"og:type\" content=\"article\" \/>\n<meta property=\"og:title\" content=\"Laura Drezwicka, estate con Antonio... - Gossip.it | News sul Gossip e VIP\" \/>\n<meta property=\"og:description\" content=\"La Barbie peperina e caliente del GF9 si gode il sole dell&#039;estate a Milano Marittima. Laura Drezwicka, che tra poco sar\u00e0 la protagonista sul set di un\" \/>\n<meta property=\"og:url\" content=\"https:\/\/www.gossip.it\/news\/laura-drezwicka-estate-con-antonio\/\" \/>\n<meta property=\"og:site_name\" content=\"Gossip.it | News sul Gossip e VIP\" \/>\n<meta property=\"article:publisher\" content=\"https:\/\/www.facebook.com\/GossipIT\" \/>\n<meta property=\"article:published_time\" content=\"2009-07-06T22:00:00+00:00\" \/>\n<meta property=\"og:image\" content=\"https:\/\/www.gossip.it\/images5\/1246941747_laura-drzewicka.jpg\" \/>\n<meta name=\"author\" content=\"La Redazione\" \/>\n<meta name=\"twitter:card\" content=\"summary_large_image\" \/>\n<meta name=\"twitter:image\" content=\"https:\/\/www.gossip.it\/images5\/1246941747_laura-drzewicka.jpg\" \/>\n<meta name=\"twitter:creator\" content=\"@gossinews_it\" \/>\n<meta name=\"twitter:site\" content=\"@gossinews_it\" \/>\n<meta name=\"twitter:label1\" content=\"Scritto da\" \/>\n\t<meta name=\"twitter:data1\" content=\"Annamaria Capozzi\" \/>\n\t<meta name=\"twitter:label2\" content=\"Tempo di lettura stimato\" \/>\n\t<meta name=\"twitter:data2\" content=\"1 minuto\" \/>","yoast_head_json":{"title":"Laura Drezwicka, estate con Antonio... - Gossip.it | News sul Gossip e VIP","description":"La Barbie peperina e caliente del GF9 si gode il sole dell'estate a Milano Marittima. Laura Drezwicka, che tra poco sar\u00e0 la protagonista sul set di un","robots":{"index":"index","follow":"follow","max-snippet":"max-snippet:-1","max-image-preview":"max-image-preview:large","max-video-preview":"max-video-preview:-1"},"canonical":"https:\/\/www.gossip.it\/news\/laura-drezwicka-estate-con-antonio\/","og_locale":"it_IT","og_type":"article","og_title":"Laura Drezwicka, estate con Antonio... - Gossip.it | News sul Gossip e VIP","og_description":"La Barbie peperina e caliente del GF9 si gode il sole dell'estate a Milano Marittima. Laura Drezwicka, che tra poco sar\u00e0 la protagonista sul set di un","og_url":"https:\/\/www.gossip.it\/news\/laura-drezwicka-estate-con-antonio\/","og_site_name":"Gossip.it | News sul Gossip e VIP","article_publisher":"https:\/\/www.facebook.com\/GossipIT","article_published_time":"2009-07-06T22:00:00+00:00","og_image":[{"url":"https:\/\/www.gossip.it\/images5\/1246941747_laura-drzewicka.jpg"}],"author":"La Redazione","twitter_card":"summary_large_image","twitter_image":"https:\/\/www.gossip.it\/images5\/1246941747_laura-drzewicka.jpg","twitter_creator":"@gossinews_it","twitter_site":"@gossinews_it","twitter_misc":{"Scritto da":"Annamaria Capozzi","Tempo di lettura stimato":"1 minuto"},"schema":{"@context":"https:\/\/schema.org","@graph":[{"@type":"Article","@id":"https:\/\/www.gossip.it\/news\/laura-drezwicka-estate-con-antonio\/#article","isPartOf":{"@id":"https:\/\/www.gossip.it\/news\/laura-drezwicka-estate-con-antonio\/"},"author":{"name":"La Redazione","@id":"https:\/\/www.gossip.it\/#\/schema\/person\/488896f75158bff1cc83c6c39d141110"},"headline":"Laura Drezwicka, estate con Antonio...","datePublished":"2009-07-06T22:00:00+00:00","dateModified":"2009-07-06T22:00:00+00:00","mainEntityOfPage":{"@id":"https:\/\/www.gossip.it\/news\/laura-drezwicka-estate-con-antonio\/"},"wordCount":180,"publisher":{"@id":"https:\/\/www.gossip.it\/#organization"},"image":{"@id":"https:\/\/www.gossip.it\/news\/laura-drezwicka-estate-con-antonio\/#primaryimage"},"thumbnailUrl":"https:\/\/www.gossip.it\/images5\/1246941747_laura-drzewicka.jpg","keywords":["9","antonio","calendario","estate 2009","flirt","gf","gf9","gieffina","gossip musica","gossip.tv","grande fratello","laura drezwicka","liaison","milano marittima","musica","paola cardinale","tv"],"articleSection":["News"],"inLanguage":"it-IT"},{"@type":"WebPage","@id":"https:\/\/www.gossip.it\/news\/laura-drezwicka-estate-con-antonio\/","url":"https:\/\/www.gossip.it\/news\/laura-drezwicka-estate-con-antonio\/","name":"Laura Drezwicka, estate con Antonio... - Gossip.it | News sul Gossip e VIP","isPartOf":{"@id":"https:\/\/www.gossip.it\/#website"},"primaryImageOfPage":{"@id":"https:\/\/www.gossip.it\/news\/laura-drezwicka-estate-con-antonio\/#primaryimage"},"image":{"@id":"https:\/\/www.gossip.it\/news\/laura-drezwicka-estate-con-antonio\/#primaryimage"},"thumbnailUrl":"https:\/\/www.gossip.it\/images5\/1246941747_laura-drzewicka.jpg","datePublished":"2009-07-06T22:00:00+00:00","dateModified":"2009-07-06T22:00:00+00:00","description":"La Barbie peperina e caliente del GF9 si gode il sole dell'estate a Milano Marittima. Laura Drezwicka, che tra poco sar\u00e0 la protagonista sul set di un","breadcrumb":{"@id":"https:\/\/www.gossip.it\/news\/laura-drezwicka-estate-con-antonio\/#breadcrumb"},"inLanguage":"it-IT","potentialAction":[{"@type":"ReadAction","target":["https:\/\/www.gossip.it\/news\/laura-drezwicka-estate-con-antonio\/"]}]},{"@type":"ImageObject","inLanguage":"it-IT","@id":"https:\/\/www.gossip.it\/news\/laura-drezwicka-estate-con-antonio\/#primaryimage","url":"https:\/\/www.gossip.it\/images5\/1246941747_laura-drzewicka.jpg","contentUrl":"https:\/\/www.gossip.it\/images5\/1246941747_laura-drzewicka.jpg"},{"@type":"BreadcrumbList","@id":"https:\/\/www.gossip.it\/news\/laura-drezwicka-estate-con-antonio\/#breadcrumb","itemListElement":[{"@type":"ListItem","position":1,"name":"Home","item":"https:\/\/www.gossip.it\/"},{"@type":"ListItem","position":2,"name":"Laura Drezwicka, estate con Antonio..."}]},{"@type":"WebSite","@id":"https:\/\/www.gossip.it\/#website","url":"https:\/\/www.gossip.it\/","name":"Gossip and VIP News","description":"Quotidiano di cronaca rosa, costume e societ\u00e0","publisher":{"@id":"https:\/\/www.gossip.it\/#organization"},"alternateName":"Gossip and VIP News","potentialAction":[{"@type":"SearchAction","target":{"@type":"EntryPoint","urlTemplate":"https:\/\/www.gossip.it\/?s={search_term_string}"},"query-input":{"@type":"PropertyValueSpecification","valueRequired":true,"valueName":"search_term_string"}}],"inLanguage":"it-IT"},{"@type":"Organization","@id":"https:\/\/www.gossip.it\/#organization","name":"Gossip and VIP News","alternateName":"Gossip News","url":"https:\/\/www.gossip.it\/","logo":{"@type":"ImageObject","inLanguage":"it-IT","@id":"https:\/\/www.gossip.it\/#\/schema\/logo\/image\/","url":"https:\/\/www.gossip.it\/wp-content\/uploads\/2022\/04\/cropped-corna-alta-tiny.png","contentUrl":"https:\/\/www.gossip.it\/wp-content\/uploads\/2022\/04\/cropped-corna-alta-tiny.png","width":512,"height":512,"caption":"Gossip and VIP News"},"image":{"@id":"https:\/\/www.gossip.it\/#\/schema\/logo\/image\/"},"sameAs":["https:\/\/www.facebook.com\/GossipIT","https:\/\/x.com\/gossinews_it","https:\/\/instagram.com\/gossip_it"]},{"@type":"Person","@id":"https:\/\/www.gossip.it\/#\/schema\/person\/488896f75158bff1cc83c6c39d141110","name":"La Redazione","image":{"@type":"ImageObject","inLanguage":"it-IT","@id":"https:\/\/www.gossip.it\/#\/schema\/person\/image\/","url":"https:\/\/secure.gravatar.com\/avatar\/5a5f5c6fa3e6700e4249abdad0263a1e94e927d9e0499b1cb09c1cd29c044d80?s=96&d=mm&r=g","contentUrl":"https:\/\/secure.gravatar.com\/avatar\/5a5f5c6fa3e6700e4249abdad0263a1e94e927d9e0499b1cb09c1cd29c044d80?s=96&d=mm&r=g","caption":"La Redazione"},"sameAs":["https:\/\/www.gossip.it"]}]}},"amp_enabled":true,"_links":{"self":[{"href":"https:\/\/www.gossip.it\/api\/wp\/v2\/posts\/26208","targetHints":{"allow":["GET"]}}],"collection":[{"href":"https:\/\/www.gossip.it\/api\/wp\/v2\/posts"}],"about":[{"href":"https:\/\/www.gossip.it\/api\/wp\/v2\/types\/post"}],"author":[{"embeddable":true,"href":"https:\/\/www.gossip.it\/api\/wp\/v2\/users\/1"}],"replies":[{"embeddable":true,"href":"https:\/\/www.gossip.it\/api\/wp\/v2\/comments?post=26208"}],"version-history":[{"count":0,"href":"https:\/\/www.gossip.it\/api\/wp\/v2\/posts\/26208\/revisions"}],"wp:featuredmedia":[{"embeddable":true,"href":"https:\/\/www.gossip.it\/api\/wp\/v2\/media\/82255"}],"wp:attachment":[{"href":"https:\/\/www.gossip.it\/api\/wp\/v2\/media?parent=26208"}],"wp:term":[{"taxonomy":"category","embeddable":true,"href":"https:\/\/www.gossip.it\/api\/wp\/v2\/categories?post=26208"},{"taxonomy":"post_tag","embeddable":true,"href":"https:\/\/www.gossip.it\/api\/wp\/v2\/tags?post=26208"},{"taxonomy":"vip","embeddable":true,"href":"https:\/\/www.gossip.it\/api\/wp\/v2\/vip?post=26208"}],"curies":[{"name":"wp","href":"https:\/\/api.w.org\/{rel}","templated":true}]}}