{"id":26380,"date":"2009-08-07T00:00:00","date_gmt":"2009-08-06T22:00:00","guid":{"rendered":"https:\/\/www.gossip.it\/senza-categoria\/perego-quale-tribu\/"},"modified":"2009-08-07T00:00:00","modified_gmt":"2009-08-06T22:00:00","slug":"perego-quale-tribu","status":"publish","type":"post","link":"https:\/\/www.gossip.it\/news\/perego-quale-tribu\/","title":{"rendered":"Perego: quale 'Trib\u00f9'?"},"content":{"rendered":"<p>Ne parlano tutti del programma condotto da <a href=\"https:\/\/www.gossip.it\/news\/monografia.php?keyword=Paola Perego\">Paola Perego<\/a>, la famosa <b>\"Trib\u00f9\"<\/b> che dovrebbe riunire i personaggi famosi in <b>India<\/b> per un nuovo reality in onda sul Canale 5 dal prossimo 16 settembre. Tutti ne parlano e la diretta interessata, la conduttrice, afferma dalle pagine di Vanity Fair: <i>\"Io non ne sapevo niente\"<\/i>.<\/p>\n<p>La Perego ha dichiarato che pensava di tornare presto alla conduzione della <b>\"Talpa\"<\/b> e non certo di ritrovarsi al timone di questa nuova avventura. Uno show televisivo che, stando alle sue parole, non sembra gradire molto: <i>\"In realt\u00e0, io pensavo di fare la 'Talpa'... Devo ancora capire cos'\u00e8 accaduto. Dopo il successo che avevamo avuto davo per scontato il seguito. Invece, niente: per ora non si fa. Evidentemente fare buoni ascolti - si ricordi che su Italia Uno ho stabilito il record della Rete - non basta. E a me questo non va gi\u00f9\"<\/i>. E da parte della dirigenza Mediaset non c'\u00e8 stato alcun avviso: <i>\"In pratica non mi hanno detto niente: \"C'\u00e8 questo nuovo reality, molto diverso dagli altri, in cui crediamo molto\". Sar\u00e0 anche vero, ma come autore non lo firmo: conduco e basta. \u00c8 ora che l'azienda si assuma le sue responsabilit\u00e0\"<\/i>.<\/p>\n<p>Non sar\u00e0 che Paola, polemica nei confronti della \"Trib\u00f9, \u00e8 rimasta scottata dal fatto che <a href=\"https:\/\/www.gossip.it\/news\/monografia.php?keyword=Barbara D'Urso\">Barbara D'Urso<\/a> le ha 'soffiato' il ruolo di \"signora della domenica\" per la prossima stagione?<\/p>\n<p>Foto: M.Bruni \u00a9 Gossip.it<\/p>\n","protected":false},"excerpt":{"rendered":"<p>Ne parlano tutti del programma condotto da Paola Perego, la famosa \"Trib\u00f9\" che dovrebbe riunire i personaggi famosi in India per un nuovo reality in onda sul Canale 5 dal prossimo 16 settembre. Tutti ne parlano e la diretta interessata, la conduttrice, afferma dalle pagine di Vanity Fair: \"Io non ne sapevo niente\". La Perego [&hellip;]<\/p>\n","protected":false},"author":1,"featured_media":82427,"comment_status":"closed","ping_status":"closed","sticky":false,"template":"","format":"standard","meta":{"footnotes":""},"categories":[54],"tags":[2102,3297,18892,5377,2128,2097,2162],"vip":[1459],"class_list":["post-26380","post","type-post","status-publish","format-standard","has-post-thumbnail","hentry","category-news","tag-dichiarazioni","tag-gossip-tv","tag-la-talpa","tag-la-tribu","tag-reality-show","tag-tv","tag-vanity-fair","vip-paola_perego"],"yoast_head":"<title>Perego: quale &#039;Trib\u00f9&#039;? - Gossip.it | News sul Gossip e VIP<\/title>\n<meta name=\"description\" content=\"Ne parlano tutti del programma condotto da Paola Perego, la famosa &quot;Trib\u00f9&quot; che dovrebbe riunire i personaggi famosi in India per un nuovo reality in onda\" \/>\n<meta name=\"robots\" content=\"index, follow, max-snippet:-1, max-image-preview:large, max-video-preview:-1\" \/>\n<link rel=\"canonical\" href=\"https:\/\/www.gossip.it\/news\/perego-quale-tribu\/\" \/>\n<meta property=\"og:locale\" content=\"it_IT\" \/>\n<meta property=\"og:type\" content=\"article\" \/>\n<meta property=\"og:title\" content=\"Perego: quale &#039;Trib\u00f9&#039;? - Gossip.it | News sul Gossip e VIP\" \/>\n<meta property=\"og:description\" content=\"Ne parlano tutti del programma condotto da Paola Perego, la famosa &quot;Trib\u00f9&quot; che dovrebbe riunire i personaggi famosi in India per un nuovo reality in onda\" \/>\n<meta property=\"og:url\" content=\"https:\/\/www.gossip.it\/news\/perego-quale-tribu\/\" \/>\n<meta property=\"og:site_name\" content=\"Gossip.it | News sul Gossip e VIP\" \/>\n<meta property=\"article:publisher\" content=\"https:\/\/www.facebook.com\/GossipIT\" \/>\n<meta property=\"article:published_time\" content=\"2009-08-06T22:00:00+00:00\" \/>\n<meta property=\"og:image\" content=\"https:\/\/www.gossip.it\/images5\/1249631054_paola-perego.jpg\" \/>\n<meta name=\"author\" content=\"La Redazione\" \/>\n<meta name=\"twitter:card\" content=\"summary_large_image\" \/>\n<meta name=\"twitter:image\" content=\"https:\/\/www.gossip.it\/images5\/1249631054_paola-perego.jpg\" \/>\n<meta name=\"twitter:creator\" content=\"@gossinews_it\" \/>\n<meta name=\"twitter:site\" content=\"@gossinews_it\" \/>\n<meta name=\"twitter:label1\" content=\"Scritto da\" \/>\n\t<meta name=\"twitter:data1\" content=\"La Redazione\" \/>\n\t<meta name=\"twitter:label2\" content=\"Tempo di lettura stimato\" \/>\n\t<meta name=\"twitter:data2\" content=\"1 minuto\" \/>","yoast_head_json":{"title":"Perego: quale 'Trib\u00f9'? - Gossip.it | News sul Gossip e VIP","description":"Ne parlano tutti del programma condotto da Paola Perego, la famosa \"Trib\u00f9\" che dovrebbe riunire i personaggi famosi in India per un nuovo reality in onda","robots":{"index":"index","follow":"follow","max-snippet":"max-snippet:-1","max-image-preview":"max-image-preview:large","max-video-preview":"max-video-preview:-1"},"canonical":"https:\/\/www.gossip.it\/news\/perego-quale-tribu\/","og_locale":"it_IT","og_type":"article","og_title":"Perego: quale 'Trib\u00f9'? - Gossip.it | News sul Gossip e VIP","og_description":"Ne parlano tutti del programma condotto da Paola Perego, la famosa \"Trib\u00f9\" che dovrebbe riunire i personaggi famosi in India per un nuovo reality in onda","og_url":"https:\/\/www.gossip.it\/news\/perego-quale-tribu\/","og_site_name":"Gossip.it | News sul Gossip e VIP","article_publisher":"https:\/\/www.facebook.com\/GossipIT","article_published_time":"2009-08-06T22:00:00+00:00","og_image":[{"url":"https:\/\/www.gossip.it\/images5\/1249631054_paola-perego.jpg"}],"author":"La Redazione","twitter_card":"summary_large_image","twitter_image":"https:\/\/www.gossip.it\/images5\/1249631054_paola-perego.jpg","twitter_creator":"@gossinews_it","twitter_site":"@gossinews_it","twitter_misc":{"Scritto da":"La Redazione","Tempo di lettura stimato":"1 minuto"},"schema":{"@context":"https:\/\/schema.org","@graph":[{"@type":"Article","@id":"https:\/\/www.gossip.it\/news\/perego-quale-tribu\/#article","isPartOf":{"@id":"https:\/\/www.gossip.it\/news\/perego-quale-tribu\/"},"author":{"name":"La Redazione","@id":"https:\/\/www.gossip.it\/#\/schema\/person\/488896f75158bff1cc83c6c39d141110"},"headline":"Perego: quale 'Trib\u00f9'?","datePublished":"2009-08-06T22:00:00+00:00","dateModified":"2009-08-06T22:00:00+00:00","mainEntityOfPage":{"@id":"https:\/\/www.gossip.it\/news\/perego-quale-tribu\/"},"wordCount":234,"publisher":{"@id":"https:\/\/www.gossip.it\/#organization"},"image":{"@id":"https:\/\/www.gossip.it\/news\/perego-quale-tribu\/#primaryimage"},"thumbnailUrl":"https:\/\/www.gossip.it\/images5\/1249631054_paola-perego.jpg","keywords":["dichiarazioni","gossip.tv","la talpa","la tribu","reality show","tv","vanity fair"],"articleSection":["News"],"inLanguage":"it-IT"},{"@type":"WebPage","@id":"https:\/\/www.gossip.it\/news\/perego-quale-tribu\/","url":"https:\/\/www.gossip.it\/news\/perego-quale-tribu\/","name":"Perego: quale 'Trib\u00f9'? - Gossip.it | News sul Gossip e VIP","isPartOf":{"@id":"https:\/\/www.gossip.it\/#website"},"primaryImageOfPage":{"@id":"https:\/\/www.gossip.it\/news\/perego-quale-tribu\/#primaryimage"},"image":{"@id":"https:\/\/www.gossip.it\/news\/perego-quale-tribu\/#primaryimage"},"thumbnailUrl":"https:\/\/www.gossip.it\/images5\/1249631054_paola-perego.jpg","datePublished":"2009-08-06T22:00:00+00:00","dateModified":"2009-08-06T22:00:00+00:00","description":"Ne parlano tutti del programma condotto da Paola Perego, la famosa \"Trib\u00f9\" che dovrebbe riunire i personaggi famosi in India per un nuovo reality in onda","breadcrumb":{"@id":"https:\/\/www.gossip.it\/news\/perego-quale-tribu\/#breadcrumb"},"inLanguage":"it-IT","potentialAction":[{"@type":"ReadAction","target":["https:\/\/www.gossip.it\/news\/perego-quale-tribu\/"]}]},{"@type":"ImageObject","inLanguage":"it-IT","@id":"https:\/\/www.gossip.it\/news\/perego-quale-tribu\/#primaryimage","url":"https:\/\/www.gossip.it\/images5\/1249631054_paola-perego.jpg","contentUrl":"https:\/\/www.gossip.it\/images5\/1249631054_paola-perego.jpg"},{"@type":"BreadcrumbList","@id":"https:\/\/www.gossip.it\/news\/perego-quale-tribu\/#breadcrumb","itemListElement":[{"@type":"ListItem","position":1,"name":"Home","item":"https:\/\/www.gossip.it\/"},{"@type":"ListItem","position":2,"name":"Perego: quale 'Trib\u00f9'?"}]},{"@type":"WebSite","@id":"https:\/\/www.gossip.it\/#website","url":"https:\/\/www.gossip.it\/","name":"Gossip and VIP News","description":"Quotidiano di cronaca rosa, costume e societ\u00e0","publisher":{"@id":"https:\/\/www.gossip.it\/#organization"},"alternateName":"Gossip and VIP News","potentialAction":[{"@type":"SearchAction","target":{"@type":"EntryPoint","urlTemplate":"https:\/\/www.gossip.it\/?s={search_term_string}"},"query-input":{"@type":"PropertyValueSpecification","valueRequired":true,"valueName":"search_term_string"}}],"inLanguage":"it-IT"},{"@type":"Organization","@id":"https:\/\/www.gossip.it\/#organization","name":"Gossip and VIP News","alternateName":"Gossip News","url":"https:\/\/www.gossip.it\/","logo":{"@type":"ImageObject","inLanguage":"it-IT","@id":"https:\/\/www.gossip.it\/#\/schema\/logo\/image\/","url":"https:\/\/www.gossip.it\/wp-content\/uploads\/2022\/04\/cropped-corna-alta-tiny.png","contentUrl":"https:\/\/www.gossip.it\/wp-content\/uploads\/2022\/04\/cropped-corna-alta-tiny.png","width":512,"height":512,"caption":"Gossip and VIP News"},"image":{"@id":"https:\/\/www.gossip.it\/#\/schema\/logo\/image\/"},"sameAs":["https:\/\/www.facebook.com\/GossipIT","https:\/\/x.com\/gossinews_it","https:\/\/instagram.com\/gossip_it"]},{"@type":"Person","@id":"https:\/\/www.gossip.it\/#\/schema\/person\/488896f75158bff1cc83c6c39d141110","name":"La Redazione","image":{"@type":"ImageObject","inLanguage":"it-IT","@id":"https:\/\/www.gossip.it\/#\/schema\/person\/image\/","url":"https:\/\/secure.gravatar.com\/avatar\/5a5f5c6fa3e6700e4249abdad0263a1e94e927d9e0499b1cb09c1cd29c044d80?s=96&d=mm&r=g","contentUrl":"https:\/\/secure.gravatar.com\/avatar\/5a5f5c6fa3e6700e4249abdad0263a1e94e927d9e0499b1cb09c1cd29c044d80?s=96&d=mm&r=g","caption":"La Redazione"},"sameAs":["https:\/\/www.gossip.it"]}]}},"amp_enabled":true,"_links":{"self":[{"href":"https:\/\/www.gossip.it\/api\/wp\/v2\/posts\/26380","targetHints":{"allow":["GET"]}}],"collection":[{"href":"https:\/\/www.gossip.it\/api\/wp\/v2\/posts"}],"about":[{"href":"https:\/\/www.gossip.it\/api\/wp\/v2\/types\/post"}],"author":[{"embeddable":true,"href":"https:\/\/www.gossip.it\/api\/wp\/v2\/users\/1"}],"replies":[{"embeddable":true,"href":"https:\/\/www.gossip.it\/api\/wp\/v2\/comments?post=26380"}],"version-history":[{"count":0,"href":"https:\/\/www.gossip.it\/api\/wp\/v2\/posts\/26380\/revisions"}],"wp:featuredmedia":[{"embeddable":true,"href":"https:\/\/www.gossip.it\/api\/wp\/v2\/media\/82427"}],"wp:attachment":[{"href":"https:\/\/www.gossip.it\/api\/wp\/v2\/media?parent=26380"}],"wp:term":[{"taxonomy":"category","embeddable":true,"href":"https:\/\/www.gossip.it\/api\/wp\/v2\/categories?post=26380"},{"taxonomy":"post_tag","embeddable":true,"href":"https:\/\/www.gossip.it\/api\/wp\/v2\/tags?post=26380"},{"taxonomy":"vip","embeddable":true,"href":"https:\/\/www.gossip.it\/api\/wp\/v2\/vip?post=26380"}],"curies":[{"name":"wp","href":"https:\/\/api.w.org\/{rel}","templated":true}]}}