{"id":26739,"date":"2009-10-23T00:00:00","date_gmt":"2009-10-22T22:00:00","guid":{"rendered":"https:\/\/www.gossip.it\/senza-categoria\/fiocco-rosa-o-azzurro-per-gisele\/"},"modified":"2009-10-23T00:00:00","modified_gmt":"2009-10-22T22:00:00","slug":"fiocco-rosa-o-azzurro-per-gisele","status":"publish","type":"post","link":"https:\/\/www.gossip.it\/news\/fiocco-rosa-o-azzurro-per-gisele\/","title":{"rendered":"Fiocco rosa o azzurro per Gisele?"},"content":{"rendered":"<p><a href=\"https:\/\/www.gossip.it\/news\/monografia.php?keyword=Gisele Bundchen\">Gisele Bundchen<\/a> a dicembre diventer\u00e0 per la prima volta mamma. La modella brasiliana aspetta un beb\u00e8 dal marito, il giocatore di football americano <a href=\"https:\/\/www.gossip.it\/news\/monografia.php?keyword=Tom Brady\">Tom Brady<\/a>. Qualche settimana fa si mormorava che la coppia avrebbe dato il benvenuto a un maschietto e addirittura si vociferava che Gisele avesse gi\u00e0 scelto il nome, <b>Gabriel<\/b>. Ora la situazione si \u00e8 ribaltata e sempre i soliti bene informati affermano che la top model aspetterebbe una femminuccia...<\/p>\n<p>Una fonte ha raccontato al magazine Life and Style che la Bundchen diventer\u00e0 mamma di una splendida bambina e che la far\u00e0 dormire nella sua  stessa culla  di quando era piccola: <i>\"Ci sar\u00e0 una stanza accanto alla nursery dove dormir\u00e0 la tata. User\u00e0 la culla che la famiglia di Gisele adopera da ben quattro generazioni. Era di sua madre, poi c'ha dormito lei stessa e ora sar\u00e0 di sua figlia. E' molto bella, fatta di una solida quercia\"<\/i>.<br \/>\nPare che la Bundchen all'inizio volesse dipingere la stanza della bimba completamente di rosa per poi cambiare idea e optare per un tema nautico e delle tonalit\u00e0 verdi e color crema.<\/p>\n<p>Foto: Ramey\/Kikapress.com \u00a9 Gossip.it<\/p>\n","protected":false},"excerpt":{"rendered":"<p>Gisele Bundchen a dicembre diventer\u00e0 per la prima volta mamma. La modella brasiliana aspetta un beb\u00e8 dal marito, il giocatore di football americano Tom Brady. Qualche settimana fa si mormorava che la coppia avrebbe dato il benvenuto a un maschietto e addirittura si vociferava che Gisele avesse gi\u00e0 scelto il nome, Gabriel. Ora la situazione [&hellip;]<\/p>\n","protected":false},"author":1,"featured_media":82786,"comment_status":"closed","ping_status":"closed","sticky":false,"template":"","format":"standard","meta":{"footnotes":""},"categories":[54],"tags":[31872,4857,10162,9294,9347,14520,2181,3099,1997,4547,6543,11646,31873],"vip":[],"class_list":["post-26739","post","type-post","status-publish","format-standard","has-post-thumbnail","hentry","category-news","tag-bambinaia","tag-brasile","tag-culla","tag-gabriel","tag-gisele-bundchen","tag-gossip-moda","tag-gravidanza","tag-moda","tag-modella","tag-nursery","tag-tata","tag-tom-brady","tag-topo-model"],"yoast_head":"<title>Fiocco rosa o azzurro per Gisele? - Gossip.it | News sul Gossip e VIP<\/title>\n<meta name=\"description\" content=\"Gisele Bundchen a dicembre diventer\u00e0 per la prima volta mamma. La modella brasiliana aspetta un beb\u00e8 dal marito, il giocatore di football americano Tom\" \/>\n<meta name=\"robots\" content=\"index, follow, max-snippet:-1, max-image-preview:large, max-video-preview:-1\" \/>\n<link rel=\"canonical\" href=\"https:\/\/www.gossip.it\/news\/fiocco-rosa-o-azzurro-per-gisele\/\" \/>\n<meta property=\"og:locale\" content=\"it_IT\" \/>\n<meta property=\"og:type\" content=\"article\" \/>\n<meta property=\"og:title\" content=\"Fiocco rosa o azzurro per Gisele? - Gossip.it | News sul Gossip e VIP\" \/>\n<meta property=\"og:description\" content=\"Gisele Bundchen a dicembre diventer\u00e0 per la prima volta mamma. La modella brasiliana aspetta un beb\u00e8 dal marito, il giocatore di football americano Tom\" \/>\n<meta property=\"og:url\" content=\"https:\/\/www.gossip.it\/news\/fiocco-rosa-o-azzurro-per-gisele\/\" \/>\n<meta property=\"og:site_name\" content=\"Gossip.it | News sul Gossip e VIP\" \/>\n<meta property=\"article:publisher\" content=\"https:\/\/www.facebook.com\/GossipIT\" \/>\n<meta property=\"article:published_time\" content=\"2009-10-22T22:00:00+00:00\" \/>\n<meta property=\"og:image\" content=\"https:\/\/www.gossip.it\/images5\/1256269749_gisele-bundcchen.jpg\" \/>\n<meta name=\"author\" content=\"La Redazione\" \/>\n<meta name=\"twitter:card\" content=\"summary_large_image\" \/>\n<meta name=\"twitter:image\" content=\"https:\/\/www.gossip.it\/images5\/1256269749_gisele-bundcchen.jpg\" \/>\n<meta name=\"twitter:creator\" content=\"@gossinews_it\" \/>\n<meta name=\"twitter:site\" content=\"@gossinews_it\" \/>\n<meta name=\"twitter:label1\" content=\"Scritto da\" \/>\n\t<meta name=\"twitter:data1\" content=\"Francesca Romana Domenici\" \/>\n\t<meta name=\"twitter:label2\" content=\"Tempo di lettura stimato\" \/>\n\t<meta name=\"twitter:data2\" content=\"1 minuto\" \/>","yoast_head_json":{"title":"Fiocco rosa o azzurro per Gisele? - Gossip.it | News sul Gossip e VIP","description":"Gisele Bundchen a dicembre diventer\u00e0 per la prima volta mamma. La modella brasiliana aspetta un beb\u00e8 dal marito, il giocatore di football americano Tom","robots":{"index":"index","follow":"follow","max-snippet":"max-snippet:-1","max-image-preview":"max-image-preview:large","max-video-preview":"max-video-preview:-1"},"canonical":"https:\/\/www.gossip.it\/news\/fiocco-rosa-o-azzurro-per-gisele\/","og_locale":"it_IT","og_type":"article","og_title":"Fiocco rosa o azzurro per Gisele? - Gossip.it | News sul Gossip e VIP","og_description":"Gisele Bundchen a dicembre diventer\u00e0 per la prima volta mamma. La modella brasiliana aspetta un beb\u00e8 dal marito, il giocatore di football americano Tom","og_url":"https:\/\/www.gossip.it\/news\/fiocco-rosa-o-azzurro-per-gisele\/","og_site_name":"Gossip.it | News sul Gossip e VIP","article_publisher":"https:\/\/www.facebook.com\/GossipIT","article_published_time":"2009-10-22T22:00:00+00:00","og_image":[{"url":"https:\/\/www.gossip.it\/images5\/1256269749_gisele-bundcchen.jpg"}],"author":"La Redazione","twitter_card":"summary_large_image","twitter_image":"https:\/\/www.gossip.it\/images5\/1256269749_gisele-bundcchen.jpg","twitter_creator":"@gossinews_it","twitter_site":"@gossinews_it","twitter_misc":{"Scritto da":"Francesca Romana Domenici","Tempo di lettura stimato":"1 minuto"},"schema":{"@context":"https:\/\/schema.org","@graph":[{"@type":"Article","@id":"https:\/\/www.gossip.it\/news\/fiocco-rosa-o-azzurro-per-gisele\/#article","isPartOf":{"@id":"https:\/\/www.gossip.it\/news\/fiocco-rosa-o-azzurro-per-gisele\/"},"author":{"name":"La Redazione","@id":"https:\/\/www.gossip.it\/#\/schema\/person\/488896f75158bff1cc83c6c39d141110"},"headline":"Fiocco rosa o azzurro per Gisele?","datePublished":"2009-10-22T22:00:00+00:00","dateModified":"2009-10-22T22:00:00+00:00","mainEntityOfPage":{"@id":"https:\/\/www.gossip.it\/news\/fiocco-rosa-o-azzurro-per-gisele\/"},"wordCount":194,"publisher":{"@id":"https:\/\/www.gossip.it\/#organization"},"image":{"@id":"https:\/\/www.gossip.it\/news\/fiocco-rosa-o-azzurro-per-gisele\/#primaryimage"},"thumbnailUrl":"https:\/\/www.gossip.it\/images5\/1256269749_gisele-bundcchen.jpg","keywords":["bambinaia","brasile","culla","gabriel","gisele bundchen","gossip moda","gravidanza","moda","modella","nursery","tata","tom brady","topo model"],"articleSection":["News"],"inLanguage":"it-IT"},{"@type":"WebPage","@id":"https:\/\/www.gossip.it\/news\/fiocco-rosa-o-azzurro-per-gisele\/","url":"https:\/\/www.gossip.it\/news\/fiocco-rosa-o-azzurro-per-gisele\/","name":"Fiocco rosa o azzurro per Gisele? - Gossip.it | News sul Gossip e VIP","isPartOf":{"@id":"https:\/\/www.gossip.it\/#website"},"primaryImageOfPage":{"@id":"https:\/\/www.gossip.it\/news\/fiocco-rosa-o-azzurro-per-gisele\/#primaryimage"},"image":{"@id":"https:\/\/www.gossip.it\/news\/fiocco-rosa-o-azzurro-per-gisele\/#primaryimage"},"thumbnailUrl":"https:\/\/www.gossip.it\/images5\/1256269749_gisele-bundcchen.jpg","datePublished":"2009-10-22T22:00:00+00:00","dateModified":"2009-10-22T22:00:00+00:00","description":"Gisele Bundchen a dicembre diventer\u00e0 per la prima volta mamma. La modella brasiliana aspetta un beb\u00e8 dal marito, il giocatore di football americano Tom","breadcrumb":{"@id":"https:\/\/www.gossip.it\/news\/fiocco-rosa-o-azzurro-per-gisele\/#breadcrumb"},"inLanguage":"it-IT","potentialAction":[{"@type":"ReadAction","target":["https:\/\/www.gossip.it\/news\/fiocco-rosa-o-azzurro-per-gisele\/"]}]},{"@type":"ImageObject","inLanguage":"it-IT","@id":"https:\/\/www.gossip.it\/news\/fiocco-rosa-o-azzurro-per-gisele\/#primaryimage","url":"https:\/\/www.gossip.it\/images5\/1256269749_gisele-bundcchen.jpg","contentUrl":"https:\/\/www.gossip.it\/images5\/1256269749_gisele-bundcchen.jpg"},{"@type":"BreadcrumbList","@id":"https:\/\/www.gossip.it\/news\/fiocco-rosa-o-azzurro-per-gisele\/#breadcrumb","itemListElement":[{"@type":"ListItem","position":1,"name":"Home","item":"https:\/\/www.gossip.it\/"},{"@type":"ListItem","position":2,"name":"Fiocco rosa o azzurro per Gisele?"}]},{"@type":"WebSite","@id":"https:\/\/www.gossip.it\/#website","url":"https:\/\/www.gossip.it\/","name":"Gossip and VIP News","description":"Quotidiano di cronaca rosa, costume e societ\u00e0","publisher":{"@id":"https:\/\/www.gossip.it\/#organization"},"alternateName":"Gossip and VIP News","potentialAction":[{"@type":"SearchAction","target":{"@type":"EntryPoint","urlTemplate":"https:\/\/www.gossip.it\/?s={search_term_string}"},"query-input":{"@type":"PropertyValueSpecification","valueRequired":true,"valueName":"search_term_string"}}],"inLanguage":"it-IT"},{"@type":"Organization","@id":"https:\/\/www.gossip.it\/#organization","name":"Gossip and VIP News","alternateName":"Gossip News","url":"https:\/\/www.gossip.it\/","logo":{"@type":"ImageObject","inLanguage":"it-IT","@id":"https:\/\/www.gossip.it\/#\/schema\/logo\/image\/","url":"https:\/\/www.gossip.it\/wp-content\/uploads\/2022\/04\/cropped-corna-alta-tiny.png","contentUrl":"https:\/\/www.gossip.it\/wp-content\/uploads\/2022\/04\/cropped-corna-alta-tiny.png","width":512,"height":512,"caption":"Gossip and VIP News"},"image":{"@id":"https:\/\/www.gossip.it\/#\/schema\/logo\/image\/"},"sameAs":["https:\/\/www.facebook.com\/GossipIT","https:\/\/x.com\/gossinews_it","https:\/\/instagram.com\/gossip_it"]},{"@type":"Person","@id":"https:\/\/www.gossip.it\/#\/schema\/person\/488896f75158bff1cc83c6c39d141110","name":"La Redazione","image":{"@type":"ImageObject","inLanguage":"it-IT","@id":"https:\/\/www.gossip.it\/#\/schema\/person\/image\/","url":"https:\/\/secure.gravatar.com\/avatar\/5a5f5c6fa3e6700e4249abdad0263a1e94e927d9e0499b1cb09c1cd29c044d80?s=96&d=mm&r=g","contentUrl":"https:\/\/secure.gravatar.com\/avatar\/5a5f5c6fa3e6700e4249abdad0263a1e94e927d9e0499b1cb09c1cd29c044d80?s=96&d=mm&r=g","caption":"La Redazione"},"sameAs":["https:\/\/www.gossip.it"]}]}},"amp_enabled":true,"_links":{"self":[{"href":"https:\/\/www.gossip.it\/api\/wp\/v2\/posts\/26739","targetHints":{"allow":["GET"]}}],"collection":[{"href":"https:\/\/www.gossip.it\/api\/wp\/v2\/posts"}],"about":[{"href":"https:\/\/www.gossip.it\/api\/wp\/v2\/types\/post"}],"author":[{"embeddable":true,"href":"https:\/\/www.gossip.it\/api\/wp\/v2\/users\/1"}],"replies":[{"embeddable":true,"href":"https:\/\/www.gossip.it\/api\/wp\/v2\/comments?post=26739"}],"version-history":[{"count":0,"href":"https:\/\/www.gossip.it\/api\/wp\/v2\/posts\/26739\/revisions"}],"wp:featuredmedia":[{"embeddable":true,"href":"https:\/\/www.gossip.it\/api\/wp\/v2\/media\/82786"}],"wp:attachment":[{"href":"https:\/\/www.gossip.it\/api\/wp\/v2\/media?parent=26739"}],"wp:term":[{"taxonomy":"category","embeddable":true,"href":"https:\/\/www.gossip.it\/api\/wp\/v2\/categories?post=26739"},{"taxonomy":"post_tag","embeddable":true,"href":"https:\/\/www.gossip.it\/api\/wp\/v2\/tags?post=26739"},{"taxonomy":"vip","embeddable":true,"href":"https:\/\/www.gossip.it\/api\/wp\/v2\/vip?post=26739"}],"curies":[{"name":"wp","href":"https:\/\/api.w.org\/{rel}","templated":true}]}}