{"id":27110,"date":"2009-12-31T00:00:00","date_gmt":"2009-12-30T23:00:00","guid":{"rendered":"https:\/\/www.gossip.it\/senza-categoria\/miller-e-law-caraibi-con-i-figli-di-jude\/"},"modified":"2009-12-31T00:00:00","modified_gmt":"2009-12-30T23:00:00","slug":"miller-e-law-caraibi-con-i-figli-di-jude","status":"publish","type":"post","link":"https:\/\/www.gossip.it\/news\/miller-e-law-caraibi-con-i-figli-di-jude\/","title":{"rendered":"Miller e Law, Caraibi con i figli di Jude"},"content":{"rendered":"<p>Bello e dannato. Cos\u00ec si \u00e8 definito <a href=\"https:\/\/www.gossip.it\/news\/monografia.php?keyword=Jude Law\">Jude Law<\/a> sulle pagine di <em>Parade<\/em>. <em>\"Penso che alle donne piacciano i cattivi ragazzi. Questa \u00e8 stata la mia esperienza. Raggiunta una certa et\u00e0 capisci cosa \u201cfunziona\u201d per te ed essere un bravo ragazzo non mi ha mai aiutato. Se sei un cattivo ragazzo, allora gli piaci<\/em> - ha detto l'<a href=\"https:\/\/www.gossip.it\/news\/monografia.php?keyword=attore\">attore<\/a> - <em>Ma alla fine bisogna comunque crescere e capire che le relazioni sono difficili da mantenere. \u00c8 come coltivare una qualsiasi cosa. Hanno bisogno di attenzioni\"<\/em>.<\/p>\n<p>Jude le attenzioni le ha ritrovate per <a href=\"https:\/\/www.gossip.it\/news\/monografia.php?keyword=Sienna Miller\">Sienna Miller<\/a>. Insieme non solo sono partiti per i Caraibi, ma hanno deciso di portarsi dietro anche <b>Rafferty<\/b>, 13 anni, <b>Iris<\/b>, 9, e <b>Rudy<\/b>, 7, i tre figli che il divo ha avuto dall'ex moglie <a href=\"https:\/\/www.gossip.it\/news\/monografia.php?keyword=Sadie Frost\">Sadie Frost<\/a>. All'appello manca solo l'ultima nata, <b>Sophie<\/b>, ma la piccola avuta da una <a href=\"https:\/\/www.gossip.it\/news\/monografia.php?keyword=modella\">modella<\/a> non \u00e8 stata ancora riconosciuta da Law...<\/p>\n<p>Il 2009 per Sienna Miller si chiude con un amore riscoperto. E speriamo che nel 2010 Jude Law sia un po' meno cattivo ragazzo e un po' pi\u00f9 principe azzurro.<\/p>\n<p>Foto: CarlosCostas-PacificCoastNews\/Kika<\/p>\n","protected":false},"excerpt":{"rendered":"<p>Bello e dannato. Cos\u00ec si \u00e8 definito Jude Law sulle pagine di Parade. \"Penso che alle donne piacciano i cattivi ragazzi. Questa \u00e8 stata la mia esperienza. Raggiunta una certa et\u00e0 capisci cosa \u201cfunziona\u201d per te ed essere un bravo ragazzo non mi ha mai aiutato. Se sei un cattivo ragazzo, allora gli piaci - [&hellip;]<\/p>\n","protected":false},"author":1,"featured_media":83157,"comment_status":"closed","ping_status":"closed","sticky":false,"template":"","format":"standard","meta":{"footnotes":""},"categories":[54],"tags":[2137,1983,9012,2410,2102,2932,2731,2140,2769,3075,2301,9166,2702],"vip":[1027],"class_list":["post-27110","post","type-post","status-publish","format-standard","has-post-thumbnail","hentry","category-news","tag-attore","tag-attrice","tag-caraibi","tag-cinema","tag-dichiarazioni","tag-diva","tag-divo","tag-flirt","tag-gossip-cinema","tag-liaison","tag-reunion","tag-sienna-miller","tag-star","vip-jude_law"],"yoast_head":"<title>Miller e Law, Caraibi con i figli di Jude - Gossip.it | News sul Gossip e VIP<\/title>\n<meta name=\"description\" content=\"Bello e dannato. Cos\u00ec si \u00e8 definito Jude Law sulle pagine di Parade. &quot;Penso che alle donne piacciano i cattivi ragazzi. Questa \u00e8 stata la mia esperienza.\" \/>\n<meta name=\"robots\" content=\"index, follow, max-snippet:-1, max-image-preview:large, max-video-preview:-1\" \/>\n<link rel=\"canonical\" href=\"https:\/\/www.gossip.it\/news\/miller-e-law-caraibi-con-i-figli-di-jude\/\" \/>\n<meta property=\"og:locale\" content=\"it_IT\" \/>\n<meta property=\"og:type\" content=\"article\" \/>\n<meta property=\"og:title\" content=\"Miller e Law, Caraibi con i figli di Jude - Gossip.it | News sul Gossip e VIP\" \/>\n<meta property=\"og:description\" content=\"Bello e dannato. Cos\u00ec si \u00e8 definito Jude Law sulle pagine di Parade. &quot;Penso che alle donne piacciano i cattivi ragazzi. Questa \u00e8 stata la mia esperienza.\" \/>\n<meta property=\"og:url\" content=\"https:\/\/www.gossip.it\/news\/miller-e-law-caraibi-con-i-figli-di-jude\/\" \/>\n<meta property=\"og:site_name\" content=\"Gossip.it | News sul Gossip e VIP\" \/>\n<meta property=\"article:publisher\" content=\"https:\/\/www.facebook.com\/GossipIT\" \/>\n<meta property=\"article:published_time\" content=\"2009-12-30T23:00:00+00:00\" \/>\n<meta property=\"og:image\" content=\"https:\/\/www.gossip.it\/images5\/1262253381_sienna-miller.jpg\" \/>\n<meta name=\"author\" content=\"La Redazione\" \/>\n<meta name=\"twitter:card\" content=\"summary_large_image\" \/>\n<meta name=\"twitter:image\" content=\"https:\/\/www.gossip.it\/images5\/1262253381_sienna-miller.jpg\" \/>\n<meta name=\"twitter:creator\" content=\"@gossinews_it\" \/>\n<meta name=\"twitter:site\" content=\"@gossinews_it\" \/>\n<meta name=\"twitter:label1\" content=\"Scritto da\" \/>\n\t<meta name=\"twitter:data1\" content=\"Annamaria Capozzi\" \/>\n\t<meta name=\"twitter:label2\" content=\"Tempo di lettura stimato\" \/>\n\t<meta name=\"twitter:data2\" content=\"1 minuto\" \/>","yoast_head_json":{"title":"Miller e Law, Caraibi con i figli di Jude - Gossip.it | News sul Gossip e VIP","description":"Bello e dannato. Cos\u00ec si \u00e8 definito Jude Law sulle pagine di Parade. \"Penso che alle donne piacciano i cattivi ragazzi. Questa \u00e8 stata la mia esperienza.","robots":{"index":"index","follow":"follow","max-snippet":"max-snippet:-1","max-image-preview":"max-image-preview:large","max-video-preview":"max-video-preview:-1"},"canonical":"https:\/\/www.gossip.it\/news\/miller-e-law-caraibi-con-i-figli-di-jude\/","og_locale":"it_IT","og_type":"article","og_title":"Miller e Law, Caraibi con i figli di Jude - Gossip.it | News sul Gossip e VIP","og_description":"Bello e dannato. Cos\u00ec si \u00e8 definito Jude Law sulle pagine di Parade. \"Penso che alle donne piacciano i cattivi ragazzi. Questa \u00e8 stata la mia esperienza.","og_url":"https:\/\/www.gossip.it\/news\/miller-e-law-caraibi-con-i-figli-di-jude\/","og_site_name":"Gossip.it | News sul Gossip e VIP","article_publisher":"https:\/\/www.facebook.com\/GossipIT","article_published_time":"2009-12-30T23:00:00+00:00","og_image":[{"url":"https:\/\/www.gossip.it\/images5\/1262253381_sienna-miller.jpg"}],"author":"La Redazione","twitter_card":"summary_large_image","twitter_image":"https:\/\/www.gossip.it\/images5\/1262253381_sienna-miller.jpg","twitter_creator":"@gossinews_it","twitter_site":"@gossinews_it","twitter_misc":{"Scritto da":"Annamaria Capozzi","Tempo di lettura stimato":"1 minuto"},"schema":{"@context":"https:\/\/schema.org","@graph":[{"@type":"Article","@id":"https:\/\/www.gossip.it\/news\/miller-e-law-caraibi-con-i-figli-di-jude\/#article","isPartOf":{"@id":"https:\/\/www.gossip.it\/news\/miller-e-law-caraibi-con-i-figli-di-jude\/"},"author":{"name":"La Redazione","@id":"https:\/\/www.gossip.it\/#\/schema\/person\/488896f75158bff1cc83c6c39d141110"},"headline":"Miller e Law, Caraibi con i figli di Jude","datePublished":"2009-12-30T23:00:00+00:00","dateModified":"2009-12-30T23:00:00+00:00","mainEntityOfPage":{"@id":"https:\/\/www.gossip.it\/news\/miller-e-law-caraibi-con-i-figli-di-jude\/"},"wordCount":185,"publisher":{"@id":"https:\/\/www.gossip.it\/#organization"},"image":{"@id":"https:\/\/www.gossip.it\/news\/miller-e-law-caraibi-con-i-figli-di-jude\/#primaryimage"},"thumbnailUrl":"https:\/\/www.gossip.it\/images5\/1262253381_sienna-miller.jpg","keywords":["attore","attrice","caraibi","cinema","dichiarazioni","diva","divo","flirt","gossip cinema","liaison","reunion","Sienna Miller","star"],"articleSection":["News"],"inLanguage":"it-IT"},{"@type":"WebPage","@id":"https:\/\/www.gossip.it\/news\/miller-e-law-caraibi-con-i-figli-di-jude\/","url":"https:\/\/www.gossip.it\/news\/miller-e-law-caraibi-con-i-figli-di-jude\/","name":"Miller e Law, Caraibi con i figli di Jude - Gossip.it | News sul Gossip e VIP","isPartOf":{"@id":"https:\/\/www.gossip.it\/#website"},"primaryImageOfPage":{"@id":"https:\/\/www.gossip.it\/news\/miller-e-law-caraibi-con-i-figli-di-jude\/#primaryimage"},"image":{"@id":"https:\/\/www.gossip.it\/news\/miller-e-law-caraibi-con-i-figli-di-jude\/#primaryimage"},"thumbnailUrl":"https:\/\/www.gossip.it\/images5\/1262253381_sienna-miller.jpg","datePublished":"2009-12-30T23:00:00+00:00","dateModified":"2009-12-30T23:00:00+00:00","description":"Bello e dannato. Cos\u00ec si \u00e8 definito Jude Law sulle pagine di Parade. \"Penso che alle donne piacciano i cattivi ragazzi. Questa \u00e8 stata la mia esperienza.","breadcrumb":{"@id":"https:\/\/www.gossip.it\/news\/miller-e-law-caraibi-con-i-figli-di-jude\/#breadcrumb"},"inLanguage":"it-IT","potentialAction":[{"@type":"ReadAction","target":["https:\/\/www.gossip.it\/news\/miller-e-law-caraibi-con-i-figli-di-jude\/"]}]},{"@type":"ImageObject","inLanguage":"it-IT","@id":"https:\/\/www.gossip.it\/news\/miller-e-law-caraibi-con-i-figli-di-jude\/#primaryimage","url":"https:\/\/www.gossip.it\/images5\/1262253381_sienna-miller.jpg","contentUrl":"https:\/\/www.gossip.it\/images5\/1262253381_sienna-miller.jpg"},{"@type":"BreadcrumbList","@id":"https:\/\/www.gossip.it\/news\/miller-e-law-caraibi-con-i-figli-di-jude\/#breadcrumb","itemListElement":[{"@type":"ListItem","position":1,"name":"Home","item":"https:\/\/www.gossip.it\/"},{"@type":"ListItem","position":2,"name":"Miller e Law, Caraibi con i figli di Jude"}]},{"@type":"WebSite","@id":"https:\/\/www.gossip.it\/#website","url":"https:\/\/www.gossip.it\/","name":"Gossip and VIP News","description":"Quotidiano di cronaca rosa, costume e societ\u00e0","publisher":{"@id":"https:\/\/www.gossip.it\/#organization"},"alternateName":"Gossip and VIP News","potentialAction":[{"@type":"SearchAction","target":{"@type":"EntryPoint","urlTemplate":"https:\/\/www.gossip.it\/?s={search_term_string}"},"query-input":{"@type":"PropertyValueSpecification","valueRequired":true,"valueName":"search_term_string"}}],"inLanguage":"it-IT"},{"@type":"Organization","@id":"https:\/\/www.gossip.it\/#organization","name":"Gossip and VIP News","alternateName":"Gossip News","url":"https:\/\/www.gossip.it\/","logo":{"@type":"ImageObject","inLanguage":"it-IT","@id":"https:\/\/www.gossip.it\/#\/schema\/logo\/image\/","url":"https:\/\/www.gossip.it\/wp-content\/uploads\/2022\/04\/cropped-corna-alta-tiny.png","contentUrl":"https:\/\/www.gossip.it\/wp-content\/uploads\/2022\/04\/cropped-corna-alta-tiny.png","width":512,"height":512,"caption":"Gossip and VIP News"},"image":{"@id":"https:\/\/www.gossip.it\/#\/schema\/logo\/image\/"},"sameAs":["https:\/\/www.facebook.com\/GossipIT","https:\/\/x.com\/gossinews_it","https:\/\/instagram.com\/gossip_it"]},{"@type":"Person","@id":"https:\/\/www.gossip.it\/#\/schema\/person\/488896f75158bff1cc83c6c39d141110","name":"La Redazione","image":{"@type":"ImageObject","inLanguage":"it-IT","@id":"https:\/\/www.gossip.it\/#\/schema\/person\/image\/","url":"https:\/\/secure.gravatar.com\/avatar\/5a5f5c6fa3e6700e4249abdad0263a1e94e927d9e0499b1cb09c1cd29c044d80?s=96&d=mm&r=g","contentUrl":"https:\/\/secure.gravatar.com\/avatar\/5a5f5c6fa3e6700e4249abdad0263a1e94e927d9e0499b1cb09c1cd29c044d80?s=96&d=mm&r=g","caption":"La Redazione"},"sameAs":["https:\/\/www.gossip.it"]}]}},"amp_enabled":true,"_links":{"self":[{"href":"https:\/\/www.gossip.it\/api\/wp\/v2\/posts\/27110","targetHints":{"allow":["GET"]}}],"collection":[{"href":"https:\/\/www.gossip.it\/api\/wp\/v2\/posts"}],"about":[{"href":"https:\/\/www.gossip.it\/api\/wp\/v2\/types\/post"}],"author":[{"embeddable":true,"href":"https:\/\/www.gossip.it\/api\/wp\/v2\/users\/1"}],"replies":[{"embeddable":true,"href":"https:\/\/www.gossip.it\/api\/wp\/v2\/comments?post=27110"}],"version-history":[{"count":0,"href":"https:\/\/www.gossip.it\/api\/wp\/v2\/posts\/27110\/revisions"}],"wp:featuredmedia":[{"embeddable":true,"href":"https:\/\/www.gossip.it\/api\/wp\/v2\/media\/83157"}],"wp:attachment":[{"href":"https:\/\/www.gossip.it\/api\/wp\/v2\/media?parent=27110"}],"wp:term":[{"taxonomy":"category","embeddable":true,"href":"https:\/\/www.gossip.it\/api\/wp\/v2\/categories?post=27110"},{"taxonomy":"post_tag","embeddable":true,"href":"https:\/\/www.gossip.it\/api\/wp\/v2\/tags?post=27110"},{"taxonomy":"vip","embeddable":true,"href":"https:\/\/www.gossip.it\/api\/wp\/v2\/vip?post=27110"}],"curies":[{"name":"wp","href":"https:\/\/api.w.org\/{rel}","templated":true}]}}