{"id":27449,"date":"2010-03-01T00:00:00","date_gmt":"2010-02-28T23:00:00","guid":{"rendered":"https:\/\/www.gossip.it\/senza-categoria\/eli-canalis-con-la-santarelli-da-cavalli\/"},"modified":"2010-03-01T00:00:00","modified_gmt":"2010-02-28T23:00:00","slug":"eli-canalis-con-la-santarelli-da-cavalli","status":"publish","type":"post","link":"https:\/\/www.gossip.it\/news\/eli-canalis-con-la-santarelli-da-cavalli\/","title":{"rendered":"Eli Canalis con la Santarelli da Cavalli"},"content":{"rendered":"<p>Parterre ricchissimo di volti noti quello della <a href=\"https:\/\/www.gossip.it\/moda\/elisabetta_canalis_alla_sfilata_di_roberto_cavalli_insieme_a_elena_santarelli_lindsay_lohan_e_morgan_sperw.html?id=261a9893b3dd289b2e17e45b85050923\"><b><u>sfilata milanese<\/u><\/b><\/a> di <a href=\"https:\/\/www.gossip.it\/news\/monografia.php?keyword=Roberto Cavalli\">Roberto Cavalli<\/a>. In prima fila ecco l'italiana pi\u00f9 chiacchierata del mondo, <a href=\"https:\/\/www.gossip.it\/news\/monografia.php?keyword=Elisabetta Canalis\">Elisabetta Canalis<\/a>.<\/p>\n<p>Assente il suo George (\u00e8, tra l'altro, testimonial di un altro noto brand d'abbigliamento), che per\u00f2 Eli vedr\u00e0 molto presto: i due sono una delle coppie pi\u00f9 attese del prossimo red carpet degli Oscar (in scena il 7 marzo a Los Angeles).<\/p>\n<p>Ma c'era anche la biondissima <a href=\"https:\/\/www.gossip.it\/news\/monografia.php?keyword=Elena Santarelli\">Elena Santarelli<\/a>, la prezzemolina a stelle e strisce <a href=\"https:\/\/www.gossip.it\/news\/monografia.php?keyword=Lindsay Lohan\">Lindsay Lohan<\/a>, la peperina bionda <a href=\"https:\/\/www.gossip.it\/news\/monografia.php?keyword=Courtney Love\">Courtney Love<\/a> e il nostro <a href=\"https:\/\/www.gossip.it\/news\/monografia.php?keyword=Morgan\">Morgan<\/a>.<\/p>\n<p><a href=\"https:\/\/www.gossip.it\/moda\/elisabetta_canalis_alla_sfilata_di_roberto_cavalli_insieme_a_elena_santarelli_lindsay_lohan_e_morgan_sperw.html?id=261a9893b3dd289b2e17e45b85050923\"><b><u>Le foto di Canalis, Santarelli, Lohan e gli altri alla sfilata milanese di Cavalli<\/u><\/b><\/a> su GossipNews.<\/p>\n","protected":false},"excerpt":{"rendered":"<p>Parterre ricchissimo di volti noti quello della sfilata milanese di Roberto Cavalli. In prima fila ecco l'italiana pi\u00f9 chiacchierata del mondo, Elisabetta Canalis. Assente il suo George (\u00e8, tra l'altro, testimonial di un altro noto brand d'abbigliamento), che per\u00f2 Eli vedr\u00e0 molto presto: i due sono una delle coppie pi\u00f9 attese del prossimo red carpet [&hellip;]<\/p>\n","protected":false},"author":1,"featured_media":83496,"comment_status":"closed","ping_status":"closed","sticky":false,"template":"","format":"standard","meta":{"footnotes":""},"categories":[54],"tags":[29673,2436,21371,2740,2840,2577,2517,4007,30658,1972,6176,2835,2667],"vip":[627,649,1110,1381],"class_list":["post-27449","post","type-post","status-publish","format-standard","has-post-thumbnail","hentry","category-news","tag-assente","tag-coppie","tag-courtney-love","tag-italiana","tag-mondo","tag-oscar","tag-parterre","tag-peperina","tag-prezzemolina","tag-red-carpet","tag-roberto-cavalli","tag-sfilata","tag-volti","vip-elena_santarelli","vip-elisabetta_canalis","vip-lindsay_lohan","vip-morgan"],"yoast_head":"<title>Eli Canalis con la Santarelli da Cavalli - Gossip.it | News sul Gossip e VIP<\/title>\n<meta name=\"description\" content=\"Parterre ricchissimo di volti noti quello della sfilata milanese di Roberto Cavalli. In prima fila ecco l&#039;italiana pi\u00f9 chiacchierata del mondo, Elisabetta\" \/>\n<meta name=\"robots\" content=\"index, follow, max-snippet:-1, max-image-preview:large, max-video-preview:-1\" \/>\n<link rel=\"canonical\" href=\"https:\/\/www.gossip.it\/news\/eli-canalis-con-la-santarelli-da-cavalli\/\" \/>\n<meta property=\"og:locale\" content=\"it_IT\" \/>\n<meta property=\"og:type\" content=\"article\" \/>\n<meta property=\"og:title\" content=\"Eli Canalis con la Santarelli da Cavalli - Gossip.it | News sul Gossip e VIP\" \/>\n<meta property=\"og:description\" content=\"Parterre ricchissimo di volti noti quello della sfilata milanese di Roberto Cavalli. In prima fila ecco l&#039;italiana pi\u00f9 chiacchierata del mondo, Elisabetta\" \/>\n<meta property=\"og:url\" content=\"https:\/\/www.gossip.it\/news\/eli-canalis-con-la-santarelli-da-cavalli\/\" \/>\n<meta property=\"og:site_name\" content=\"Gossip.it | News sul Gossip e VIP\" \/>\n<meta property=\"article:publisher\" content=\"https:\/\/www.facebook.com\/GossipIT\" \/>\n<meta property=\"article:published_time\" content=\"2010-02-28T23:00:00+00:00\" \/>\n<meta property=\"og:image\" content=\"https:\/\/www.gossip.it\/images5\/1267442373_.jpg\" \/>\n<meta name=\"author\" content=\"La Redazione\" \/>\n<meta name=\"twitter:card\" content=\"summary_large_image\" \/>\n<meta name=\"twitter:image\" content=\"https:\/\/www.gossip.it\/images5\/1267442373_.jpg\" \/>\n<meta name=\"twitter:creator\" content=\"@gossinews_it\" \/>\n<meta name=\"twitter:site\" content=\"@gossinews_it\" \/>\n<meta name=\"twitter:label1\" content=\"Scritto da\" \/>\n\t<meta name=\"twitter:data1\" content=\"Edoardo Rossi\" \/>\n\t<meta name=\"twitter:label2\" content=\"Tempo di lettura stimato\" \/>\n\t<meta name=\"twitter:data2\" content=\"1 minuto\" \/>","yoast_head_json":{"title":"Eli Canalis con la Santarelli da Cavalli - Gossip.it | News sul Gossip e VIP","description":"Parterre ricchissimo di volti noti quello della sfilata milanese di Roberto Cavalli. In prima fila ecco l'italiana pi\u00f9 chiacchierata del mondo, Elisabetta","robots":{"index":"index","follow":"follow","max-snippet":"max-snippet:-1","max-image-preview":"max-image-preview:large","max-video-preview":"max-video-preview:-1"},"canonical":"https:\/\/www.gossip.it\/news\/eli-canalis-con-la-santarelli-da-cavalli\/","og_locale":"it_IT","og_type":"article","og_title":"Eli Canalis con la Santarelli da Cavalli - Gossip.it | News sul Gossip e VIP","og_description":"Parterre ricchissimo di volti noti quello della sfilata milanese di Roberto Cavalli. In prima fila ecco l'italiana pi\u00f9 chiacchierata del mondo, Elisabetta","og_url":"https:\/\/www.gossip.it\/news\/eli-canalis-con-la-santarelli-da-cavalli\/","og_site_name":"Gossip.it | News sul Gossip e VIP","article_publisher":"https:\/\/www.facebook.com\/GossipIT","article_published_time":"2010-02-28T23:00:00+00:00","og_image":[{"url":"https:\/\/www.gossip.it\/images5\/1267442373_.jpg"}],"author":"La Redazione","twitter_card":"summary_large_image","twitter_image":"https:\/\/www.gossip.it\/images5\/1267442373_.jpg","twitter_creator":"@gossinews_it","twitter_site":"@gossinews_it","twitter_misc":{"Scritto da":"Edoardo Rossi","Tempo di lettura stimato":"1 minuto"},"schema":{"@context":"https:\/\/schema.org","@graph":[{"@type":"Article","@id":"https:\/\/www.gossip.it\/news\/eli-canalis-con-la-santarelli-da-cavalli\/#article","isPartOf":{"@id":"https:\/\/www.gossip.it\/news\/eli-canalis-con-la-santarelli-da-cavalli\/"},"author":{"name":"La Redazione","@id":"https:\/\/www.gossip.it\/#\/schema\/person\/488896f75158bff1cc83c6c39d141110"},"headline":"Eli Canalis con la Santarelli da Cavalli","datePublished":"2010-02-28T23:00:00+00:00","dateModified":"2010-02-28T23:00:00+00:00","mainEntityOfPage":{"@id":"https:\/\/www.gossip.it\/news\/eli-canalis-con-la-santarelli-da-cavalli\/"},"wordCount":114,"publisher":{"@id":"https:\/\/www.gossip.it\/#organization"},"image":{"@id":"https:\/\/www.gossip.it\/news\/eli-canalis-con-la-santarelli-da-cavalli\/#primaryimage"},"thumbnailUrl":"https:\/\/www.gossip.it\/images5\/1267442373_.jpg","keywords":["assente","coppie","courtney love","italiana","mondo","oscar","parterre","peperina","prezzemolina","red carpet","roberto cavalli","sfilata","volti"],"articleSection":["News"],"inLanguage":"it-IT"},{"@type":"WebPage","@id":"https:\/\/www.gossip.it\/news\/eli-canalis-con-la-santarelli-da-cavalli\/","url":"https:\/\/www.gossip.it\/news\/eli-canalis-con-la-santarelli-da-cavalli\/","name":"Eli Canalis con la Santarelli da Cavalli - Gossip.it | News sul Gossip e VIP","isPartOf":{"@id":"https:\/\/www.gossip.it\/#website"},"primaryImageOfPage":{"@id":"https:\/\/www.gossip.it\/news\/eli-canalis-con-la-santarelli-da-cavalli\/#primaryimage"},"image":{"@id":"https:\/\/www.gossip.it\/news\/eli-canalis-con-la-santarelli-da-cavalli\/#primaryimage"},"thumbnailUrl":"https:\/\/www.gossip.it\/images5\/1267442373_.jpg","datePublished":"2010-02-28T23:00:00+00:00","dateModified":"2010-02-28T23:00:00+00:00","description":"Parterre ricchissimo di volti noti quello della sfilata milanese di Roberto Cavalli. In prima fila ecco l'italiana pi\u00f9 chiacchierata del mondo, Elisabetta","breadcrumb":{"@id":"https:\/\/www.gossip.it\/news\/eli-canalis-con-la-santarelli-da-cavalli\/#breadcrumb"},"inLanguage":"it-IT","potentialAction":[{"@type":"ReadAction","target":["https:\/\/www.gossip.it\/news\/eli-canalis-con-la-santarelli-da-cavalli\/"]}]},{"@type":"ImageObject","inLanguage":"it-IT","@id":"https:\/\/www.gossip.it\/news\/eli-canalis-con-la-santarelli-da-cavalli\/#primaryimage","url":"https:\/\/www.gossip.it\/images5\/1267442373_.jpg","contentUrl":"https:\/\/www.gossip.it\/images5\/1267442373_.jpg"},{"@type":"BreadcrumbList","@id":"https:\/\/www.gossip.it\/news\/eli-canalis-con-la-santarelli-da-cavalli\/#breadcrumb","itemListElement":[{"@type":"ListItem","position":1,"name":"Home","item":"https:\/\/www.gossip.it\/"},{"@type":"ListItem","position":2,"name":"Eli Canalis con la Santarelli da Cavalli"}]},{"@type":"WebSite","@id":"https:\/\/www.gossip.it\/#website","url":"https:\/\/www.gossip.it\/","name":"Gossip and VIP News","description":"Quotidiano di cronaca rosa, costume e societ\u00e0","publisher":{"@id":"https:\/\/www.gossip.it\/#organization"},"alternateName":"Gossip and VIP News","potentialAction":[{"@type":"SearchAction","target":{"@type":"EntryPoint","urlTemplate":"https:\/\/www.gossip.it\/?s={search_term_string}"},"query-input":{"@type":"PropertyValueSpecification","valueRequired":true,"valueName":"search_term_string"}}],"inLanguage":"it-IT"},{"@type":"Organization","@id":"https:\/\/www.gossip.it\/#organization","name":"Gossip and VIP News","alternateName":"Gossip News","url":"https:\/\/www.gossip.it\/","logo":{"@type":"ImageObject","inLanguage":"it-IT","@id":"https:\/\/www.gossip.it\/#\/schema\/logo\/image\/","url":"https:\/\/www.gossip.it\/wp-content\/uploads\/2022\/04\/cropped-corna-alta-tiny.png","contentUrl":"https:\/\/www.gossip.it\/wp-content\/uploads\/2022\/04\/cropped-corna-alta-tiny.png","width":512,"height":512,"caption":"Gossip and VIP News"},"image":{"@id":"https:\/\/www.gossip.it\/#\/schema\/logo\/image\/"},"sameAs":["https:\/\/www.facebook.com\/GossipIT","https:\/\/x.com\/gossinews_it","https:\/\/instagram.com\/gossip_it"]},{"@type":"Person","@id":"https:\/\/www.gossip.it\/#\/schema\/person\/488896f75158bff1cc83c6c39d141110","name":"La Redazione","image":{"@type":"ImageObject","inLanguage":"it-IT","@id":"https:\/\/www.gossip.it\/#\/schema\/person\/image\/","url":"https:\/\/secure.gravatar.com\/avatar\/5a5f5c6fa3e6700e4249abdad0263a1e94e927d9e0499b1cb09c1cd29c044d80?s=96&d=mm&r=g","contentUrl":"https:\/\/secure.gravatar.com\/avatar\/5a5f5c6fa3e6700e4249abdad0263a1e94e927d9e0499b1cb09c1cd29c044d80?s=96&d=mm&r=g","caption":"La Redazione"},"sameAs":["https:\/\/www.gossip.it"]}]}},"amp_enabled":true,"_links":{"self":[{"href":"https:\/\/www.gossip.it\/api\/wp\/v2\/posts\/27449","targetHints":{"allow":["GET"]}}],"collection":[{"href":"https:\/\/www.gossip.it\/api\/wp\/v2\/posts"}],"about":[{"href":"https:\/\/www.gossip.it\/api\/wp\/v2\/types\/post"}],"author":[{"embeddable":true,"href":"https:\/\/www.gossip.it\/api\/wp\/v2\/users\/1"}],"replies":[{"embeddable":true,"href":"https:\/\/www.gossip.it\/api\/wp\/v2\/comments?post=27449"}],"version-history":[{"count":0,"href":"https:\/\/www.gossip.it\/api\/wp\/v2\/posts\/27449\/revisions"}],"wp:featuredmedia":[{"embeddable":true,"href":"https:\/\/www.gossip.it\/api\/wp\/v2\/media\/83496"}],"wp:attachment":[{"href":"https:\/\/www.gossip.it\/api\/wp\/v2\/media?parent=27449"}],"wp:term":[{"taxonomy":"category","embeddable":true,"href":"https:\/\/www.gossip.it\/api\/wp\/v2\/categories?post=27449"},{"taxonomy":"post_tag","embeddable":true,"href":"https:\/\/www.gossip.it\/api\/wp\/v2\/tags?post=27449"},{"taxonomy":"vip","embeddable":true,"href":"https:\/\/www.gossip.it\/api\/wp\/v2\/vip?post=27449"}],"curies":[{"name":"wp","href":"https:\/\/api.w.org\/{rel}","templated":true}]}}