{"id":27536,"date":"2010-03-15T00:00:00","date_gmt":"2010-03-14T23:00:00","guid":{"rendered":"https:\/\/www.gossip.it\/senza-categoria\/corona-sposero-belen\/"},"modified":"2010-03-15T00:00:00","modified_gmt":"2010-03-14T23:00:00","slug":"corona-sposero-belen","status":"publish","type":"post","link":"https:\/\/www.gossip.it\/news\/corona-sposero-belen\/","title":{"rendered":"Corona: 'Sposer\u00f2 Belen'"},"content":{"rendered":"<p><a href=\"https:\/\/www.gossip.it\/news\/monografia.php?keyword=Fabrizio Corona\">Fabrizio Corona<\/a>, conclusasi la vacanza in quel di Miami insieme alla sua <a href=\"https:\/\/www.gossip.it\/news\/monografia.php?keyword=Belen Rodriguez\">Belen Rodriguez<\/a>, ha rilasciato un'intervista al settimanale Gente. Il chiacchierato personaggio della cronaca rosa ha due sogni nel cassetto: sposare la fidanzata e diventare editore.<\/p>\n<p>Il prossimo 21 giugno saranno passati tre anni dalla firma dei documenti di separazioni che hanno posto la parola fine al matrimonio tra Corona e <a href=\"https:\/\/www.gossip.it\/news\/monografia.php?keyword=Nina Moric\">Nina Moric<\/a>. Ma c'\u00e8 ancora un passo da compiere e, a tal proposito, Fabrizio dichiara: <em>\"Chieder\u00f2 il divorzio. Con la mia ex moglie non ci sono margini di un ritorno di fiamma. Sar\u00f2 libero di risposarmi e s\u00ec, il progetto di creare una famiglia con Belen c'\u00e8 eccome. E anche se mi sono dato una calmata, ogni tanto qualche colpo di testa lo faccio ancora. Magari prima della fine dell'anno saremo marito e moglie\"<\/em>.<\/p>\n<p>Corona sembra avere le idee piuttosto chiare in merito alla sua vita privata e, stando a quello che ha detto, ha dei progetti pure nella sfera lavorativa: <em>\"Ho dichiarato di volermi rifugiare all'estero per sfuggire alla legge italiana. Ma era una cretinata. E' vero che mi piacerebbe vivere anche un po' all'estero, l'Italia mi sta stretta, ma non me ne vado. I miei affetti vivono qui e ho tante cose da fare. Ad esempio fondare un mio giornale: vorrei diventare editore\"<\/em>.<\/p>\n<p><a href=\"https:\/\/www.gossip.it\/mondanita\/fabrizio_corona_dopo_la_vacanza_a_miami_torna_a_milano_per_fare_da_testimonial_al_mido_sperw.html?id=179f2f0f68e7177af3176a56c9505f8a\"><b><u>TUTTE LE FOTO DI FABRIZIO CORONA AL MIDO<\/u><\/b><\/a><\/p>\n<p>Foto: C.Mangiarotti \u00a9 Gossip.it<\/p>\n","protected":false},"excerpt":{"rendered":"<p>Fabrizio Corona, conclusasi la vacanza in quel di Miami insieme alla sua Belen Rodriguez, ha rilasciato un'intervista al settimanale Gente. Il chiacchierato personaggio della cronaca rosa ha due sogni nel cassetto: sposare la fidanzata e diventare editore. Il prossimo 21 giugno saranno passati tre anni dalla firma dei documenti di separazioni che hanno posto la [&hellip;]<\/p>\n","protected":false},"author":1,"featured_media":83583,"comment_status":"closed","ping_status":"closed","sticky":false,"template":"","format":"standard","meta":{"footnotes":""},"categories":[54],"tags":[5306,27755,3297,1950,6916,2216,2097,1899],"vip":[396,719,1426],"class_list":["post-27536","post","type-post","status-publish","format-standard","has-post-thumbnail","hentry","category-news","tag-divorzio","tag-editore","tag-gossip-tv","tag-matrimonio","tag-miami","tag-nozze","tag-tv","tag-vacanza","vip-belen_rodriguez","vip-fabrizio_corona","vip-nina_moric"],"yoast_head":"<title>Corona: &#039;Sposer\u00f2 Belen&#039; - Gossip.it | News sul Gossip e VIP<\/title>\n<meta name=\"description\" content=\"Fabrizio Corona, conclusasi la vacanza in quel di Miami insieme alla sua Belen Rodriguez, ha rilasciato un&#039;intervista al settimanale Gente. Il\" \/>\n<meta name=\"robots\" content=\"index, follow, max-snippet:-1, max-image-preview:large, max-video-preview:-1\" \/>\n<link rel=\"canonical\" href=\"https:\/\/www.gossip.it\/news\/corona-sposero-belen\/\" \/>\n<meta property=\"og:locale\" content=\"it_IT\" \/>\n<meta property=\"og:type\" content=\"article\" \/>\n<meta property=\"og:title\" content=\"Corona: &#039;Sposer\u00f2 Belen&#039; - Gossip.it | News sul Gossip e VIP\" \/>\n<meta property=\"og:description\" content=\"Fabrizio Corona, conclusasi la vacanza in quel di Miami insieme alla sua Belen Rodriguez, ha rilasciato un&#039;intervista al settimanale Gente. Il\" \/>\n<meta property=\"og:url\" content=\"https:\/\/www.gossip.it\/news\/corona-sposero-belen\/\" \/>\n<meta property=\"og:site_name\" content=\"Gossip.it | News sul Gossip e VIP\" \/>\n<meta property=\"article:publisher\" content=\"https:\/\/www.facebook.com\/GossipIT\" \/>\n<meta property=\"article:published_time\" content=\"2010-03-14T23:00:00+00:00\" \/>\n<meta property=\"og:image\" content=\"https:\/\/www.gossip.it\/images5\/1268647374_fabrizio-corona.jpg\" \/>\n<meta name=\"author\" content=\"La Redazione\" \/>\n<meta name=\"twitter:card\" content=\"summary_large_image\" \/>\n<meta name=\"twitter:image\" content=\"https:\/\/www.gossip.it\/images5\/1268647374_fabrizio-corona.jpg\" \/>\n<meta name=\"twitter:creator\" content=\"@gossinews_it\" \/>\n<meta name=\"twitter:site\" content=\"@gossinews_it\" \/>\n<meta name=\"twitter:label1\" content=\"Scritto da\" \/>\n\t<meta name=\"twitter:data1\" content=\"La Redazione\" \/>\n\t<meta name=\"twitter:label2\" content=\"Tempo di lettura stimato\" \/>\n\t<meta name=\"twitter:data2\" content=\"1 minuto\" \/>","yoast_head_json":{"title":"Corona: 'Sposer\u00f2 Belen' - Gossip.it | News sul Gossip e VIP","description":"Fabrizio Corona, conclusasi la vacanza in quel di Miami insieme alla sua Belen Rodriguez, ha rilasciato un'intervista al settimanale Gente. Il","robots":{"index":"index","follow":"follow","max-snippet":"max-snippet:-1","max-image-preview":"max-image-preview:large","max-video-preview":"max-video-preview:-1"},"canonical":"https:\/\/www.gossip.it\/news\/corona-sposero-belen\/","og_locale":"it_IT","og_type":"article","og_title":"Corona: 'Sposer\u00f2 Belen' - Gossip.it | News sul Gossip e VIP","og_description":"Fabrizio Corona, conclusasi la vacanza in quel di Miami insieme alla sua Belen Rodriguez, ha rilasciato un'intervista al settimanale Gente. Il","og_url":"https:\/\/www.gossip.it\/news\/corona-sposero-belen\/","og_site_name":"Gossip.it | News sul Gossip e VIP","article_publisher":"https:\/\/www.facebook.com\/GossipIT","article_published_time":"2010-03-14T23:00:00+00:00","og_image":[{"url":"https:\/\/www.gossip.it\/images5\/1268647374_fabrizio-corona.jpg"}],"author":"La Redazione","twitter_card":"summary_large_image","twitter_image":"https:\/\/www.gossip.it\/images5\/1268647374_fabrizio-corona.jpg","twitter_creator":"@gossinews_it","twitter_site":"@gossinews_it","twitter_misc":{"Scritto da":"La Redazione","Tempo di lettura stimato":"1 minuto"},"schema":{"@context":"https:\/\/schema.org","@graph":[{"@type":"Article","@id":"https:\/\/www.gossip.it\/news\/corona-sposero-belen\/#article","isPartOf":{"@id":"https:\/\/www.gossip.it\/news\/corona-sposero-belen\/"},"author":{"name":"La Redazione","@id":"https:\/\/www.gossip.it\/#\/schema\/person\/488896f75158bff1cc83c6c39d141110"},"headline":"Corona: 'Sposer\u00f2 Belen'","datePublished":"2010-03-14T23:00:00+00:00","dateModified":"2010-03-14T23:00:00+00:00","mainEntityOfPage":{"@id":"https:\/\/www.gossip.it\/news\/corona-sposero-belen\/"},"wordCount":237,"publisher":{"@id":"https:\/\/www.gossip.it\/#organization"},"image":{"@id":"https:\/\/www.gossip.it\/news\/corona-sposero-belen\/#primaryimage"},"thumbnailUrl":"https:\/\/www.gossip.it\/images5\/1268647374_fabrizio-corona.jpg","keywords":["divorzio","editore","gossip.tv","matrimonio","miami","nozze","tv","vacanza"],"articleSection":["News"],"inLanguage":"it-IT"},{"@type":"WebPage","@id":"https:\/\/www.gossip.it\/news\/corona-sposero-belen\/","url":"https:\/\/www.gossip.it\/news\/corona-sposero-belen\/","name":"Corona: 'Sposer\u00f2 Belen' - Gossip.it | News sul Gossip e VIP","isPartOf":{"@id":"https:\/\/www.gossip.it\/#website"},"primaryImageOfPage":{"@id":"https:\/\/www.gossip.it\/news\/corona-sposero-belen\/#primaryimage"},"image":{"@id":"https:\/\/www.gossip.it\/news\/corona-sposero-belen\/#primaryimage"},"thumbnailUrl":"https:\/\/www.gossip.it\/images5\/1268647374_fabrizio-corona.jpg","datePublished":"2010-03-14T23:00:00+00:00","dateModified":"2010-03-14T23:00:00+00:00","description":"Fabrizio Corona, conclusasi la vacanza in quel di Miami insieme alla sua Belen Rodriguez, ha rilasciato un'intervista al settimanale Gente. Il","breadcrumb":{"@id":"https:\/\/www.gossip.it\/news\/corona-sposero-belen\/#breadcrumb"},"inLanguage":"it-IT","potentialAction":[{"@type":"ReadAction","target":["https:\/\/www.gossip.it\/news\/corona-sposero-belen\/"]}]},{"@type":"ImageObject","inLanguage":"it-IT","@id":"https:\/\/www.gossip.it\/news\/corona-sposero-belen\/#primaryimage","url":"https:\/\/www.gossip.it\/images5\/1268647374_fabrizio-corona.jpg","contentUrl":"https:\/\/www.gossip.it\/images5\/1268647374_fabrizio-corona.jpg"},{"@type":"BreadcrumbList","@id":"https:\/\/www.gossip.it\/news\/corona-sposero-belen\/#breadcrumb","itemListElement":[{"@type":"ListItem","position":1,"name":"Home","item":"https:\/\/www.gossip.it\/"},{"@type":"ListItem","position":2,"name":"Corona: 'Sposer\u00f2 Belen'"}]},{"@type":"WebSite","@id":"https:\/\/www.gossip.it\/#website","url":"https:\/\/www.gossip.it\/","name":"Gossip and VIP News","description":"Quotidiano di cronaca rosa, costume e societ\u00e0","publisher":{"@id":"https:\/\/www.gossip.it\/#organization"},"alternateName":"Gossip and VIP News","potentialAction":[{"@type":"SearchAction","target":{"@type":"EntryPoint","urlTemplate":"https:\/\/www.gossip.it\/?s={search_term_string}"},"query-input":{"@type":"PropertyValueSpecification","valueRequired":true,"valueName":"search_term_string"}}],"inLanguage":"it-IT"},{"@type":"Organization","@id":"https:\/\/www.gossip.it\/#organization","name":"Gossip and VIP News","alternateName":"Gossip News","url":"https:\/\/www.gossip.it\/","logo":{"@type":"ImageObject","inLanguage":"it-IT","@id":"https:\/\/www.gossip.it\/#\/schema\/logo\/image\/","url":"https:\/\/www.gossip.it\/wp-content\/uploads\/2022\/04\/cropped-corna-alta-tiny.png","contentUrl":"https:\/\/www.gossip.it\/wp-content\/uploads\/2022\/04\/cropped-corna-alta-tiny.png","width":512,"height":512,"caption":"Gossip and VIP News"},"image":{"@id":"https:\/\/www.gossip.it\/#\/schema\/logo\/image\/"},"sameAs":["https:\/\/www.facebook.com\/GossipIT","https:\/\/x.com\/gossinews_it","https:\/\/instagram.com\/gossip_it"]},{"@type":"Person","@id":"https:\/\/www.gossip.it\/#\/schema\/person\/488896f75158bff1cc83c6c39d141110","name":"La Redazione","image":{"@type":"ImageObject","inLanguage":"it-IT","@id":"https:\/\/www.gossip.it\/#\/schema\/person\/image\/","url":"https:\/\/secure.gravatar.com\/avatar\/5a5f5c6fa3e6700e4249abdad0263a1e94e927d9e0499b1cb09c1cd29c044d80?s=96&d=mm&r=g","contentUrl":"https:\/\/secure.gravatar.com\/avatar\/5a5f5c6fa3e6700e4249abdad0263a1e94e927d9e0499b1cb09c1cd29c044d80?s=96&d=mm&r=g","caption":"La Redazione"},"sameAs":["https:\/\/www.gossip.it"]}]}},"amp_enabled":true,"_links":{"self":[{"href":"https:\/\/www.gossip.it\/api\/wp\/v2\/posts\/27536","targetHints":{"allow":["GET"]}}],"collection":[{"href":"https:\/\/www.gossip.it\/api\/wp\/v2\/posts"}],"about":[{"href":"https:\/\/www.gossip.it\/api\/wp\/v2\/types\/post"}],"author":[{"embeddable":true,"href":"https:\/\/www.gossip.it\/api\/wp\/v2\/users\/1"}],"replies":[{"embeddable":true,"href":"https:\/\/www.gossip.it\/api\/wp\/v2\/comments?post=27536"}],"version-history":[{"count":0,"href":"https:\/\/www.gossip.it\/api\/wp\/v2\/posts\/27536\/revisions"}],"wp:featuredmedia":[{"embeddable":true,"href":"https:\/\/www.gossip.it\/api\/wp\/v2\/media\/83583"}],"wp:attachment":[{"href":"https:\/\/www.gossip.it\/api\/wp\/v2\/media?parent=27536"}],"wp:term":[{"taxonomy":"category","embeddable":true,"href":"https:\/\/www.gossip.it\/api\/wp\/v2\/categories?post=27536"},{"taxonomy":"post_tag","embeddable":true,"href":"https:\/\/www.gossip.it\/api\/wp\/v2\/tags?post=27536"},{"taxonomy":"vip","embeddable":true,"href":"https:\/\/www.gossip.it\/api\/wp\/v2\/vip?post=27536"}],"curies":[{"name":"wp","href":"https:\/\/api.w.org\/{rel}","templated":true}]}}