{"id":27771,"date":"2010-04-21T00:00:00","date_gmt":"2010-04-20T22:00:00","guid":{"rendered":"https:\/\/www.gossip.it\/senza-categoria\/isabella-ferrari-e-laura-morante-per-agora\/"},"modified":"2022-04-07T21:40:16","modified_gmt":"2022-04-07T19:40:16","slug":"isabella-ferrari-e-laura-morante-per-agora","status":"publish","type":"post","link":"https:\/\/www.gossip.it\/news\/isabella-ferrari-e-laura-morante-per-agora\/","title":{"rendered":"Isabella Ferrari e Laura Morante per 'Agor\u00e0'"},"content":{"rendered":"<p>Volti noti della Roma bene all'<b>Ara Pacis<\/b> per la proiezione in anteprima di <em>'Agor\u00e0'<\/em>, il nuovo film del regista spagnolo <a href=\"https:\/\/www.gossip.it\/news\/monografia.php?keyword=Alejandro Amen\u00e1bar\">Alejandro Amen\u00e1bar<\/a>.<\/p>\n<p>Presenti due bellezze del grande schermo come <a href=\"https:\/\/www.gossip.it\/news\/monografia.php?keyword=Isabella Ferrari\">Isabella Ferrari<\/a> e <a href=\"https:\/\/www.gossip.it\/news\/monografia.php?keyword=Laura Morante\">Laura Morante<\/a> (rarissima occasione per vederla in pubblico, schiva com'\u00e8).<\/p>\n<p>Ma ci sono anche <a href=\"https:\/\/www.gossip.it\/news\/monografia.php?keyword=Filippo Nigro\">Filippo Nigro<\/a>, <a href=\"https:\/\/www.gossip.it\/news\/monografia.php?keyword=Stefania Sandrelli\">Stefania Sandrelli<\/a>, il premio Oscar <a href=\"https:\/\/www.gossip.it\/news\/monografia.php?keyword=Francesca Lo Schiavo\">Francesca Lo Schiavo<\/a>, <a href=\"https:\/\/www.gossip.it\/news\/monografia.php?keyword=Ginevra Elkann\">Ginevra Elkann<\/a> con il suo <a href=\"https:\/\/www.gossip.it\/news\/monografia.php?keyword=Giovanni Gaetani\">Giovanni Gaetani<\/a>, <a href=\"https:\/\/www.gossip.it\/news\/monografia.php?keyword=Sonia Raule\">Sonia Raule<\/a> con <a href=\"https:\/\/www.gossip.it\/news\/monografia.php?keyword=Franco Tat\u00f2\">Franco Tat\u00f2<\/a> e la piccola Carolina.<\/p>\n<p>Le <a href=\"https:\/\/www.gossip.it\/cinema\/laura_morante_e_isabella_ferrari_alla_premiere_del_film_agora_allara_pacis_di_roma_sperw.html?id=d4c6a9139be01e565f4f9298c49387ae\"><b><u>foto degli ospiti all'Ara Pacis per la premiere di 'Agor\u00e0'<\/u><\/b><\/a> su GossipNews.<\/p>\n","protected":false},"excerpt":{"rendered":"<p>Volti noti della Roma bene all'Ara Pacis per la proiezione in anteprima di 'Agor\u00e0', il nuovo film del regista spagnolo Alejandro Amen\u00e1bar. Presenti due bellezze del grande schermo come Isabella Ferrari e Laura Morante (rarissima occasione per vederla in pubblico, schiva com'\u00e8). Ma ci sono anche Filippo Nigro, Stefania Sandrelli, il premio Oscar Francesca Lo [&hellip;]<\/p>\n","protected":false},"author":1,"featured_media":83823,"comment_status":"closed","ping_status":"closed","sticky":false,"template":"","format":"standard","meta":{"footnotes":""},"categories":[54],"tags":[32783,32784,7469,32786,32785,7507],"vip":[752,864,964,1083,1726],"class_list":["post-27771","post","type-post","status-publish","format-standard","has-post-thumbnail","hentry","category-news","tag-agora","tag-alejandro-amenabar","tag-francesca-lo-schiavo","tag-franco-tato","tag-giovanni-gaetani","tag-sonia-raule","vip-filippo_nigro","vip-ginevra_elkann","vip-isabella_ferrari","vip-laura_morante","vip-stefania_sandrelli"],"yoast_head":"<title>Isabella Ferrari e Laura Morante per &#039;Agor\u00e0&#039; - Gossip.it | News sul Gossip e VIP<\/title>\n<meta name=\"description\" content=\"Volti noti della Roma bene all&#039;Ara Pacis per la proiezione in anteprima di &#039;Agor\u00e0&#039;, il nuovo film del regista spagnolo Alejandro Amen\u00e1bar. Presenti due\" \/>\n<meta name=\"robots\" content=\"index, follow, max-snippet:-1, max-image-preview:large, max-video-preview:-1\" \/>\n<link rel=\"canonical\" href=\"https:\/\/www.gossip.it\/news\/isabella-ferrari-e-laura-morante-per-agora\/\" \/>\n<meta property=\"og:locale\" content=\"it_IT\" \/>\n<meta property=\"og:type\" content=\"article\" \/>\n<meta property=\"og:title\" content=\"Isabella Ferrari e Laura Morante per &#039;Agor\u00e0&#039; - Gossip.it | News sul Gossip e VIP\" \/>\n<meta property=\"og:description\" content=\"Volti noti della Roma bene all&#039;Ara Pacis per la proiezione in anteprima di &#039;Agor\u00e0&#039;, il nuovo film del regista spagnolo Alejandro Amen\u00e1bar. Presenti due\" \/>\n<meta property=\"og:url\" content=\"https:\/\/www.gossip.it\/news\/isabella-ferrari-e-laura-morante-per-agora\/\" \/>\n<meta property=\"og:site_name\" content=\"Gossip.it | News sul Gossip e VIP\" \/>\n<meta property=\"article:publisher\" content=\"https:\/\/www.facebook.com\/GossipIT\" \/>\n<meta property=\"article:published_time\" content=\"2010-04-20T22:00:00+00:00\" \/>\n<meta property=\"article:modified_time\" content=\"2022-04-07T19:40:16+00:00\" \/>\n<meta property=\"og:image\" content=\"https:\/\/www.gossip.it\/images5\/1271848283_.jpg\" \/>\n<meta name=\"author\" content=\"La Redazione\" \/>\n<meta name=\"twitter:card\" content=\"summary_large_image\" \/>\n<meta name=\"twitter:image\" content=\"https:\/\/www.gossip.it\/images5\/1271848283_.jpg\" \/>\n<meta name=\"twitter:creator\" content=\"@gossinews_it\" \/>\n<meta name=\"twitter:site\" content=\"@gossinews_it\" \/>\n<meta name=\"twitter:label1\" content=\"Scritto da\" \/>\n\t<meta name=\"twitter:data1\" content=\"La Redazione\" \/>","yoast_head_json":{"title":"Isabella Ferrari e Laura Morante per 'Agor\u00e0' - Gossip.it | News sul Gossip e VIP","description":"Volti noti della Roma bene all'Ara Pacis per la proiezione in anteprima di 'Agor\u00e0', il nuovo film del regista spagnolo Alejandro Amen\u00e1bar. Presenti due","robots":{"index":"index","follow":"follow","max-snippet":"max-snippet:-1","max-image-preview":"max-image-preview:large","max-video-preview":"max-video-preview:-1"},"canonical":"https:\/\/www.gossip.it\/news\/isabella-ferrari-e-laura-morante-per-agora\/","og_locale":"it_IT","og_type":"article","og_title":"Isabella Ferrari e Laura Morante per 'Agor\u00e0' - Gossip.it | News sul Gossip e VIP","og_description":"Volti noti della Roma bene all'Ara Pacis per la proiezione in anteprima di 'Agor\u00e0', il nuovo film del regista spagnolo Alejandro Amen\u00e1bar. Presenti due","og_url":"https:\/\/www.gossip.it\/news\/isabella-ferrari-e-laura-morante-per-agora\/","og_site_name":"Gossip.it | News sul Gossip e VIP","article_publisher":"https:\/\/www.facebook.com\/GossipIT","article_published_time":"2010-04-20T22:00:00+00:00","article_modified_time":"2022-04-07T19:40:16+00:00","og_image":[{"url":"https:\/\/www.gossip.it\/images5\/1271848283_.jpg"}],"author":"La Redazione","twitter_card":"summary_large_image","twitter_image":"https:\/\/www.gossip.it\/images5\/1271848283_.jpg","twitter_creator":"@gossinews_it","twitter_site":"@gossinews_it","twitter_misc":{"Scritto da":"La Redazione"},"schema":{"@context":"https:\/\/schema.org","@graph":[{"@type":"Article","@id":"https:\/\/www.gossip.it\/news\/isabella-ferrari-e-laura-morante-per-agora\/#article","isPartOf":{"@id":"https:\/\/www.gossip.it\/news\/isabella-ferrari-e-laura-morante-per-agora\/"},"author":{"name":"La Redazione","@id":"https:\/\/www.gossip.it\/#\/schema\/person\/488896f75158bff1cc83c6c39d141110"},"headline":"Isabella Ferrari e Laura Morante per 'Agor\u00e0'","datePublished":"2010-04-20T22:00:00+00:00","dateModified":"2022-04-07T19:40:16+00:00","mainEntityOfPage":{"@id":"https:\/\/www.gossip.it\/news\/isabella-ferrari-e-laura-morante-per-agora\/"},"wordCount":95,"publisher":{"@id":"https:\/\/www.gossip.it\/#organization"},"image":{"@id":"https:\/\/www.gossip.it\/news\/isabella-ferrari-e-laura-morante-per-agora\/#primaryimage"},"thumbnailUrl":"https:\/\/www.gossip.it\/images5\/1271848283_.jpg","keywords":["agor\u00e0","Alejandro Amen\u00e1bar","Francesca Lo Schiavo","Franco Tat\u00f2","Giovanni Gaetani","Sonia Raule"],"articleSection":["News"],"inLanguage":"it-IT"},{"@type":"WebPage","@id":"https:\/\/www.gossip.it\/news\/isabella-ferrari-e-laura-morante-per-agora\/","url":"https:\/\/www.gossip.it\/news\/isabella-ferrari-e-laura-morante-per-agora\/","name":"Isabella Ferrari e Laura Morante per 'Agor\u00e0' - Gossip.it | News sul Gossip e VIP","isPartOf":{"@id":"https:\/\/www.gossip.it\/#website"},"primaryImageOfPage":{"@id":"https:\/\/www.gossip.it\/news\/isabella-ferrari-e-laura-morante-per-agora\/#primaryimage"},"image":{"@id":"https:\/\/www.gossip.it\/news\/isabella-ferrari-e-laura-morante-per-agora\/#primaryimage"},"thumbnailUrl":"https:\/\/www.gossip.it\/images5\/1271848283_.jpg","datePublished":"2010-04-20T22:00:00+00:00","dateModified":"2022-04-07T19:40:16+00:00","description":"Volti noti della Roma bene all'Ara Pacis per la proiezione in anteprima di 'Agor\u00e0', il nuovo film del regista spagnolo Alejandro Amen\u00e1bar. Presenti due","breadcrumb":{"@id":"https:\/\/www.gossip.it\/news\/isabella-ferrari-e-laura-morante-per-agora\/#breadcrumb"},"inLanguage":"it-IT","potentialAction":[{"@type":"ReadAction","target":["https:\/\/www.gossip.it\/news\/isabella-ferrari-e-laura-morante-per-agora\/"]}]},{"@type":"ImageObject","inLanguage":"it-IT","@id":"https:\/\/www.gossip.it\/news\/isabella-ferrari-e-laura-morante-per-agora\/#primaryimage","url":"https:\/\/www.gossip.it\/images5\/1271848283_.jpg","contentUrl":"https:\/\/www.gossip.it\/images5\/1271848283_.jpg"},{"@type":"BreadcrumbList","@id":"https:\/\/www.gossip.it\/news\/isabella-ferrari-e-laura-morante-per-agora\/#breadcrumb","itemListElement":[{"@type":"ListItem","position":1,"name":"Home","item":"https:\/\/www.gossip.it\/"},{"@type":"ListItem","position":2,"name":"Isabella Ferrari e Laura Morante per 'Agor\u00e0'"}]},{"@type":"WebSite","@id":"https:\/\/www.gossip.it\/#website","url":"https:\/\/www.gossip.it\/","name":"Gossip and VIP News","description":"Quotidiano di cronaca rosa, costume e societ\u00e0","publisher":{"@id":"https:\/\/www.gossip.it\/#organization"},"alternateName":"Gossip and VIP News","potentialAction":[{"@type":"SearchAction","target":{"@type":"EntryPoint","urlTemplate":"https:\/\/www.gossip.it\/?s={search_term_string}"},"query-input":{"@type":"PropertyValueSpecification","valueRequired":true,"valueName":"search_term_string"}}],"inLanguage":"it-IT"},{"@type":"Organization","@id":"https:\/\/www.gossip.it\/#organization","name":"Gossip and VIP News","alternateName":"Gossip News","url":"https:\/\/www.gossip.it\/","logo":{"@type":"ImageObject","inLanguage":"it-IT","@id":"https:\/\/www.gossip.it\/#\/schema\/logo\/image\/","url":"https:\/\/www.gossip.it\/wp-content\/uploads\/2022\/04\/cropped-corna-alta-tiny.png","contentUrl":"https:\/\/www.gossip.it\/wp-content\/uploads\/2022\/04\/cropped-corna-alta-tiny.png","width":512,"height":512,"caption":"Gossip and VIP News"},"image":{"@id":"https:\/\/www.gossip.it\/#\/schema\/logo\/image\/"},"sameAs":["https:\/\/www.facebook.com\/GossipIT","https:\/\/x.com\/gossinews_it","https:\/\/instagram.com\/gossip_it"]},{"@type":"Person","@id":"https:\/\/www.gossip.it\/#\/schema\/person\/488896f75158bff1cc83c6c39d141110","name":"La Redazione","image":{"@type":"ImageObject","inLanguage":"it-IT","@id":"https:\/\/www.gossip.it\/#\/schema\/person\/image\/","url":"https:\/\/secure.gravatar.com\/avatar\/5a5f5c6fa3e6700e4249abdad0263a1e94e927d9e0499b1cb09c1cd29c044d80?s=96&d=mm&r=g","contentUrl":"https:\/\/secure.gravatar.com\/avatar\/5a5f5c6fa3e6700e4249abdad0263a1e94e927d9e0499b1cb09c1cd29c044d80?s=96&d=mm&r=g","caption":"La Redazione"},"sameAs":["https:\/\/www.gossip.it"]}]}},"amp_enabled":true,"_links":{"self":[{"href":"https:\/\/www.gossip.it\/api\/wp\/v2\/posts\/27771","targetHints":{"allow":["GET"]}}],"collection":[{"href":"https:\/\/www.gossip.it\/api\/wp\/v2\/posts"}],"about":[{"href":"https:\/\/www.gossip.it\/api\/wp\/v2\/types\/post"}],"author":[{"embeddable":true,"href":"https:\/\/www.gossip.it\/api\/wp\/v2\/users\/1"}],"replies":[{"embeddable":true,"href":"https:\/\/www.gossip.it\/api\/wp\/v2\/comments?post=27771"}],"version-history":[{"count":0,"href":"https:\/\/www.gossip.it\/api\/wp\/v2\/posts\/27771\/revisions"}],"wp:featuredmedia":[{"embeddable":true,"href":"https:\/\/www.gossip.it\/api\/wp\/v2\/media\/83823"}],"wp:attachment":[{"href":"https:\/\/www.gossip.it\/api\/wp\/v2\/media?parent=27771"}],"wp:term":[{"taxonomy":"category","embeddable":true,"href":"https:\/\/www.gossip.it\/api\/wp\/v2\/categories?post=27771"},{"taxonomy":"post_tag","embeddable":true,"href":"https:\/\/www.gossip.it\/api\/wp\/v2\/tags?post=27771"},{"taxonomy":"vip","embeddable":true,"href":"https:\/\/www.gossip.it\/api\/wp\/v2\/vip?post=27771"}],"curies":[{"name":"wp","href":"https:\/\/api.w.org\/{rel}","templated":true}]}}