{"id":28618,"date":"2011-01-05T00:00:00","date_gmt":"2011-01-04T23:00:00","guid":{"rendered":"https:\/\/www.gossip.it\/senza-categoria\/victoria-beckham-david-non-e-perfetto\/"},"modified":"2011-01-05T00:00:00","modified_gmt":"2011-01-04T23:00:00","slug":"victoria-beckham-david-non-e-perfetto","status":"publish","type":"post","link":"https:\/\/www.gossip.it\/news\/victoria-beckham-david-non-e-perfetto\/","title":{"rendered":"Victoria Beckham, David non \u00e8 perfetto"},"content":{"rendered":"<p><a href=\"https:\/\/www.gossip.it\/news\/monografia.php?keyword=Victoria Beckham\">Victoria Beckham<\/a> \u00e8 sollevata: pure il marito <a href=\"https:\/\/www.gossip.it\/news\/monografia.php?keyword=David\">David<\/a> non \u00e8 poi cos\u00ec perfetto quanto sembra. Al mattino presto, appena sveglio, pare sembri nun pulcino spettinato...<\/p>\n<p><a href=\"https:\/\/www.gossip.it\/news\/monografia.php?keyword=Posh\">Posh<\/a> lo ha confessato nell'intervista rilasciata a <em>Vogue Gran Bretagna<\/em>: <em>\"L'altra mattina l'ho visto ed era disordinato, con tutti i capelli fuori posto, grazie a Dio: \u00e8 sempre cos\u00ec perfetto!\"<\/em>.<br \/> L'ex Spice Girl, ora stilista affermata, non ha parlato solo di David. Raccontando della sua famiglia, ha pure sottolineato come abbia rinunciato all'idea di avere una femminuccia. I tre figli <b>Brooklyn<\/b>, 11 anni, <b>Romeo<\/b>, 8, e <b>Cruz<\/b>, 5, le bastano. Li accompagna a scuola proprio come tutte le mamme. Per quel che riguarda lei, ha voluto rimuovere la sua protesi al seno per tornare all'antico e non essere pi\u00f9 cos\u00ec prosperosa.<\/p>\n<p>Innamorata, le capita spesso di osservare il marito mentre invia mail ancora non vestito. Lo guarda e vede un uomo pieno di muscoli, senza un grammo di grasso e esclama: <em>\"Hai fatto bene ragazza!\"<\/em>. Se in passato corna son state, l'importante e perdonare.<\/p>\n<p>Foto: Zob\/wekikapress.com \u00a9 Gossip.it<\/p>\n","protected":false},"excerpt":{"rendered":"<p>Victoria Beckham \u00e8 sollevata: pure il marito David non \u00e8 poi cos\u00ec perfetto quanto sembra. Al mattino presto, appena sveglio, pare sembri nun pulcino spettinato... Posh lo ha confessato nell'intervista rilasciata a Vogue Gran Bretagna: \"L'altra mattina l'ho visto ed era disordinato, con tutti i capelli fuori posto, grazie a Dio: \u00e8 sempre cos\u00ec perfetto!\". [&hellip;]<\/p>\n","protected":false},"author":1,"featured_media":84665,"comment_status":"closed","ping_status":"closed","sticky":false,"template":"","format":"standard","meta":{"footnotes":""},"categories":[54],"tags":[2218,2102,14520,3620,3099,11235,14385,2682,24942],"vip":[573,1825],"class_list":["post-28618","post","type-post","status-publish","format-standard","has-post-thumbnail","hentry","category-news","tag-calciatore","tag-dichiarazioni","tag-gossip-moda","tag-gossip-sport","tag-moda","tag-posh","tag-spice-girl","tag-sport","tag-vic-adams","vip-david_beckham","vip-victoria_beckham"],"yoast_head":"<title>Victoria Beckham, David non \u00e8 perfetto - Gossip.it | News sul Gossip e VIP<\/title>\n<meta name=\"description\" content=\"Victoria Beckham \u00e8 sollevata: pure il marito David non \u00e8 poi cos\u00ec perfetto quanto sembra. Al mattino presto, appena sveglio, pare sembri nun pulcino\" \/>\n<meta name=\"robots\" content=\"index, follow, max-snippet:-1, max-image-preview:large, max-video-preview:-1\" \/>\n<link rel=\"canonical\" href=\"https:\/\/www.gossip.it\/news\/victoria-beckham-david-non-e-perfetto\/\" \/>\n<meta property=\"og:locale\" content=\"it_IT\" \/>\n<meta property=\"og:type\" content=\"article\" \/>\n<meta property=\"og:title\" content=\"Victoria Beckham, David non \u00e8 perfetto - Gossip.it | News sul Gossip e VIP\" \/>\n<meta property=\"og:description\" content=\"Victoria Beckham \u00e8 sollevata: pure il marito David non \u00e8 poi cos\u00ec perfetto quanto sembra. Al mattino presto, appena sveglio, pare sembri nun pulcino\" \/>\n<meta property=\"og:url\" content=\"https:\/\/www.gossip.it\/news\/victoria-beckham-david-non-e-perfetto\/\" \/>\n<meta property=\"og:site_name\" content=\"Gossip.it | News sul Gossip e VIP\" \/>\n<meta property=\"article:publisher\" content=\"https:\/\/www.facebook.com\/GossipIT\" \/>\n<meta property=\"article:published_time\" content=\"2011-01-04T23:00:00+00:00\" \/>\n<meta property=\"og:image\" content=\"https:\/\/www.gossip.it\/images5\/1294214538_victoria-beckham.jpg\" \/>\n<meta name=\"author\" content=\"La Redazione\" \/>\n<meta name=\"twitter:card\" content=\"summary_large_image\" \/>\n<meta name=\"twitter:image\" content=\"https:\/\/www.gossip.it\/images5\/1294214538_victoria-beckham.jpg\" \/>\n<meta name=\"twitter:creator\" content=\"@gossinews_it\" \/>\n<meta name=\"twitter:site\" content=\"@gossinews_it\" \/>\n<meta name=\"twitter:label1\" content=\"Scritto da\" \/>\n\t<meta name=\"twitter:data1\" content=\"Annamaria Capozzi\" \/>\n\t<meta name=\"twitter:label2\" content=\"Tempo di lettura stimato\" \/>\n\t<meta name=\"twitter:data2\" content=\"1 minuto\" \/>","yoast_head_json":{"title":"Victoria Beckham, David non \u00e8 perfetto - Gossip.it | News sul Gossip e VIP","description":"Victoria Beckham \u00e8 sollevata: pure il marito David non \u00e8 poi cos\u00ec perfetto quanto sembra. Al mattino presto, appena sveglio, pare sembri nun pulcino","robots":{"index":"index","follow":"follow","max-snippet":"max-snippet:-1","max-image-preview":"max-image-preview:large","max-video-preview":"max-video-preview:-1"},"canonical":"https:\/\/www.gossip.it\/news\/victoria-beckham-david-non-e-perfetto\/","og_locale":"it_IT","og_type":"article","og_title":"Victoria Beckham, David non \u00e8 perfetto - Gossip.it | News sul Gossip e VIP","og_description":"Victoria Beckham \u00e8 sollevata: pure il marito David non \u00e8 poi cos\u00ec perfetto quanto sembra. Al mattino presto, appena sveglio, pare sembri nun pulcino","og_url":"https:\/\/www.gossip.it\/news\/victoria-beckham-david-non-e-perfetto\/","og_site_name":"Gossip.it | News sul Gossip e VIP","article_publisher":"https:\/\/www.facebook.com\/GossipIT","article_published_time":"2011-01-04T23:00:00+00:00","og_image":[{"url":"https:\/\/www.gossip.it\/images5\/1294214538_victoria-beckham.jpg"}],"author":"La Redazione","twitter_card":"summary_large_image","twitter_image":"https:\/\/www.gossip.it\/images5\/1294214538_victoria-beckham.jpg","twitter_creator":"@gossinews_it","twitter_site":"@gossinews_it","twitter_misc":{"Scritto da":"Annamaria Capozzi","Tempo di lettura stimato":"1 minuto"},"schema":{"@context":"https:\/\/schema.org","@graph":[{"@type":"Article","@id":"https:\/\/www.gossip.it\/news\/victoria-beckham-david-non-e-perfetto\/#article","isPartOf":{"@id":"https:\/\/www.gossip.it\/news\/victoria-beckham-david-non-e-perfetto\/"},"author":{"name":"La Redazione","@id":"https:\/\/www.gossip.it\/#\/schema\/person\/488896f75158bff1cc83c6c39d141110"},"headline":"Victoria Beckham, David non \u00e8 perfetto","datePublished":"2011-01-04T23:00:00+00:00","dateModified":"2011-01-04T23:00:00+00:00","mainEntityOfPage":{"@id":"https:\/\/www.gossip.it\/news\/victoria-beckham-david-non-e-perfetto\/"},"wordCount":181,"publisher":{"@id":"https:\/\/www.gossip.it\/#organization"},"image":{"@id":"https:\/\/www.gossip.it\/news\/victoria-beckham-david-non-e-perfetto\/#primaryimage"},"thumbnailUrl":"https:\/\/www.gossip.it\/images5\/1294214538_victoria-beckham.jpg","keywords":["calciatore","dichiarazioni","gossip moda","gossip sport","moda","posh","Spice Girl","sport","vic adams"],"articleSection":["News"],"inLanguage":"it-IT"},{"@type":"WebPage","@id":"https:\/\/www.gossip.it\/news\/victoria-beckham-david-non-e-perfetto\/","url":"https:\/\/www.gossip.it\/news\/victoria-beckham-david-non-e-perfetto\/","name":"Victoria Beckham, David non \u00e8 perfetto - Gossip.it | News sul Gossip e VIP","isPartOf":{"@id":"https:\/\/www.gossip.it\/#website"},"primaryImageOfPage":{"@id":"https:\/\/www.gossip.it\/news\/victoria-beckham-david-non-e-perfetto\/#primaryimage"},"image":{"@id":"https:\/\/www.gossip.it\/news\/victoria-beckham-david-non-e-perfetto\/#primaryimage"},"thumbnailUrl":"https:\/\/www.gossip.it\/images5\/1294214538_victoria-beckham.jpg","datePublished":"2011-01-04T23:00:00+00:00","dateModified":"2011-01-04T23:00:00+00:00","description":"Victoria Beckham \u00e8 sollevata: pure il marito David non \u00e8 poi cos\u00ec perfetto quanto sembra. Al mattino presto, appena sveglio, pare sembri nun pulcino","breadcrumb":{"@id":"https:\/\/www.gossip.it\/news\/victoria-beckham-david-non-e-perfetto\/#breadcrumb"},"inLanguage":"it-IT","potentialAction":[{"@type":"ReadAction","target":["https:\/\/www.gossip.it\/news\/victoria-beckham-david-non-e-perfetto\/"]}]},{"@type":"ImageObject","inLanguage":"it-IT","@id":"https:\/\/www.gossip.it\/news\/victoria-beckham-david-non-e-perfetto\/#primaryimage","url":"https:\/\/www.gossip.it\/images5\/1294214538_victoria-beckham.jpg","contentUrl":"https:\/\/www.gossip.it\/images5\/1294214538_victoria-beckham.jpg"},{"@type":"BreadcrumbList","@id":"https:\/\/www.gossip.it\/news\/victoria-beckham-david-non-e-perfetto\/#breadcrumb","itemListElement":[{"@type":"ListItem","position":1,"name":"Home","item":"https:\/\/www.gossip.it\/"},{"@type":"ListItem","position":2,"name":"Victoria Beckham, David non \u00e8 perfetto"}]},{"@type":"WebSite","@id":"https:\/\/www.gossip.it\/#website","url":"https:\/\/www.gossip.it\/","name":"Gossip and VIP News","description":"Quotidiano di cronaca rosa, costume e societ\u00e0","publisher":{"@id":"https:\/\/www.gossip.it\/#organization"},"alternateName":"Gossip and VIP News","potentialAction":[{"@type":"SearchAction","target":{"@type":"EntryPoint","urlTemplate":"https:\/\/www.gossip.it\/?s={search_term_string}"},"query-input":{"@type":"PropertyValueSpecification","valueRequired":true,"valueName":"search_term_string"}}],"inLanguage":"it-IT"},{"@type":"Organization","@id":"https:\/\/www.gossip.it\/#organization","name":"Gossip and VIP News","alternateName":"Gossip News","url":"https:\/\/www.gossip.it\/","logo":{"@type":"ImageObject","inLanguage":"it-IT","@id":"https:\/\/www.gossip.it\/#\/schema\/logo\/image\/","url":"https:\/\/www.gossip.it\/wp-content\/uploads\/2022\/04\/cropped-corna-alta-tiny.png","contentUrl":"https:\/\/www.gossip.it\/wp-content\/uploads\/2022\/04\/cropped-corna-alta-tiny.png","width":512,"height":512,"caption":"Gossip and VIP News"},"image":{"@id":"https:\/\/www.gossip.it\/#\/schema\/logo\/image\/"},"sameAs":["https:\/\/www.facebook.com\/GossipIT","https:\/\/x.com\/gossinews_it","https:\/\/instagram.com\/gossip_it"]},{"@type":"Person","@id":"https:\/\/www.gossip.it\/#\/schema\/person\/488896f75158bff1cc83c6c39d141110","name":"La Redazione","image":{"@type":"ImageObject","inLanguage":"it-IT","@id":"https:\/\/www.gossip.it\/#\/schema\/person\/image\/","url":"https:\/\/secure.gravatar.com\/avatar\/5a5f5c6fa3e6700e4249abdad0263a1e94e927d9e0499b1cb09c1cd29c044d80?s=96&d=mm&r=g","contentUrl":"https:\/\/secure.gravatar.com\/avatar\/5a5f5c6fa3e6700e4249abdad0263a1e94e927d9e0499b1cb09c1cd29c044d80?s=96&d=mm&r=g","caption":"La Redazione"},"sameAs":["https:\/\/www.gossip.it"]}]}},"amp_enabled":true,"_links":{"self":[{"href":"https:\/\/www.gossip.it\/api\/wp\/v2\/posts\/28618","targetHints":{"allow":["GET"]}}],"collection":[{"href":"https:\/\/www.gossip.it\/api\/wp\/v2\/posts"}],"about":[{"href":"https:\/\/www.gossip.it\/api\/wp\/v2\/types\/post"}],"author":[{"embeddable":true,"href":"https:\/\/www.gossip.it\/api\/wp\/v2\/users\/1"}],"replies":[{"embeddable":true,"href":"https:\/\/www.gossip.it\/api\/wp\/v2\/comments?post=28618"}],"version-history":[{"count":0,"href":"https:\/\/www.gossip.it\/api\/wp\/v2\/posts\/28618\/revisions"}],"wp:featuredmedia":[{"embeddable":true,"href":"https:\/\/www.gossip.it\/api\/wp\/v2\/media\/84665"}],"wp:attachment":[{"href":"https:\/\/www.gossip.it\/api\/wp\/v2\/media?parent=28618"}],"wp:term":[{"taxonomy":"category","embeddable":true,"href":"https:\/\/www.gossip.it\/api\/wp\/v2\/categories?post=28618"},{"taxonomy":"post_tag","embeddable":true,"href":"https:\/\/www.gossip.it\/api\/wp\/v2\/tags?post=28618"},{"taxonomy":"vip","embeddable":true,"href":"https:\/\/www.gossip.it\/api\/wp\/v2\/vip?post=28618"}],"curies":[{"name":"wp","href":"https:\/\/api.w.org\/{rel}","templated":true}]}}