{"id":28716,"date":"2011-01-21T00:00:00","date_gmt":"2011-01-20T23:00:00","guid":{"rendered":"https:\/\/www.gossip.it\/senza-categoria\/nannini-in-sala-parto-ho-cantato-volare\/"},"modified":"2011-01-21T00:00:00","modified_gmt":"2011-01-20T23:00:00","slug":"nannini-in-sala-parto-ho-cantato-volare","status":"publish","type":"post","link":"https:\/\/www.gossip.it\/news\/nannini-in-sala-parto-ho-cantato-volare\/","title":{"rendered":"Nannini: 'In sala parto ho cantato Volare'"},"content":{"rendered":"<p><a href=\"https:\/\/www.gossip.it\/news\/monografia.php?keyword=Gianna Nannini\">Gianna Nannini<\/a> \u00e8 diventata mamma della piccola <b>Penelope<\/b>. Un parto che ha fatto discutere vista l'et\u00e0 della cantante. Ora, la star della musica racconta questa sua meravigliosa esperienza e di come abbia accolto la sua prima figlia cantando: <em>\"Ho cominciato a cantare per lei gi\u00e0 quando entravo in sala parto, erano la melodia e le parole di 'Nel blu dipinto di blu-Volare'. Perch\u00e9 quella \u00e8 una delle canzoni pi\u00f9 importanti della mia vita, ci sono molto legata\"<\/em>.<\/p>\n<p>La Nannini ha raccontato al settimanale 'Visto' di quanto la maternit\u00e0 l'abbia cambiata: <em>\"Osservando Penelope ho capito che cos\u2019\u00e8 la creativit\u00e0 vera, mica fare le canzoni o un disco. Lei \u00e8 la cosa pi\u00f9 bella,l'opera pi\u00f9 completa. Cos'\u00e8 cambiato? Che adesso c'\u00e8 una persona che arriva prima di me, davanti a tutto, e io sono scivolata volentieri in secondo piano. Nei suoi primi momenti di vita ero preoccupata che stesse bene, anche angosciata. Ecco, in quei momenti ho capito che tutto era cambiato\"<\/em>.<br \/>\nGianna ha commentato anche le critiche ricevute per questa sua scelta: <em>\"Si, mentre aspettavo Penelope cercavo di non leggere certe accuse, volevo stare bene, ero a Londra a registrare, lontano dal polverone, non volevo intaccare quei bei momenti di attesa, cercavo positivit\u00e0 per trasmetterla al pancione\"<\/em>. E racconta di quanto sia stato duro e doloroso il suo percorso verso la maternit\u00e0: <em>\"Volevo da tempo un figlio, era un desiderio forte e prima di Penelope c'era stato un aborto, un maschio al quale si era fermato il cuore all'undicesima settimana. E forse per questo, quando ho saputo di essere di nuovo incinta, ho pensato istintivamente che fosse un maschio. Avevo collegato lui, mi era rimasta quell'idea nella mente\"<\/em>. Quando ha visto la bimba, la cantante non ha avuto dubbi sul nome da darle, Penelope appunto: <em>\"Lei ha avuto tanta pazienza ad aspettarmi. Cos\u00ec quando l'ho vista, e mentre piangevo dalla gioia, ho capito che era il nome giusto, un nome che richiama la scaltrezza e la pazienza della moglie di Ulisse\"<\/em>.<\/p>\n","protected":false},"excerpt":{"rendered":"<p>Gianna Nannini \u00e8 diventata mamma della piccola Penelope. Un parto che ha fatto discutere vista l'et\u00e0 della cantante. Ora, la star della musica racconta questa sua meravigliosa esperienza e di come abbia accolto la sua prima figlia cantando: \"Ho cominciato a cantare per lei gi\u00e0 quando entravo in sala parto, erano la melodia e le [&hellip;]<\/p>\n","protected":false},"author":1,"featured_media":84763,"comment_status":"closed","ping_status":"closed","sticky":false,"template":"","format":"standard","meta":{"footnotes":""},"categories":[54],"tags":[1981,5467,14716,2408,33565,9799],"vip":[],"class_list":["post-28716","post","type-post","status-publish","format-standard","has-post-thumbnail","hentry","category-news","tag-cantante","tag-gianna-nannini","tag-gossip-musica","tag-musica","tag-parto-gravidanza","tag-penelope"],"yoast_head":"<title>Nannini: &#039;In sala parto ho cantato Volare&#039; - Gossip.it | News sul Gossip e VIP<\/title>\n<meta name=\"description\" content=\"Gianna Nannini \u00e8 diventata mamma della piccola Penelope. Un parto che ha fatto discutere vista l&#039;et\u00e0 della cantante. Ora, la star della musica racconta\" \/>\n<meta name=\"robots\" content=\"index, follow, max-snippet:-1, max-image-preview:large, max-video-preview:-1\" \/>\n<link rel=\"canonical\" href=\"https:\/\/www.gossip.it\/news\/nannini-in-sala-parto-ho-cantato-volare\/\" \/>\n<meta property=\"og:locale\" content=\"it_IT\" \/>\n<meta property=\"og:type\" content=\"article\" \/>\n<meta property=\"og:title\" content=\"Nannini: &#039;In sala parto ho cantato Volare&#039; - Gossip.it | News sul Gossip e VIP\" \/>\n<meta property=\"og:description\" content=\"Gianna Nannini \u00e8 diventata mamma della piccola Penelope. Un parto che ha fatto discutere vista l&#039;et\u00e0 della cantante. Ora, la star della musica racconta\" \/>\n<meta property=\"og:url\" content=\"https:\/\/www.gossip.it\/news\/nannini-in-sala-parto-ho-cantato-volare\/\" \/>\n<meta property=\"og:site_name\" content=\"Gossip.it | News sul Gossip e VIP\" \/>\n<meta property=\"article:publisher\" content=\"https:\/\/www.facebook.com\/GossipIT\" \/>\n<meta property=\"article:published_time\" content=\"2011-01-20T23:00:00+00:00\" \/>\n<meta property=\"og:image\" content=\"https:\/\/www.gossip.it\/images5\/1295604049_gianna-nannini.jpg\" \/>\n<meta name=\"author\" content=\"La Redazione\" \/>\n<meta name=\"twitter:card\" content=\"summary_large_image\" \/>\n<meta name=\"twitter:image\" content=\"https:\/\/www.gossip.it\/images5\/1295604049_gianna-nannini.jpg\" \/>\n<meta name=\"twitter:creator\" content=\"@gossinews_it\" \/>\n<meta name=\"twitter:site\" content=\"@gossinews_it\" \/>\n<meta name=\"twitter:label1\" content=\"Scritto da\" \/>\n\t<meta name=\"twitter:data1\" content=\"La Redazione\" \/>\n\t<meta name=\"twitter:label2\" content=\"Tempo di lettura stimato\" \/>\n\t<meta name=\"twitter:data2\" content=\"2 minuti\" \/>","yoast_head_json":{"title":"Nannini: 'In sala parto ho cantato Volare' - Gossip.it | News sul Gossip e VIP","description":"Gianna Nannini \u00e8 diventata mamma della piccola Penelope. Un parto che ha fatto discutere vista l'et\u00e0 della cantante. Ora, la star della musica racconta","robots":{"index":"index","follow":"follow","max-snippet":"max-snippet:-1","max-image-preview":"max-image-preview:large","max-video-preview":"max-video-preview:-1"},"canonical":"https:\/\/www.gossip.it\/news\/nannini-in-sala-parto-ho-cantato-volare\/","og_locale":"it_IT","og_type":"article","og_title":"Nannini: 'In sala parto ho cantato Volare' - Gossip.it | News sul Gossip e VIP","og_description":"Gianna Nannini \u00e8 diventata mamma della piccola Penelope. Un parto che ha fatto discutere vista l'et\u00e0 della cantante. Ora, la star della musica racconta","og_url":"https:\/\/www.gossip.it\/news\/nannini-in-sala-parto-ho-cantato-volare\/","og_site_name":"Gossip.it | News sul Gossip e VIP","article_publisher":"https:\/\/www.facebook.com\/GossipIT","article_published_time":"2011-01-20T23:00:00+00:00","og_image":[{"url":"https:\/\/www.gossip.it\/images5\/1295604049_gianna-nannini.jpg"}],"author":"La Redazione","twitter_card":"summary_large_image","twitter_image":"https:\/\/www.gossip.it\/images5\/1295604049_gianna-nannini.jpg","twitter_creator":"@gossinews_it","twitter_site":"@gossinews_it","twitter_misc":{"Scritto da":"La Redazione","Tempo di lettura stimato":"2 minuti"},"schema":{"@context":"https:\/\/schema.org","@graph":[{"@type":"Article","@id":"https:\/\/www.gossip.it\/news\/nannini-in-sala-parto-ho-cantato-volare\/#article","isPartOf":{"@id":"https:\/\/www.gossip.it\/news\/nannini-in-sala-parto-ho-cantato-volare\/"},"author":{"name":"La Redazione","@id":"https:\/\/www.gossip.it\/#\/schema\/person\/488896f75158bff1cc83c6c39d141110"},"headline":"Nannini: 'In sala parto ho cantato Volare'","datePublished":"2011-01-20T23:00:00+00:00","dateModified":"2011-01-20T23:00:00+00:00","mainEntityOfPage":{"@id":"https:\/\/www.gossip.it\/news\/nannini-in-sala-parto-ho-cantato-volare\/"},"wordCount":342,"publisher":{"@id":"https:\/\/www.gossip.it\/#organization"},"image":{"@id":"https:\/\/www.gossip.it\/news\/nannini-in-sala-parto-ho-cantato-volare\/#primaryimage"},"thumbnailUrl":"https:\/\/www.gossip.it\/images5\/1295604049_gianna-nannini.jpg","keywords":["cantante","gianna nannini","gossip musica","musica","parto gravidanza","penelope"],"articleSection":["News"],"inLanguage":"it-IT"},{"@type":"WebPage","@id":"https:\/\/www.gossip.it\/news\/nannini-in-sala-parto-ho-cantato-volare\/","url":"https:\/\/www.gossip.it\/news\/nannini-in-sala-parto-ho-cantato-volare\/","name":"Nannini: 'In sala parto ho cantato Volare' - Gossip.it | News sul Gossip e VIP","isPartOf":{"@id":"https:\/\/www.gossip.it\/#website"},"primaryImageOfPage":{"@id":"https:\/\/www.gossip.it\/news\/nannini-in-sala-parto-ho-cantato-volare\/#primaryimage"},"image":{"@id":"https:\/\/www.gossip.it\/news\/nannini-in-sala-parto-ho-cantato-volare\/#primaryimage"},"thumbnailUrl":"https:\/\/www.gossip.it\/images5\/1295604049_gianna-nannini.jpg","datePublished":"2011-01-20T23:00:00+00:00","dateModified":"2011-01-20T23:00:00+00:00","description":"Gianna Nannini \u00e8 diventata mamma della piccola Penelope. Un parto che ha fatto discutere vista l'et\u00e0 della cantante. Ora, la star della musica racconta","breadcrumb":{"@id":"https:\/\/www.gossip.it\/news\/nannini-in-sala-parto-ho-cantato-volare\/#breadcrumb"},"inLanguage":"it-IT","potentialAction":[{"@type":"ReadAction","target":["https:\/\/www.gossip.it\/news\/nannini-in-sala-parto-ho-cantato-volare\/"]}]},{"@type":"ImageObject","inLanguage":"it-IT","@id":"https:\/\/www.gossip.it\/news\/nannini-in-sala-parto-ho-cantato-volare\/#primaryimage","url":"https:\/\/www.gossip.it\/images5\/1295604049_gianna-nannini.jpg","contentUrl":"https:\/\/www.gossip.it\/images5\/1295604049_gianna-nannini.jpg"},{"@type":"BreadcrumbList","@id":"https:\/\/www.gossip.it\/news\/nannini-in-sala-parto-ho-cantato-volare\/#breadcrumb","itemListElement":[{"@type":"ListItem","position":1,"name":"Home","item":"https:\/\/www.gossip.it\/"},{"@type":"ListItem","position":2,"name":"Nannini: 'In sala parto ho cantato Volare'"}]},{"@type":"WebSite","@id":"https:\/\/www.gossip.it\/#website","url":"https:\/\/www.gossip.it\/","name":"Gossip and VIP News","description":"Quotidiano di cronaca rosa, costume e societ\u00e0","publisher":{"@id":"https:\/\/www.gossip.it\/#organization"},"alternateName":"Gossip and VIP News","potentialAction":[{"@type":"SearchAction","target":{"@type":"EntryPoint","urlTemplate":"https:\/\/www.gossip.it\/?s={search_term_string}"},"query-input":{"@type":"PropertyValueSpecification","valueRequired":true,"valueName":"search_term_string"}}],"inLanguage":"it-IT"},{"@type":"Organization","@id":"https:\/\/www.gossip.it\/#organization","name":"Gossip and VIP News","alternateName":"Gossip News","url":"https:\/\/www.gossip.it\/","logo":{"@type":"ImageObject","inLanguage":"it-IT","@id":"https:\/\/www.gossip.it\/#\/schema\/logo\/image\/","url":"https:\/\/www.gossip.it\/wp-content\/uploads\/2022\/04\/cropped-corna-alta-tiny.png","contentUrl":"https:\/\/www.gossip.it\/wp-content\/uploads\/2022\/04\/cropped-corna-alta-tiny.png","width":512,"height":512,"caption":"Gossip and VIP News"},"image":{"@id":"https:\/\/www.gossip.it\/#\/schema\/logo\/image\/"},"sameAs":["https:\/\/www.facebook.com\/GossipIT","https:\/\/x.com\/gossinews_it","https:\/\/instagram.com\/gossip_it"]},{"@type":"Person","@id":"https:\/\/www.gossip.it\/#\/schema\/person\/488896f75158bff1cc83c6c39d141110","name":"La Redazione","image":{"@type":"ImageObject","inLanguage":"it-IT","@id":"https:\/\/www.gossip.it\/#\/schema\/person\/image\/","url":"https:\/\/secure.gravatar.com\/avatar\/5a5f5c6fa3e6700e4249abdad0263a1e94e927d9e0499b1cb09c1cd29c044d80?s=96&d=mm&r=g","contentUrl":"https:\/\/secure.gravatar.com\/avatar\/5a5f5c6fa3e6700e4249abdad0263a1e94e927d9e0499b1cb09c1cd29c044d80?s=96&d=mm&r=g","caption":"La Redazione"},"sameAs":["https:\/\/www.gossip.it"]}]}},"amp_enabled":true,"_links":{"self":[{"href":"https:\/\/www.gossip.it\/api\/wp\/v2\/posts\/28716","targetHints":{"allow":["GET"]}}],"collection":[{"href":"https:\/\/www.gossip.it\/api\/wp\/v2\/posts"}],"about":[{"href":"https:\/\/www.gossip.it\/api\/wp\/v2\/types\/post"}],"author":[{"embeddable":true,"href":"https:\/\/www.gossip.it\/api\/wp\/v2\/users\/1"}],"replies":[{"embeddable":true,"href":"https:\/\/www.gossip.it\/api\/wp\/v2\/comments?post=28716"}],"version-history":[{"count":0,"href":"https:\/\/www.gossip.it\/api\/wp\/v2\/posts\/28716\/revisions"}],"wp:featuredmedia":[{"embeddable":true,"href":"https:\/\/www.gossip.it\/api\/wp\/v2\/media\/84763"}],"wp:attachment":[{"href":"https:\/\/www.gossip.it\/api\/wp\/v2\/media?parent=28716"}],"wp:term":[{"taxonomy":"category","embeddable":true,"href":"https:\/\/www.gossip.it\/api\/wp\/v2\/categories?post=28716"},{"taxonomy":"post_tag","embeddable":true,"href":"https:\/\/www.gossip.it\/api\/wp\/v2\/tags?post=28716"},{"taxonomy":"vip","embeddable":true,"href":"https:\/\/www.gossip.it\/api\/wp\/v2\/vip?post=28716"}],"curies":[{"name":"wp","href":"https:\/\/api.w.org\/{rel}","templated":true}]}}