{"id":28833,"date":"2011-02-08T00:00:00","date_gmt":"2011-02-07T23:00:00","guid":{"rendered":"https:\/\/www.gossip.it\/senza-categoria\/marco-liorni-papa-tris\/"},"modified":"2011-02-08T00:00:00","modified_gmt":"2011-02-07T23:00:00","slug":"marco-liorni-papa-tris","status":"publish","type":"post","link":"https:\/\/www.gossip.it\/news\/marco-liorni-papa-tris\/","title":{"rendered":"Marco Liorni pap\u00e0 tris"},"content":{"rendered":"<p>\u00c8 nata il <b>7 ottobre<\/b> scorso <b>Viola Liorni<\/b>, terzogenita del conduttore <a href=\"https:\/\/www.gossip.it\/news\/monografia.php?keyword=Marco Liorni\">Marco<\/a>: la piccola \u00e8 stata presentata ufficialmente alla <b>stampa<\/b> con un servizio fotografico sul settimanale  \u2018<em>Gente<\/em>\u2019, nel numero in edicola questa settimana.<\/p>\n<p>Marco e la <b>compagna<\/b> <b>Giovanna Astolfi<\/b> , che fanno <b>coppia<\/b> fissa ormai da 12 anni, sono cos\u00ec di nuovo alla prese con <b>pappette<\/b> e <b>pannolini<\/b>, dopo la nascita sei anni fa di <b>Emma<\/b>. In casa ad aiutarli, per\u00f2, c\u2019\u00e8 anche <b>Niccol\u00f2<\/b> (16 anni), frutto di un precedente <b>matrimonio<\/b> di Liorni.<\/p>\n<p>La <b>coppia<\/b> negli scatti del <b>magazine<\/b> appare nuovamente unita e <b>felice<\/b>, dopo un periodo di <b>crisi<\/b> seguito alla perdita di un figlio al quinto mese di <b>gravidanza<\/b>. E presto arriveranno anche i <b>fiori<\/b> d\u2019<b>arancio<\/b>, ma la data \u00e8 ancora da stabilire: \u2018<em>Anche se per me \u00e8 gi\u00e0 mia moglie, \u00e8 giusto per i nostri figli. Ma sar\u00e0 un matrimonio a sorpresa<\/em>\u2019, ha raccontato il <b>conduttore<\/b>.<\/p>\n","protected":false},"excerpt":{"rendered":"<p>\u00c8 nata il 7 ottobre scorso Viola Liorni, terzogenita del conduttore Marco: la piccola \u00e8 stata presentata ufficialmente alla stampa con un servizio fotografico sul settimanale \u2018Gente\u2019, nel numero in edicola questa settimana. Marco e la compagna Giovanna Astolfi , che fanno coppia fissa ormai da 12 anni, sono cos\u00ec di nuovo alla prese con [&hellip;]<\/p>\n","protected":false},"author":1,"featured_media":84880,"comment_status":"closed","ping_status":"closed","sticky":false,"template":"","format":"standard","meta":{"footnotes":""},"categories":[54],"tags":[2176,1942,2118,3333,1950,1913,5330,11641,2097],"vip":[1214],"class_list":["post-28833","post","type-post","status-publish","format-standard","has-post-thumbnail","hentry","category-news","tag-conduttore","tag-figlio","tag-foto","tag-gente","tag-matrimonio","tag-papa","tag-settimanale","tag-terzo","tag-tv","vip-marco_liorni"],"yoast_head":"<title>Marco Liorni pap\u00e0 tris - Gossip.it | News sul Gossip e VIP<\/title>\n<meta name=\"description\" content=\"\u00c8 nata il 7 ottobre scorso Viola Liorni, terzogenita del conduttore Marco: la piccola \u00e8 stata presentata ufficialmente alla stampa con un servizio\" \/>\n<meta name=\"robots\" content=\"index, follow, max-snippet:-1, max-image-preview:large, max-video-preview:-1\" \/>\n<link rel=\"canonical\" href=\"https:\/\/www.gossip.it\/news\/marco-liorni-papa-tris\/\" \/>\n<meta property=\"og:locale\" content=\"it_IT\" \/>\n<meta property=\"og:type\" content=\"article\" \/>\n<meta property=\"og:title\" content=\"Marco Liorni pap\u00e0 tris - Gossip.it | News sul Gossip e VIP\" \/>\n<meta property=\"og:description\" content=\"\u00c8 nata il 7 ottobre scorso Viola Liorni, terzogenita del conduttore Marco: la piccola \u00e8 stata presentata ufficialmente alla stampa con un servizio\" \/>\n<meta property=\"og:url\" content=\"https:\/\/www.gossip.it\/news\/marco-liorni-papa-tris\/\" \/>\n<meta property=\"og:site_name\" content=\"Gossip.it | News sul Gossip e VIP\" \/>\n<meta property=\"article:publisher\" content=\"https:\/\/www.facebook.com\/GossipIT\" \/>\n<meta property=\"article:published_time\" content=\"2011-02-07T23:00:00+00:00\" \/>\n<meta property=\"og:image\" content=\"https:\/\/www.gossip.it\/images5\/1297183079_.jpg\" \/>\n<meta name=\"author\" content=\"La Redazione\" \/>\n<meta name=\"twitter:card\" content=\"summary_large_image\" \/>\n<meta name=\"twitter:image\" content=\"https:\/\/www.gossip.it\/images5\/1297183079_.jpg\" \/>\n<meta name=\"twitter:creator\" content=\"@gossinews_it\" \/>\n<meta name=\"twitter:site\" content=\"@gossinews_it\" \/>\n<meta name=\"twitter:label1\" content=\"Scritto da\" \/>\n\t<meta name=\"twitter:data1\" content=\"La Redazione\" \/>\n\t<meta name=\"twitter:label2\" content=\"Tempo di lettura stimato\" \/>\n\t<meta name=\"twitter:data2\" content=\"1 minuto\" \/>","yoast_head_json":{"title":"Marco Liorni pap\u00e0 tris - Gossip.it | News sul Gossip e VIP","description":"\u00c8 nata il 7 ottobre scorso Viola Liorni, terzogenita del conduttore Marco: la piccola \u00e8 stata presentata ufficialmente alla stampa con un servizio","robots":{"index":"index","follow":"follow","max-snippet":"max-snippet:-1","max-image-preview":"max-image-preview:large","max-video-preview":"max-video-preview:-1"},"canonical":"https:\/\/www.gossip.it\/news\/marco-liorni-papa-tris\/","og_locale":"it_IT","og_type":"article","og_title":"Marco Liorni pap\u00e0 tris - Gossip.it | News sul Gossip e VIP","og_description":"\u00c8 nata il 7 ottobre scorso Viola Liorni, terzogenita del conduttore Marco: la piccola \u00e8 stata presentata ufficialmente alla stampa con un servizio","og_url":"https:\/\/www.gossip.it\/news\/marco-liorni-papa-tris\/","og_site_name":"Gossip.it | News sul Gossip e VIP","article_publisher":"https:\/\/www.facebook.com\/GossipIT","article_published_time":"2011-02-07T23:00:00+00:00","og_image":[{"url":"https:\/\/www.gossip.it\/images5\/1297183079_.jpg"}],"author":"La Redazione","twitter_card":"summary_large_image","twitter_image":"https:\/\/www.gossip.it\/images5\/1297183079_.jpg","twitter_creator":"@gossinews_it","twitter_site":"@gossinews_it","twitter_misc":{"Scritto da":"La Redazione","Tempo di lettura stimato":"1 minuto"},"schema":{"@context":"https:\/\/schema.org","@graph":[{"@type":"Article","@id":"https:\/\/www.gossip.it\/news\/marco-liorni-papa-tris\/#article","isPartOf":{"@id":"https:\/\/www.gossip.it\/news\/marco-liorni-papa-tris\/"},"author":{"name":"La Redazione","@id":"https:\/\/www.gossip.it\/#\/schema\/person\/488896f75158bff1cc83c6c39d141110"},"headline":"Marco Liorni pap\u00e0 tris","datePublished":"2011-02-07T23:00:00+00:00","dateModified":"2011-02-07T23:00:00+00:00","mainEntityOfPage":{"@id":"https:\/\/www.gossip.it\/news\/marco-liorni-papa-tris\/"},"wordCount":144,"publisher":{"@id":"https:\/\/www.gossip.it\/#organization"},"image":{"@id":"https:\/\/www.gossip.it\/news\/marco-liorni-papa-tris\/#primaryimage"},"thumbnailUrl":"https:\/\/www.gossip.it\/images5\/1297183079_.jpg","keywords":["conduttore","figlio","foto","gente","matrimonio","pap\u00e0","settimanale","terzo","tv"],"articleSection":["News"],"inLanguage":"it-IT"},{"@type":"WebPage","@id":"https:\/\/www.gossip.it\/news\/marco-liorni-papa-tris\/","url":"https:\/\/www.gossip.it\/news\/marco-liorni-papa-tris\/","name":"Marco Liorni pap\u00e0 tris - Gossip.it | News sul Gossip e VIP","isPartOf":{"@id":"https:\/\/www.gossip.it\/#website"},"primaryImageOfPage":{"@id":"https:\/\/www.gossip.it\/news\/marco-liorni-papa-tris\/#primaryimage"},"image":{"@id":"https:\/\/www.gossip.it\/news\/marco-liorni-papa-tris\/#primaryimage"},"thumbnailUrl":"https:\/\/www.gossip.it\/images5\/1297183079_.jpg","datePublished":"2011-02-07T23:00:00+00:00","dateModified":"2011-02-07T23:00:00+00:00","description":"\u00c8 nata il 7 ottobre scorso Viola Liorni, terzogenita del conduttore Marco: la piccola \u00e8 stata presentata ufficialmente alla stampa con un servizio","breadcrumb":{"@id":"https:\/\/www.gossip.it\/news\/marco-liorni-papa-tris\/#breadcrumb"},"inLanguage":"it-IT","potentialAction":[{"@type":"ReadAction","target":["https:\/\/www.gossip.it\/news\/marco-liorni-papa-tris\/"]}]},{"@type":"ImageObject","inLanguage":"it-IT","@id":"https:\/\/www.gossip.it\/news\/marco-liorni-papa-tris\/#primaryimage","url":"https:\/\/www.gossip.it\/images5\/1297183079_.jpg","contentUrl":"https:\/\/www.gossip.it\/images5\/1297183079_.jpg"},{"@type":"BreadcrumbList","@id":"https:\/\/www.gossip.it\/news\/marco-liorni-papa-tris\/#breadcrumb","itemListElement":[{"@type":"ListItem","position":1,"name":"Home","item":"https:\/\/www.gossip.it\/"},{"@type":"ListItem","position":2,"name":"Marco Liorni pap\u00e0 tris"}]},{"@type":"WebSite","@id":"https:\/\/www.gossip.it\/#website","url":"https:\/\/www.gossip.it\/","name":"Gossip and VIP News","description":"Quotidiano di cronaca rosa, costume e societ\u00e0","publisher":{"@id":"https:\/\/www.gossip.it\/#organization"},"alternateName":"Gossip and VIP News","potentialAction":[{"@type":"SearchAction","target":{"@type":"EntryPoint","urlTemplate":"https:\/\/www.gossip.it\/?s={search_term_string}"},"query-input":{"@type":"PropertyValueSpecification","valueRequired":true,"valueName":"search_term_string"}}],"inLanguage":"it-IT"},{"@type":"Organization","@id":"https:\/\/www.gossip.it\/#organization","name":"Gossip and VIP News","alternateName":"Gossip News","url":"https:\/\/www.gossip.it\/","logo":{"@type":"ImageObject","inLanguage":"it-IT","@id":"https:\/\/www.gossip.it\/#\/schema\/logo\/image\/","url":"https:\/\/www.gossip.it\/wp-content\/uploads\/2022\/04\/cropped-corna-alta-tiny.png","contentUrl":"https:\/\/www.gossip.it\/wp-content\/uploads\/2022\/04\/cropped-corna-alta-tiny.png","width":512,"height":512,"caption":"Gossip and VIP News"},"image":{"@id":"https:\/\/www.gossip.it\/#\/schema\/logo\/image\/"},"sameAs":["https:\/\/www.facebook.com\/GossipIT","https:\/\/x.com\/gossinews_it","https:\/\/instagram.com\/gossip_it"]},{"@type":"Person","@id":"https:\/\/www.gossip.it\/#\/schema\/person\/488896f75158bff1cc83c6c39d141110","name":"La Redazione","image":{"@type":"ImageObject","inLanguage":"it-IT","@id":"https:\/\/www.gossip.it\/#\/schema\/person\/image\/","url":"https:\/\/secure.gravatar.com\/avatar\/5a5f5c6fa3e6700e4249abdad0263a1e94e927d9e0499b1cb09c1cd29c044d80?s=96&d=mm&r=g","contentUrl":"https:\/\/secure.gravatar.com\/avatar\/5a5f5c6fa3e6700e4249abdad0263a1e94e927d9e0499b1cb09c1cd29c044d80?s=96&d=mm&r=g","caption":"La Redazione"},"sameAs":["https:\/\/www.gossip.it"]}]}},"amp_enabled":true,"_links":{"self":[{"href":"https:\/\/www.gossip.it\/api\/wp\/v2\/posts\/28833","targetHints":{"allow":["GET"]}}],"collection":[{"href":"https:\/\/www.gossip.it\/api\/wp\/v2\/posts"}],"about":[{"href":"https:\/\/www.gossip.it\/api\/wp\/v2\/types\/post"}],"author":[{"embeddable":true,"href":"https:\/\/www.gossip.it\/api\/wp\/v2\/users\/1"}],"replies":[{"embeddable":true,"href":"https:\/\/www.gossip.it\/api\/wp\/v2\/comments?post=28833"}],"version-history":[{"count":0,"href":"https:\/\/www.gossip.it\/api\/wp\/v2\/posts\/28833\/revisions"}],"wp:featuredmedia":[{"embeddable":true,"href":"https:\/\/www.gossip.it\/api\/wp\/v2\/media\/84880"}],"wp:attachment":[{"href":"https:\/\/www.gossip.it\/api\/wp\/v2\/media?parent=28833"}],"wp:term":[{"taxonomy":"category","embeddable":true,"href":"https:\/\/www.gossip.it\/api\/wp\/v2\/categories?post=28833"},{"taxonomy":"post_tag","embeddable":true,"href":"https:\/\/www.gossip.it\/api\/wp\/v2\/tags?post=28833"},{"taxonomy":"vip","embeddable":true,"href":"https:\/\/www.gossip.it\/api\/wp\/v2\/vip?post=28833"}],"curies":[{"name":"wp","href":"https:\/\/api.w.org\/{rel}","templated":true}]}}