{"id":28909,"date":"2011-02-18T00:00:00","date_gmt":"2011-02-17T23:00:00","guid":{"rendered":"https:\/\/www.gossip.it\/senza-categoria\/isola-8-tra-la-fico-e-thyago-alves-c-e-del-tenero\/"},"modified":"2011-02-18T00:00:00","modified_gmt":"2011-02-17T23:00:00","slug":"isola-8-tra-la-fico-e-thyago-alves-c-e-del-tenero","status":"publish","type":"post","link":"https:\/\/www.gossip.it\/news\/isola-8-tra-la-fico-e-thyago-alves-c-e-del-tenero\/","title":{"rendered":"Isola 8: tra la Fico e Thyago Alves c'\u00e8 del tenero"},"content":{"rendered":"<p>Ormai spostata al mercoled\u00ec per non soccombere al <a href=\"https:\/\/www.gossip.it\/news\/monografia.php?keyword=Grande Fratello 11\">Grande Fratello 11<\/a>, l'<a href=\"https:\/\/www.gossip.it\/news\/monografia.php?keyword=Isola dei Famosi 8\">Isola dei Famosi 8<\/a> inizia a far palare di s\u00e8, forse solo a caccia di audience, chiss\u00e0...<br \/>\nProve di <a href=\"https:\/\/www.gossip.it\/news\/monografia.php?keyword=flirt\">flirt<\/a> per i naufraghi. Tra <a href=\"https:\/\/www.gossip.it\/news\/monografia.php?keyword=Raffaella Fico\">Raffaella Fico<\/a>, partita con l'etichetta di possibile <em>'Papi Girl'<\/em>, e il bellissimo modello brasiliano <a href=\"https:\/\/www.gossip.it\/news\/monografia.php?keyword=Thyago Alves\">Thyago Alves<\/a> c'\u00e8 del tenero.<\/p>\n<p>I due in Honduras parlano molto e con atteggiamenti di grande simpatia. L'ex gieffina che dichiara di aver perso la verginit\u00e0 con <a href=\"https:\/\/www.gossip.it\/news\/monografia.php?keyword=Cristiano Ronaldo\">Cristiano Ronaldo<\/a>, ha confessato: <em>\"E' un bel ragazzo: divertente, simpatico. Perch\u00e8 no? La possibilit\u00e0 gli viene data, deve essere lui bravo a sfruttarla\"<\/em>. Dal canto suo Thyago, partito single, ha lasciato la porta aperta alle faccende di cuore: <em>\"Non sono venuto qui per fidanzarmi, ma se dovesse succedere...\"<\/em>.<\/p>\n<p>E mentre <a href=\"https:\/\/www.gossip.it\/news\/monografia.php?keyword=Luca Dirisio\">Luca Dirisio<\/a> litiga con <a href=\"https:\/\/www.gossip.it\/news\/monografia.php?keyword=Eleonora Brigliadori\">Eleonora Brigliadori<\/a>, che gli ha passato il testimone della nomination, Cupido fa capolino. La sua freccia far\u00e0 centro?<\/p>\n<p>Foto: Gregory Macera\u00a9 Gossip.it<\/p>\n","protected":false},"excerpt":{"rendered":"<p>Ormai spostata al mercoled\u00ec per non soccombere al Grande Fratello 11, l'Isola dei Famosi 8 inizia a far palare di s\u00e8, forse solo a caccia di audience, chiss\u00e0... Prove di flirt per i naufraghi. Tra Raffaella Fico, partita con l'etichetta di possibile 'Papi Girl', e il bellissimo modello brasiliano Thyago Alves c'\u00e8 del tenero. I [&hellip;]<\/p>\n","protected":false},"author":1,"featured_media":84956,"comment_status":"closed","ping_status":"closed","sticky":false,"template":"","format":"standard","meta":{"footnotes":""},"categories":[54],"tags":[5402,2140,3297,6182,6273,2095,6266,3075,3085,33807,1934,2097],"vip":[632,1144,1534,1698,1760],"class_list":["post-28909","post","type-post","status-publish","format-standard","has-post-thumbnail","hentry","category-news","tag-cristiano-ronaldo","tag-flirt","tag-gossip-tv","tag-grande-fratello-11","tag-honduras","tag-isola-dei-famosi","tag-isola-dei-famosi-8","tag-liaison","tag-naufraghi","tag-papi-girl","tag-reality","tag-tv","vip-eleonora_brigliadori","vip-luca_dirisio","vip-raffaella_fico","vip-simona_ventura","vip-thyago_alves"],"yoast_head":"<title>Isola 8: tra la Fico e Thyago Alves c&#039;\u00e8 del tenero - Gossip.it | News sul Gossip e VIP<\/title>\n<meta name=\"description\" content=\"Ormai spostata al mercoled\u00ec per non soccombere al Grande Fratello 11, l&#039;Isola dei Famosi 8 inizia a far palare di s\u00e8, forse solo a caccia di audience,\" \/>\n<meta name=\"robots\" content=\"index, follow, max-snippet:-1, max-image-preview:large, max-video-preview:-1\" \/>\n<link rel=\"canonical\" href=\"https:\/\/www.gossip.it\/news\/isola-8-tra-la-fico-e-thyago-alves-c-e-del-tenero\/\" \/>\n<meta property=\"og:locale\" content=\"it_IT\" \/>\n<meta property=\"og:type\" content=\"article\" \/>\n<meta property=\"og:title\" content=\"Isola 8: tra la Fico e Thyago Alves c&#039;\u00e8 del tenero - Gossip.it | News sul Gossip e VIP\" \/>\n<meta property=\"og:description\" content=\"Ormai spostata al mercoled\u00ec per non soccombere al Grande Fratello 11, l&#039;Isola dei Famosi 8 inizia a far palare di s\u00e8, forse solo a caccia di audience,\" \/>\n<meta property=\"og:url\" content=\"https:\/\/www.gossip.it\/news\/isola-8-tra-la-fico-e-thyago-alves-c-e-del-tenero\/\" \/>\n<meta property=\"og:site_name\" content=\"Gossip.it | News sul Gossip e VIP\" \/>\n<meta property=\"article:publisher\" content=\"https:\/\/www.facebook.com\/GossipIT\" \/>\n<meta property=\"article:published_time\" content=\"2011-02-17T23:00:00+00:00\" \/>\n<meta property=\"og:image\" content=\"https:\/\/www.gossip.it\/images5\/1298023128_raffaella-fico.jpg\" \/>\n<meta name=\"author\" content=\"La Redazione\" \/>\n<meta name=\"twitter:card\" content=\"summary_large_image\" \/>\n<meta name=\"twitter:image\" content=\"https:\/\/www.gossip.it\/images5\/1298023128_raffaella-fico.jpg\" \/>\n<meta name=\"twitter:creator\" content=\"@gossinews_it\" \/>\n<meta name=\"twitter:site\" content=\"@gossinews_it\" \/>\n<meta name=\"twitter:label1\" content=\"Scritto da\" \/>\n\t<meta name=\"twitter:data1\" content=\"Annamaria Capozzi\" \/>\n\t<meta name=\"twitter:label2\" content=\"Tempo di lettura stimato\" \/>\n\t<meta name=\"twitter:data2\" content=\"1 minuto\" \/>","yoast_head_json":{"title":"Isola 8: tra la Fico e Thyago Alves c'\u00e8 del tenero - Gossip.it | News sul Gossip e VIP","description":"Ormai spostata al mercoled\u00ec per non soccombere al Grande Fratello 11, l'Isola dei Famosi 8 inizia a far palare di s\u00e8, forse solo a caccia di audience,","robots":{"index":"index","follow":"follow","max-snippet":"max-snippet:-1","max-image-preview":"max-image-preview:large","max-video-preview":"max-video-preview:-1"},"canonical":"https:\/\/www.gossip.it\/news\/isola-8-tra-la-fico-e-thyago-alves-c-e-del-tenero\/","og_locale":"it_IT","og_type":"article","og_title":"Isola 8: tra la Fico e Thyago Alves c'\u00e8 del tenero - Gossip.it | News sul Gossip e VIP","og_description":"Ormai spostata al mercoled\u00ec per non soccombere al Grande Fratello 11, l'Isola dei Famosi 8 inizia a far palare di s\u00e8, forse solo a caccia di audience,","og_url":"https:\/\/www.gossip.it\/news\/isola-8-tra-la-fico-e-thyago-alves-c-e-del-tenero\/","og_site_name":"Gossip.it | News sul Gossip e VIP","article_publisher":"https:\/\/www.facebook.com\/GossipIT","article_published_time":"2011-02-17T23:00:00+00:00","og_image":[{"url":"https:\/\/www.gossip.it\/images5\/1298023128_raffaella-fico.jpg"}],"author":"La Redazione","twitter_card":"summary_large_image","twitter_image":"https:\/\/www.gossip.it\/images5\/1298023128_raffaella-fico.jpg","twitter_creator":"@gossinews_it","twitter_site":"@gossinews_it","twitter_misc":{"Scritto da":"Annamaria Capozzi","Tempo di lettura stimato":"1 minuto"},"schema":{"@context":"https:\/\/schema.org","@graph":[{"@type":"Article","@id":"https:\/\/www.gossip.it\/news\/isola-8-tra-la-fico-e-thyago-alves-c-e-del-tenero\/#article","isPartOf":{"@id":"https:\/\/www.gossip.it\/news\/isola-8-tra-la-fico-e-thyago-alves-c-e-del-tenero\/"},"author":{"name":"La Redazione","@id":"https:\/\/www.gossip.it\/#\/schema\/person\/488896f75158bff1cc83c6c39d141110"},"headline":"Isola 8: tra la Fico e Thyago Alves c'\u00e8 del tenero","datePublished":"2011-02-17T23:00:00+00:00","dateModified":"2011-02-17T23:00:00+00:00","mainEntityOfPage":{"@id":"https:\/\/www.gossip.it\/news\/isola-8-tra-la-fico-e-thyago-alves-c-e-del-tenero\/"},"wordCount":164,"publisher":{"@id":"https:\/\/www.gossip.it\/#organization"},"image":{"@id":"https:\/\/www.gossip.it\/news\/isola-8-tra-la-fico-e-thyago-alves-c-e-del-tenero\/#primaryimage"},"thumbnailUrl":"https:\/\/www.gossip.it\/images5\/1298023128_raffaella-fico.jpg","keywords":["cristiano ronaldo","flirt","gossip.tv","grande fratello 11","honduras","isola dei famosi","isola dei famosi 8","liaison","naufraghi","papi girl","reality","tv"],"articleSection":["News"],"inLanguage":"it-IT"},{"@type":"WebPage","@id":"https:\/\/www.gossip.it\/news\/isola-8-tra-la-fico-e-thyago-alves-c-e-del-tenero\/","url":"https:\/\/www.gossip.it\/news\/isola-8-tra-la-fico-e-thyago-alves-c-e-del-tenero\/","name":"Isola 8: tra la Fico e Thyago Alves c'\u00e8 del tenero - Gossip.it | News sul Gossip e VIP","isPartOf":{"@id":"https:\/\/www.gossip.it\/#website"},"primaryImageOfPage":{"@id":"https:\/\/www.gossip.it\/news\/isola-8-tra-la-fico-e-thyago-alves-c-e-del-tenero\/#primaryimage"},"image":{"@id":"https:\/\/www.gossip.it\/news\/isola-8-tra-la-fico-e-thyago-alves-c-e-del-tenero\/#primaryimage"},"thumbnailUrl":"https:\/\/www.gossip.it\/images5\/1298023128_raffaella-fico.jpg","datePublished":"2011-02-17T23:00:00+00:00","dateModified":"2011-02-17T23:00:00+00:00","description":"Ormai spostata al mercoled\u00ec per non soccombere al Grande Fratello 11, l'Isola dei Famosi 8 inizia a far palare di s\u00e8, forse solo a caccia di audience,","breadcrumb":{"@id":"https:\/\/www.gossip.it\/news\/isola-8-tra-la-fico-e-thyago-alves-c-e-del-tenero\/#breadcrumb"},"inLanguage":"it-IT","potentialAction":[{"@type":"ReadAction","target":["https:\/\/www.gossip.it\/news\/isola-8-tra-la-fico-e-thyago-alves-c-e-del-tenero\/"]}]},{"@type":"ImageObject","inLanguage":"it-IT","@id":"https:\/\/www.gossip.it\/news\/isola-8-tra-la-fico-e-thyago-alves-c-e-del-tenero\/#primaryimage","url":"https:\/\/www.gossip.it\/images5\/1298023128_raffaella-fico.jpg","contentUrl":"https:\/\/www.gossip.it\/images5\/1298023128_raffaella-fico.jpg"},{"@type":"BreadcrumbList","@id":"https:\/\/www.gossip.it\/news\/isola-8-tra-la-fico-e-thyago-alves-c-e-del-tenero\/#breadcrumb","itemListElement":[{"@type":"ListItem","position":1,"name":"Home","item":"https:\/\/www.gossip.it\/"},{"@type":"ListItem","position":2,"name":"Isola 8: tra la Fico e Thyago Alves c'\u00e8 del tenero"}]},{"@type":"WebSite","@id":"https:\/\/www.gossip.it\/#website","url":"https:\/\/www.gossip.it\/","name":"Gossip and VIP News","description":"Quotidiano di cronaca rosa, costume e societ\u00e0","publisher":{"@id":"https:\/\/www.gossip.it\/#organization"},"alternateName":"Gossip and VIP News","potentialAction":[{"@type":"SearchAction","target":{"@type":"EntryPoint","urlTemplate":"https:\/\/www.gossip.it\/?s={search_term_string}"},"query-input":{"@type":"PropertyValueSpecification","valueRequired":true,"valueName":"search_term_string"}}],"inLanguage":"it-IT"},{"@type":"Organization","@id":"https:\/\/www.gossip.it\/#organization","name":"Gossip and VIP News","alternateName":"Gossip News","url":"https:\/\/www.gossip.it\/","logo":{"@type":"ImageObject","inLanguage":"it-IT","@id":"https:\/\/www.gossip.it\/#\/schema\/logo\/image\/","url":"https:\/\/www.gossip.it\/wp-content\/uploads\/2022\/04\/cropped-corna-alta-tiny.png","contentUrl":"https:\/\/www.gossip.it\/wp-content\/uploads\/2022\/04\/cropped-corna-alta-tiny.png","width":512,"height":512,"caption":"Gossip and VIP News"},"image":{"@id":"https:\/\/www.gossip.it\/#\/schema\/logo\/image\/"},"sameAs":["https:\/\/www.facebook.com\/GossipIT","https:\/\/x.com\/gossinews_it","https:\/\/instagram.com\/gossip_it"]},{"@type":"Person","@id":"https:\/\/www.gossip.it\/#\/schema\/person\/488896f75158bff1cc83c6c39d141110","name":"La Redazione","image":{"@type":"ImageObject","inLanguage":"it-IT","@id":"https:\/\/www.gossip.it\/#\/schema\/person\/image\/","url":"https:\/\/secure.gravatar.com\/avatar\/5a5f5c6fa3e6700e4249abdad0263a1e94e927d9e0499b1cb09c1cd29c044d80?s=96&d=mm&r=g","contentUrl":"https:\/\/secure.gravatar.com\/avatar\/5a5f5c6fa3e6700e4249abdad0263a1e94e927d9e0499b1cb09c1cd29c044d80?s=96&d=mm&r=g","caption":"La Redazione"},"sameAs":["https:\/\/www.gossip.it"]}]}},"amp_enabled":true,"_links":{"self":[{"href":"https:\/\/www.gossip.it\/api\/wp\/v2\/posts\/28909","targetHints":{"allow":["GET"]}}],"collection":[{"href":"https:\/\/www.gossip.it\/api\/wp\/v2\/posts"}],"about":[{"href":"https:\/\/www.gossip.it\/api\/wp\/v2\/types\/post"}],"author":[{"embeddable":true,"href":"https:\/\/www.gossip.it\/api\/wp\/v2\/users\/1"}],"replies":[{"embeddable":true,"href":"https:\/\/www.gossip.it\/api\/wp\/v2\/comments?post=28909"}],"version-history":[{"count":0,"href":"https:\/\/www.gossip.it\/api\/wp\/v2\/posts\/28909\/revisions"}],"wp:featuredmedia":[{"embeddable":true,"href":"https:\/\/www.gossip.it\/api\/wp\/v2\/media\/84956"}],"wp:attachment":[{"href":"https:\/\/www.gossip.it\/api\/wp\/v2\/media?parent=28909"}],"wp:term":[{"taxonomy":"category","embeddable":true,"href":"https:\/\/www.gossip.it\/api\/wp\/v2\/categories?post=28909"},{"taxonomy":"post_tag","embeddable":true,"href":"https:\/\/www.gossip.it\/api\/wp\/v2\/tags?post=28909"},{"taxonomy":"vip","embeddable":true,"href":"https:\/\/www.gossip.it\/api\/wp\/v2\/vip?post=28909"}],"curies":[{"name":"wp","href":"https:\/\/api.w.org\/{rel}","templated":true}]}}