{"id":28950,"date":"2011-02-24T00:00:00","date_gmt":"2011-02-23T23:00:00","guid":{"rendered":"https:\/\/www.gossip.it\/senza-categoria\/isola-dei-famosi-nina-moric-ringrazia-corona\/"},"modified":"2011-02-24T00:00:00","modified_gmt":"2011-02-23T23:00:00","slug":"isola-dei-famosi-nina-moric-ringrazia-corona","status":"publish","type":"post","link":"https:\/\/www.gossip.it\/news\/isola-dei-famosi-nina-moric-ringrazia-corona\/","title":{"rendered":"Isola dei Famosi: Nina Moric ringrazia Corona"},"content":{"rendered":"<p>La seconda puntata dell'<b>\"Isola dei Famosi 8\"<\/b> \u00e8 andata in onda. Persa la sfida con il <b>\"Grande Fratello\"<\/b>, il giorno deputato per vedere i naufraghi di <a href=\"https:\/\/www.gossip.it\/news\/monografia.php?keyword=Simona Ventura\">Simona Ventura<\/a> non \u00e8 pi\u00f9 il luned\u00ec ma il mercoled\u00ec. La serata \u00e8 iniziata con <a href=\"https:\/\/www.gossip.it\/news\/monografia.php?keyword=Eleonora Brigliadori\">Eleonora Brigliadori<\/a> preoccupata che in Honduras non dilagassero le \"telecamere vaginali\" sul lato b di <a href=\"https:\/\/www.gossip.it\/news\/monografia.php?keyword=Raffaella Fico\">Raffaella Fico<\/a>. In effetti l'ex gieffina in questi primi dieci giorni ha mostrato pi\u00f9 che altro le sue \"doti posteriori\", coadiuvata da riprese alquanto esplicite. SuperSimo si \u00e8 augurata che la showgirl, col passare del tempo, possa tirar fuori anche le sue bellezze nascoste. Quelle dell'intelletto? Si spera ce ne siano...<\/p>\n<p>Prima eliminata dal gioco, <b>Francesca De Andr\u00e8<\/b>, nipote di <b>Fabrizio De Andr\u00e8<\/b>, che forse ha pagato lo scotto di avere contro un folto stuolo di fan del nonno, indignati dalla sua scelta  di partecipare a un reality-show.<br \/>\nCome annunciato, ha fatto il suo ingresso l'attesissima <a href=\"https:\/\/www.gossip.it\/news\/monografia.php?keyword=Nina Moric\">Nina Moric<\/a>. La modella croata, prima di raggiungere il gruppo dei famosi, ha speso due parole per l'ex marito <a href=\"https:\/\/www.gossip.it\/news\/monografia.php?keyword=Fabrizio Corona\">Fabrizio Corona<\/a>. Nessuna frase al vetriolo, ma un ringraziamento, perch\u00e9, nonostante tutto quello che c'\u00e8 stato tra loro, le ha regalato il piccolo <b>Carlos<\/b>: <em>\"Grazie per nostro figlio\"<\/em> ha dichiarato. Ora non resta che attendere per vedere come si comporter\u00e0 Nina in una situazione cos\u00ec estrema come quella dell'Isola dei Famosi\"...<br \/> <br \/>\nAnche il gruppo dei \"Parenti di...\" ha un nuovo elemento: \u00e8 entrata a far parte del gioco <b>Roberta Allegretti<\/b>, l'unica \"non famosa\" di questa edizione. La salumiera di Ladispoli ha infatti battuto al televoto altri due aspiranti naufraghi, <b>Marzio<\/b> e <b>Davide<\/b>, improbabile insegnante di seduzione. Intanto il figlio di <a href=\"https:\/\/www.gossip.it\/news\/monografia.php?keyword=Brigitte Nielsen\">Brigitte Nielsen<\/a>, <b>Killian<\/b>, \u00e8 andato al televoto insieme alla Brigliadori. Quest'ultima ha per\u00f2 vinto la prova degli amos (dei lucertoloni che cos\u00ec cattivi non sono sembrati, forse un po' addormentati), salvandosi e guadagnando la possibilit\u00e0 di far finire in nomination <a href=\"https:\/\/www.gossip.it\/news\/monografia.php?keyword=Luca Di Risio\">Luca Di Risio<\/a>. Il cantante la scamper\u00e0 anche stavolta?<\/p>\n<p>Lo scopriremo mercoled\u00ec prossimo. Intanto, come afferma Simona Ventura, <em>\"Non ci resta che l'Isola\"<\/em>. Se lo dice lei...<\/p>\n<p>Foto: AndreaRaffin\u00a9kikapress.com<\/p>\n","protected":false},"excerpt":{"rendered":"<p>La seconda puntata dell'\"Isola dei Famosi 8\" \u00e8 andata in onda. Persa la sfida con il \"Grande Fratello\", il giorno deputato per vedere i naufraghi di Simona Ventura non \u00e8 pi\u00f9 il luned\u00ec ma il mercoled\u00ec. La serata \u00e8 iniziata con Eleonora Brigliadori preoccupata che in Honduras non dilagassero le \"telecamere vaginali\" sul lato b [&hellip;]<\/p>\n","protected":false},"author":1,"featured_media":84997,"comment_status":"closed","ping_status":"closed","sticky":false,"template":"","format":"standard","meta":{"footnotes":""},"categories":[54],"tags":[3297,2095,2128,2097],"vip":[632,719,1426,1534,1698],"class_list":["post-28950","post","type-post","status-publish","format-standard","has-post-thumbnail","hentry","category-news","tag-gossip-tv","tag-isola-dei-famosi","tag-reality-show","tag-tv","vip-eleonora_brigliadori","vip-fabrizio_corona","vip-nina_moric","vip-raffaella_fico","vip-simona_ventura"],"yoast_head":"<title>Isola dei Famosi: Nina Moric ringrazia Corona - Gossip.it | News sul Gossip e VIP<\/title>\n<meta name=\"description\" content=\"La seconda puntata dell&#039;&quot;Isola dei Famosi 8&quot; \u00e8 andata in onda. Persa la sfida con il &quot;Grande Fratello&quot;, il giorno deputato per vedere i naufraghi di\" \/>\n<meta name=\"robots\" content=\"index, follow, max-snippet:-1, max-image-preview:large, max-video-preview:-1\" \/>\n<link rel=\"canonical\" href=\"https:\/\/www.gossip.it\/news\/isola-dei-famosi-nina-moric-ringrazia-corona\/\" \/>\n<meta property=\"og:locale\" content=\"it_IT\" \/>\n<meta property=\"og:type\" content=\"article\" \/>\n<meta property=\"og:title\" content=\"Isola dei Famosi: Nina Moric ringrazia Corona - Gossip.it | News sul Gossip e VIP\" \/>\n<meta property=\"og:description\" content=\"La seconda puntata dell&#039;&quot;Isola dei Famosi 8&quot; \u00e8 andata in onda. Persa la sfida con il &quot;Grande Fratello&quot;, il giorno deputato per vedere i naufraghi di\" \/>\n<meta property=\"og:url\" content=\"https:\/\/www.gossip.it\/news\/isola-dei-famosi-nina-moric-ringrazia-corona\/\" \/>\n<meta property=\"og:site_name\" content=\"Gossip.it | News sul Gossip e VIP\" \/>\n<meta property=\"article:publisher\" content=\"https:\/\/www.facebook.com\/GossipIT\" \/>\n<meta property=\"article:published_time\" content=\"2011-02-23T23:00:00+00:00\" \/>\n<meta property=\"og:image\" content=\"https:\/\/www.gossip.it\/images5\/1298514159_nina-moric.jpg\" \/>\n<meta name=\"author\" content=\"La Redazione\" \/>\n<meta name=\"twitter:card\" content=\"summary_large_image\" \/>\n<meta name=\"twitter:image\" content=\"https:\/\/www.gossip.it\/images5\/1298514159_nina-moric.jpg\" \/>\n<meta name=\"twitter:creator\" content=\"@gossinews_it\" \/>\n<meta name=\"twitter:site\" content=\"@gossinews_it\" \/>\n<meta name=\"twitter:label1\" content=\"Scritto da\" \/>\n\t<meta name=\"twitter:data1\" content=\"Francesca Romana Domenici\" \/>\n\t<meta name=\"twitter:label2\" content=\"Tempo di lettura stimato\" \/>\n\t<meta name=\"twitter:data2\" content=\"2 minuti\" \/>","yoast_head_json":{"title":"Isola dei Famosi: Nina Moric ringrazia Corona - Gossip.it | News sul Gossip e VIP","description":"La seconda puntata dell'\"Isola dei Famosi 8\" \u00e8 andata in onda. Persa la sfida con il \"Grande Fratello\", il giorno deputato per vedere i naufraghi di","robots":{"index":"index","follow":"follow","max-snippet":"max-snippet:-1","max-image-preview":"max-image-preview:large","max-video-preview":"max-video-preview:-1"},"canonical":"https:\/\/www.gossip.it\/news\/isola-dei-famosi-nina-moric-ringrazia-corona\/","og_locale":"it_IT","og_type":"article","og_title":"Isola dei Famosi: Nina Moric ringrazia Corona - Gossip.it | News sul Gossip e VIP","og_description":"La seconda puntata dell'\"Isola dei Famosi 8\" \u00e8 andata in onda. Persa la sfida con il \"Grande Fratello\", il giorno deputato per vedere i naufraghi di","og_url":"https:\/\/www.gossip.it\/news\/isola-dei-famosi-nina-moric-ringrazia-corona\/","og_site_name":"Gossip.it | News sul Gossip e VIP","article_publisher":"https:\/\/www.facebook.com\/GossipIT","article_published_time":"2011-02-23T23:00:00+00:00","og_image":[{"url":"https:\/\/www.gossip.it\/images5\/1298514159_nina-moric.jpg"}],"author":"La Redazione","twitter_card":"summary_large_image","twitter_image":"https:\/\/www.gossip.it\/images5\/1298514159_nina-moric.jpg","twitter_creator":"@gossinews_it","twitter_site":"@gossinews_it","twitter_misc":{"Scritto da":"Francesca Romana Domenici","Tempo di lettura stimato":"2 minuti"},"schema":{"@context":"https:\/\/schema.org","@graph":[{"@type":"Article","@id":"https:\/\/www.gossip.it\/news\/isola-dei-famosi-nina-moric-ringrazia-corona\/#article","isPartOf":{"@id":"https:\/\/www.gossip.it\/news\/isola-dei-famosi-nina-moric-ringrazia-corona\/"},"author":{"name":"La Redazione","@id":"https:\/\/www.gossip.it\/#\/schema\/person\/488896f75158bff1cc83c6c39d141110"},"headline":"Isola dei Famosi: Nina Moric ringrazia Corona","datePublished":"2011-02-23T23:00:00+00:00","dateModified":"2011-02-23T23:00:00+00:00","mainEntityOfPage":{"@id":"https:\/\/www.gossip.it\/news\/isola-dei-famosi-nina-moric-ringrazia-corona\/"},"wordCount":351,"publisher":{"@id":"https:\/\/www.gossip.it\/#organization"},"image":{"@id":"https:\/\/www.gossip.it\/news\/isola-dei-famosi-nina-moric-ringrazia-corona\/#primaryimage"},"thumbnailUrl":"https:\/\/www.gossip.it\/images5\/1298514159_nina-moric.jpg","keywords":["gossip.tv","isola dei famosi","reality show","tv"],"articleSection":["News"],"inLanguage":"it-IT"},{"@type":"WebPage","@id":"https:\/\/www.gossip.it\/news\/isola-dei-famosi-nina-moric-ringrazia-corona\/","url":"https:\/\/www.gossip.it\/news\/isola-dei-famosi-nina-moric-ringrazia-corona\/","name":"Isola dei Famosi: Nina Moric ringrazia Corona - Gossip.it | News sul Gossip e VIP","isPartOf":{"@id":"https:\/\/www.gossip.it\/#website"},"primaryImageOfPage":{"@id":"https:\/\/www.gossip.it\/news\/isola-dei-famosi-nina-moric-ringrazia-corona\/#primaryimage"},"image":{"@id":"https:\/\/www.gossip.it\/news\/isola-dei-famosi-nina-moric-ringrazia-corona\/#primaryimage"},"thumbnailUrl":"https:\/\/www.gossip.it\/images5\/1298514159_nina-moric.jpg","datePublished":"2011-02-23T23:00:00+00:00","dateModified":"2011-02-23T23:00:00+00:00","description":"La seconda puntata dell'\"Isola dei Famosi 8\" \u00e8 andata in onda. Persa la sfida con il \"Grande Fratello\", il giorno deputato per vedere i naufraghi di","breadcrumb":{"@id":"https:\/\/www.gossip.it\/news\/isola-dei-famosi-nina-moric-ringrazia-corona\/#breadcrumb"},"inLanguage":"it-IT","potentialAction":[{"@type":"ReadAction","target":["https:\/\/www.gossip.it\/news\/isola-dei-famosi-nina-moric-ringrazia-corona\/"]}]},{"@type":"ImageObject","inLanguage":"it-IT","@id":"https:\/\/www.gossip.it\/news\/isola-dei-famosi-nina-moric-ringrazia-corona\/#primaryimage","url":"https:\/\/www.gossip.it\/images5\/1298514159_nina-moric.jpg","contentUrl":"https:\/\/www.gossip.it\/images5\/1298514159_nina-moric.jpg"},{"@type":"BreadcrumbList","@id":"https:\/\/www.gossip.it\/news\/isola-dei-famosi-nina-moric-ringrazia-corona\/#breadcrumb","itemListElement":[{"@type":"ListItem","position":1,"name":"Home","item":"https:\/\/www.gossip.it\/"},{"@type":"ListItem","position":2,"name":"Isola dei Famosi: Nina Moric ringrazia Corona"}]},{"@type":"WebSite","@id":"https:\/\/www.gossip.it\/#website","url":"https:\/\/www.gossip.it\/","name":"Gossip and VIP News","description":"Quotidiano di cronaca rosa, costume e societ\u00e0","publisher":{"@id":"https:\/\/www.gossip.it\/#organization"},"alternateName":"Gossip and VIP News","potentialAction":[{"@type":"SearchAction","target":{"@type":"EntryPoint","urlTemplate":"https:\/\/www.gossip.it\/?s={search_term_string}"},"query-input":{"@type":"PropertyValueSpecification","valueRequired":true,"valueName":"search_term_string"}}],"inLanguage":"it-IT"},{"@type":"Organization","@id":"https:\/\/www.gossip.it\/#organization","name":"Gossip and VIP News","alternateName":"Gossip News","url":"https:\/\/www.gossip.it\/","logo":{"@type":"ImageObject","inLanguage":"it-IT","@id":"https:\/\/www.gossip.it\/#\/schema\/logo\/image\/","url":"https:\/\/www.gossip.it\/wp-content\/uploads\/2022\/04\/cropped-corna-alta-tiny.png","contentUrl":"https:\/\/www.gossip.it\/wp-content\/uploads\/2022\/04\/cropped-corna-alta-tiny.png","width":512,"height":512,"caption":"Gossip and VIP News"},"image":{"@id":"https:\/\/www.gossip.it\/#\/schema\/logo\/image\/"},"sameAs":["https:\/\/www.facebook.com\/GossipIT","https:\/\/x.com\/gossinews_it","https:\/\/instagram.com\/gossip_it"]},{"@type":"Person","@id":"https:\/\/www.gossip.it\/#\/schema\/person\/488896f75158bff1cc83c6c39d141110","name":"La Redazione","image":{"@type":"ImageObject","inLanguage":"it-IT","@id":"https:\/\/www.gossip.it\/#\/schema\/person\/image\/","url":"https:\/\/secure.gravatar.com\/avatar\/5a5f5c6fa3e6700e4249abdad0263a1e94e927d9e0499b1cb09c1cd29c044d80?s=96&d=mm&r=g","contentUrl":"https:\/\/secure.gravatar.com\/avatar\/5a5f5c6fa3e6700e4249abdad0263a1e94e927d9e0499b1cb09c1cd29c044d80?s=96&d=mm&r=g","caption":"La Redazione"},"sameAs":["https:\/\/www.gossip.it"]}]}},"amp_enabled":true,"_links":{"self":[{"href":"https:\/\/www.gossip.it\/api\/wp\/v2\/posts\/28950","targetHints":{"allow":["GET"]}}],"collection":[{"href":"https:\/\/www.gossip.it\/api\/wp\/v2\/posts"}],"about":[{"href":"https:\/\/www.gossip.it\/api\/wp\/v2\/types\/post"}],"author":[{"embeddable":true,"href":"https:\/\/www.gossip.it\/api\/wp\/v2\/users\/1"}],"replies":[{"embeddable":true,"href":"https:\/\/www.gossip.it\/api\/wp\/v2\/comments?post=28950"}],"version-history":[{"count":0,"href":"https:\/\/www.gossip.it\/api\/wp\/v2\/posts\/28950\/revisions"}],"wp:featuredmedia":[{"embeddable":true,"href":"https:\/\/www.gossip.it\/api\/wp\/v2\/media\/84997"}],"wp:attachment":[{"href":"https:\/\/www.gossip.it\/api\/wp\/v2\/media?parent=28950"}],"wp:term":[{"taxonomy":"category","embeddable":true,"href":"https:\/\/www.gossip.it\/api\/wp\/v2\/categories?post=28950"},{"taxonomy":"post_tag","embeddable":true,"href":"https:\/\/www.gossip.it\/api\/wp\/v2\/tags?post=28950"},{"taxonomy":"vip","embeddable":true,"href":"https:\/\/www.gossip.it\/api\/wp\/v2\/vip?post=28950"}],"curies":[{"name":"wp","href":"https:\/\/api.w.org\/{rel}","templated":true}]}}