{"id":29281,"date":"2011-04-08T00:00:00","date_gmt":"2011-04-07T22:00:00","guid":{"rendered":"https:\/\/www.gossip.it\/senza-categoria\/x-factor-su-sky-uno-con-morgan\/"},"modified":"2011-04-08T00:00:00","modified_gmt":"2011-04-07T22:00:00","slug":"x-factor-su-sky-uno-con-morgan","status":"publish","type":"post","link":"https:\/\/www.gossip.it\/news\/x-factor-su-sky-uno-con-morgan\/","title":{"rendered":"X Factor su Sky Uno con Morgan?"},"content":{"rendered":"<p>La notizia del passaggio di <b>\"X Factor\"<\/b> dalla Rai a Sky Uno gira da un paio di giorni. Pare che la tv di Stato abbia perso i diritti sul talent show che ha lanciato cantanti come <a href=\"https:\/\/www.gossip.it\/news\/monografia.php?keyword=Giusy Ferreri\">Giusy Ferreri<\/a>, <a href=\"https:\/\/www.gossip.it\/news\/monografia.php?keyword=Noemi\">Noemi<\/a> e <a href=\"https:\/\/www.gossip.it\/news\/monografia.php?keyword=Marco Mengoni\">Marco Mengoni<\/a>. Non sono ancora arrivate delle vere e proprie conferme (c'\u00e8 anche chi dice che il talent potrebbe sbarcare su Rai Uno), ma il fatto che <b>\"X Factor America\"<\/b> sia passato alla Fox fa presagire che qualcosa di vero potrebbe esserci.<\/p>\n<p>Un'incognita per\u00f2 \u00e8 il conduttore in quanto <a href=\"https:\/\/www.gossip.it\/news\/monografia.php?keyword=Francesco Facchinetti\">Francesco Facchinetti<\/a> \u00e8 ancora legato contrattualmente alla Rai per almeno due anni e non sembra interessato, come riporta il \"Corriere della Sera\", a passare a SKy: <em>\"Su Sky lo presenter\u00f2 nella prossima vita. Ho un contratto con la Rai fino al 2240<\/em> (in realt\u00e0 ancora due anni, con opzione per altri tre ndr)<em>. So che il programma non \u00e8 stato opzionato dalla Rai e che al momento \u00e8 libero. Posso dire che se la Rai si facesse scappare X Factor non sarebbe una bella cosa. Lo sentivo come un mio vestito e un vestito di Raidue. La potenza mediatica di una tv in chiaro come la Rai ha dato una bella ventata di aria nuova alla musica italiana giovane. Penso ai talenti che il programma ha lanciato, tre su tutti: Giusy Ferreri, Noemi e Marco Mengoni\"<\/em>.<\/p>\n<p>Mentre si mormora che il \"trasloco\" a Sky potrebbe comportare il ripescaggio di <a href=\"https:\/\/www.gossip.it\/news\/monografia.php?keyword=Morgan\">Morgan<\/a>. E <a href=\"https:\/\/www.gossip.it\/news\/monografia.php?keyword=Mara Maionchi\">Mara Maionchi<\/a>? La discografica, presenza storica del programma, sembra intenzionata a portare avanti la sfida, iniziata lo scorso gennaio, con gli \"Amici\" di <a href=\"https:\/\/www.gossip.it\/news\/monografia.php?keyword=Maria De Filippi\">Maria De Filippi<\/a>. Anche <a href=\"https:\/\/www.gossip.it\/news\/monografia.php?keyword=Anna Tatangelo\">Anna Tatangelo<\/a> non pare disponibile a tornare dietro al famoso bancone di \"X Factor\": <em>\"Non torno a fare la giurata, dovrei trasferirmi ancora a Milano col bambino e non sono pi\u00f9 disponibile a scombussolare tutta la mia vita per 'X Factor'. Poi giudicare le persone mi mette ansia\"<\/em>. Ha dichiarato a fine marzo la cantante a \"Diva e Donna\". Non \u00e8 dato sapere quale sia la posizione di <a href=\"https:\/\/www.gossip.it\/news\/monografia.php?keyword=Enrico Ruggeri \">Enrico Ruggeri<\/a> ed <a href=\"https:\/\/www.gossip.it\/news\/monografia.php?keyword=Elio\">Elio<\/a>, giurati nell'ultima edizione...<\/p>\n<p>\"X Factor\", a quanto pare, proseguir\u00e0 il suo cammino nel mondo dei talent-show. Ma, stando cos\u00ec le cose, il cast potrebbe essere stravolto. Conduttore compreso...<\/p>\n<p>Foto: Maya\/Kikapress.com \u00a9 Gossip.it<\/p>\n","protected":false},"excerpt":{"rendered":"<p>La notizia del passaggio di \"X Factor\" dalla Rai a Sky Uno gira da un paio di giorni. Pare che la tv di Stato abbia perso i diritti sul talent show che ha lanciato cantanti come Giusy Ferreri, Noemi e Marco Mengoni. Non sono ancora arrivate delle vere e proprie conferme (c'\u00e8 anche chi dice [&hellip;]<\/p>\n","protected":false},"author":1,"featured_media":85328,"comment_status":"closed","ping_status":"closed","sticky":false,"template":"","format":"standard","meta":{"footnotes":""},"categories":[54],"tags":[18440,5818,3297,9107,3595,2097,5411],"vip":[337,788,1237,1381],"class_list":["post-29281","post","type-post","status-publish","format-standard","has-post-thumbnail","hentry","category-news","tag-elio-e-le-storie-tese","tag-enrico-ruggeri","tag-gossip-tv","tag-mara-maionchi","tag-talent-show","tag-tv","tag-x-factor","vip-anna_tatangelo","vip-francesco_facchinetti","vip-maria_de_filippi","vip-morgan"],"yoast_head":"<title>X Factor su Sky Uno con Morgan? - Gossip.it | News sul Gossip e VIP<\/title>\n<meta name=\"description\" content=\"La notizia del passaggio di &quot;X Factor&quot; dalla Rai a Sky Uno gira da un paio di giorni. Pare che la tv di Stato abbia perso i diritti sul talent show che ha\" \/>\n<meta name=\"robots\" content=\"index, follow, max-snippet:-1, max-image-preview:large, max-video-preview:-1\" \/>\n<link rel=\"canonical\" href=\"https:\/\/www.gossip.it\/news\/x-factor-su-sky-uno-con-morgan\/\" \/>\n<meta property=\"og:locale\" content=\"it_IT\" \/>\n<meta property=\"og:type\" content=\"article\" \/>\n<meta property=\"og:title\" content=\"X Factor su Sky Uno con Morgan? - Gossip.it | News sul Gossip e VIP\" \/>\n<meta property=\"og:description\" content=\"La notizia del passaggio di &quot;X Factor&quot; dalla Rai a Sky Uno gira da un paio di giorni. Pare che la tv di Stato abbia perso i diritti sul talent show che ha\" \/>\n<meta property=\"og:url\" content=\"https:\/\/www.gossip.it\/news\/x-factor-su-sky-uno-con-morgan\/\" \/>\n<meta property=\"og:site_name\" content=\"Gossip.it | News sul Gossip e VIP\" \/>\n<meta property=\"article:publisher\" content=\"https:\/\/www.facebook.com\/GossipIT\" \/>\n<meta property=\"article:published_time\" content=\"2011-04-07T22:00:00+00:00\" \/>\n<meta property=\"og:image\" content=\"https:\/\/www.gossip.it\/images5\/1302252261_morgan.jpg\" \/>\n<meta name=\"author\" content=\"La Redazione\" \/>\n<meta name=\"twitter:card\" content=\"summary_large_image\" \/>\n<meta name=\"twitter:image\" content=\"https:\/\/www.gossip.it\/images5\/1302252261_morgan.jpg\" \/>\n<meta name=\"twitter:creator\" content=\"@gossinews_it\" \/>\n<meta name=\"twitter:site\" content=\"@gossinews_it\" \/>\n<meta name=\"twitter:label1\" content=\"Scritto da\" \/>\n\t<meta name=\"twitter:data1\" content=\"Francesca Romana Domenici\" \/>\n\t<meta name=\"twitter:label2\" content=\"Tempo di lettura stimato\" \/>\n\t<meta name=\"twitter:data2\" content=\"2 minuti\" \/>","yoast_head_json":{"title":"X Factor su Sky Uno con Morgan? - Gossip.it | News sul Gossip e VIP","description":"La notizia del passaggio di \"X Factor\" dalla Rai a Sky Uno gira da un paio di giorni. Pare che la tv di Stato abbia perso i diritti sul talent show che ha","robots":{"index":"index","follow":"follow","max-snippet":"max-snippet:-1","max-image-preview":"max-image-preview:large","max-video-preview":"max-video-preview:-1"},"canonical":"https:\/\/www.gossip.it\/news\/x-factor-su-sky-uno-con-morgan\/","og_locale":"it_IT","og_type":"article","og_title":"X Factor su Sky Uno con Morgan? - Gossip.it | News sul Gossip e VIP","og_description":"La notizia del passaggio di \"X Factor\" dalla Rai a Sky Uno gira da un paio di giorni. Pare che la tv di Stato abbia perso i diritti sul talent show che ha","og_url":"https:\/\/www.gossip.it\/news\/x-factor-su-sky-uno-con-morgan\/","og_site_name":"Gossip.it | News sul Gossip e VIP","article_publisher":"https:\/\/www.facebook.com\/GossipIT","article_published_time":"2011-04-07T22:00:00+00:00","og_image":[{"url":"https:\/\/www.gossip.it\/images5\/1302252261_morgan.jpg"}],"author":"La Redazione","twitter_card":"summary_large_image","twitter_image":"https:\/\/www.gossip.it\/images5\/1302252261_morgan.jpg","twitter_creator":"@gossinews_it","twitter_site":"@gossinews_it","twitter_misc":{"Scritto da":"Francesca Romana Domenici","Tempo di lettura stimato":"2 minuti"},"schema":{"@context":"https:\/\/schema.org","@graph":[{"@type":"Article","@id":"https:\/\/www.gossip.it\/news\/x-factor-su-sky-uno-con-morgan\/#article","isPartOf":{"@id":"https:\/\/www.gossip.it\/news\/x-factor-su-sky-uno-con-morgan\/"},"author":{"name":"La Redazione","@id":"https:\/\/www.gossip.it\/#\/schema\/person\/488896f75158bff1cc83c6c39d141110"},"headline":"X Factor su Sky Uno con Morgan?","datePublished":"2011-04-07T22:00:00+00:00","dateModified":"2011-04-07T22:00:00+00:00","mainEntityOfPage":{"@id":"https:\/\/www.gossip.it\/news\/x-factor-su-sky-uno-con-morgan\/"},"wordCount":376,"publisher":{"@id":"https:\/\/www.gossip.it\/#organization"},"image":{"@id":"https:\/\/www.gossip.it\/news\/x-factor-su-sky-uno-con-morgan\/#primaryimage"},"thumbnailUrl":"https:\/\/www.gossip.it\/images5\/1302252261_morgan.jpg","keywords":["Elio e le storie tese","enrico ruggeri","gossip.tv","mara maionchi","talent show","tv","x factor"],"articleSection":["News"],"inLanguage":"it-IT"},{"@type":"WebPage","@id":"https:\/\/www.gossip.it\/news\/x-factor-su-sky-uno-con-morgan\/","url":"https:\/\/www.gossip.it\/news\/x-factor-su-sky-uno-con-morgan\/","name":"X Factor su Sky Uno con Morgan? - Gossip.it | News sul Gossip e VIP","isPartOf":{"@id":"https:\/\/www.gossip.it\/#website"},"primaryImageOfPage":{"@id":"https:\/\/www.gossip.it\/news\/x-factor-su-sky-uno-con-morgan\/#primaryimage"},"image":{"@id":"https:\/\/www.gossip.it\/news\/x-factor-su-sky-uno-con-morgan\/#primaryimage"},"thumbnailUrl":"https:\/\/www.gossip.it\/images5\/1302252261_morgan.jpg","datePublished":"2011-04-07T22:00:00+00:00","dateModified":"2011-04-07T22:00:00+00:00","description":"La notizia del passaggio di \"X Factor\" dalla Rai a Sky Uno gira da un paio di giorni. Pare che la tv di Stato abbia perso i diritti sul talent show che ha","breadcrumb":{"@id":"https:\/\/www.gossip.it\/news\/x-factor-su-sky-uno-con-morgan\/#breadcrumb"},"inLanguage":"it-IT","potentialAction":[{"@type":"ReadAction","target":["https:\/\/www.gossip.it\/news\/x-factor-su-sky-uno-con-morgan\/"]}]},{"@type":"ImageObject","inLanguage":"it-IT","@id":"https:\/\/www.gossip.it\/news\/x-factor-su-sky-uno-con-morgan\/#primaryimage","url":"https:\/\/www.gossip.it\/images5\/1302252261_morgan.jpg","contentUrl":"https:\/\/www.gossip.it\/images5\/1302252261_morgan.jpg"},{"@type":"BreadcrumbList","@id":"https:\/\/www.gossip.it\/news\/x-factor-su-sky-uno-con-morgan\/#breadcrumb","itemListElement":[{"@type":"ListItem","position":1,"name":"Home","item":"https:\/\/www.gossip.it\/"},{"@type":"ListItem","position":2,"name":"X Factor su Sky Uno con Morgan?"}]},{"@type":"WebSite","@id":"https:\/\/www.gossip.it\/#website","url":"https:\/\/www.gossip.it\/","name":"Gossip and VIP News","description":"Quotidiano di cronaca rosa, costume e societ\u00e0","publisher":{"@id":"https:\/\/www.gossip.it\/#organization"},"alternateName":"Gossip and VIP News","potentialAction":[{"@type":"SearchAction","target":{"@type":"EntryPoint","urlTemplate":"https:\/\/www.gossip.it\/?s={search_term_string}"},"query-input":{"@type":"PropertyValueSpecification","valueRequired":true,"valueName":"search_term_string"}}],"inLanguage":"it-IT"},{"@type":"Organization","@id":"https:\/\/www.gossip.it\/#organization","name":"Gossip and VIP News","alternateName":"Gossip News","url":"https:\/\/www.gossip.it\/","logo":{"@type":"ImageObject","inLanguage":"it-IT","@id":"https:\/\/www.gossip.it\/#\/schema\/logo\/image\/","url":"https:\/\/www.gossip.it\/wp-content\/uploads\/2022\/04\/cropped-corna-alta-tiny.png","contentUrl":"https:\/\/www.gossip.it\/wp-content\/uploads\/2022\/04\/cropped-corna-alta-tiny.png","width":512,"height":512,"caption":"Gossip and VIP News"},"image":{"@id":"https:\/\/www.gossip.it\/#\/schema\/logo\/image\/"},"sameAs":["https:\/\/www.facebook.com\/GossipIT","https:\/\/x.com\/gossinews_it","https:\/\/instagram.com\/gossip_it"]},{"@type":"Person","@id":"https:\/\/www.gossip.it\/#\/schema\/person\/488896f75158bff1cc83c6c39d141110","name":"La Redazione","image":{"@type":"ImageObject","inLanguage":"it-IT","@id":"https:\/\/www.gossip.it\/#\/schema\/person\/image\/","url":"https:\/\/secure.gravatar.com\/avatar\/5a5f5c6fa3e6700e4249abdad0263a1e94e927d9e0499b1cb09c1cd29c044d80?s=96&d=mm&r=g","contentUrl":"https:\/\/secure.gravatar.com\/avatar\/5a5f5c6fa3e6700e4249abdad0263a1e94e927d9e0499b1cb09c1cd29c044d80?s=96&d=mm&r=g","caption":"La Redazione"},"sameAs":["https:\/\/www.gossip.it"]}]}},"amp_enabled":true,"_links":{"self":[{"href":"https:\/\/www.gossip.it\/api\/wp\/v2\/posts\/29281","targetHints":{"allow":["GET"]}}],"collection":[{"href":"https:\/\/www.gossip.it\/api\/wp\/v2\/posts"}],"about":[{"href":"https:\/\/www.gossip.it\/api\/wp\/v2\/types\/post"}],"author":[{"embeddable":true,"href":"https:\/\/www.gossip.it\/api\/wp\/v2\/users\/1"}],"replies":[{"embeddable":true,"href":"https:\/\/www.gossip.it\/api\/wp\/v2\/comments?post=29281"}],"version-history":[{"count":0,"href":"https:\/\/www.gossip.it\/api\/wp\/v2\/posts\/29281\/revisions"}],"wp:featuredmedia":[{"embeddable":true,"href":"https:\/\/www.gossip.it\/api\/wp\/v2\/media\/85328"}],"wp:attachment":[{"href":"https:\/\/www.gossip.it\/api\/wp\/v2\/media?parent=29281"}],"wp:term":[{"taxonomy":"category","embeddable":true,"href":"https:\/\/www.gossip.it\/api\/wp\/v2\/categories?post=29281"},{"taxonomy":"post_tag","embeddable":true,"href":"https:\/\/www.gossip.it\/api\/wp\/v2\/tags?post=29281"},{"taxonomy":"vip","embeddable":true,"href":"https:\/\/www.gossip.it\/api\/wp\/v2\/vip?post=29281"}],"curies":[{"name":"wp","href":"https:\/\/api.w.org\/{rel}","templated":true}]}}